{"id":95,"date":"2009-03-08T16:01:07","date_gmt":"2009-03-08T15:01:07","guid":{"rendered":"http:\/\/www.freiholtz.se\/genealogi\/?p=95"},"modified":"2024-02-23T16:40:35","modified_gmt":"2024-02-23T15:40:35","slug":"freiholtz-i-sverige","status":"publish","type":"post","link":"https:\/\/www.freiholtz.se\/genealogi\/2009\/03\/08\/freiholtz-i-sverige\/","title":{"rendered":"Freiholtz i Sverige"},"content":{"rendered":"<p>Enligt <a href=\"http:\/\/kindo.com\/\">Kindo<\/a> finns det i Sverige:<\/p>\n<ul>\n<li>172 personer med efternamnet <a href=\"http:\/\/kindo.com\/index.php\/sv\/efternamn\/Freiholtz.html\/\">Freiholtz<\/a><\/li>\n<li>19 personer med efternamnet <a href=\"http:\/\/kindo.com\/index.php\/sv\/efternamn\/Freyholtz.html\/\">Freyholtz<\/a><\/li>\n<li>9 personer med efternamnet <a href=\"http:\/\/kindo.com\/index.php\/sv\/efternamn\/Frejholtz.html\/\">Frejholtz<\/a><\/li>\n<\/ul>\n<p>Om du f\u00f6ljer l\u00e4nkarna ovan kan du ocks\u00e5 se i vilka l\u00e4n och kommuner namnb\u00e4rarna bor. Det kan finnas ytterligare n\u00e5gon eller n\u00e5gra stavningsvarianter, men Kindo redovisar av integritetssk\u00e4l inte efternamn med f\u00e4rre \u00e4n fem b\u00e4rare.<\/p>\n<p>Samtliga namnb\u00e4rare i Sverige \u00e4r \u00e4ttlingar till br\u00f6derna Johan Philip och Erdman Hans Freiholtz. Skillnaderna i stavning kommer sig av att pr\u00e4sterna som sk\u00f6tte folkbokf\u00f6ringen har stavat namnet efter eget huvud. De olika stavningarna har sedan legat till grund f\u00f6r folkbokf\u00f6ringen och n\u00e4r den fastslagits d\u00e4r \u00e4r den n\u00e4st intill om\u00f6jlig att \u00e4ndra. \u00c5tminstone n\u00e5gra av dem med &#8217;avvikande&#8217; stavning tecknar trots det efternamnet Freiholtz.<\/p>\n<p>Betr\u00e4ffande den tidigare utlovade uppdateringen av sl\u00e4ktboken i pdf-format \u00e4r l\u00e4get att jag v\u00e4ntar p\u00e5 uppdateringar fr\u00e5n n\u00e5gra sl\u00e4ktmedlemmar som h\u00f6rt av sig till mig.<\/p>\n","protected":false},"excerpt":{"rendered":"<p>Enligt Kindo finns det i Sverige: 172 personer med efternamnet Freiholtz 19 personer med efternamnet Freyholtz 9 personer med efternamnet Frejholtz Om du f\u00f6ljer l\u00e4nkarna ovan kan du ocks\u00e5 se i vilka l\u00e4n och kommuner namnb\u00e4rarna bor. Det kan finnas ytterligare n\u00e5gon eller n\u00e5gra stavningsvarianter, men Kindo redovisar av integritetssk\u00e4l inte efternamn med f\u00e4rre \u00e4n&#8230;<\/p>\n","protected":false},"author":1,"featured_media":171,"comment_status":"open","ping_status":"open","sticky":false,"template":"","format":"standard","meta":{"_monsterinsights_skip_tracking":false,"_monsterinsights_sitenote_active":false,"_monsterinsights_sitenote_note":"","_monsterinsights_sitenote_category":0,"footnotes":""},"categories":[5],"tags":[],"class_list":["post-95","post","type-post","status-publish","format-standard","has-post-thumbnail","hentry","category-allmant"],"yoast_head":"<!-- This site is optimized with the Yoast SEO plugin v27.5 - https:\/\/yoast.com\/product\/yoast-seo-wordpress\/ -->\n<title>Freiholtz i Sverige - Freiholtz Sl\u00e4ktforskning<\/title>\n<meta name=\"robots\" content=\"index, follow, max-snippet:-1, max-image-preview:large, max-video-preview:-1\" \/>\n<link rel=\"canonical\" href=\"https:\/\/www.freiholtz.se\/genealogi\/2009\/03\/08\/freiholtz-i-sverige\/\" \/>\n<meta property=\"og:locale\" content=\"sv_SE\" \/>\n<meta property=\"og:type\" content=\"article\" \/>\n<meta property=\"og:title\" content=\"Freiholtz i Sverige - Freiholtz Sl\u00e4ktforskning\" \/>\n<meta property=\"og:description\" content=\"Enligt Kindo finns det i Sverige: 172 personer med efternamnet Freiholtz 19 personer med efternamnet Freyholtz 9 personer med efternamnet Frejholtz Om du f\u00f6ljer l\u00e4nkarna ovan kan du ocks\u00e5 se i vilka l\u00e4n och kommuner namnb\u00e4rarna bor. Det kan finnas ytterligare n\u00e5gon eller n\u00e5gra stavningsvarianter, men Kindo redovisar av integritetssk\u00e4l inte efternamn med f\u00e4rre \u00e4n...\" \/>\n<meta property=\"og:url\" content=\"https:\/\/www.freiholtz.se\/genealogi\/2009\/03\/08\/freiholtz-i-sverige\/\" \/>\n<meta property=\"og:site_name\" content=\"Freiholtz Sl\u00e4ktforskning\" \/>\n<meta property=\"article:published_time\" content=\"2009-03-08T15:01:07+00:00\" \/>\n<meta property=\"article:modified_time\" content=\"2024-02-23T15:40:35+00:00\" \/>\n<meta property=\"og:image\" content=\"https:\/\/www.freiholtz.se\/genealogi\/wp-content\/uploads\/sites\/3\/2009\/03\/sweden-23576_1280.png\" \/>\n\t<meta property=\"og:image:width\" content=\"640\" \/>\n\t<meta property=\"og:image:height\" content=\"1280\" \/>\n\t<meta property=\"og:image:type\" content=\"image\/png\" \/>\n<meta name=\"author\" content=\"Thorvald\" \/>\n<meta name=\"twitter:card\" content=\"summary_large_image\" \/>\n<meta name=\"twitter:label1\" content=\"Skriven av\" \/>\n\t<meta name=\"twitter:data1\" content=\"Thorvald\" \/>\n\t<meta name=\"twitter:label2\" content=\"Ber\u00e4knad l\u00e4stid\" \/>\n\t<meta name=\"twitter:data2\" content=\"1 minut\" \/>\n<script type=\"application\/ld+json\" class=\"yoast-schema-graph\">{\"@context\":\"https:\\\/\\\/schema.org\",\"@graph\":[{\"@type\":\"Article\",\"@id\":\"https:\\\/\\\/www.freiholtz.se\\\/genealogi\\\/2009\\\/03\\\/08\\\/freiholtz-i-sverige\\\/#article\",\"isPartOf\":{\"@id\":\"https:\\\/\\\/www.freiholtz.se\\\/genealogi\\\/2009\\\/03\\\/08\\\/freiholtz-i-sverige\\\/\"},\"author\":{\"name\":\"Thorvald\",\"@id\":\"https:\\\/\\\/www.freiholtz.se\\\/genealogi\\\/#\\\/schema\\\/person\\\/f8eba858e89d86da3e8f4131644d7c72\"},\"headline\":\"Freiholtz i Sverige\",\"datePublished\":\"2009-03-08T15:01:07+00:00\",\"dateModified\":\"2024-02-23T15:40:35+00:00\",\"mainEntityOfPage\":{\"@id\":\"https:\\\/\\\/www.freiholtz.se\\\/genealogi\\\/2009\\\/03\\\/08\\\/freiholtz-i-sverige\\\/\"},\"wordCount\":176,\"commentCount\":4,\"image\":{\"@id\":\"https:\\\/\\\/www.freiholtz.se\\\/genealogi\\\/2009\\\/03\\\/08\\\/freiholtz-i-sverige\\\/#primaryimage\"},\"thumbnailUrl\":\"https:\\\/\\\/www.freiholtz.se\\\/genealogi\\\/wp-content\\\/uploads\\\/sites\\\/3\\\/2009\\\/03\\\/sweden-23576_1280.png\",\"articleSection\":[\"Allm\u00e4nt\"],\"inLanguage\":\"sv-SE\",\"potentialAction\":[{\"@type\":\"CommentAction\",\"name\":\"Comment\",\"target\":[\"https:\\\/\\\/www.freiholtz.se\\\/genealogi\\\/2009\\\/03\\\/08\\\/freiholtz-i-sverige\\\/#respond\"]}]},{\"@type\":\"WebPage\",\"@id\":\"https:\\\/\\\/www.freiholtz.se\\\/genealogi\\\/2009\\\/03\\\/08\\\/freiholtz-i-sverige\\\/\",\"url\":\"https:\\\/\\\/www.freiholtz.se\\\/genealogi\\\/2009\\\/03\\\/08\\\/freiholtz-i-sverige\\\/\",\"name\":\"Freiholtz i Sverige - Freiholtz Sl\u00e4ktforskning\",\"isPartOf\":{\"@id\":\"https:\\\/\\\/www.freiholtz.se\\\/genealogi\\\/#website\"},\"primaryImageOfPage\":{\"@id\":\"https:\\\/\\\/www.freiholtz.se\\\/genealogi\\\/2009\\\/03\\\/08\\\/freiholtz-i-sverige\\\/#primaryimage\"},\"image\":{\"@id\":\"https:\\\/\\\/www.freiholtz.se\\\/genealogi\\\/2009\\\/03\\\/08\\\/freiholtz-i-sverige\\\/#primaryimage\"},\"thumbnailUrl\":\"https:\\\/\\\/www.freiholtz.se\\\/genealogi\\\/wp-content\\\/uploads\\\/sites\\\/3\\\/2009\\\/03\\\/sweden-23576_1280.png\",\"datePublished\":\"2009-03-08T15:01:07+00:00\",\"dateModified\":\"2024-02-23T15:40:35+00:00\",\"author\":{\"@id\":\"https:\\\/\\\/www.freiholtz.se\\\/genealogi\\\/#\\\/schema\\\/person\\\/f8eba858e89d86da3e8f4131644d7c72\"},\"breadcrumb\":{\"@id\":\"https:\\\/\\\/www.freiholtz.se\\\/genealogi\\\/2009\\\/03\\\/08\\\/freiholtz-i-sverige\\\/#breadcrumb\"},\"inLanguage\":\"sv-SE\",\"potentialAction\":[{\"@type\":\"ReadAction\",\"target\":[\"https:\\\/\\\/www.freiholtz.se\\\/genealogi\\\/2009\\\/03\\\/08\\\/freiholtz-i-sverige\\\/\"]}]},{\"@type\":\"ImageObject\",\"inLanguage\":\"sv-SE\",\"@id\":\"https:\\\/\\\/www.freiholtz.se\\\/genealogi\\\/2009\\\/03\\\/08\\\/freiholtz-i-sverige\\\/#primaryimage\",\"url\":\"https:\\\/\\\/www.freiholtz.se\\\/genealogi\\\/wp-content\\\/uploads\\\/sites\\\/3\\\/2009\\\/03\\\/sweden-23576_1280.png\",\"contentUrl\":\"https:\\\/\\\/www.freiholtz.se\\\/genealogi\\\/wp-content\\\/uploads\\\/sites\\\/3\\\/2009\\\/03\\\/sweden-23576_1280.png\",\"width\":640,\"height\":1280},{\"@type\":\"BreadcrumbList\",\"@id\":\"https:\\\/\\\/www.freiholtz.se\\\/genealogi\\\/2009\\\/03\\\/08\\\/freiholtz-i-sverige\\\/#breadcrumb\",\"itemListElement\":[{\"@type\":\"ListItem\",\"position\":1,\"name\":\"Hem\",\"item\":\"https:\\\/\\\/www.freiholtz.se\\\/genealogi\\\/\"},{\"@type\":\"ListItem\",\"position\":2,\"name\":\"Freiholtz i Sverige\"}]},{\"@type\":\"WebSite\",\"@id\":\"https:\\\/\\\/www.freiholtz.se\\\/genealogi\\\/#website\",\"url\":\"https:\\\/\\\/www.freiholtz.se\\\/genealogi\\\/\",\"name\":\"Freiholtz Sl\u00e4ktforskning\",\"description\":\"\u00c4ttlingar till J\u00fcrgen Joachim Freiholtz\",\"potentialAction\":[{\"@type\":\"SearchAction\",\"target\":{\"@type\":\"EntryPoint\",\"urlTemplate\":\"https:\\\/\\\/www.freiholtz.se\\\/genealogi\\\/?s={search_term_string}\"},\"query-input\":{\"@type\":\"PropertyValueSpecification\",\"valueRequired\":true,\"valueName\":\"search_term_string\"}}],\"inLanguage\":\"sv-SE\"},{\"@type\":\"Person\",\"@id\":\"https:\\\/\\\/www.freiholtz.se\\\/genealogi\\\/#\\\/schema\\\/person\\\/f8eba858e89d86da3e8f4131644d7c72\",\"name\":\"Thorvald\",\"image\":{\"@type\":\"ImageObject\",\"inLanguage\":\"sv-SE\",\"@id\":\"https:\\\/\\\/secure.gravatar.com\\\/avatar\\\/8328a4c14b3a439f4c0cf3cf4af03cee061e00c35ed80000610d03c204796578?s=96&d=mm&r=g\",\"url\":\"https:\\\/\\\/secure.gravatar.com\\\/avatar\\\/8328a4c14b3a439f4c0cf3cf4af03cee061e00c35ed80000610d03c204796578?s=96&d=mm&r=g\",\"contentUrl\":\"https:\\\/\\\/secure.gravatar.com\\\/avatar\\\/8328a4c14b3a439f4c0cf3cf4af03cee061e00c35ed80000610d03c204796578?s=96&d=mm&r=g\",\"caption\":\"Thorvald\"},\"sameAs\":[\"https:\\\/\\\/www.freiholtz.se\"],\"url\":\"https:\\\/\\\/www.freiholtz.se\\\/genealogi\\\/author\\\/thorvald\\\/\"}]}<\/script>\n<!-- \/ Yoast SEO plugin. -->","yoast_head_json":{"title":"Freiholtz i Sverige - Freiholtz Sl\u00e4ktforskning","robots":{"index":"index","follow":"follow","max-snippet":"max-snippet:-1","max-image-preview":"max-image-preview:large","max-video-preview":"max-video-preview:-1"},"canonical":"https:\/\/www.freiholtz.se\/genealogi\/2009\/03\/08\/freiholtz-i-sverige\/","og_locale":"sv_SE","og_type":"article","og_title":"Freiholtz i Sverige - Freiholtz Sl\u00e4ktforskning","og_description":"Enligt Kindo finns det i Sverige: 172 personer med efternamnet Freiholtz 19 personer med efternamnet Freyholtz 9 personer med efternamnet Frejholtz Om du f\u00f6ljer l\u00e4nkarna ovan kan du ocks\u00e5 se i vilka l\u00e4n och kommuner namnb\u00e4rarna bor. Det kan finnas ytterligare n\u00e5gon eller n\u00e5gra stavningsvarianter, men Kindo redovisar av integritetssk\u00e4l inte efternamn med f\u00e4rre \u00e4n...","og_url":"https:\/\/www.freiholtz.se\/genealogi\/2009\/03\/08\/freiholtz-i-sverige\/","og_site_name":"Freiholtz Sl\u00e4ktforskning","article_published_time":"2009-03-08T15:01:07+00:00","article_modified_time":"2024-02-23T15:40:35+00:00","og_image":[{"width":640,"height":1280,"url":"https:\/\/www.freiholtz.se\/genealogi\/wp-content\/uploads\/sites\/3\/2009\/03\/sweden-23576_1280.png","type":"image\/png"}],"author":"Thorvald","twitter_card":"summary_large_image","twitter_misc":{"Skriven av":"Thorvald","Ber\u00e4knad l\u00e4stid":"1 minut"},"schema":{"@context":"https:\/\/schema.org","@graph":[{"@type":"Article","@id":"https:\/\/www.freiholtz.se\/genealogi\/2009\/03\/08\/freiholtz-i-sverige\/#article","isPartOf":{"@id":"https:\/\/www.freiholtz.se\/genealogi\/2009\/03\/08\/freiholtz-i-sverige\/"},"author":{"name":"Thorvald","@id":"https:\/\/www.freiholtz.se\/genealogi\/#\/schema\/person\/f8eba858e89d86da3e8f4131644d7c72"},"headline":"Freiholtz i Sverige","datePublished":"2009-03-08T15:01:07+00:00","dateModified":"2024-02-23T15:40:35+00:00","mainEntityOfPage":{"@id":"https:\/\/www.freiholtz.se\/genealogi\/2009\/03\/08\/freiholtz-i-sverige\/"},"wordCount":176,"commentCount":4,"image":{"@id":"https:\/\/www.freiholtz.se\/genealogi\/2009\/03\/08\/freiholtz-i-sverige\/#primaryimage"},"thumbnailUrl":"https:\/\/www.freiholtz.se\/genealogi\/wp-content\/uploads\/sites\/3\/2009\/03\/sweden-23576_1280.png","articleSection":["Allm\u00e4nt"],"inLanguage":"sv-SE","potentialAction":[{"@type":"CommentAction","name":"Comment","target":["https:\/\/www.freiholtz.se\/genealogi\/2009\/03\/08\/freiholtz-i-sverige\/#respond"]}]},{"@type":"WebPage","@id":"https:\/\/www.freiholtz.se\/genealogi\/2009\/03\/08\/freiholtz-i-sverige\/","url":"https:\/\/www.freiholtz.se\/genealogi\/2009\/03\/08\/freiholtz-i-sverige\/","name":"Freiholtz i Sverige - Freiholtz Sl\u00e4ktforskning","isPartOf":{"@id":"https:\/\/www.freiholtz.se\/genealogi\/#website"},"primaryImageOfPage":{"@id":"https:\/\/www.freiholtz.se\/genealogi\/2009\/03\/08\/freiholtz-i-sverige\/#primaryimage"},"image":{"@id":"https:\/\/www.freiholtz.se\/genealogi\/2009\/03\/08\/freiholtz-i-sverige\/#primaryimage"},"thumbnailUrl":"https:\/\/www.freiholtz.se\/genealogi\/wp-content\/uploads\/sites\/3\/2009\/03\/sweden-23576_1280.png","datePublished":"2009-03-08T15:01:07+00:00","dateModified":"2024-02-23T15:40:35+00:00","author":{"@id":"https:\/\/www.freiholtz.se\/genealogi\/#\/schema\/person\/f8eba858e89d86da3e8f4131644d7c72"},"breadcrumb":{"@id":"https:\/\/www.freiholtz.se\/genealogi\/2009\/03\/08\/freiholtz-i-sverige\/#breadcrumb"},"inLanguage":"sv-SE","potentialAction":[{"@type":"ReadAction","target":["https:\/\/www.freiholtz.se\/genealogi\/2009\/03\/08\/freiholtz-i-sverige\/"]}]},{"@type":"ImageObject","inLanguage":"sv-SE","@id":"https:\/\/www.freiholtz.se\/genealogi\/2009\/03\/08\/freiholtz-i-sverige\/#primaryimage","url":"https:\/\/www.freiholtz.se\/genealogi\/wp-content\/uploads\/sites\/3\/2009\/03\/sweden-23576_1280.png","contentUrl":"https:\/\/www.freiholtz.se\/genealogi\/wp-content\/uploads\/sites\/3\/2009\/03\/sweden-23576_1280.png","width":640,"height":1280},{"@type":"BreadcrumbList","@id":"https:\/\/www.freiholtz.se\/genealogi\/2009\/03\/08\/freiholtz-i-sverige\/#breadcrumb","itemListElement":[{"@type":"ListItem","position":1,"name":"Hem","item":"https:\/\/www.freiholtz.se\/genealogi\/"},{"@type":"ListItem","position":2,"name":"Freiholtz i Sverige"}]},{"@type":"WebSite","@id":"https:\/\/www.freiholtz.se\/genealogi\/#website","url":"https:\/\/www.freiholtz.se\/genealogi\/","name":"Freiholtz Sl\u00e4ktforskning","description":"\u00c4ttlingar till J\u00fcrgen Joachim Freiholtz","potentialAction":[{"@type":"SearchAction","target":{"@type":"EntryPoint","urlTemplate":"https:\/\/www.freiholtz.se\/genealogi\/?s={search_term_string}"},"query-input":{"@type":"PropertyValueSpecification","valueRequired":true,"valueName":"search_term_string"}}],"inLanguage":"sv-SE"},{"@type":"Person","@id":"https:\/\/www.freiholtz.se\/genealogi\/#\/schema\/person\/f8eba858e89d86da3e8f4131644d7c72","name":"Thorvald","image":{"@type":"ImageObject","inLanguage":"sv-SE","@id":"https:\/\/secure.gravatar.com\/avatar\/8328a4c14b3a439f4c0cf3cf4af03cee061e00c35ed80000610d03c204796578?s=96&d=mm&r=g","url":"https:\/\/secure.gravatar.com\/avatar\/8328a4c14b3a439f4c0cf3cf4af03cee061e00c35ed80000610d03c204796578?s=96&d=mm&r=g","contentUrl":"https:\/\/secure.gravatar.com\/avatar\/8328a4c14b3a439f4c0cf3cf4af03cee061e00c35ed80000610d03c204796578?s=96&d=mm&r=g","caption":"Thorvald"},"sameAs":["https:\/\/www.freiholtz.se"],"url":"https:\/\/www.freiholtz.se\/genealogi\/author\/thorvald\/"}]}},"_links":{"self":[{"href":"https:\/\/www.freiholtz.se\/genealogi\/wp-json\/wp\/v2\/posts\/95","targetHints":{"allow":["GET"]}}],"collection":[{"href":"https:\/\/www.freiholtz.se\/genealogi\/wp-json\/wp\/v2\/posts"}],"about":[{"href":"https:\/\/www.freiholtz.se\/genealogi\/wp-json\/wp\/v2\/types\/post"}],"author":[{"embeddable":true,"href":"https:\/\/www.freiholtz.se\/genealogi\/wp-json\/wp\/v2\/users\/1"}],"replies":[{"embeddable":true,"href":"https:\/\/www.freiholtz.se\/genealogi\/wp-json\/wp\/v2\/comments?post=95"}],"version-history":[{"count":1,"href":"https:\/\/www.freiholtz.se\/genealogi\/wp-json\/wp\/v2\/posts\/95\/revisions"}],"predecessor-version":[{"id":172,"href":"https:\/\/www.freiholtz.se\/genealogi\/wp-json\/wp\/v2\/posts\/95\/revisions\/172"}],"wp:featuredmedia":[{"embeddable":true,"href":"https:\/\/www.freiholtz.se\/genealogi\/wp-json\/wp\/v2\/media\/171"}],"wp:attachment":[{"href":"https:\/\/www.freiholtz.se\/genealogi\/wp-json\/wp\/v2\/media?parent=95"}],"wp:term":[{"taxonomy":"category","embeddable":true,"href":"https:\/\/www.freiholtz.se\/genealogi\/wp-json\/wp\/v2\/categories?post=95"},{"taxonomy":"post_tag","embeddable":true,"href":"https:\/\/www.freiholtz.se\/genealogi\/wp-json\/wp\/v2\/tags?post=95"}],"curies":[{"name":"wp","href":"https:\/\/api.w.org\/{rel}","templated":true}]}}