{"id":933,"date":"2009-01-17T19:34:24","date_gmt":"2009-01-17T17:34:24","guid":{"rendered":"http:\/\/www.freiholtz.se\/forvetet\/?p=933"},"modified":"2009-01-17T19:34:24","modified_gmt":"2009-01-17T17:34:24","slug":"sjalvforsvar","status":"publish","type":"post","link":"https:\/\/www.freiholtz.se\/forvetet\/2009\/01\/17\/sjalvforsvar\/","title":{"rendered":"Sj\u00e4lvf\u00f6rsvar"},"content":{"rendered":"<p>Tidigare i veckan unnade jag mig lyxen att ta ledigt en vardag. Jag hade jobbat h\u00e5rt och ledigheten hade inget annat syfte \u00e4n just ledighet. S\u00e5, efter att ha sovit \u00e4nda till klockan \u00e5tta, \u00a0l\u00e4st morgontidningarna, \u00e4tit frukost och utf\u00f6rt \u00f6vriga morgonritualer i lugn och ro, tog jag en promenad vid tio-tiden.<\/p>\n<p>Det var en vacker vintermorgon, ett par minusgrader och rimfrost, s\u00e5 det blev en l\u00e5ng promenad. P\u00e5 v\u00e4gen hem passerade jag stadsdelens F-6 skola.<\/p>\n<p>N\u00e4r jag passerade skolgrinden h\u00f6rde jag n\u00e5gra dova dunsar. Jag v\u00e4nde mig om f\u00f6r att lokalisera ljuden och\u00a0 uppt\u00e4ckte tre barn p\u00e5 den i \u00f6vrigt \u00f6de skolg\u00e5rden. En pojke i \u00e5tta-nio \u00e5rs \u00e5ldern l\u00e5g hopkrupen p\u00e5 marken. Han var alldeles blodig i ansiktet, t\u00e4ckjackan hade stora revor och ena benet var b\u00f6jt i en onaturlig vinkel. Han gnydde svagt. En \u00e4ldre pojke, troligen en sj\u00e4teklassare, satt grensle \u00f6ver honom. Sj\u00e4tteklassaren dunkade ih\u00e4rdigt den mindre pojkens huvud i asfalten. Bredvid dem satt en gr\u00e5tande flicka i f\u00f6rskole\u00e5ldern. Hon hade ett skrubbs\u00e5r p\u00e5 ena kinden och en smal av r\u00e4nnil blod hade letat sig fr\u00e5n ena n\u00e4sborren ner till mungipan. Utstr\u00f6tt p\u00e5 marken runt barnen l\u00e5g n\u00e5got som s\u00e5g ut som en krossad mobiltelefon.<\/p>\n<p>&#8221;Hall\u00e5 d\u00e4r!&#8221; ropade jag. &#8221;Vad h\u00e5ller du p\u00e5 med?&#8221;<\/p>\n<p>&#8221;Ja, vad tror du egentligen att du h\u00e5ller p\u00e5 med?&#8221; h\u00f6rde jag en myndig, kvinnlig st\u00e4mma eka \u00f6ver skolg\u00e5rden.<\/p>\n<p>Jag tittade upp och s\u00e5g Rigmor Mortis*, skolans rektor st\u00e5 p\u00e5 skoltrappan med armarna korsade \u00f6ver br\u00f6stet. Bredvid henne s\u00e5g jag en kvinna som jag k\u00e4nde igen som en av de \u00e4ldre 1-6 l\u00e4rarna p\u00e5 skolan (Min yngsta hade henne som l\u00e4rare i 5:an och 6:an. Det var en sn\u00e4ll och v\u00e4lmenande m\u00e4nniska, men litet \u00e4ngslig av sig och helt oduglig som pedagog).<\/p>\n<p>&#8221;Sj\u00e4lvf\u00f6rsvar&#8221; \u00a0svarade sj\u00e4tteklassaren medan han st\u00e4llde sig upp och borstade av sina kl\u00e4der.<\/p>\n<p>&#8221;Jaha, sj\u00e4lvf\u00f6rsvar. N\u00e5ja, men nu slutar du genast!&#8221; sa Rigmor barskt. Hon v\u00e4nde p\u00e5 klacken och med d\u00f6rren sm\u00e4llande bakom sig l\u00e4mnade hon den f\u00f6rsynta l\u00e4rarinnan ensam p\u00e5 trappan. Denna fr\u00e5gade f\u00f6rsiktigt &#8221;Men vad har han gjort d\u00e5?&#8221;<\/p>\n<p>&#8221;Den lille skiten och och hans \u00e4ckliga lillasyster var framme och lekte p\u00e5 den h\u00e4r delen av skolg\u00e5rden. Det vet ju alla att P- &#8211; -:-r\u00e5ttorna ska h\u00e5llas d\u00e4r borta, bakom soptunnorna.&#8221; (Han n\u00e4mnde h\u00e4r en familj med tio barn som bor i en trea i det nerg\u00e5ngna miljonprogramomr\u00e5det p\u00e5 andra sidan v\u00e4gen) &#8221;Det h\u00e4r \u00e4r v\u00e5r skolg\u00e5rd, inte det smutsiga packets!&#8221; Han gav den lille n\u00e5gra kraftiga sparkar i mellang\u00e4rdet. F\u00f6r varje spark h\u00f6rdes ett st\u00f6n fr\u00e5n grabben.<\/p>\n<p>&#8221;Och kan du t\u00e4nka dig vad han gjorde n\u00e4r jag som straff tog hans pengar och slog s\u00f6nder hans mobiltelefon?&#8221; fortsatte sj\u00e4tteklassaren samtidigt som han \u00f6vergick till att med f\u00f6tterna bearbeta f\u00f6rbrytarens revben. N\u00e4r det efter n\u00e5gra sparkar h\u00f6rdes ett krasande ljud j\u00e4mrade sig pojken p\u00e5 marken bara svagt. &#8221;Det svinet spottade p\u00e5 mig! Och d\u00e5, d\u00e5 har ju jag r\u00e4tt att f\u00f6rsvara mig. Han ska inte v\u00e5ga spotta p\u00e5 mig igen!&#8221;<\/p>\n<p>&#8221;Jo, det \u00e4r klart&#8221; inst\u00e4mde fr\u00f6ken. &#8221;Men vad har \u00a0hans syster gjort?&#8221;<\/p>\n<p>&#8221;Fattar du d\u00e5ligt k\u00e4rring, hon stod ju i v\u00e4gen, ungj\u00e4veln!&#8221; \u00a0blev det irriterade svaret fr\u00e5n sj\u00e4tteklassaren samtidigt som han laddade f\u00f6r en h\u00e4stspark i underlivet p\u00e5 brottslingen.\u00a0N\u00e4r sparken tr\u00e4ffade skrek\u00a0krypet till, men l\u00e5g sedan tyst och or\u00f6rligt.<\/p>\n<p>&#8221;Men nu r\u00e4cker det v\u00e4l?&#8221; tyckte jag. &#8221;Tror du inte han l\u00e4rt sig sin l\u00e4xa nu?&#8221;<\/p>\n<p>&#8221;Men f\u00f6r helvete!&#8221; vr\u00e5lade sj\u00e4tteklassaren. &#8221;Han spottade ju TV\u00c5 g\u00e5nger!!!&#8221;<\/p>\n<p>P\u00e5 detta hade jag inte n\u00e5got bra svar s\u00e5 jag v\u00e4nde mig om f\u00f6r att forts\u00e4tta \u00a0promenaden hem. Skolfr\u00f6ken f\u00f6ljde mig en bit p\u00e5 v\u00e4g p\u00e5 sin sida om st\u00e4ngslet.<\/p>\n<p>&#8221;Visst \u00e4r det f\u00f6rf\u00e4rligt, det David g\u00f6r och visst \u00e4r det tragiskt att den lilla flickan r\u00e5kade illa ut, men det \u00e4r viktigt att komma ih\u00e5g att det var P- &#8211; -:s pojke som b\u00f6rjade.&#8221; sammanfattade hon.<\/p>\n<p>D\u00e5 vi skildes \u00e5t kastade jag en blick \u00f6ver axeln. Jag s\u00e5g hur David just hade l\u00e4ttat fr\u00e5n marken f\u00f6r ett j\u00e4mfotahopp mot den lille ligistens huvud.<\/p>\n<p>N\u00e4r jag kom hem satte jag p\u00e5 en kopp kaffe, loggade in p\u00e5 mitt PPM-konto och funderade bekymrat \u00f6ver om jag skulle placera om mina s\u00e5 gott som utraderade fondmedel. Sedan gjorde jag \u00e4nnu ett misstag. Jag gick in p\u00e5 Aftonbladets hemsida och chockades sv\u00e5rt av nyheten att min favorit i Let&#8217;s Dance hade storgr\u00e5tit i omkl\u00e4dningsrummet efter att ha mobbats av de andra deltagarna. Det f\u00f6rst\u00f6rde min lediga dag, en dag som annars b\u00f6rjat s\u00e5 bra.<\/p>\n<p><span style=\"color: #808080\">* \u00a0Rektorn heter inte Rigmor Mortis. Det \u00e4r mitt namn p\u00e5 henne efter ett antal kontroverser med henne n\u00e4r mina egna barn gick i den aktuella skolan. Det \u00e4r helt d\u00f6tt mellan \u00f6ronen p\u00e5 henne. Bland annat h\u00e4vdade hon att betydande budget- och personalneddragningar p\u00e5 skolan\u00a0gjordes av pedagogiska sk\u00e4l. Hon ska f\u00f6r \u00f6vrigt g\u00e5 i pension i dagarna. Inf\u00f6r avg\u00e5ngen har hon i lokalpressen ber\u00f6mt sig av att skolan p\u00e5 alla s\u00e4tt \u00e4r i mycket b\u00e4ttre skick \u00e4n n\u00e4r hon tog \u00f6ver som rektor.<\/span><\/p>\n","protected":false},"excerpt":{"rendered":"<p>Tidigare i veckan unnade jag mig lyxen att ta ledigt en vardag. Jag hade jobbat h\u00e5rt och ledigheten hade inget annat syfte \u00e4n just ledighet. S\u00e5, efter att ha sovit \u00e4nda till klockan \u00e5tta, \u00a0l\u00e4st morgontidningarna, \u00e4tit frukost och utf\u00f6rt \u00f6vriga morgonritualer i lugn och ro, tog jag en promenad vid tio-tiden. Det var en&#8230;<\/p>\n","protected":false},"author":2,"featured_media":0,"comment_status":"open","ping_status":"open","sticky":false,"template":"","format":"standard","meta":{"_monsterinsights_skip_tracking":false,"_monsterinsights_sitenote_active":false,"_monsterinsights_sitenote_note":"","_monsterinsights_sitenote_category":0,"footnotes":""},"categories":[7,8],"tags":[57,96,132,141,153,175,191],"class_list":["post-933","post","type-post","status-publish","format-standard","hentry","category-politik","category-samhalle","tag-folkratt","tag-krigets-lagar","tag-proportionalitet","tag-rattvisa","tag-sjalvforsvar","tag-terrorism-empati","tag-vedergallning"],"yoast_head":"<!-- This site is optimized with the Yoast SEO plugin v27.5 - https:\/\/yoast.com\/product\/yoast-seo-wordpress\/ -->\n<title>Sj\u00e4lvf\u00f6rsvar - F\u00f6rvetet<\/title>\n<meta name=\"robots\" content=\"index, follow, max-snippet:-1, max-image-preview:large, max-video-preview:-1\" \/>\n<link rel=\"canonical\" href=\"https:\/\/www.freiholtz.se\/forvetet\/2009\/01\/17\/sjalvforsvar\/\" \/>\n<meta property=\"og:locale\" content=\"sv_SE\" \/>\n<meta property=\"og:type\" content=\"article\" \/>\n<meta property=\"og:title\" content=\"Sj\u00e4lvf\u00f6rsvar - F\u00f6rvetet\" \/>\n<meta property=\"og:description\" content=\"Tidigare i veckan unnade jag mig lyxen att ta ledigt en vardag. Jag hade jobbat h\u00e5rt och ledigheten hade inget annat syfte \u00e4n just ledighet. S\u00e5, efter att ha sovit \u00e4nda till klockan \u00e5tta, \u00a0l\u00e4st morgontidningarna, \u00e4tit frukost och utf\u00f6rt \u00f6vriga morgonritualer i lugn och ro, tog jag en promenad vid tio-tiden. Det var en...\" \/>\n<meta property=\"og:url\" content=\"https:\/\/www.freiholtz.se\/forvetet\/2009\/01\/17\/sjalvforsvar\/\" \/>\n<meta property=\"og:site_name\" content=\"F\u00f6rvetet\" \/>\n<meta property=\"article:published_time\" content=\"2009-01-17T17:34:24+00:00\" \/>\n<meta name=\"author\" content=\"Thorvald\" \/>\n<meta name=\"twitter:card\" content=\"summary_large_image\" \/>\n<meta name=\"twitter:label1\" content=\"Skriven av\" \/>\n\t<meta name=\"twitter:data1\" content=\"Thorvald\" \/>\n\t<meta name=\"twitter:label2\" content=\"Ber\u00e4knad l\u00e4stid\" \/>\n\t<meta name=\"twitter:data2\" content=\"5 minuter\" \/>\n<script type=\"application\/ld+json\" class=\"yoast-schema-graph\">{\"@context\":\"https:\\\/\\\/schema.org\",\"@graph\":[{\"@type\":\"Article\",\"@id\":\"https:\\\/\\\/www.freiholtz.se\\\/forvetet\\\/2009\\\/01\\\/17\\\/sjalvforsvar\\\/#article\",\"isPartOf\":{\"@id\":\"https:\\\/\\\/www.freiholtz.se\\\/forvetet\\\/2009\\\/01\\\/17\\\/sjalvforsvar\\\/\"},\"author\":{\"name\":\"Thorvald\",\"@id\":\"https:\\\/\\\/www.freiholtz.se\\\/forvetet\\\/#\\\/schema\\\/person\\\/06a25f58d70b8c24ee4eb6208c7c6291\"},\"headline\":\"Sj\u00e4lvf\u00f6rsvar\",\"datePublished\":\"2009-01-17T17:34:24+00:00\",\"mainEntityOfPage\":{\"@id\":\"https:\\\/\\\/www.freiholtz.se\\\/forvetet\\\/2009\\\/01\\\/17\\\/sjalvforsvar\\\/\"},\"wordCount\":980,\"commentCount\":3,\"keywords\":[\"folkr\u00e4tt\",\"krigets lagar\",\"proportionalitet\",\"r\u00e4ttvisa\",\"sj\u00e4lvf\u00f6rsvar\",\"terrorism empati\",\"vederg\u00e4llning\"],\"articleSection\":[\"Politik\",\"Samh\u00e4lle\"],\"inLanguage\":\"sv-SE\",\"potentialAction\":[{\"@type\":\"CommentAction\",\"name\":\"Comment\",\"target\":[\"https:\\\/\\\/www.freiholtz.se\\\/forvetet\\\/2009\\\/01\\\/17\\\/sjalvforsvar\\\/#respond\"]}]},{\"@type\":\"WebPage\",\"@id\":\"https:\\\/\\\/www.freiholtz.se\\\/forvetet\\\/2009\\\/01\\\/17\\\/sjalvforsvar\\\/\",\"url\":\"https:\\\/\\\/www.freiholtz.se\\\/forvetet\\\/2009\\\/01\\\/17\\\/sjalvforsvar\\\/\",\"name\":\"Sj\u00e4lvf\u00f6rsvar - F\u00f6rvetet\",\"isPartOf\":{\"@id\":\"https:\\\/\\\/www.freiholtz.se\\\/forvetet\\\/#website\"},\"datePublished\":\"2009-01-17T17:34:24+00:00\",\"author\":{\"@id\":\"https:\\\/\\\/www.freiholtz.se\\\/forvetet\\\/#\\\/schema\\\/person\\\/06a25f58d70b8c24ee4eb6208c7c6291\"},\"breadcrumb\":{\"@id\":\"https:\\\/\\\/www.freiholtz.se\\\/forvetet\\\/2009\\\/01\\\/17\\\/sjalvforsvar\\\/#breadcrumb\"},\"inLanguage\":\"sv-SE\",\"potentialAction\":[{\"@type\":\"ReadAction\",\"target\":[\"https:\\\/\\\/www.freiholtz.se\\\/forvetet\\\/2009\\\/01\\\/17\\\/sjalvforsvar\\\/\"]}]},{\"@type\":\"BreadcrumbList\",\"@id\":\"https:\\\/\\\/www.freiholtz.se\\\/forvetet\\\/2009\\\/01\\\/17\\\/sjalvforsvar\\\/#breadcrumb\",\"itemListElement\":[{\"@type\":\"ListItem\",\"position\":1,\"name\":\"Hem\",\"item\":\"https:\\\/\\\/www.freiholtz.se\\\/forvetet\\\/\"},{\"@type\":\"ListItem\",\"position\":2,\"name\":\"Sj\u00e4lvf\u00f6rsvar\"}]},{\"@type\":\"WebSite\",\"@id\":\"https:\\\/\\\/www.freiholtz.se\\\/forvetet\\\/#website\",\"url\":\"https:\\\/\\\/www.freiholtz.se\\\/forvetet\\\/\",\"name\":\"F\u00f6rvetet\",\"description\":\"en blogg fr\u00e5n freiholtz.se!\",\"potentialAction\":[{\"@type\":\"SearchAction\",\"target\":{\"@type\":\"EntryPoint\",\"urlTemplate\":\"https:\\\/\\\/www.freiholtz.se\\\/forvetet\\\/?s={search_term_string}\"},\"query-input\":{\"@type\":\"PropertyValueSpecification\",\"valueRequired\":true,\"valueName\":\"search_term_string\"}}],\"inLanguage\":\"sv-SE\"},{\"@type\":\"Person\",\"@id\":\"https:\\\/\\\/www.freiholtz.se\\\/forvetet\\\/#\\\/schema\\\/person\\\/06a25f58d70b8c24ee4eb6208c7c6291\",\"name\":\"Thorvald\",\"image\":{\"@type\":\"ImageObject\",\"inLanguage\":\"sv-SE\",\"@id\":\"https:\\\/\\\/secure.gravatar.com\\\/avatar\\\/8328a4c14b3a439f4c0cf3cf4af03cee061e00c35ed80000610d03c204796578?s=96&d=mm&r=g\",\"url\":\"https:\\\/\\\/secure.gravatar.com\\\/avatar\\\/8328a4c14b3a439f4c0cf3cf4af03cee061e00c35ed80000610d03c204796578?s=96&d=mm&r=g\",\"contentUrl\":\"https:\\\/\\\/secure.gravatar.com\\\/avatar\\\/8328a4c14b3a439f4c0cf3cf4af03cee061e00c35ed80000610d03c204796578?s=96&d=mm&r=g\",\"caption\":\"Thorvald\"},\"url\":\"https:\\\/\\\/www.freiholtz.se\\\/forvetet\\\/author\\\/admin\\\/\"}]}<\/script>\n<!-- \/ Yoast SEO plugin. -->","yoast_head_json":{"title":"Sj\u00e4lvf\u00f6rsvar - F\u00f6rvetet","robots":{"index":"index","follow":"follow","max-snippet":"max-snippet:-1","max-image-preview":"max-image-preview:large","max-video-preview":"max-video-preview:-1"},"canonical":"https:\/\/www.freiholtz.se\/forvetet\/2009\/01\/17\/sjalvforsvar\/","og_locale":"sv_SE","og_type":"article","og_title":"Sj\u00e4lvf\u00f6rsvar - F\u00f6rvetet","og_description":"Tidigare i veckan unnade jag mig lyxen att ta ledigt en vardag. Jag hade jobbat h\u00e5rt och ledigheten hade inget annat syfte \u00e4n just ledighet. S\u00e5, efter att ha sovit \u00e4nda till klockan \u00e5tta, \u00a0l\u00e4st morgontidningarna, \u00e4tit frukost och utf\u00f6rt \u00f6vriga morgonritualer i lugn och ro, tog jag en promenad vid tio-tiden. Det var en...","og_url":"https:\/\/www.freiholtz.se\/forvetet\/2009\/01\/17\/sjalvforsvar\/","og_site_name":"F\u00f6rvetet","article_published_time":"2009-01-17T17:34:24+00:00","author":"Thorvald","twitter_card":"summary_large_image","twitter_misc":{"Skriven av":"Thorvald","Ber\u00e4knad l\u00e4stid":"5 minuter"},"schema":{"@context":"https:\/\/schema.org","@graph":[{"@type":"Article","@id":"https:\/\/www.freiholtz.se\/forvetet\/2009\/01\/17\/sjalvforsvar\/#article","isPartOf":{"@id":"https:\/\/www.freiholtz.se\/forvetet\/2009\/01\/17\/sjalvforsvar\/"},"author":{"name":"Thorvald","@id":"https:\/\/www.freiholtz.se\/forvetet\/#\/schema\/person\/06a25f58d70b8c24ee4eb6208c7c6291"},"headline":"Sj\u00e4lvf\u00f6rsvar","datePublished":"2009-01-17T17:34:24+00:00","mainEntityOfPage":{"@id":"https:\/\/www.freiholtz.se\/forvetet\/2009\/01\/17\/sjalvforsvar\/"},"wordCount":980,"commentCount":3,"keywords":["folkr\u00e4tt","krigets lagar","proportionalitet","r\u00e4ttvisa","sj\u00e4lvf\u00f6rsvar","terrorism empati","vederg\u00e4llning"],"articleSection":["Politik","Samh\u00e4lle"],"inLanguage":"sv-SE","potentialAction":[{"@type":"CommentAction","name":"Comment","target":["https:\/\/www.freiholtz.se\/forvetet\/2009\/01\/17\/sjalvforsvar\/#respond"]}]},{"@type":"WebPage","@id":"https:\/\/www.freiholtz.se\/forvetet\/2009\/01\/17\/sjalvforsvar\/","url":"https:\/\/www.freiholtz.se\/forvetet\/2009\/01\/17\/sjalvforsvar\/","name":"Sj\u00e4lvf\u00f6rsvar - F\u00f6rvetet","isPartOf":{"@id":"https:\/\/www.freiholtz.se\/forvetet\/#website"},"datePublished":"2009-01-17T17:34:24+00:00","author":{"@id":"https:\/\/www.freiholtz.se\/forvetet\/#\/schema\/person\/06a25f58d70b8c24ee4eb6208c7c6291"},"breadcrumb":{"@id":"https:\/\/www.freiholtz.se\/forvetet\/2009\/01\/17\/sjalvforsvar\/#breadcrumb"},"inLanguage":"sv-SE","potentialAction":[{"@type":"ReadAction","target":["https:\/\/www.freiholtz.se\/forvetet\/2009\/01\/17\/sjalvforsvar\/"]}]},{"@type":"BreadcrumbList","@id":"https:\/\/www.freiholtz.se\/forvetet\/2009\/01\/17\/sjalvforsvar\/#breadcrumb","itemListElement":[{"@type":"ListItem","position":1,"name":"Hem","item":"https:\/\/www.freiholtz.se\/forvetet\/"},{"@type":"ListItem","position":2,"name":"Sj\u00e4lvf\u00f6rsvar"}]},{"@type":"WebSite","@id":"https:\/\/www.freiholtz.se\/forvetet\/#website","url":"https:\/\/www.freiholtz.se\/forvetet\/","name":"F\u00f6rvetet","description":"en blogg fr\u00e5n freiholtz.se!","potentialAction":[{"@type":"SearchAction","target":{"@type":"EntryPoint","urlTemplate":"https:\/\/www.freiholtz.se\/forvetet\/?s={search_term_string}"},"query-input":{"@type":"PropertyValueSpecification","valueRequired":true,"valueName":"search_term_string"}}],"inLanguage":"sv-SE"},{"@type":"Person","@id":"https:\/\/www.freiholtz.se\/forvetet\/#\/schema\/person\/06a25f58d70b8c24ee4eb6208c7c6291","name":"Thorvald","image":{"@type":"ImageObject","inLanguage":"sv-SE","@id":"https:\/\/secure.gravatar.com\/avatar\/8328a4c14b3a439f4c0cf3cf4af03cee061e00c35ed80000610d03c204796578?s=96&d=mm&r=g","url":"https:\/\/secure.gravatar.com\/avatar\/8328a4c14b3a439f4c0cf3cf4af03cee061e00c35ed80000610d03c204796578?s=96&d=mm&r=g","contentUrl":"https:\/\/secure.gravatar.com\/avatar\/8328a4c14b3a439f4c0cf3cf4af03cee061e00c35ed80000610d03c204796578?s=96&d=mm&r=g","caption":"Thorvald"},"url":"https:\/\/www.freiholtz.se\/forvetet\/author\/admin\/"}]}},"_links":{"self":[{"href":"https:\/\/www.freiholtz.se\/forvetet\/wp-json\/wp\/v2\/posts\/933","targetHints":{"allow":["GET"]}}],"collection":[{"href":"https:\/\/www.freiholtz.se\/forvetet\/wp-json\/wp\/v2\/posts"}],"about":[{"href":"https:\/\/www.freiholtz.se\/forvetet\/wp-json\/wp\/v2\/types\/post"}],"author":[{"embeddable":true,"href":"https:\/\/www.freiholtz.se\/forvetet\/wp-json\/wp\/v2\/users\/2"}],"replies":[{"embeddable":true,"href":"https:\/\/www.freiholtz.se\/forvetet\/wp-json\/wp\/v2\/comments?post=933"}],"version-history":[{"count":1,"href":"https:\/\/www.freiholtz.se\/forvetet\/wp-json\/wp\/v2\/posts\/933\/revisions"}],"predecessor-version":[{"id":1760,"href":"https:\/\/www.freiholtz.se\/forvetet\/wp-json\/wp\/v2\/posts\/933\/revisions\/1760"}],"wp:attachment":[{"href":"https:\/\/www.freiholtz.se\/forvetet\/wp-json\/wp\/v2\/media?parent=933"}],"wp:term":[{"taxonomy":"category","embeddable":true,"href":"https:\/\/www.freiholtz.se\/forvetet\/wp-json\/wp\/v2\/categories?post=933"},{"taxonomy":"post_tag","embeddable":true,"href":"https:\/\/www.freiholtz.se\/forvetet\/wp-json\/wp\/v2\/tags?post=933"}],"curies":[{"name":"wp","href":"https:\/\/api.w.org\/{rel}","templated":true}]}}