{"id":906,"date":"2007-05-31T23:17:08","date_gmt":"2007-05-31T21:17:08","guid":{"rendered":"http:\/\/www.freiholtz.se\/forvetet\/?p=906"},"modified":"2007-05-31T23:17:08","modified_gmt":"2007-05-31T21:17:08","slug":"i-en-nara-framtid","status":"publish","type":"post","link":"https:\/\/www.freiholtz.se\/forvetet\/2007\/05\/31\/i-en-nara-framtid\/","title":{"rendered":"I en n\u00e4ra framtid"},"content":{"rendered":"<p>Hej och v\u00e4lkommen till Polisen!<\/p>\n<p>F\u00f6r att f\u00f6rb\u00e4ttra servicen till medborgarna sammanf\u00f6rdes Polisens regionala larmcentraler fr\u00e5n och med \u00e5rsskiftet till <a href=\"http:\/\/www.sr.se\/ekot\/arkiv.asp?DagensDatum=2005-08-25&amp;Artikel=679826\"><strong>Rikslarmcentralen<\/strong><\/a>. F\u00f6r att att ytterligare f\u00f6rb\u00e4ttra v\u00e5r service inf\u00f6rdes fr\u00e5n samma tidpunkt ett menyvalssystem.<\/p>\n<p>G\u00e4ller ditt samtal anm\u00e4lan om kvinnofridsbrott eller misst\u00e4nkt kvinnofridsbrott tryck ett, f\u00f6ljt av fyrkant.<\/p>\n<p>G\u00e4ller samtalet anm\u00e4lan om hatbrott eller misst\u00e4nkt hatbrott tryck tv\u00e5, f\u00f6ljt av fyrkant.<\/p>\n<p>G\u00e4ller samtalet anm\u00e4lan om brott mot barn eller f\u00f6rtroendevalda, st\u00f6ld eller skadeg\u00f6relse av allm\u00e4n egendom eller misst\u00e4nkt brott mot barn eller f\u00f6rtroendevalda, st\u00f6ld eller skadeg\u00f6relse av allm\u00e4n egendom tryck tre, f\u00f6ljt av fyrkant.<\/p>\n<p>G\u00e4ller samtalet skattebrott eller misst\u00e4nkt skattebrott tryck fyra, f\u00f6ljt av fyrkant.<\/p>\n<p>\/&#8212;\/<\/p>\n<p>G\u00e4ller samtalet anm\u00e4lan om egendomsbrott, till exempel st\u00f6ld, inbrott eller f\u00f6rskingring eller misst\u00e4nkt egendomsbrott tryck \u00e5tta, f\u00f6ljt av fyrkant.<\/p>\n<p>Vill du tala med oper&#8230;<\/p>\n<p>Pip (\u00e5tta), pip (fyrkant)<\/p>\n<p>Du vill anm\u00e4la ett egendomsbrott eller ett misst\u00e4nkt egendomsbrott.<\/p>\n<p>G\u00e4ller din anm\u00e4lan st\u00f6ld eller misst\u00e4nkt st\u00f6ld tryck &#8230;<\/p>\n<p>Pip (nio), pip (fyrkant)<\/p>\n<p>\/ Fem sekunders v\u00e4ntetid \/<\/p>\n<p>Alla v\u00e5ra operat\u00f6rer \u00e4r upptagna just nu men du kommer att kopplas fram s\u00e5 snart det blir din tur. Du har plats nummer nitton i k\u00f6n.<\/p>\n<p>\/ Sex minuters v\u00e4ntetid \/<\/p>\n<p>Du kopplas till operat\u00f6r.<\/p>\n<p>&#8211; V\u00e4lkommen till Polisen, du talar med Joakim.<\/p>\n<p><em>To be continued&#8230;<\/em><\/p>\n<p><a href=\"http:\/\/bloggar.se\/\">Andra bloggar om:<\/a> <a rel=\"tag\" href=\"http:\/\/bloggar.se\/om\/politik\">politik<\/a>, <a rel=\"tag\" href=\"http:\/\/bloggar.se\/om\/samh%E4lle\">samh\u00e4lle<\/a><\/p>\n","protected":false},"excerpt":{"rendered":"<p>Hej och v\u00e4lkommen till Polisen! F\u00f6r att f\u00f6rb\u00e4ttra servicen till medborgarna sammanf\u00f6rdes Polisens regionala larmcentraler fr\u00e5n och med \u00e5rsskiftet till Rikslarmcentralen. F\u00f6r att att ytterligare f\u00f6rb\u00e4ttra v\u00e5r service inf\u00f6rdes fr\u00e5n samma tidpunkt ett menyvalssystem. G\u00e4ller ditt samtal anm\u00e4lan om kvinnofridsbrott eller misst\u00e4nkt kvinnofridsbrott tryck ett, f\u00f6ljt av fyrkant. G\u00e4ller samtalet anm\u00e4lan om hatbrott eller misst\u00e4nkt&#8230;<\/p>\n","protected":false},"author":2,"featured_media":0,"comment_status":"closed","ping_status":"closed","sticky":false,"template":"","format":"standard","meta":{"_monsterinsights_skip_tracking":false,"_monsterinsights_sitenote_active":false,"_monsterinsights_sitenote_note":"","_monsterinsights_sitenote_category":0,"footnotes":""},"categories":[7,8],"tags":[41,130],"class_list":["post-906","post","type-post","status-publish","format-standard","hentry","category-politik","category-samhalle","tag-effektivisering","tag-polis"],"yoast_head":"<!-- This site is optimized with the Yoast SEO plugin v27.5 - https:\/\/yoast.com\/product\/yoast-seo-wordpress\/ -->\n<title>I en n\u00e4ra framtid - F\u00f6rvetet<\/title>\n<meta name=\"robots\" content=\"index, follow, max-snippet:-1, max-image-preview:large, max-video-preview:-1\" \/>\n<link rel=\"canonical\" href=\"https:\/\/www.freiholtz.se\/forvetet\/2007\/05\/31\/i-en-nara-framtid\/\" \/>\n<meta property=\"og:locale\" content=\"sv_SE\" \/>\n<meta property=\"og:type\" content=\"article\" \/>\n<meta property=\"og:title\" content=\"I en n\u00e4ra framtid - F\u00f6rvetet\" \/>\n<meta property=\"og:description\" content=\"Hej och v\u00e4lkommen till Polisen! F\u00f6r att f\u00f6rb\u00e4ttra servicen till medborgarna sammanf\u00f6rdes Polisens regionala larmcentraler fr\u00e5n och med \u00e5rsskiftet till Rikslarmcentralen. F\u00f6r att att ytterligare f\u00f6rb\u00e4ttra v\u00e5r service inf\u00f6rdes fr\u00e5n samma tidpunkt ett menyvalssystem. G\u00e4ller ditt samtal anm\u00e4lan om kvinnofridsbrott eller misst\u00e4nkt kvinnofridsbrott tryck ett, f\u00f6ljt av fyrkant. G\u00e4ller samtalet anm\u00e4lan om hatbrott eller misst\u00e4nkt...\" \/>\n<meta property=\"og:url\" content=\"https:\/\/www.freiholtz.se\/forvetet\/2007\/05\/31\/i-en-nara-framtid\/\" \/>\n<meta property=\"og:site_name\" content=\"F\u00f6rvetet\" \/>\n<meta property=\"article:published_time\" content=\"2007-05-31T21:17:08+00:00\" \/>\n<meta name=\"author\" content=\"Thorvald\" \/>\n<meta name=\"twitter:card\" content=\"summary_large_image\" \/>\n<meta name=\"twitter:label1\" content=\"Skriven av\" \/>\n\t<meta name=\"twitter:data1\" content=\"Thorvald\" \/>\n\t<meta name=\"twitter:label2\" content=\"Ber\u00e4knad l\u00e4stid\" \/>\n\t<meta name=\"twitter:data2\" content=\"1 minut\" \/>\n<script type=\"application\/ld+json\" class=\"yoast-schema-graph\">{\"@context\":\"https:\\\/\\\/schema.org\",\"@graph\":[{\"@type\":\"Article\",\"@id\":\"https:\\\/\\\/www.freiholtz.se\\\/forvetet\\\/2007\\\/05\\\/31\\\/i-en-nara-framtid\\\/#article\",\"isPartOf\":{\"@id\":\"https:\\\/\\\/www.freiholtz.se\\\/forvetet\\\/2007\\\/05\\\/31\\\/i-en-nara-framtid\\\/\"},\"author\":{\"name\":\"Thorvald\",\"@id\":\"https:\\\/\\\/www.freiholtz.se\\\/forvetet\\\/#\\\/schema\\\/person\\\/06a25f58d70b8c24ee4eb6208c7c6291\"},\"headline\":\"I en n\u00e4ra framtid\",\"datePublished\":\"2007-05-31T21:17:08+00:00\",\"mainEntityOfPage\":{\"@id\":\"https:\\\/\\\/www.freiholtz.se\\\/forvetet\\\/2007\\\/05\\\/31\\\/i-en-nara-framtid\\\/\"},\"wordCount\":268,\"keywords\":[\"effektivisering\",\"polis\"],\"articleSection\":[\"Politik\",\"Samh\u00e4lle\"],\"inLanguage\":\"sv-SE\"},{\"@type\":\"WebPage\",\"@id\":\"https:\\\/\\\/www.freiholtz.se\\\/forvetet\\\/2007\\\/05\\\/31\\\/i-en-nara-framtid\\\/\",\"url\":\"https:\\\/\\\/www.freiholtz.se\\\/forvetet\\\/2007\\\/05\\\/31\\\/i-en-nara-framtid\\\/\",\"name\":\"I en n\u00e4ra framtid - F\u00f6rvetet\",\"isPartOf\":{\"@id\":\"https:\\\/\\\/www.freiholtz.se\\\/forvetet\\\/#website\"},\"datePublished\":\"2007-05-31T21:17:08+00:00\",\"author\":{\"@id\":\"https:\\\/\\\/www.freiholtz.se\\\/forvetet\\\/#\\\/schema\\\/person\\\/06a25f58d70b8c24ee4eb6208c7c6291\"},\"breadcrumb\":{\"@id\":\"https:\\\/\\\/www.freiholtz.se\\\/forvetet\\\/2007\\\/05\\\/31\\\/i-en-nara-framtid\\\/#breadcrumb\"},\"inLanguage\":\"sv-SE\",\"potentialAction\":[{\"@type\":\"ReadAction\",\"target\":[\"https:\\\/\\\/www.freiholtz.se\\\/forvetet\\\/2007\\\/05\\\/31\\\/i-en-nara-framtid\\\/\"]}]},{\"@type\":\"BreadcrumbList\",\"@id\":\"https:\\\/\\\/www.freiholtz.se\\\/forvetet\\\/2007\\\/05\\\/31\\\/i-en-nara-framtid\\\/#breadcrumb\",\"itemListElement\":[{\"@type\":\"ListItem\",\"position\":1,\"name\":\"Hem\",\"item\":\"https:\\\/\\\/www.freiholtz.se\\\/forvetet\\\/\"},{\"@type\":\"ListItem\",\"position\":2,\"name\":\"I en n\u00e4ra framtid\"}]},{\"@type\":\"WebSite\",\"@id\":\"https:\\\/\\\/www.freiholtz.se\\\/forvetet\\\/#website\",\"url\":\"https:\\\/\\\/www.freiholtz.se\\\/forvetet\\\/\",\"name\":\"F\u00f6rvetet\",\"description\":\"en blogg fr\u00e5n freiholtz.se!\",\"potentialAction\":[{\"@type\":\"SearchAction\",\"target\":{\"@type\":\"EntryPoint\",\"urlTemplate\":\"https:\\\/\\\/www.freiholtz.se\\\/forvetet\\\/?s={search_term_string}\"},\"query-input\":{\"@type\":\"PropertyValueSpecification\",\"valueRequired\":true,\"valueName\":\"search_term_string\"}}],\"inLanguage\":\"sv-SE\"},{\"@type\":\"Person\",\"@id\":\"https:\\\/\\\/www.freiholtz.se\\\/forvetet\\\/#\\\/schema\\\/person\\\/06a25f58d70b8c24ee4eb6208c7c6291\",\"name\":\"Thorvald\",\"image\":{\"@type\":\"ImageObject\",\"inLanguage\":\"sv-SE\",\"@id\":\"https:\\\/\\\/secure.gravatar.com\\\/avatar\\\/8328a4c14b3a439f4c0cf3cf4af03cee061e00c35ed80000610d03c204796578?s=96&d=mm&r=g\",\"url\":\"https:\\\/\\\/secure.gravatar.com\\\/avatar\\\/8328a4c14b3a439f4c0cf3cf4af03cee061e00c35ed80000610d03c204796578?s=96&d=mm&r=g\",\"contentUrl\":\"https:\\\/\\\/secure.gravatar.com\\\/avatar\\\/8328a4c14b3a439f4c0cf3cf4af03cee061e00c35ed80000610d03c204796578?s=96&d=mm&r=g\",\"caption\":\"Thorvald\"},\"url\":\"https:\\\/\\\/www.freiholtz.se\\\/forvetet\\\/author\\\/admin\\\/\"}]}<\/script>\n<!-- \/ Yoast SEO plugin. -->","yoast_head_json":{"title":"I en n\u00e4ra framtid - F\u00f6rvetet","robots":{"index":"index","follow":"follow","max-snippet":"max-snippet:-1","max-image-preview":"max-image-preview:large","max-video-preview":"max-video-preview:-1"},"canonical":"https:\/\/www.freiholtz.se\/forvetet\/2007\/05\/31\/i-en-nara-framtid\/","og_locale":"sv_SE","og_type":"article","og_title":"I en n\u00e4ra framtid - F\u00f6rvetet","og_description":"Hej och v\u00e4lkommen till Polisen! F\u00f6r att f\u00f6rb\u00e4ttra servicen till medborgarna sammanf\u00f6rdes Polisens regionala larmcentraler fr\u00e5n och med \u00e5rsskiftet till Rikslarmcentralen. F\u00f6r att att ytterligare f\u00f6rb\u00e4ttra v\u00e5r service inf\u00f6rdes fr\u00e5n samma tidpunkt ett menyvalssystem. G\u00e4ller ditt samtal anm\u00e4lan om kvinnofridsbrott eller misst\u00e4nkt kvinnofridsbrott tryck ett, f\u00f6ljt av fyrkant. G\u00e4ller samtalet anm\u00e4lan om hatbrott eller misst\u00e4nkt...","og_url":"https:\/\/www.freiholtz.se\/forvetet\/2007\/05\/31\/i-en-nara-framtid\/","og_site_name":"F\u00f6rvetet","article_published_time":"2007-05-31T21:17:08+00:00","author":"Thorvald","twitter_card":"summary_large_image","twitter_misc":{"Skriven av":"Thorvald","Ber\u00e4knad l\u00e4stid":"1 minut"},"schema":{"@context":"https:\/\/schema.org","@graph":[{"@type":"Article","@id":"https:\/\/www.freiholtz.se\/forvetet\/2007\/05\/31\/i-en-nara-framtid\/#article","isPartOf":{"@id":"https:\/\/www.freiholtz.se\/forvetet\/2007\/05\/31\/i-en-nara-framtid\/"},"author":{"name":"Thorvald","@id":"https:\/\/www.freiholtz.se\/forvetet\/#\/schema\/person\/06a25f58d70b8c24ee4eb6208c7c6291"},"headline":"I en n\u00e4ra framtid","datePublished":"2007-05-31T21:17:08+00:00","mainEntityOfPage":{"@id":"https:\/\/www.freiholtz.se\/forvetet\/2007\/05\/31\/i-en-nara-framtid\/"},"wordCount":268,"keywords":["effektivisering","polis"],"articleSection":["Politik","Samh\u00e4lle"],"inLanguage":"sv-SE"},{"@type":"WebPage","@id":"https:\/\/www.freiholtz.se\/forvetet\/2007\/05\/31\/i-en-nara-framtid\/","url":"https:\/\/www.freiholtz.se\/forvetet\/2007\/05\/31\/i-en-nara-framtid\/","name":"I en n\u00e4ra framtid - F\u00f6rvetet","isPartOf":{"@id":"https:\/\/www.freiholtz.se\/forvetet\/#website"},"datePublished":"2007-05-31T21:17:08+00:00","author":{"@id":"https:\/\/www.freiholtz.se\/forvetet\/#\/schema\/person\/06a25f58d70b8c24ee4eb6208c7c6291"},"breadcrumb":{"@id":"https:\/\/www.freiholtz.se\/forvetet\/2007\/05\/31\/i-en-nara-framtid\/#breadcrumb"},"inLanguage":"sv-SE","potentialAction":[{"@type":"ReadAction","target":["https:\/\/www.freiholtz.se\/forvetet\/2007\/05\/31\/i-en-nara-framtid\/"]}]},{"@type":"BreadcrumbList","@id":"https:\/\/www.freiholtz.se\/forvetet\/2007\/05\/31\/i-en-nara-framtid\/#breadcrumb","itemListElement":[{"@type":"ListItem","position":1,"name":"Hem","item":"https:\/\/www.freiholtz.se\/forvetet\/"},{"@type":"ListItem","position":2,"name":"I en n\u00e4ra framtid"}]},{"@type":"WebSite","@id":"https:\/\/www.freiholtz.se\/forvetet\/#website","url":"https:\/\/www.freiholtz.se\/forvetet\/","name":"F\u00f6rvetet","description":"en blogg fr\u00e5n freiholtz.se!","potentialAction":[{"@type":"SearchAction","target":{"@type":"EntryPoint","urlTemplate":"https:\/\/www.freiholtz.se\/forvetet\/?s={search_term_string}"},"query-input":{"@type":"PropertyValueSpecification","valueRequired":true,"valueName":"search_term_string"}}],"inLanguage":"sv-SE"},{"@type":"Person","@id":"https:\/\/www.freiholtz.se\/forvetet\/#\/schema\/person\/06a25f58d70b8c24ee4eb6208c7c6291","name":"Thorvald","image":{"@type":"ImageObject","inLanguage":"sv-SE","@id":"https:\/\/secure.gravatar.com\/avatar\/8328a4c14b3a439f4c0cf3cf4af03cee061e00c35ed80000610d03c204796578?s=96&d=mm&r=g","url":"https:\/\/secure.gravatar.com\/avatar\/8328a4c14b3a439f4c0cf3cf4af03cee061e00c35ed80000610d03c204796578?s=96&d=mm&r=g","contentUrl":"https:\/\/secure.gravatar.com\/avatar\/8328a4c14b3a439f4c0cf3cf4af03cee061e00c35ed80000610d03c204796578?s=96&d=mm&r=g","caption":"Thorvald"},"url":"https:\/\/www.freiholtz.se\/forvetet\/author\/admin\/"}]}},"_links":{"self":[{"href":"https:\/\/www.freiholtz.se\/forvetet\/wp-json\/wp\/v2\/posts\/906","targetHints":{"allow":["GET"]}}],"collection":[{"href":"https:\/\/www.freiholtz.se\/forvetet\/wp-json\/wp\/v2\/posts"}],"about":[{"href":"https:\/\/www.freiholtz.se\/forvetet\/wp-json\/wp\/v2\/types\/post"}],"author":[{"embeddable":true,"href":"https:\/\/www.freiholtz.se\/forvetet\/wp-json\/wp\/v2\/users\/2"}],"replies":[{"embeddable":true,"href":"https:\/\/www.freiholtz.se\/forvetet\/wp-json\/wp\/v2\/comments?post=906"}],"version-history":[{"count":0,"href":"https:\/\/www.freiholtz.se\/forvetet\/wp-json\/wp\/v2\/posts\/906\/revisions"}],"wp:attachment":[{"href":"https:\/\/www.freiholtz.se\/forvetet\/wp-json\/wp\/v2\/media?parent=906"}],"wp:term":[{"taxonomy":"category","embeddable":true,"href":"https:\/\/www.freiholtz.se\/forvetet\/wp-json\/wp\/v2\/categories?post=906"},{"taxonomy":"post_tag","embeddable":true,"href":"https:\/\/www.freiholtz.se\/forvetet\/wp-json\/wp\/v2\/tags?post=906"}],"curies":[{"name":"wp","href":"https:\/\/api.w.org\/{rel}","templated":true}]}}