{"id":904,"date":"2006-08-18T18:52:56","date_gmt":"2006-08-18T17:52:56","guid":{"rendered":"http:\/\/www.freiholtz.se\/forvetet\/?p=904"},"modified":"2006-08-18T18:52:56","modified_gmt":"2006-08-18T17:52:56","slug":"kvaljande","status":"publish","type":"post","link":"https:\/\/www.freiholtz.se\/forvetet\/2006\/08\/18\/kvaljande\/","title":{"rendered":"Kv\u00e4ljande"},"content":{"rendered":"<p>V\u00e5r s.k. migrationsminister Barbro Holmberg och socialtj\u00e4nstminister Morgan Johansson <a href=\"http:\/\/www.sr.se\/Ekot\/artikel.asp?artikel=918847\">menar samst\u00e4mmigt<\/a> att migrationspolitik (l\u00e4s flyktingpolitik) inte kan g\u00f6ra m\u00e4nniskor sjuka.<\/p>\n<p>Jag h\u00e5ller inte med. Det \u00e4r v\u00e4l inte konstigt om flyktingspolitikens offer blir sjuka av den. Sj\u00e4lv blir jag illam\u00e5ende bara av att t\u00e4nka p\u00e5 den.<\/p>\n","protected":false},"excerpt":{"rendered":"<p>V\u00e5r s.k. migrationsminister Barbro Holmberg och socialtj\u00e4nstminister Morgan Johansson menar samst\u00e4mmigt att migrationspolitik (l\u00e4s flyktingpolitik) inte kan g\u00f6ra m\u00e4nniskor sjuka. Jag h\u00e5ller inte med. Det \u00e4r v\u00e4l inte konstigt om flyktingspolitikens offer blir sjuka av den. Sj\u00e4lv blir jag illam\u00e5ende bara av att t\u00e4nka p\u00e5 den.<\/p>\n","protected":false},"author":2,"featured_media":0,"comment_status":"closed","ping_status":"closed","sticky":false,"template":"","format":"standard","meta":{"_monsterinsights_skip_tracking":false,"_monsterinsights_sitenote_active":false,"_monsterinsights_sitenote_note":"","_monsterinsights_sitenote_category":0,"footnotes":""},"categories":[7,8],"tags":[54,93],"class_list":["post-904","post","type-post","status-publish","format-standard","hentry","category-politik","category-samhalle","tag-flyktingpolitik","tag-kortfattat"],"yoast_head":"<!-- This site is optimized with the Yoast SEO plugin v27.5 - https:\/\/yoast.com\/product\/yoast-seo-wordpress\/ -->\n<title>Kv\u00e4ljande - F\u00f6rvetet<\/title>\n<meta name=\"robots\" content=\"index, follow, max-snippet:-1, max-image-preview:large, max-video-preview:-1\" \/>\n<link rel=\"canonical\" href=\"https:\/\/www.freiholtz.se\/forvetet\/2006\/08\/18\/kvaljande\/\" \/>\n<meta property=\"og:locale\" content=\"sv_SE\" \/>\n<meta property=\"og:type\" content=\"article\" \/>\n<meta property=\"og:title\" content=\"Kv\u00e4ljande - F\u00f6rvetet\" \/>\n<meta property=\"og:description\" content=\"V\u00e5r s.k. migrationsminister Barbro Holmberg och socialtj\u00e4nstminister Morgan Johansson menar samst\u00e4mmigt att migrationspolitik (l\u00e4s flyktingpolitik) inte kan g\u00f6ra m\u00e4nniskor sjuka. Jag h\u00e5ller inte med. Det \u00e4r v\u00e4l inte konstigt om flyktingspolitikens offer blir sjuka av den. Sj\u00e4lv blir jag illam\u00e5ende bara av att t\u00e4nka p\u00e5 den.\" \/>\n<meta property=\"og:url\" content=\"https:\/\/www.freiholtz.se\/forvetet\/2006\/08\/18\/kvaljande\/\" \/>\n<meta property=\"og:site_name\" content=\"F\u00f6rvetet\" \/>\n<meta property=\"article:published_time\" content=\"2006-08-18T17:52:56+00:00\" \/>\n<meta name=\"author\" content=\"Thorvald\" \/>\n<meta name=\"twitter:card\" content=\"summary_large_image\" \/>\n<meta name=\"twitter:label1\" content=\"Skriven av\" \/>\n\t<meta name=\"twitter:data1\" content=\"Thorvald\" \/>\n<script type=\"application\/ld+json\" class=\"yoast-schema-graph\">{\"@context\":\"https:\\\/\\\/schema.org\",\"@graph\":[{\"@type\":\"Article\",\"@id\":\"https:\\\/\\\/www.freiholtz.se\\\/forvetet\\\/2006\\\/08\\\/18\\\/kvaljande\\\/#article\",\"isPartOf\":{\"@id\":\"https:\\\/\\\/www.freiholtz.se\\\/forvetet\\\/2006\\\/08\\\/18\\\/kvaljande\\\/\"},\"author\":{\"name\":\"Thorvald\",\"@id\":\"https:\\\/\\\/www.freiholtz.se\\\/forvetet\\\/#\\\/schema\\\/person\\\/06a25f58d70b8c24ee4eb6208c7c6291\"},\"headline\":\"Kv\u00e4ljande\",\"datePublished\":\"2006-08-18T17:52:56+00:00\",\"mainEntityOfPage\":{\"@id\":\"https:\\\/\\\/www.freiholtz.se\\\/forvetet\\\/2006\\\/08\\\/18\\\/kvaljande\\\/\"},\"wordCount\":60,\"keywords\":[\"flyktingpolitik\",\"kortfattat\"],\"articleSection\":[\"Politik\",\"Samh\u00e4lle\"],\"inLanguage\":\"sv-SE\"},{\"@type\":\"WebPage\",\"@id\":\"https:\\\/\\\/www.freiholtz.se\\\/forvetet\\\/2006\\\/08\\\/18\\\/kvaljande\\\/\",\"url\":\"https:\\\/\\\/www.freiholtz.se\\\/forvetet\\\/2006\\\/08\\\/18\\\/kvaljande\\\/\",\"name\":\"Kv\u00e4ljande - F\u00f6rvetet\",\"isPartOf\":{\"@id\":\"https:\\\/\\\/www.freiholtz.se\\\/forvetet\\\/#website\"},\"datePublished\":\"2006-08-18T17:52:56+00:00\",\"author\":{\"@id\":\"https:\\\/\\\/www.freiholtz.se\\\/forvetet\\\/#\\\/schema\\\/person\\\/06a25f58d70b8c24ee4eb6208c7c6291\"},\"breadcrumb\":{\"@id\":\"https:\\\/\\\/www.freiholtz.se\\\/forvetet\\\/2006\\\/08\\\/18\\\/kvaljande\\\/#breadcrumb\"},\"inLanguage\":\"sv-SE\",\"potentialAction\":[{\"@type\":\"ReadAction\",\"target\":[\"https:\\\/\\\/www.freiholtz.se\\\/forvetet\\\/2006\\\/08\\\/18\\\/kvaljande\\\/\"]}]},{\"@type\":\"BreadcrumbList\",\"@id\":\"https:\\\/\\\/www.freiholtz.se\\\/forvetet\\\/2006\\\/08\\\/18\\\/kvaljande\\\/#breadcrumb\",\"itemListElement\":[{\"@type\":\"ListItem\",\"position\":1,\"name\":\"Hem\",\"item\":\"https:\\\/\\\/www.freiholtz.se\\\/forvetet\\\/\"},{\"@type\":\"ListItem\",\"position\":2,\"name\":\"Kv\u00e4ljande\"}]},{\"@type\":\"WebSite\",\"@id\":\"https:\\\/\\\/www.freiholtz.se\\\/forvetet\\\/#website\",\"url\":\"https:\\\/\\\/www.freiholtz.se\\\/forvetet\\\/\",\"name\":\"F\u00f6rvetet\",\"description\":\"en blogg fr\u00e5n freiholtz.se!\",\"potentialAction\":[{\"@type\":\"SearchAction\",\"target\":{\"@type\":\"EntryPoint\",\"urlTemplate\":\"https:\\\/\\\/www.freiholtz.se\\\/forvetet\\\/?s={search_term_string}\"},\"query-input\":{\"@type\":\"PropertyValueSpecification\",\"valueRequired\":true,\"valueName\":\"search_term_string\"}}],\"inLanguage\":\"sv-SE\"},{\"@type\":\"Person\",\"@id\":\"https:\\\/\\\/www.freiholtz.se\\\/forvetet\\\/#\\\/schema\\\/person\\\/06a25f58d70b8c24ee4eb6208c7c6291\",\"name\":\"Thorvald\",\"image\":{\"@type\":\"ImageObject\",\"inLanguage\":\"sv-SE\",\"@id\":\"https:\\\/\\\/secure.gravatar.com\\\/avatar\\\/8328a4c14b3a439f4c0cf3cf4af03cee061e00c35ed80000610d03c204796578?s=96&d=mm&r=g\",\"url\":\"https:\\\/\\\/secure.gravatar.com\\\/avatar\\\/8328a4c14b3a439f4c0cf3cf4af03cee061e00c35ed80000610d03c204796578?s=96&d=mm&r=g\",\"contentUrl\":\"https:\\\/\\\/secure.gravatar.com\\\/avatar\\\/8328a4c14b3a439f4c0cf3cf4af03cee061e00c35ed80000610d03c204796578?s=96&d=mm&r=g\",\"caption\":\"Thorvald\"},\"url\":\"https:\\\/\\\/www.freiholtz.se\\\/forvetet\\\/author\\\/admin\\\/\"}]}<\/script>\n<!-- \/ Yoast SEO plugin. -->","yoast_head_json":{"title":"Kv\u00e4ljande - F\u00f6rvetet","robots":{"index":"index","follow":"follow","max-snippet":"max-snippet:-1","max-image-preview":"max-image-preview:large","max-video-preview":"max-video-preview:-1"},"canonical":"https:\/\/www.freiholtz.se\/forvetet\/2006\/08\/18\/kvaljande\/","og_locale":"sv_SE","og_type":"article","og_title":"Kv\u00e4ljande - F\u00f6rvetet","og_description":"V\u00e5r s.k. migrationsminister Barbro Holmberg och socialtj\u00e4nstminister Morgan Johansson menar samst\u00e4mmigt att migrationspolitik (l\u00e4s flyktingpolitik) inte kan g\u00f6ra m\u00e4nniskor sjuka. Jag h\u00e5ller inte med. Det \u00e4r v\u00e4l inte konstigt om flyktingspolitikens offer blir sjuka av den. Sj\u00e4lv blir jag illam\u00e5ende bara av att t\u00e4nka p\u00e5 den.","og_url":"https:\/\/www.freiholtz.se\/forvetet\/2006\/08\/18\/kvaljande\/","og_site_name":"F\u00f6rvetet","article_published_time":"2006-08-18T17:52:56+00:00","author":"Thorvald","twitter_card":"summary_large_image","twitter_misc":{"Skriven av":"Thorvald"},"schema":{"@context":"https:\/\/schema.org","@graph":[{"@type":"Article","@id":"https:\/\/www.freiholtz.se\/forvetet\/2006\/08\/18\/kvaljande\/#article","isPartOf":{"@id":"https:\/\/www.freiholtz.se\/forvetet\/2006\/08\/18\/kvaljande\/"},"author":{"name":"Thorvald","@id":"https:\/\/www.freiholtz.se\/forvetet\/#\/schema\/person\/06a25f58d70b8c24ee4eb6208c7c6291"},"headline":"Kv\u00e4ljande","datePublished":"2006-08-18T17:52:56+00:00","mainEntityOfPage":{"@id":"https:\/\/www.freiholtz.se\/forvetet\/2006\/08\/18\/kvaljande\/"},"wordCount":60,"keywords":["flyktingpolitik","kortfattat"],"articleSection":["Politik","Samh\u00e4lle"],"inLanguage":"sv-SE"},{"@type":"WebPage","@id":"https:\/\/www.freiholtz.se\/forvetet\/2006\/08\/18\/kvaljande\/","url":"https:\/\/www.freiholtz.se\/forvetet\/2006\/08\/18\/kvaljande\/","name":"Kv\u00e4ljande - F\u00f6rvetet","isPartOf":{"@id":"https:\/\/www.freiholtz.se\/forvetet\/#website"},"datePublished":"2006-08-18T17:52:56+00:00","author":{"@id":"https:\/\/www.freiholtz.se\/forvetet\/#\/schema\/person\/06a25f58d70b8c24ee4eb6208c7c6291"},"breadcrumb":{"@id":"https:\/\/www.freiholtz.se\/forvetet\/2006\/08\/18\/kvaljande\/#breadcrumb"},"inLanguage":"sv-SE","potentialAction":[{"@type":"ReadAction","target":["https:\/\/www.freiholtz.se\/forvetet\/2006\/08\/18\/kvaljande\/"]}]},{"@type":"BreadcrumbList","@id":"https:\/\/www.freiholtz.se\/forvetet\/2006\/08\/18\/kvaljande\/#breadcrumb","itemListElement":[{"@type":"ListItem","position":1,"name":"Hem","item":"https:\/\/www.freiholtz.se\/forvetet\/"},{"@type":"ListItem","position":2,"name":"Kv\u00e4ljande"}]},{"@type":"WebSite","@id":"https:\/\/www.freiholtz.se\/forvetet\/#website","url":"https:\/\/www.freiholtz.se\/forvetet\/","name":"F\u00f6rvetet","description":"en blogg fr\u00e5n freiholtz.se!","potentialAction":[{"@type":"SearchAction","target":{"@type":"EntryPoint","urlTemplate":"https:\/\/www.freiholtz.se\/forvetet\/?s={search_term_string}"},"query-input":{"@type":"PropertyValueSpecification","valueRequired":true,"valueName":"search_term_string"}}],"inLanguage":"sv-SE"},{"@type":"Person","@id":"https:\/\/www.freiholtz.se\/forvetet\/#\/schema\/person\/06a25f58d70b8c24ee4eb6208c7c6291","name":"Thorvald","image":{"@type":"ImageObject","inLanguage":"sv-SE","@id":"https:\/\/secure.gravatar.com\/avatar\/8328a4c14b3a439f4c0cf3cf4af03cee061e00c35ed80000610d03c204796578?s=96&d=mm&r=g","url":"https:\/\/secure.gravatar.com\/avatar\/8328a4c14b3a439f4c0cf3cf4af03cee061e00c35ed80000610d03c204796578?s=96&d=mm&r=g","contentUrl":"https:\/\/secure.gravatar.com\/avatar\/8328a4c14b3a439f4c0cf3cf4af03cee061e00c35ed80000610d03c204796578?s=96&d=mm&r=g","caption":"Thorvald"},"url":"https:\/\/www.freiholtz.se\/forvetet\/author\/admin\/"}]}},"_links":{"self":[{"href":"https:\/\/www.freiholtz.se\/forvetet\/wp-json\/wp\/v2\/posts\/904","targetHints":{"allow":["GET"]}}],"collection":[{"href":"https:\/\/www.freiholtz.se\/forvetet\/wp-json\/wp\/v2\/posts"}],"about":[{"href":"https:\/\/www.freiholtz.se\/forvetet\/wp-json\/wp\/v2\/types\/post"}],"author":[{"embeddable":true,"href":"https:\/\/www.freiholtz.se\/forvetet\/wp-json\/wp\/v2\/users\/2"}],"replies":[{"embeddable":true,"href":"https:\/\/www.freiholtz.se\/forvetet\/wp-json\/wp\/v2\/comments?post=904"}],"version-history":[{"count":0,"href":"https:\/\/www.freiholtz.se\/forvetet\/wp-json\/wp\/v2\/posts\/904\/revisions"}],"wp:attachment":[{"href":"https:\/\/www.freiholtz.se\/forvetet\/wp-json\/wp\/v2\/media?parent=904"}],"wp:term":[{"taxonomy":"category","embeddable":true,"href":"https:\/\/www.freiholtz.se\/forvetet\/wp-json\/wp\/v2\/categories?post=904"},{"taxonomy":"post_tag","embeddable":true,"href":"https:\/\/www.freiholtz.se\/forvetet\/wp-json\/wp\/v2\/tags?post=904"}],"curies":[{"name":"wp","href":"https:\/\/api.w.org\/{rel}","templated":true}]}}