{"id":871,"date":"2005-05-15T22:33:00","date_gmt":"2005-05-15T20:33:00","guid":{"rendered":"http:\/\/www.freiholtz.se\/forvetet\/?p=871"},"modified":"2005-05-15T22:33:00","modified_gmt":"2005-05-15T20:33:00","slug":"inte-s%ef%bf%bd-konstigt","status":"publish","type":"post","link":"https:\/\/www.freiholtz.se\/forvetet\/2005\/05\/15\/inte-s%ef%bf%bd-konstigt\/","title":{"rendered":"Inte s\u00e5 konstigt"},"content":{"rendered":"<p><!--111619027104263990-->Efter VM-semifinalen mellan Sverige och Tjeckien ig\u00e5r slog jag \u00f6ver till SVT:s temakv\u00e4ll <a class=\"text\" href=\"http:\/\/svt.se\/svt\/jsp\/Crosslink.jsp?d=35893&amp;a=386131\">Medierna och r\u00e4ttvisan<\/a>. Jag hamnade i debatten som f\u00f6ljde p\u00e5 dramadokument\u00e4ren <a class=\"text\" href=\"http:\/\/svt.se\/svt\/jsp\/Crosslink.jsp?d=35893&amp;a=386344\">Styckmordet<\/a>. <\/p>\n<p>\nMedia representerades av Lars Borgn\u00e4s och Jan Guillou, i var sin ringh\u00f6rna. B\u00e5da \u00e4r exempel p\u00e5 min l\u00e4nge n\u00e4rda misstanke att m\u00e5nga journalister f\u00f6rv\u00e4xlar tendenti\u00f6s och unders\u00f6kande journalistik. Borgn\u00e4s \u00e4r det genom sin praktiska g\u00e4rning med sina <a class=\"text\" href=\"http:\/\/svt.se\/svt\/jsp\/Crosslink.jsp?d=4883&amp;a=93181&amp;queryArt53141=lars+borgn%E4s&amp;searchDepartmentArt53141=null&amp;pageArt53141=0&amp;sd=10\">m\u00e4rkliga reportage<\/a>. Gulliou blev det ig\u00e5r genom att sga n\u00e5got i stil med att dokument\u00e4ren var ett exempel p\u00e5 unders\u00f6kande journalistik d\u00e4rf\u00f6r att det var &#8221;<em>f\u00f6rsta g\u00e5ngen n\u00e5gon i media st\u00e4llde sig p\u00e5 allm\u00e4nl\u00e4karens och obducentens sida<\/em>&#8221;. <\/p>\n<p>\nR\u00e4ttvisans representanter i debatten var Agneta Blidberg, \u00f6ver\u00e5klagare i Stockholm och Ulla Nilsson, domare i Malm\u00f6. De pekade p\u00e5 medias ansvar, till exempel i det aktuella fallet d\u00e4r media referar till det som ett styckmord, trots att inget mord \u00e4r bevisat. Om jag minns r\u00e4tt var de b\u00e5da ense om att media vanligtvis skildrar domar p\u00e5 ett mycket vinklat s\u00e4tt. <\/p>\n<p>\nUlla Nilson var till och med tveksam till om journalister l\u00e4ser domsk\u00e4len. P\u00e5 en direkt fr\u00e5ga fr\u00e5n programledaren Christoffer Barnekow svarade hon &#8211; &#8221;<em>Nej, d\u00e5 blir det f\u00f6r sv\u00e5rt<\/em>&#8221;. Hon har f\u00f6rmodligen r\u00e4tt och jag tror att jag vet varf\u00f6r: <\/p>\n<p>Domar \u00e4r ju inte skrivna f\u00f6r att strykas bakifr\u00e5n!<\/p>\n","protected":false},"excerpt":{"rendered":"<p>Efter VM-semifinalen mellan Sverige och Tjeckien ig\u00e5r slog jag \u00f6ver till SVT:s temakv\u00e4ll Medierna och r\u00e4ttvisan. Jag hamnade i debatten som f\u00f6ljde p\u00e5 dramadokument\u00e4ren Styckmordet. Media representerades av Lars Borgn\u00e4s och Jan Guillou, i var sin ringh\u00f6rna. B\u00e5da \u00e4r exempel p\u00e5 min l\u00e4nge n\u00e4rda misstanke att m\u00e5nga journalister f\u00f6rv\u00e4xlar tendenti\u00f6s och unders\u00f6kande journalistik. Borgn\u00e4s \u00e4r&#8230;<\/p>\n","protected":false},"author":1,"featured_media":0,"comment_status":"closed","ping_status":"closed","sticky":false,"template":"","format":"standard","meta":{"_monsterinsights_skip_tracking":false,"_monsterinsights_sitenote_active":false,"_monsterinsights_sitenote_note":"","_monsterinsights_sitenote_category":0,"footnotes":""},"categories":[8],"tags":[],"class_list":["post-871","post","type-post","status-publish","format-standard","hentry","category-samhalle"],"yoast_head":"<!-- This site is optimized with the Yoast SEO plugin v27.5 - https:\/\/yoast.com\/product\/yoast-seo-wordpress\/ -->\n<title>Inte s\u00e5 konstigt - F\u00f6rvetet<\/title>\n<meta name=\"robots\" content=\"index, follow, max-snippet:-1, max-image-preview:large, max-video-preview:-1\" \/>\n<link rel=\"canonical\" href=\"https:\/\/www.freiholtz.se\/forvetet\/2005\/05\/15\/inte-s\ufffd-konstigt\/\" \/>\n<meta property=\"og:locale\" content=\"sv_SE\" \/>\n<meta property=\"og:type\" content=\"article\" \/>\n<meta property=\"og:title\" content=\"Inte s\u00e5 konstigt - F\u00f6rvetet\" \/>\n<meta property=\"og:description\" content=\"Efter VM-semifinalen mellan Sverige och Tjeckien ig\u00e5r slog jag \u00f6ver till SVT:s temakv\u00e4ll Medierna och r\u00e4ttvisan. Jag hamnade i debatten som f\u00f6ljde p\u00e5 dramadokument\u00e4ren Styckmordet. Media representerades av Lars Borgn\u00e4s och Jan Guillou, i var sin ringh\u00f6rna. B\u00e5da \u00e4r exempel p\u00e5 min l\u00e4nge n\u00e4rda misstanke att m\u00e5nga journalister f\u00f6rv\u00e4xlar tendenti\u00f6s och unders\u00f6kande journalistik. Borgn\u00e4s \u00e4r...\" \/>\n<meta property=\"og:url\" content=\"https:\/\/www.freiholtz.se\/forvetet\/2005\/05\/15\/inte-s\ufffd-konstigt\/\" \/>\n<meta property=\"og:site_name\" content=\"F\u00f6rvetet\" \/>\n<meta property=\"article:published_time\" content=\"2005-05-15T20:33:00+00:00\" \/>\n<meta name=\"author\" content=\"Thorvald\" \/>\n<meta name=\"twitter:card\" content=\"summary_large_image\" \/>\n<meta name=\"twitter:label1\" content=\"Skriven av\" \/>\n\t<meta name=\"twitter:data1\" content=\"Thorvald\" \/>\n\t<meta name=\"twitter:label2\" content=\"Ber\u00e4knad l\u00e4stid\" \/>\n\t<meta name=\"twitter:data2\" content=\"1 minut\" \/>\n<script type=\"application\/ld+json\" class=\"yoast-schema-graph\">{\"@context\":\"https:\\\/\\\/schema.org\",\"@graph\":[{\"@type\":\"Article\",\"@id\":\"https:\\\/\\\/www.freiholtz.se\\\/forvetet\\\/2005\\\/05\\\/15\\\/inte-s%ef%bf%bd-konstigt\\\/#article\",\"isPartOf\":{\"@id\":\"https:\\\/\\\/www.freiholtz.se\\\/forvetet\\\/2005\\\/05\\\/15\\\/inte-s%ef%bf%bd-konstigt\\\/\"},\"author\":{\"name\":\"Thorvald\",\"@id\":\"https:\\\/\\\/www.freiholtz.se\\\/forvetet\\\/#\\\/schema\\\/person\\\/f8eba858e89d86da3e8f4131644d7c72\"},\"headline\":\"Inte s\u00e5 konstigt\",\"datePublished\":\"2005-05-15T20:33:00+00:00\",\"mainEntityOfPage\":{\"@id\":\"https:\\\/\\\/www.freiholtz.se\\\/forvetet\\\/2005\\\/05\\\/15\\\/inte-s%ef%bf%bd-konstigt\\\/\"},\"wordCount\":259,\"articleSection\":[\"Samh\u00e4lle\"],\"inLanguage\":\"sv-SE\"},{\"@type\":\"WebPage\",\"@id\":\"https:\\\/\\\/www.freiholtz.se\\\/forvetet\\\/2005\\\/05\\\/15\\\/inte-s%ef%bf%bd-konstigt\\\/\",\"url\":\"https:\\\/\\\/www.freiholtz.se\\\/forvetet\\\/2005\\\/05\\\/15\\\/inte-s%ef%bf%bd-konstigt\\\/\",\"name\":\"Inte s\u00e5 konstigt - F\u00f6rvetet\",\"isPartOf\":{\"@id\":\"https:\\\/\\\/www.freiholtz.se\\\/forvetet\\\/#website\"},\"datePublished\":\"2005-05-15T20:33:00+00:00\",\"author\":{\"@id\":\"https:\\\/\\\/www.freiholtz.se\\\/forvetet\\\/#\\\/schema\\\/person\\\/f8eba858e89d86da3e8f4131644d7c72\"},\"breadcrumb\":{\"@id\":\"https:\\\/\\\/www.freiholtz.se\\\/forvetet\\\/2005\\\/05\\\/15\\\/inte-s%ef%bf%bd-konstigt\\\/#breadcrumb\"},\"inLanguage\":\"sv-SE\",\"potentialAction\":[{\"@type\":\"ReadAction\",\"target\":[\"https:\\\/\\\/www.freiholtz.se\\\/forvetet\\\/2005\\\/05\\\/15\\\/inte-s%ef%bf%bd-konstigt\\\/\"]}]},{\"@type\":\"BreadcrumbList\",\"@id\":\"https:\\\/\\\/www.freiholtz.se\\\/forvetet\\\/2005\\\/05\\\/15\\\/inte-s%ef%bf%bd-konstigt\\\/#breadcrumb\",\"itemListElement\":[{\"@type\":\"ListItem\",\"position\":1,\"name\":\"Hem\",\"item\":\"https:\\\/\\\/www.freiholtz.se\\\/forvetet\\\/\"},{\"@type\":\"ListItem\",\"position\":2,\"name\":\"Inte s\u00e5 konstigt\"}]},{\"@type\":\"WebSite\",\"@id\":\"https:\\\/\\\/www.freiholtz.se\\\/forvetet\\\/#website\",\"url\":\"https:\\\/\\\/www.freiholtz.se\\\/forvetet\\\/\",\"name\":\"F\u00f6rvetet\",\"description\":\"en blogg fr\u00e5n freiholtz.se!\",\"potentialAction\":[{\"@type\":\"SearchAction\",\"target\":{\"@type\":\"EntryPoint\",\"urlTemplate\":\"https:\\\/\\\/www.freiholtz.se\\\/forvetet\\\/?s={search_term_string}\"},\"query-input\":{\"@type\":\"PropertyValueSpecification\",\"valueRequired\":true,\"valueName\":\"search_term_string\"}}],\"inLanguage\":\"sv-SE\"},{\"@type\":\"Person\",\"@id\":\"https:\\\/\\\/www.freiholtz.se\\\/forvetet\\\/#\\\/schema\\\/person\\\/f8eba858e89d86da3e8f4131644d7c72\",\"name\":\"Thorvald\",\"image\":{\"@type\":\"ImageObject\",\"inLanguage\":\"sv-SE\",\"@id\":\"https:\\\/\\\/secure.gravatar.com\\\/avatar\\\/8328a4c14b3a439f4c0cf3cf4af03cee061e00c35ed80000610d03c204796578?s=96&d=mm&r=g\",\"url\":\"https:\\\/\\\/secure.gravatar.com\\\/avatar\\\/8328a4c14b3a439f4c0cf3cf4af03cee061e00c35ed80000610d03c204796578?s=96&d=mm&r=g\",\"contentUrl\":\"https:\\\/\\\/secure.gravatar.com\\\/avatar\\\/8328a4c14b3a439f4c0cf3cf4af03cee061e00c35ed80000610d03c204796578?s=96&d=mm&r=g\",\"caption\":\"Thorvald\"},\"sameAs\":[\"https:\\\/\\\/www.freiholtz.se\"],\"url\":\"https:\\\/\\\/www.freiholtz.se\\\/forvetet\\\/author\\\/thorvald\\\/\"}]}<\/script>\n<!-- \/ Yoast SEO plugin. -->","yoast_head_json":{"title":"Inte s\u00e5 konstigt - F\u00f6rvetet","robots":{"index":"index","follow":"follow","max-snippet":"max-snippet:-1","max-image-preview":"max-image-preview:large","max-video-preview":"max-video-preview:-1"},"canonical":"https:\/\/www.freiholtz.se\/forvetet\/2005\/05\/15\/inte-s\ufffd-konstigt\/","og_locale":"sv_SE","og_type":"article","og_title":"Inte s\u00e5 konstigt - F\u00f6rvetet","og_description":"Efter VM-semifinalen mellan Sverige och Tjeckien ig\u00e5r slog jag \u00f6ver till SVT:s temakv\u00e4ll Medierna och r\u00e4ttvisan. Jag hamnade i debatten som f\u00f6ljde p\u00e5 dramadokument\u00e4ren Styckmordet. Media representerades av Lars Borgn\u00e4s och Jan Guillou, i var sin ringh\u00f6rna. B\u00e5da \u00e4r exempel p\u00e5 min l\u00e4nge n\u00e4rda misstanke att m\u00e5nga journalister f\u00f6rv\u00e4xlar tendenti\u00f6s och unders\u00f6kande journalistik. Borgn\u00e4s \u00e4r...","og_url":"https:\/\/www.freiholtz.se\/forvetet\/2005\/05\/15\/inte-s\ufffd-konstigt\/","og_site_name":"F\u00f6rvetet","article_published_time":"2005-05-15T20:33:00+00:00","author":"Thorvald","twitter_card":"summary_large_image","twitter_misc":{"Skriven av":"Thorvald","Ber\u00e4knad l\u00e4stid":"1 minut"},"schema":{"@context":"https:\/\/schema.org","@graph":[{"@type":"Article","@id":"https:\/\/www.freiholtz.se\/forvetet\/2005\/05\/15\/inte-s%ef%bf%bd-konstigt\/#article","isPartOf":{"@id":"https:\/\/www.freiholtz.se\/forvetet\/2005\/05\/15\/inte-s%ef%bf%bd-konstigt\/"},"author":{"name":"Thorvald","@id":"https:\/\/www.freiholtz.se\/forvetet\/#\/schema\/person\/f8eba858e89d86da3e8f4131644d7c72"},"headline":"Inte s\u00e5 konstigt","datePublished":"2005-05-15T20:33:00+00:00","mainEntityOfPage":{"@id":"https:\/\/www.freiholtz.se\/forvetet\/2005\/05\/15\/inte-s%ef%bf%bd-konstigt\/"},"wordCount":259,"articleSection":["Samh\u00e4lle"],"inLanguage":"sv-SE"},{"@type":"WebPage","@id":"https:\/\/www.freiholtz.se\/forvetet\/2005\/05\/15\/inte-s%ef%bf%bd-konstigt\/","url":"https:\/\/www.freiholtz.se\/forvetet\/2005\/05\/15\/inte-s%ef%bf%bd-konstigt\/","name":"Inte s\u00e5 konstigt - F\u00f6rvetet","isPartOf":{"@id":"https:\/\/www.freiholtz.se\/forvetet\/#website"},"datePublished":"2005-05-15T20:33:00+00:00","author":{"@id":"https:\/\/www.freiholtz.se\/forvetet\/#\/schema\/person\/f8eba858e89d86da3e8f4131644d7c72"},"breadcrumb":{"@id":"https:\/\/www.freiholtz.se\/forvetet\/2005\/05\/15\/inte-s%ef%bf%bd-konstigt\/#breadcrumb"},"inLanguage":"sv-SE","potentialAction":[{"@type":"ReadAction","target":["https:\/\/www.freiholtz.se\/forvetet\/2005\/05\/15\/inte-s%ef%bf%bd-konstigt\/"]}]},{"@type":"BreadcrumbList","@id":"https:\/\/www.freiholtz.se\/forvetet\/2005\/05\/15\/inte-s%ef%bf%bd-konstigt\/#breadcrumb","itemListElement":[{"@type":"ListItem","position":1,"name":"Hem","item":"https:\/\/www.freiholtz.se\/forvetet\/"},{"@type":"ListItem","position":2,"name":"Inte s\u00e5 konstigt"}]},{"@type":"WebSite","@id":"https:\/\/www.freiholtz.se\/forvetet\/#website","url":"https:\/\/www.freiholtz.se\/forvetet\/","name":"F\u00f6rvetet","description":"en blogg fr\u00e5n freiholtz.se!","potentialAction":[{"@type":"SearchAction","target":{"@type":"EntryPoint","urlTemplate":"https:\/\/www.freiholtz.se\/forvetet\/?s={search_term_string}"},"query-input":{"@type":"PropertyValueSpecification","valueRequired":true,"valueName":"search_term_string"}}],"inLanguage":"sv-SE"},{"@type":"Person","@id":"https:\/\/www.freiholtz.se\/forvetet\/#\/schema\/person\/f8eba858e89d86da3e8f4131644d7c72","name":"Thorvald","image":{"@type":"ImageObject","inLanguage":"sv-SE","@id":"https:\/\/secure.gravatar.com\/avatar\/8328a4c14b3a439f4c0cf3cf4af03cee061e00c35ed80000610d03c204796578?s=96&d=mm&r=g","url":"https:\/\/secure.gravatar.com\/avatar\/8328a4c14b3a439f4c0cf3cf4af03cee061e00c35ed80000610d03c204796578?s=96&d=mm&r=g","contentUrl":"https:\/\/secure.gravatar.com\/avatar\/8328a4c14b3a439f4c0cf3cf4af03cee061e00c35ed80000610d03c204796578?s=96&d=mm&r=g","caption":"Thorvald"},"sameAs":["https:\/\/www.freiholtz.se"],"url":"https:\/\/www.freiholtz.se\/forvetet\/author\/thorvald\/"}]}},"_links":{"self":[{"href":"https:\/\/www.freiholtz.se\/forvetet\/wp-json\/wp\/v2\/posts\/871","targetHints":{"allow":["GET"]}}],"collection":[{"href":"https:\/\/www.freiholtz.se\/forvetet\/wp-json\/wp\/v2\/posts"}],"about":[{"href":"https:\/\/www.freiholtz.se\/forvetet\/wp-json\/wp\/v2\/types\/post"}],"author":[{"embeddable":true,"href":"https:\/\/www.freiholtz.se\/forvetet\/wp-json\/wp\/v2\/users\/1"}],"replies":[{"embeddable":true,"href":"https:\/\/www.freiholtz.se\/forvetet\/wp-json\/wp\/v2\/comments?post=871"}],"version-history":[{"count":0,"href":"https:\/\/www.freiholtz.se\/forvetet\/wp-json\/wp\/v2\/posts\/871\/revisions"}],"wp:attachment":[{"href":"https:\/\/www.freiholtz.se\/forvetet\/wp-json\/wp\/v2\/media?parent=871"}],"wp:term":[{"taxonomy":"category","embeddable":true,"href":"https:\/\/www.freiholtz.se\/forvetet\/wp-json\/wp\/v2\/categories?post=871"},{"taxonomy":"post_tag","embeddable":true,"href":"https:\/\/www.freiholtz.se\/forvetet\/wp-json\/wp\/v2\/tags?post=871"}],"curies":[{"name":"wp","href":"https:\/\/api.w.org\/{rel}","templated":true}]}}