{"id":865,"date":"2005-04-11T21:20:00","date_gmt":"2005-04-11T19:20:00","guid":{"rendered":"http:\/\/www.freiholtz.se\/forvetet\/?p=865"},"modified":"2005-04-11T21:20:00","modified_gmt":"2005-04-11T19:20:00","slug":"s%ef%bf%bdtt-r%ef%bf%bdtt-l%ef%bf%bd","status":"publish","type":"post","link":"https:\/\/www.freiholtz.se\/forvetet\/2005\/04\/11\/s%ef%bf%bdtt-r%ef%bf%bdtt-l%ef%bf%bd\/","title":{"rendered":"(S)\u00e4tt r\u00e4tt l\u00f6n"},"content":{"rendered":"<p><!--111324727803028189-->I dagens <a class=\"text\" href=\"http:\/\/www.sr.se\/cgi-bin\/P1\/program\/index.asp?programID=1637&amp;nyheter=\">Studio Ett<\/a> debatterade SACO:s ordf\u00f6rande Anna Ekstr\u00f6m med Anne Ludvigsson, riksdagsledamot (s) det (o)l\u00e4mpliga i att Ludvigsson och \u00e5tta andra s-riksdagsm\u00e4n lagt sig i de kommunala avtalsf\u00f6rhandlingarna. De kr\u00e4vde i <a class=\"text\" href=\"http:\/\/www.dn.se\/DNet\/jsp\/polopoly.jsp?d=572&amp;a=399159&amp;previousRenderType=1\">en debattartikel i DN<\/a> den 5 april att arbetsgivarna ska g\u00e5 med p\u00e5 Kommunals krav p\u00e5 15 000 kronor i m\u00e5naden. <\/p>\n<p>\nF\u00f6rutom att hon avsl\u00f6jade sig som <a class=\"text\" href=\"http:\/\/www.sr.se\/cgi-bin\/webbradio\/CreateRam.asp?namn=rtsp:\/\/lyssna.sr.se\/p1\/nyhetsverktyg\/P1_0317511TR_2005-04-11_171619.rm\">en hejdl\u00f6s struntpratare<\/a> [real audio] kom Ludvigsson billigt undan i debatten. Ett tag trodde jag att programledaren var p\u00e5 v\u00e4g att st\u00e4lla den sj\u00e4lvklara fr\u00e5gan: <\/p>\n<p>\n<em>Anne Ludvigsson, du och dina kollegor vet att 15 000 \u00e4r r\u00e4tt l\u00e4gstal\u00f6n f\u00f6r undersk\u00f6terskor, barnsk\u00f6tare och skolm\u00e5ltidsbitr\u00e4den. Det g\u00f6r er till experter p\u00e5 l\u00f6nes\u00e4ttning. Vad \u00e4r, enligt din och dina kollegors uppfattning, r\u00e4tt l\u00e4gstal\u00f6n f\u00f6r t.ex socialsekreterare, bibliotekarier och arbetsterapeuter?<\/em><\/p>\n","protected":false},"excerpt":{"rendered":"<p>I dagens Studio Ett debatterade SACO:s ordf\u00f6rande Anna Ekstr\u00f6m med Anne Ludvigsson, riksdagsledamot (s) det (o)l\u00e4mpliga i att Ludvigsson och \u00e5tta andra s-riksdagsm\u00e4n lagt sig i de kommunala avtalsf\u00f6rhandlingarna. De kr\u00e4vde i en debattartikel i DN den 5 april att arbetsgivarna ska g\u00e5 med p\u00e5 Kommunals krav p\u00e5 15 000 kronor i m\u00e5naden. F\u00f6rutom att&#8230;<\/p>\n","protected":false},"author":1,"featured_media":0,"comment_status":"closed","ping_status":"closed","sticky":false,"template":"","format":"standard","meta":{"_monsterinsights_skip_tracking":false,"_monsterinsights_sitenote_active":false,"_monsterinsights_sitenote_note":"","_monsterinsights_sitenote_category":0,"footnotes":""},"categories":[7,8],"tags":[],"class_list":["post-865","post","type-post","status-publish","format-standard","hentry","category-politik","category-samhalle"],"yoast_head":"<!-- This site is optimized with the Yoast SEO plugin v27.5 - https:\/\/yoast.com\/product\/yoast-seo-wordpress\/ -->\n<title>(S)\u00e4tt r\u00e4tt l\u00f6n - F\u00f6rvetet<\/title>\n<meta name=\"robots\" content=\"index, follow, max-snippet:-1, max-image-preview:large, max-video-preview:-1\" \/>\n<link rel=\"canonical\" href=\"https:\/\/www.freiholtz.se\/forvetet\/2005\/04\/11\/s\ufffdtt-r\ufffdtt-l\ufffd\/\" \/>\n<meta property=\"og:locale\" content=\"sv_SE\" \/>\n<meta property=\"og:type\" content=\"article\" \/>\n<meta property=\"og:title\" content=\"(S)\u00e4tt r\u00e4tt l\u00f6n - F\u00f6rvetet\" \/>\n<meta property=\"og:description\" content=\"I dagens Studio Ett debatterade SACO:s ordf\u00f6rande Anna Ekstr\u00f6m med Anne Ludvigsson, riksdagsledamot (s) det (o)l\u00e4mpliga i att Ludvigsson och \u00e5tta andra s-riksdagsm\u00e4n lagt sig i de kommunala avtalsf\u00f6rhandlingarna. De kr\u00e4vde i en debattartikel i DN den 5 april att arbetsgivarna ska g\u00e5 med p\u00e5 Kommunals krav p\u00e5 15 000 kronor i m\u00e5naden. F\u00f6rutom att...\" \/>\n<meta property=\"og:url\" content=\"https:\/\/www.freiholtz.se\/forvetet\/2005\/04\/11\/s\ufffdtt-r\ufffdtt-l\ufffd\/\" \/>\n<meta property=\"og:site_name\" content=\"F\u00f6rvetet\" \/>\n<meta property=\"article:published_time\" content=\"2005-04-11T19:20:00+00:00\" \/>\n<meta name=\"author\" content=\"Thorvald\" \/>\n<meta name=\"twitter:card\" content=\"summary_large_image\" \/>\n<meta name=\"twitter:label1\" content=\"Skriven av\" \/>\n\t<meta name=\"twitter:data1\" content=\"Thorvald\" \/>\n\t<meta name=\"twitter:label2\" content=\"Ber\u00e4knad l\u00e4stid\" \/>\n\t<meta name=\"twitter:data2\" content=\"1 minut\" \/>\n<script type=\"application\/ld+json\" class=\"yoast-schema-graph\">{\"@context\":\"https:\\\/\\\/schema.org\",\"@graph\":[{\"@type\":\"Article\",\"@id\":\"https:\\\/\\\/www.freiholtz.se\\\/forvetet\\\/2005\\\/04\\\/11\\\/s%ef%bf%bdtt-r%ef%bf%bdtt-l%ef%bf%bd\\\/#article\",\"isPartOf\":{\"@id\":\"https:\\\/\\\/www.freiholtz.se\\\/forvetet\\\/2005\\\/04\\\/11\\\/s%ef%bf%bdtt-r%ef%bf%bdtt-l%ef%bf%bd\\\/\"},\"author\":{\"name\":\"Thorvald\",\"@id\":\"https:\\\/\\\/www.freiholtz.se\\\/forvetet\\\/#\\\/schema\\\/person\\\/f8eba858e89d86da3e8f4131644d7c72\"},\"headline\":\"(S)\u00e4tt r\u00e4tt l\u00f6n\",\"datePublished\":\"2005-04-11T19:20:00+00:00\",\"mainEntityOfPage\":{\"@id\":\"https:\\\/\\\/www.freiholtz.se\\\/forvetet\\\/2005\\\/04\\\/11\\\/s%ef%bf%bdtt-r%ef%bf%bdtt-l%ef%bf%bd\\\/\"},\"wordCount\":158,\"articleSection\":[\"Politik\",\"Samh\u00e4lle\"],\"inLanguage\":\"sv-SE\"},{\"@type\":\"WebPage\",\"@id\":\"https:\\\/\\\/www.freiholtz.se\\\/forvetet\\\/2005\\\/04\\\/11\\\/s%ef%bf%bdtt-r%ef%bf%bdtt-l%ef%bf%bd\\\/\",\"url\":\"https:\\\/\\\/www.freiholtz.se\\\/forvetet\\\/2005\\\/04\\\/11\\\/s%ef%bf%bdtt-r%ef%bf%bdtt-l%ef%bf%bd\\\/\",\"name\":\"(S)\u00e4tt r\u00e4tt l\u00f6n - F\u00f6rvetet\",\"isPartOf\":{\"@id\":\"https:\\\/\\\/www.freiholtz.se\\\/forvetet\\\/#website\"},\"datePublished\":\"2005-04-11T19:20:00+00:00\",\"author\":{\"@id\":\"https:\\\/\\\/www.freiholtz.se\\\/forvetet\\\/#\\\/schema\\\/person\\\/f8eba858e89d86da3e8f4131644d7c72\"},\"breadcrumb\":{\"@id\":\"https:\\\/\\\/www.freiholtz.se\\\/forvetet\\\/2005\\\/04\\\/11\\\/s%ef%bf%bdtt-r%ef%bf%bdtt-l%ef%bf%bd\\\/#breadcrumb\"},\"inLanguage\":\"sv-SE\",\"potentialAction\":[{\"@type\":\"ReadAction\",\"target\":[\"https:\\\/\\\/www.freiholtz.se\\\/forvetet\\\/2005\\\/04\\\/11\\\/s%ef%bf%bdtt-r%ef%bf%bdtt-l%ef%bf%bd\\\/\"]}]},{\"@type\":\"BreadcrumbList\",\"@id\":\"https:\\\/\\\/www.freiholtz.se\\\/forvetet\\\/2005\\\/04\\\/11\\\/s%ef%bf%bdtt-r%ef%bf%bdtt-l%ef%bf%bd\\\/#breadcrumb\",\"itemListElement\":[{\"@type\":\"ListItem\",\"position\":1,\"name\":\"Hem\",\"item\":\"https:\\\/\\\/www.freiholtz.se\\\/forvetet\\\/\"},{\"@type\":\"ListItem\",\"position\":2,\"name\":\"(S)\u00e4tt r\u00e4tt l\u00f6n\"}]},{\"@type\":\"WebSite\",\"@id\":\"https:\\\/\\\/www.freiholtz.se\\\/forvetet\\\/#website\",\"url\":\"https:\\\/\\\/www.freiholtz.se\\\/forvetet\\\/\",\"name\":\"F\u00f6rvetet\",\"description\":\"en blogg fr\u00e5n freiholtz.se!\",\"potentialAction\":[{\"@type\":\"SearchAction\",\"target\":{\"@type\":\"EntryPoint\",\"urlTemplate\":\"https:\\\/\\\/www.freiholtz.se\\\/forvetet\\\/?s={search_term_string}\"},\"query-input\":{\"@type\":\"PropertyValueSpecification\",\"valueRequired\":true,\"valueName\":\"search_term_string\"}}],\"inLanguage\":\"sv-SE\"},{\"@type\":\"Person\",\"@id\":\"https:\\\/\\\/www.freiholtz.se\\\/forvetet\\\/#\\\/schema\\\/person\\\/f8eba858e89d86da3e8f4131644d7c72\",\"name\":\"Thorvald\",\"image\":{\"@type\":\"ImageObject\",\"inLanguage\":\"sv-SE\",\"@id\":\"https:\\\/\\\/secure.gravatar.com\\\/avatar\\\/8328a4c14b3a439f4c0cf3cf4af03cee061e00c35ed80000610d03c204796578?s=96&d=mm&r=g\",\"url\":\"https:\\\/\\\/secure.gravatar.com\\\/avatar\\\/8328a4c14b3a439f4c0cf3cf4af03cee061e00c35ed80000610d03c204796578?s=96&d=mm&r=g\",\"contentUrl\":\"https:\\\/\\\/secure.gravatar.com\\\/avatar\\\/8328a4c14b3a439f4c0cf3cf4af03cee061e00c35ed80000610d03c204796578?s=96&d=mm&r=g\",\"caption\":\"Thorvald\"},\"sameAs\":[\"https:\\\/\\\/www.freiholtz.se\"],\"url\":\"https:\\\/\\\/www.freiholtz.se\\\/forvetet\\\/author\\\/thorvald\\\/\"}]}<\/script>\n<!-- \/ Yoast SEO plugin. -->","yoast_head_json":{"title":"(S)\u00e4tt r\u00e4tt l\u00f6n - F\u00f6rvetet","robots":{"index":"index","follow":"follow","max-snippet":"max-snippet:-1","max-image-preview":"max-image-preview:large","max-video-preview":"max-video-preview:-1"},"canonical":"https:\/\/www.freiholtz.se\/forvetet\/2005\/04\/11\/s\ufffdtt-r\ufffdtt-l\ufffd\/","og_locale":"sv_SE","og_type":"article","og_title":"(S)\u00e4tt r\u00e4tt l\u00f6n - F\u00f6rvetet","og_description":"I dagens Studio Ett debatterade SACO:s ordf\u00f6rande Anna Ekstr\u00f6m med Anne Ludvigsson, riksdagsledamot (s) det (o)l\u00e4mpliga i att Ludvigsson och \u00e5tta andra s-riksdagsm\u00e4n lagt sig i de kommunala avtalsf\u00f6rhandlingarna. De kr\u00e4vde i en debattartikel i DN den 5 april att arbetsgivarna ska g\u00e5 med p\u00e5 Kommunals krav p\u00e5 15 000 kronor i m\u00e5naden. F\u00f6rutom att...","og_url":"https:\/\/www.freiholtz.se\/forvetet\/2005\/04\/11\/s\ufffdtt-r\ufffdtt-l\ufffd\/","og_site_name":"F\u00f6rvetet","article_published_time":"2005-04-11T19:20:00+00:00","author":"Thorvald","twitter_card":"summary_large_image","twitter_misc":{"Skriven av":"Thorvald","Ber\u00e4knad l\u00e4stid":"1 minut"},"schema":{"@context":"https:\/\/schema.org","@graph":[{"@type":"Article","@id":"https:\/\/www.freiholtz.se\/forvetet\/2005\/04\/11\/s%ef%bf%bdtt-r%ef%bf%bdtt-l%ef%bf%bd\/#article","isPartOf":{"@id":"https:\/\/www.freiholtz.se\/forvetet\/2005\/04\/11\/s%ef%bf%bdtt-r%ef%bf%bdtt-l%ef%bf%bd\/"},"author":{"name":"Thorvald","@id":"https:\/\/www.freiholtz.se\/forvetet\/#\/schema\/person\/f8eba858e89d86da3e8f4131644d7c72"},"headline":"(S)\u00e4tt r\u00e4tt l\u00f6n","datePublished":"2005-04-11T19:20:00+00:00","mainEntityOfPage":{"@id":"https:\/\/www.freiholtz.se\/forvetet\/2005\/04\/11\/s%ef%bf%bdtt-r%ef%bf%bdtt-l%ef%bf%bd\/"},"wordCount":158,"articleSection":["Politik","Samh\u00e4lle"],"inLanguage":"sv-SE"},{"@type":"WebPage","@id":"https:\/\/www.freiholtz.se\/forvetet\/2005\/04\/11\/s%ef%bf%bdtt-r%ef%bf%bdtt-l%ef%bf%bd\/","url":"https:\/\/www.freiholtz.se\/forvetet\/2005\/04\/11\/s%ef%bf%bdtt-r%ef%bf%bdtt-l%ef%bf%bd\/","name":"(S)\u00e4tt r\u00e4tt l\u00f6n - F\u00f6rvetet","isPartOf":{"@id":"https:\/\/www.freiholtz.se\/forvetet\/#website"},"datePublished":"2005-04-11T19:20:00+00:00","author":{"@id":"https:\/\/www.freiholtz.se\/forvetet\/#\/schema\/person\/f8eba858e89d86da3e8f4131644d7c72"},"breadcrumb":{"@id":"https:\/\/www.freiholtz.se\/forvetet\/2005\/04\/11\/s%ef%bf%bdtt-r%ef%bf%bdtt-l%ef%bf%bd\/#breadcrumb"},"inLanguage":"sv-SE","potentialAction":[{"@type":"ReadAction","target":["https:\/\/www.freiholtz.se\/forvetet\/2005\/04\/11\/s%ef%bf%bdtt-r%ef%bf%bdtt-l%ef%bf%bd\/"]}]},{"@type":"BreadcrumbList","@id":"https:\/\/www.freiholtz.se\/forvetet\/2005\/04\/11\/s%ef%bf%bdtt-r%ef%bf%bdtt-l%ef%bf%bd\/#breadcrumb","itemListElement":[{"@type":"ListItem","position":1,"name":"Hem","item":"https:\/\/www.freiholtz.se\/forvetet\/"},{"@type":"ListItem","position":2,"name":"(S)\u00e4tt r\u00e4tt l\u00f6n"}]},{"@type":"WebSite","@id":"https:\/\/www.freiholtz.se\/forvetet\/#website","url":"https:\/\/www.freiholtz.se\/forvetet\/","name":"F\u00f6rvetet","description":"en blogg fr\u00e5n freiholtz.se!","potentialAction":[{"@type":"SearchAction","target":{"@type":"EntryPoint","urlTemplate":"https:\/\/www.freiholtz.se\/forvetet\/?s={search_term_string}"},"query-input":{"@type":"PropertyValueSpecification","valueRequired":true,"valueName":"search_term_string"}}],"inLanguage":"sv-SE"},{"@type":"Person","@id":"https:\/\/www.freiholtz.se\/forvetet\/#\/schema\/person\/f8eba858e89d86da3e8f4131644d7c72","name":"Thorvald","image":{"@type":"ImageObject","inLanguage":"sv-SE","@id":"https:\/\/secure.gravatar.com\/avatar\/8328a4c14b3a439f4c0cf3cf4af03cee061e00c35ed80000610d03c204796578?s=96&d=mm&r=g","url":"https:\/\/secure.gravatar.com\/avatar\/8328a4c14b3a439f4c0cf3cf4af03cee061e00c35ed80000610d03c204796578?s=96&d=mm&r=g","contentUrl":"https:\/\/secure.gravatar.com\/avatar\/8328a4c14b3a439f4c0cf3cf4af03cee061e00c35ed80000610d03c204796578?s=96&d=mm&r=g","caption":"Thorvald"},"sameAs":["https:\/\/www.freiholtz.se"],"url":"https:\/\/www.freiholtz.se\/forvetet\/author\/thorvald\/"}]}},"_links":{"self":[{"href":"https:\/\/www.freiholtz.se\/forvetet\/wp-json\/wp\/v2\/posts\/865","targetHints":{"allow":["GET"]}}],"collection":[{"href":"https:\/\/www.freiholtz.se\/forvetet\/wp-json\/wp\/v2\/posts"}],"about":[{"href":"https:\/\/www.freiholtz.se\/forvetet\/wp-json\/wp\/v2\/types\/post"}],"author":[{"embeddable":true,"href":"https:\/\/www.freiholtz.se\/forvetet\/wp-json\/wp\/v2\/users\/1"}],"replies":[{"embeddable":true,"href":"https:\/\/www.freiholtz.se\/forvetet\/wp-json\/wp\/v2\/comments?post=865"}],"version-history":[{"count":0,"href":"https:\/\/www.freiholtz.se\/forvetet\/wp-json\/wp\/v2\/posts\/865\/revisions"}],"wp:attachment":[{"href":"https:\/\/www.freiholtz.se\/forvetet\/wp-json\/wp\/v2\/media?parent=865"}],"wp:term":[{"taxonomy":"category","embeddable":true,"href":"https:\/\/www.freiholtz.se\/forvetet\/wp-json\/wp\/v2\/categories?post=865"},{"taxonomy":"post_tag","embeddable":true,"href":"https:\/\/www.freiholtz.se\/forvetet\/wp-json\/wp\/v2\/tags?post=865"}],"curies":[{"name":"wp","href":"https:\/\/api.w.org\/{rel}","templated":true}]}}