{"id":855,"date":"2005-02-06T21:08:32","date_gmt":"2005-02-06T20:08:32","guid":{"rendered":"http:\/\/www.freiholtz.se\/forvetet\/?p=855"},"modified":"2005-02-06T21:08:32","modified_gmt":"2005-02-06T20:08:32","slug":"rask-i-handling","status":"publish","type":"post","link":"https:\/\/www.freiholtz.se\/forvetet\/2005\/02\/06\/rask-i-handling\/","title":{"rendered":"Rask i handling"},"content":{"rendered":"<p><!--110772051273906436-->T\u00e4nk om Ola Rask varit en borgerlig riksdagsman som f\u00e5tt VD-l\u00f6n fr\u00e5n Svenskt N\u00e4ringsliv eller n\u00e5got branschf\u00f6rbund p\u00e5 arbetsgivarsidan. T\u00e4nk om hans fru och dotter varit anst\u00e4llda av samma f\u00f6rbund. T\u00e4nk om hans son hade f\u00e5tt en attraktiv l\u00e4genhet via f\u00f6rbundet. <\/p>\n<p>\nD\u00e5 hade debatten handlat om att han var k\u00f6pt av n\u00e4ringslivet. Att de frikostiga ers\u00e4ttningarna var ett s\u00e4tt att f\u00e5 honom att g\u00e5 i n\u00e4ringslivets ledband. Hans integritet som politiker hade ifr\u00e5gasatts. <\/p>\n<p>\nMen han \u00e4r <a class=\"text\" href=\"http:\/\/mallpaket.socialdemokraterna.se\/mallpaket\/sap\/de900090.nsf\">socialdemokrat<\/a> och bel\u00f6ningarna kommer fr\u00e5n fyra fackf\u00f6rbund. D\u00e4rf\u00f6r handlar medias rapportering om <a class=\"text\" href=\"http:\/\/www.aftonbladet.se\/vss\/nyheter\/story\/0,2789,597062,00.html\">rese-ers\u00e4ttningar<\/a> och om Rask har <a class=\"text\" href=\"http:\/\/www.sr.se\/ekot\/arkiv.asp?DagensDatum=2005-02-01&amp;Artikel=550714\">fackf\u00f6rbundens f\u00f6rtroende<\/a>! <\/p>\n<p>\nSj\u00e4lv undrar jag hur det hela har p\u00e5verkat hans agerande som riksdagsman. Har han skrivit n\u00e5gra motioner, har han agerat i den socialdemokratiska riksdagsgruppen i fr\u00e5gor som \u00e4r av specifikt intresse f\u00f6r byggfacken? <\/p>\n<p>\nVilka \u00e4r egentligen Rasks uppdragsgivare &#8211; v\u00e4ljarna eller eller hans arbetsgivare?<\/p>\n","protected":false},"excerpt":{"rendered":"<p>T\u00e4nk om Ola Rask varit en borgerlig riksdagsman som f\u00e5tt VD-l\u00f6n fr\u00e5n Svenskt N\u00e4ringsliv eller n\u00e5got branschf\u00f6rbund p\u00e5 arbetsgivarsidan. T\u00e4nk om hans fru och dotter varit anst\u00e4llda av samma f\u00f6rbund. T\u00e4nk om hans son hade f\u00e5tt en attraktiv l\u00e4genhet via f\u00f6rbundet. D\u00e5 hade debatten handlat om att han var k\u00f6pt av n\u00e4ringslivet. Att de frikostiga&#8230;<\/p>\n","protected":false},"author":1,"featured_media":0,"comment_status":"closed","ping_status":"closed","sticky":false,"template":"","format":"standard","meta":{"_monsterinsights_skip_tracking":false,"_monsterinsights_sitenote_active":false,"_monsterinsights_sitenote_note":"","_monsterinsights_sitenote_category":0,"footnotes":""},"categories":[7],"tags":[],"class_list":["post-855","post","type-post","status-publish","format-standard","hentry","category-politik"],"yoast_head":"<!-- This site is optimized with the Yoast SEO plugin v27.5 - https:\/\/yoast.com\/product\/yoast-seo-wordpress\/ -->\n<title>Rask i handling - F\u00f6rvetet<\/title>\n<meta name=\"robots\" content=\"index, follow, max-snippet:-1, max-image-preview:large, max-video-preview:-1\" \/>\n<link rel=\"canonical\" href=\"https:\/\/www.freiholtz.se\/forvetet\/2005\/02\/06\/rask-i-handling\/\" \/>\n<meta property=\"og:locale\" content=\"sv_SE\" \/>\n<meta property=\"og:type\" content=\"article\" \/>\n<meta property=\"og:title\" content=\"Rask i handling - F\u00f6rvetet\" \/>\n<meta property=\"og:description\" content=\"T\u00e4nk om Ola Rask varit en borgerlig riksdagsman som f\u00e5tt VD-l\u00f6n fr\u00e5n Svenskt N\u00e4ringsliv eller n\u00e5got branschf\u00f6rbund p\u00e5 arbetsgivarsidan. T\u00e4nk om hans fru och dotter varit anst\u00e4llda av samma f\u00f6rbund. T\u00e4nk om hans son hade f\u00e5tt en attraktiv l\u00e4genhet via f\u00f6rbundet. D\u00e5 hade debatten handlat om att han var k\u00f6pt av n\u00e4ringslivet. Att de frikostiga...\" \/>\n<meta property=\"og:url\" content=\"https:\/\/www.freiholtz.se\/forvetet\/2005\/02\/06\/rask-i-handling\/\" \/>\n<meta property=\"og:site_name\" content=\"F\u00f6rvetet\" \/>\n<meta property=\"article:published_time\" content=\"2005-02-06T20:08:32+00:00\" \/>\n<meta name=\"author\" content=\"Thorvald\" \/>\n<meta name=\"twitter:card\" content=\"summary_large_image\" \/>\n<meta name=\"twitter:label1\" content=\"Skriven av\" \/>\n\t<meta name=\"twitter:data1\" content=\"Thorvald\" \/>\n\t<meta name=\"twitter:label2\" content=\"Ber\u00e4knad l\u00e4stid\" \/>\n\t<meta name=\"twitter:data2\" content=\"1 minut\" \/>\n<script type=\"application\/ld+json\" class=\"yoast-schema-graph\">{\"@context\":\"https:\\\/\\\/schema.org\",\"@graph\":[{\"@type\":\"Article\",\"@id\":\"https:\\\/\\\/www.freiholtz.se\\\/forvetet\\\/2005\\\/02\\\/06\\\/rask-i-handling\\\/#article\",\"isPartOf\":{\"@id\":\"https:\\\/\\\/www.freiholtz.se\\\/forvetet\\\/2005\\\/02\\\/06\\\/rask-i-handling\\\/\"},\"author\":{\"name\":\"Thorvald\",\"@id\":\"https:\\\/\\\/www.freiholtz.se\\\/forvetet\\\/#\\\/schema\\\/person\\\/f8eba858e89d86da3e8f4131644d7c72\"},\"headline\":\"Rask i handling\",\"datePublished\":\"2005-02-06T20:08:32+00:00\",\"mainEntityOfPage\":{\"@id\":\"https:\\\/\\\/www.freiholtz.se\\\/forvetet\\\/2005\\\/02\\\/06\\\/rask-i-handling\\\/\"},\"wordCount\":176,\"articleSection\":[\"Politik\"],\"inLanguage\":\"sv-SE\"},{\"@type\":\"WebPage\",\"@id\":\"https:\\\/\\\/www.freiholtz.se\\\/forvetet\\\/2005\\\/02\\\/06\\\/rask-i-handling\\\/\",\"url\":\"https:\\\/\\\/www.freiholtz.se\\\/forvetet\\\/2005\\\/02\\\/06\\\/rask-i-handling\\\/\",\"name\":\"Rask i handling - F\u00f6rvetet\",\"isPartOf\":{\"@id\":\"https:\\\/\\\/www.freiholtz.se\\\/forvetet\\\/#website\"},\"datePublished\":\"2005-02-06T20:08:32+00:00\",\"author\":{\"@id\":\"https:\\\/\\\/www.freiholtz.se\\\/forvetet\\\/#\\\/schema\\\/person\\\/f8eba858e89d86da3e8f4131644d7c72\"},\"breadcrumb\":{\"@id\":\"https:\\\/\\\/www.freiholtz.se\\\/forvetet\\\/2005\\\/02\\\/06\\\/rask-i-handling\\\/#breadcrumb\"},\"inLanguage\":\"sv-SE\",\"potentialAction\":[{\"@type\":\"ReadAction\",\"target\":[\"https:\\\/\\\/www.freiholtz.se\\\/forvetet\\\/2005\\\/02\\\/06\\\/rask-i-handling\\\/\"]}]},{\"@type\":\"BreadcrumbList\",\"@id\":\"https:\\\/\\\/www.freiholtz.se\\\/forvetet\\\/2005\\\/02\\\/06\\\/rask-i-handling\\\/#breadcrumb\",\"itemListElement\":[{\"@type\":\"ListItem\",\"position\":1,\"name\":\"Hem\",\"item\":\"https:\\\/\\\/www.freiholtz.se\\\/forvetet\\\/\"},{\"@type\":\"ListItem\",\"position\":2,\"name\":\"Rask i handling\"}]},{\"@type\":\"WebSite\",\"@id\":\"https:\\\/\\\/www.freiholtz.se\\\/forvetet\\\/#website\",\"url\":\"https:\\\/\\\/www.freiholtz.se\\\/forvetet\\\/\",\"name\":\"F\u00f6rvetet\",\"description\":\"en blogg fr\u00e5n freiholtz.se!\",\"potentialAction\":[{\"@type\":\"SearchAction\",\"target\":{\"@type\":\"EntryPoint\",\"urlTemplate\":\"https:\\\/\\\/www.freiholtz.se\\\/forvetet\\\/?s={search_term_string}\"},\"query-input\":{\"@type\":\"PropertyValueSpecification\",\"valueRequired\":true,\"valueName\":\"search_term_string\"}}],\"inLanguage\":\"sv-SE\"},{\"@type\":\"Person\",\"@id\":\"https:\\\/\\\/www.freiholtz.se\\\/forvetet\\\/#\\\/schema\\\/person\\\/f8eba858e89d86da3e8f4131644d7c72\",\"name\":\"Thorvald\",\"image\":{\"@type\":\"ImageObject\",\"inLanguage\":\"sv-SE\",\"@id\":\"https:\\\/\\\/secure.gravatar.com\\\/avatar\\\/8328a4c14b3a439f4c0cf3cf4af03cee061e00c35ed80000610d03c204796578?s=96&d=mm&r=g\",\"url\":\"https:\\\/\\\/secure.gravatar.com\\\/avatar\\\/8328a4c14b3a439f4c0cf3cf4af03cee061e00c35ed80000610d03c204796578?s=96&d=mm&r=g\",\"contentUrl\":\"https:\\\/\\\/secure.gravatar.com\\\/avatar\\\/8328a4c14b3a439f4c0cf3cf4af03cee061e00c35ed80000610d03c204796578?s=96&d=mm&r=g\",\"caption\":\"Thorvald\"},\"sameAs\":[\"https:\\\/\\\/www.freiholtz.se\"],\"url\":\"https:\\\/\\\/www.freiholtz.se\\\/forvetet\\\/author\\\/thorvald\\\/\"}]}<\/script>\n<!-- \/ Yoast SEO plugin. -->","yoast_head_json":{"title":"Rask i handling - F\u00f6rvetet","robots":{"index":"index","follow":"follow","max-snippet":"max-snippet:-1","max-image-preview":"max-image-preview:large","max-video-preview":"max-video-preview:-1"},"canonical":"https:\/\/www.freiholtz.se\/forvetet\/2005\/02\/06\/rask-i-handling\/","og_locale":"sv_SE","og_type":"article","og_title":"Rask i handling - F\u00f6rvetet","og_description":"T\u00e4nk om Ola Rask varit en borgerlig riksdagsman som f\u00e5tt VD-l\u00f6n fr\u00e5n Svenskt N\u00e4ringsliv eller n\u00e5got branschf\u00f6rbund p\u00e5 arbetsgivarsidan. T\u00e4nk om hans fru och dotter varit anst\u00e4llda av samma f\u00f6rbund. T\u00e4nk om hans son hade f\u00e5tt en attraktiv l\u00e4genhet via f\u00f6rbundet. D\u00e5 hade debatten handlat om att han var k\u00f6pt av n\u00e4ringslivet. Att de frikostiga...","og_url":"https:\/\/www.freiholtz.se\/forvetet\/2005\/02\/06\/rask-i-handling\/","og_site_name":"F\u00f6rvetet","article_published_time":"2005-02-06T20:08:32+00:00","author":"Thorvald","twitter_card":"summary_large_image","twitter_misc":{"Skriven av":"Thorvald","Ber\u00e4knad l\u00e4stid":"1 minut"},"schema":{"@context":"https:\/\/schema.org","@graph":[{"@type":"Article","@id":"https:\/\/www.freiholtz.se\/forvetet\/2005\/02\/06\/rask-i-handling\/#article","isPartOf":{"@id":"https:\/\/www.freiholtz.se\/forvetet\/2005\/02\/06\/rask-i-handling\/"},"author":{"name":"Thorvald","@id":"https:\/\/www.freiholtz.se\/forvetet\/#\/schema\/person\/f8eba858e89d86da3e8f4131644d7c72"},"headline":"Rask i handling","datePublished":"2005-02-06T20:08:32+00:00","mainEntityOfPage":{"@id":"https:\/\/www.freiholtz.se\/forvetet\/2005\/02\/06\/rask-i-handling\/"},"wordCount":176,"articleSection":["Politik"],"inLanguage":"sv-SE"},{"@type":"WebPage","@id":"https:\/\/www.freiholtz.se\/forvetet\/2005\/02\/06\/rask-i-handling\/","url":"https:\/\/www.freiholtz.se\/forvetet\/2005\/02\/06\/rask-i-handling\/","name":"Rask i handling - F\u00f6rvetet","isPartOf":{"@id":"https:\/\/www.freiholtz.se\/forvetet\/#website"},"datePublished":"2005-02-06T20:08:32+00:00","author":{"@id":"https:\/\/www.freiholtz.se\/forvetet\/#\/schema\/person\/f8eba858e89d86da3e8f4131644d7c72"},"breadcrumb":{"@id":"https:\/\/www.freiholtz.se\/forvetet\/2005\/02\/06\/rask-i-handling\/#breadcrumb"},"inLanguage":"sv-SE","potentialAction":[{"@type":"ReadAction","target":["https:\/\/www.freiholtz.se\/forvetet\/2005\/02\/06\/rask-i-handling\/"]}]},{"@type":"BreadcrumbList","@id":"https:\/\/www.freiholtz.se\/forvetet\/2005\/02\/06\/rask-i-handling\/#breadcrumb","itemListElement":[{"@type":"ListItem","position":1,"name":"Hem","item":"https:\/\/www.freiholtz.se\/forvetet\/"},{"@type":"ListItem","position":2,"name":"Rask i handling"}]},{"@type":"WebSite","@id":"https:\/\/www.freiholtz.se\/forvetet\/#website","url":"https:\/\/www.freiholtz.se\/forvetet\/","name":"F\u00f6rvetet","description":"en blogg fr\u00e5n freiholtz.se!","potentialAction":[{"@type":"SearchAction","target":{"@type":"EntryPoint","urlTemplate":"https:\/\/www.freiholtz.se\/forvetet\/?s={search_term_string}"},"query-input":{"@type":"PropertyValueSpecification","valueRequired":true,"valueName":"search_term_string"}}],"inLanguage":"sv-SE"},{"@type":"Person","@id":"https:\/\/www.freiholtz.se\/forvetet\/#\/schema\/person\/f8eba858e89d86da3e8f4131644d7c72","name":"Thorvald","image":{"@type":"ImageObject","inLanguage":"sv-SE","@id":"https:\/\/secure.gravatar.com\/avatar\/8328a4c14b3a439f4c0cf3cf4af03cee061e00c35ed80000610d03c204796578?s=96&d=mm&r=g","url":"https:\/\/secure.gravatar.com\/avatar\/8328a4c14b3a439f4c0cf3cf4af03cee061e00c35ed80000610d03c204796578?s=96&d=mm&r=g","contentUrl":"https:\/\/secure.gravatar.com\/avatar\/8328a4c14b3a439f4c0cf3cf4af03cee061e00c35ed80000610d03c204796578?s=96&d=mm&r=g","caption":"Thorvald"},"sameAs":["https:\/\/www.freiholtz.se"],"url":"https:\/\/www.freiholtz.se\/forvetet\/author\/thorvald\/"}]}},"_links":{"self":[{"href":"https:\/\/www.freiholtz.se\/forvetet\/wp-json\/wp\/v2\/posts\/855","targetHints":{"allow":["GET"]}}],"collection":[{"href":"https:\/\/www.freiholtz.se\/forvetet\/wp-json\/wp\/v2\/posts"}],"about":[{"href":"https:\/\/www.freiholtz.se\/forvetet\/wp-json\/wp\/v2\/types\/post"}],"author":[{"embeddable":true,"href":"https:\/\/www.freiholtz.se\/forvetet\/wp-json\/wp\/v2\/users\/1"}],"replies":[{"embeddable":true,"href":"https:\/\/www.freiholtz.se\/forvetet\/wp-json\/wp\/v2\/comments?post=855"}],"version-history":[{"count":0,"href":"https:\/\/www.freiholtz.se\/forvetet\/wp-json\/wp\/v2\/posts\/855\/revisions"}],"wp:attachment":[{"href":"https:\/\/www.freiholtz.se\/forvetet\/wp-json\/wp\/v2\/media?parent=855"}],"wp:term":[{"taxonomy":"category","embeddable":true,"href":"https:\/\/www.freiholtz.se\/forvetet\/wp-json\/wp\/v2\/categories?post=855"},{"taxonomy":"post_tag","embeddable":true,"href":"https:\/\/www.freiholtz.se\/forvetet\/wp-json\/wp\/v2\/tags?post=855"}],"curies":[{"name":"wp","href":"https:\/\/api.w.org\/{rel}","templated":true}]}}