{"id":854,"date":"2005-02-09T21:10:48","date_gmt":"2005-02-09T20:10:48","guid":{"rendered":"http:\/\/www.freiholtz.se\/forvetet\/?p=854"},"modified":"2005-02-09T21:10:48","modified_gmt":"2005-02-09T20:10:48","slug":"subjektiva-reflektioner-i","status":"publish","type":"post","link":"https:\/\/www.freiholtz.se\/forvetet\/2005\/02\/09\/subjektiva-reflektioner-i\/","title":{"rendered":"Subjektiva reflektioner I"},"content":{"rendered":"<p><!--110797986801402885-->Jag s\u00e5g hos <a class=\"text\" href=\"http:\/\/alunder.blogspot.com\/2005\/02\/ayn-rand-uppmrksammas-idag.html\">Alicio<\/a> att <a class=\"text\" href=\"http:\/\/www.ayn-rand.com\/\">Ayn Rand<\/a> skulle firat sin 100:de f\u00f6delsedag h\u00e4rom veckan om hon fortfarande varit i livet.<\/p>\n<p>Det \u00e4r tillr\u00e4cklig anledning f\u00f6r mig att skriva n\u00e5gra rader om hennes tegelstensroman <em>Och v\u00e4rlden sk\u00e4lvde<\/em>, en kultbok f\u00f6r alla nyliberaler.<\/p>\n<p>Jag har, det medges, haft f\u00f6rutfattade meningar om Ayn Rand och hennes filosofi, den s.k. <a class=\"text\" href=\"http:\/\/www.objectivistcenter.org\/objectivism\/faqs\/wthomas_faq-what-objectivism.asp\">objektivismen<\/a>. I f\u00f6rsta hand baserat p\u00e5 de totalt devota hyllningar som Rands proselyter best\u00e5r henne och hennes verk med. Min aversion mot alla slags fr\u00e4lsningsl\u00e4ror \u00e4r grundmurad och n\u00e4rmast reflexm\u00e4ssig. Men n\u00e4r jag av en ren slump hittade en tidigare utg\u00e5va (del ett av tre) i ett torgst\u00e5nd f\u00f6rra helgen tog jag chansen att bilda mig en egen uppfattning om boken. Man ska ju inte d\u00f6ma hunden efter h\u00e5ren. Dessutom \u00e4r ju 15 kronor (nedprutat fr\u00e5n 25) inte n\u00e5gon st\u00f6rre f\u00f6rlust.<\/p>\n<p>Boken kan definitivt inte beskrivas som som n\u00e5gon stor litteratur. Handling och id\u00e9inneh\u00e5ll \u00e4r sk\u00e4ligen tunna, spr\u00e5ket torftigt (m\u00f6jligen pga \u00f6vers\u00e4ttningen) och sexskildringarna patetiska. Det jag f\u00e4ste mig vid var personskildringen.<\/p>\n<p>Bokens huvudpersoner heter Dagny Taggart och Henry &#8221;Hank&#8221; Rearden. De \u00e4r b\u00e5da f\u00f6retagsledare och lika fanatiskt h\u00e4ngivna sina respektive f\u00f6retag. De har inga som helst intressen vid sidan om f\u00f6retagandet. Dessutom har de grava relationsproblem:<\/p>\n<p><em>&#8221;&#8230; ins\u00e5g han pl\u00f6tsligt att han hade t\u00e4nkt p\u00e5 en abstraktion ben\u00e4mnd &#8217;hans hustru&#8217;, inte p\u00e5 den kvinna han var gift med.&#8221;<\/em><\/p>\n<p>&#8221;Han k\u00e4nde sig uppfordrad till h\u00e4ftig protest men hon log mot honom som om det hon sagt bara var en lustighet, och han saknade f\u00f6ruts\u00e4ttning f\u00f6r ett utbyte av yttranden som inte var avsedda att betyda n\u00e5gonting. Han bara s\u00e5g ner p\u00e5 henne och grubblade \u00f6ver saker han aldrig kunnat f\u00f6rst\u00e5.&#8221;<\/p>\n<p>&#8221;Vad var det de ville ha av honom? t\u00e4nkte Rearden &#8211; vad var de ute efter? Han hade aldrig bett dem om n\u00e5gonting, det var de som ville h\u00e5lla honom fast, de som pockade p\u00e5 n\u00e5gon sorts r\u00e4tt till honom &#8211; och den r\u00e4tten tycktes vara en sorts tillgivenhet, men det var en sort som han hade sv\u00e5rare att st\u00e5 ut med \u00e4n varje yttring av h\u00e4tskhet.&#8221;<\/p>\n<p>&#8221;Som hj\u00e4lpl\u00f6s \u00e5sk\u00e5dare och minoritets\u00e4gare satt hon p\u00e5 ett styrelsesammantr\u00e4de och hade k\u00e4nslan av att det l\u00e5g n\u00e5got undvikande i luften, i varje inl\u00e4gg, varje argument, som om den verkliga anledningen inte beh\u00f6vde redovisas men \u00e4nd\u00e5 stod klar f\u00f6r alla utom henne.&#8221;<\/p>\n<p>&#8221;Hon f\u00f6rstod aldrig varf\u00f6r styrelsen r\u00f6stade enh\u00e4lligt f\u00f6r att g\u00f6ra henne till vice vd med ansvar f\u00f6r driftssektionen.&#8221;<\/p>\n<p>&#8221;Han tyckte om att se folk roa sig \u00e4ven om han inte f\u00f6rstod sig p\u00e5 just denna speciella f\u00f6rstr\u00f6else.&#8221;<\/p>\n<p>Skildringen fick mig att t\u00e4nka p\u00e5 hur ett best\u00e4mt m\u00e4nskligt tillst\u00e5nd brukar beskrivas:<\/p>\n<p><em>&#8221;<a class=\"text\" href=\"http:\/\/www.autism.se\">Autism och autismliknande tillst\u00e5nd<\/a> \u00e4r ett samlingsbegrepp f\u00f6r tidigt debuterande handikapptillst\u00e5nd som utm\u00e4rks av samtidigt f\u00f6rekommande sv\u00e5ra st\u00f6rningar i kontakt- och kommunikations-f\u00f6rm\u00e5gan och en kraftig begr\u00e4nsning av beteende- och intresserepertoaren. \/&#8230;\/ Flera studier tyder p\u00e5 att en av grundst\u00f6rningarna, n\u00e4r det g\u00e4ller inl\u00e4rning, medf\u00f6r att personer med autism och autismliknande tillst\u00e5nd inte kan f\u00f6rest\u00e4lla sig att andra m\u00e4nniskor t\u00e4nker och k\u00e4nner, dvs att andra m\u00e4nniskors beteenden och handlingar styrs av inre mentala processer.&#8221;<\/em><\/p>\n<p>Ayn Rand hade inte heller n\u00e5gon st\u00f6rre f\u00f6rm\u00e5ga att f\u00f6rutse omv\u00e4rldens reaktioner &#8211; <em>&#8221;<a class=\"text\" href=\"http:\/\/www.kristianstadsbladet.se\/apps\/pbcs.dll\/article?AID=\/20050202\/DEBATT\/102020454\/1025\/OPINION\">Rand hade hoppats att boken skulle tas emot positivt av de ledande inom den amerikanska h\u00f6gern<\/a>.&#8221;<\/em><\/p>\n<p>Jag kan inte l\u00e5ta bli att undra \u00f6ver i vilken utstr\u00e4ckning Rands huvudpersoner speglar hennes egen personlighet?<\/p>\n","protected":false},"excerpt":{"rendered":"<p>Jag s\u00e5g hos Alicio att Ayn Rand skulle firat sin 100:de f\u00f6delsedag h\u00e4rom veckan om hon fortfarande varit i livet. Det \u00e4r tillr\u00e4cklig anledning f\u00f6r mig att skriva n\u00e5gra rader om hennes tegelstensroman Och v\u00e4rlden sk\u00e4lvde, en kultbok f\u00f6r alla nyliberaler. Jag har, det medges, haft f\u00f6rutfattade meningar om Ayn Rand och hennes filosofi, den&#8230;<\/p>\n","protected":false},"author":1,"featured_media":0,"comment_status":"closed","ping_status":"closed","sticky":false,"template":"","format":"standard","meta":{"_monsterinsights_skip_tracking":false,"_monsterinsights_sitenote_active":false,"_monsterinsights_sitenote_note":"","_monsterinsights_sitenote_category":0,"footnotes":""},"categories":[6],"tags":[],"class_list":["post-854","post","type-post","status-publish","format-standard","hentry","category-kultur"],"yoast_head":"<!-- This site is optimized with the Yoast SEO plugin v27.5 - https:\/\/yoast.com\/product\/yoast-seo-wordpress\/ -->\n<title>Subjektiva reflektioner I - F\u00f6rvetet<\/title>\n<meta name=\"robots\" content=\"index, follow, max-snippet:-1, max-image-preview:large, max-video-preview:-1\" \/>\n<link rel=\"canonical\" href=\"https:\/\/www.freiholtz.se\/forvetet\/2005\/02\/09\/subjektiva-reflektioner-i\/\" \/>\n<meta property=\"og:locale\" content=\"sv_SE\" \/>\n<meta property=\"og:type\" content=\"article\" \/>\n<meta property=\"og:title\" content=\"Subjektiva reflektioner I - F\u00f6rvetet\" \/>\n<meta property=\"og:description\" content=\"Jag s\u00e5g hos Alicio att Ayn Rand skulle firat sin 100:de f\u00f6delsedag h\u00e4rom veckan om hon fortfarande varit i livet. Det \u00e4r tillr\u00e4cklig anledning f\u00f6r mig att skriva n\u00e5gra rader om hennes tegelstensroman Och v\u00e4rlden sk\u00e4lvde, en kultbok f\u00f6r alla nyliberaler. Jag har, det medges, haft f\u00f6rutfattade meningar om Ayn Rand och hennes filosofi, den...\" \/>\n<meta property=\"og:url\" content=\"https:\/\/www.freiholtz.se\/forvetet\/2005\/02\/09\/subjektiva-reflektioner-i\/\" \/>\n<meta property=\"og:site_name\" content=\"F\u00f6rvetet\" \/>\n<meta property=\"article:published_time\" content=\"2005-02-09T20:10:48+00:00\" \/>\n<meta name=\"author\" content=\"Thorvald\" \/>\n<meta name=\"twitter:card\" content=\"summary_large_image\" \/>\n<meta name=\"twitter:label1\" content=\"Skriven av\" \/>\n\t<meta name=\"twitter:data1\" content=\"Thorvald\" \/>\n\t<meta name=\"twitter:label2\" content=\"Ber\u00e4knad l\u00e4stid\" \/>\n\t<meta name=\"twitter:data2\" content=\"3 minuter\" \/>\n<script type=\"application\/ld+json\" class=\"yoast-schema-graph\">{\"@context\":\"https:\\\/\\\/schema.org\",\"@graph\":[{\"@type\":\"Article\",\"@id\":\"https:\\\/\\\/www.freiholtz.se\\\/forvetet\\\/2005\\\/02\\\/09\\\/subjektiva-reflektioner-i\\\/#article\",\"isPartOf\":{\"@id\":\"https:\\\/\\\/www.freiholtz.se\\\/forvetet\\\/2005\\\/02\\\/09\\\/subjektiva-reflektioner-i\\\/\"},\"author\":{\"name\":\"Thorvald\",\"@id\":\"https:\\\/\\\/www.freiholtz.se\\\/forvetet\\\/#\\\/schema\\\/person\\\/f8eba858e89d86da3e8f4131644d7c72\"},\"headline\":\"Subjektiva reflektioner I\",\"datePublished\":\"2005-02-09T20:10:48+00:00\",\"mainEntityOfPage\":{\"@id\":\"https:\\\/\\\/www.freiholtz.se\\\/forvetet\\\/2005\\\/02\\\/09\\\/subjektiva-reflektioner-i\\\/\"},\"wordCount\":669,\"articleSection\":[\"Kultur\"],\"inLanguage\":\"sv-SE\"},{\"@type\":\"WebPage\",\"@id\":\"https:\\\/\\\/www.freiholtz.se\\\/forvetet\\\/2005\\\/02\\\/09\\\/subjektiva-reflektioner-i\\\/\",\"url\":\"https:\\\/\\\/www.freiholtz.se\\\/forvetet\\\/2005\\\/02\\\/09\\\/subjektiva-reflektioner-i\\\/\",\"name\":\"Subjektiva reflektioner I - F\u00f6rvetet\",\"isPartOf\":{\"@id\":\"https:\\\/\\\/www.freiholtz.se\\\/forvetet\\\/#website\"},\"datePublished\":\"2005-02-09T20:10:48+00:00\",\"author\":{\"@id\":\"https:\\\/\\\/www.freiholtz.se\\\/forvetet\\\/#\\\/schema\\\/person\\\/f8eba858e89d86da3e8f4131644d7c72\"},\"breadcrumb\":{\"@id\":\"https:\\\/\\\/www.freiholtz.se\\\/forvetet\\\/2005\\\/02\\\/09\\\/subjektiva-reflektioner-i\\\/#breadcrumb\"},\"inLanguage\":\"sv-SE\",\"potentialAction\":[{\"@type\":\"ReadAction\",\"target\":[\"https:\\\/\\\/www.freiholtz.se\\\/forvetet\\\/2005\\\/02\\\/09\\\/subjektiva-reflektioner-i\\\/\"]}]},{\"@type\":\"BreadcrumbList\",\"@id\":\"https:\\\/\\\/www.freiholtz.se\\\/forvetet\\\/2005\\\/02\\\/09\\\/subjektiva-reflektioner-i\\\/#breadcrumb\",\"itemListElement\":[{\"@type\":\"ListItem\",\"position\":1,\"name\":\"Hem\",\"item\":\"https:\\\/\\\/www.freiholtz.se\\\/forvetet\\\/\"},{\"@type\":\"ListItem\",\"position\":2,\"name\":\"Subjektiva reflektioner I\"}]},{\"@type\":\"WebSite\",\"@id\":\"https:\\\/\\\/www.freiholtz.se\\\/forvetet\\\/#website\",\"url\":\"https:\\\/\\\/www.freiholtz.se\\\/forvetet\\\/\",\"name\":\"F\u00f6rvetet\",\"description\":\"en blogg fr\u00e5n freiholtz.se!\",\"potentialAction\":[{\"@type\":\"SearchAction\",\"target\":{\"@type\":\"EntryPoint\",\"urlTemplate\":\"https:\\\/\\\/www.freiholtz.se\\\/forvetet\\\/?s={search_term_string}\"},\"query-input\":{\"@type\":\"PropertyValueSpecification\",\"valueRequired\":true,\"valueName\":\"search_term_string\"}}],\"inLanguage\":\"sv-SE\"},{\"@type\":\"Person\",\"@id\":\"https:\\\/\\\/www.freiholtz.se\\\/forvetet\\\/#\\\/schema\\\/person\\\/f8eba858e89d86da3e8f4131644d7c72\",\"name\":\"Thorvald\",\"image\":{\"@type\":\"ImageObject\",\"inLanguage\":\"sv-SE\",\"@id\":\"https:\\\/\\\/secure.gravatar.com\\\/avatar\\\/8328a4c14b3a439f4c0cf3cf4af03cee061e00c35ed80000610d03c204796578?s=96&d=mm&r=g\",\"url\":\"https:\\\/\\\/secure.gravatar.com\\\/avatar\\\/8328a4c14b3a439f4c0cf3cf4af03cee061e00c35ed80000610d03c204796578?s=96&d=mm&r=g\",\"contentUrl\":\"https:\\\/\\\/secure.gravatar.com\\\/avatar\\\/8328a4c14b3a439f4c0cf3cf4af03cee061e00c35ed80000610d03c204796578?s=96&d=mm&r=g\",\"caption\":\"Thorvald\"},\"sameAs\":[\"https:\\\/\\\/www.freiholtz.se\"],\"url\":\"https:\\\/\\\/www.freiholtz.se\\\/forvetet\\\/author\\\/thorvald\\\/\"}]}<\/script>\n<!-- \/ Yoast SEO plugin. -->","yoast_head_json":{"title":"Subjektiva reflektioner I - F\u00f6rvetet","robots":{"index":"index","follow":"follow","max-snippet":"max-snippet:-1","max-image-preview":"max-image-preview:large","max-video-preview":"max-video-preview:-1"},"canonical":"https:\/\/www.freiholtz.se\/forvetet\/2005\/02\/09\/subjektiva-reflektioner-i\/","og_locale":"sv_SE","og_type":"article","og_title":"Subjektiva reflektioner I - F\u00f6rvetet","og_description":"Jag s\u00e5g hos Alicio att Ayn Rand skulle firat sin 100:de f\u00f6delsedag h\u00e4rom veckan om hon fortfarande varit i livet. Det \u00e4r tillr\u00e4cklig anledning f\u00f6r mig att skriva n\u00e5gra rader om hennes tegelstensroman Och v\u00e4rlden sk\u00e4lvde, en kultbok f\u00f6r alla nyliberaler. Jag har, det medges, haft f\u00f6rutfattade meningar om Ayn Rand och hennes filosofi, den...","og_url":"https:\/\/www.freiholtz.se\/forvetet\/2005\/02\/09\/subjektiva-reflektioner-i\/","og_site_name":"F\u00f6rvetet","article_published_time":"2005-02-09T20:10:48+00:00","author":"Thorvald","twitter_card":"summary_large_image","twitter_misc":{"Skriven av":"Thorvald","Ber\u00e4knad l\u00e4stid":"3 minuter"},"schema":{"@context":"https:\/\/schema.org","@graph":[{"@type":"Article","@id":"https:\/\/www.freiholtz.se\/forvetet\/2005\/02\/09\/subjektiva-reflektioner-i\/#article","isPartOf":{"@id":"https:\/\/www.freiholtz.se\/forvetet\/2005\/02\/09\/subjektiva-reflektioner-i\/"},"author":{"name":"Thorvald","@id":"https:\/\/www.freiholtz.se\/forvetet\/#\/schema\/person\/f8eba858e89d86da3e8f4131644d7c72"},"headline":"Subjektiva reflektioner I","datePublished":"2005-02-09T20:10:48+00:00","mainEntityOfPage":{"@id":"https:\/\/www.freiholtz.se\/forvetet\/2005\/02\/09\/subjektiva-reflektioner-i\/"},"wordCount":669,"articleSection":["Kultur"],"inLanguage":"sv-SE"},{"@type":"WebPage","@id":"https:\/\/www.freiholtz.se\/forvetet\/2005\/02\/09\/subjektiva-reflektioner-i\/","url":"https:\/\/www.freiholtz.se\/forvetet\/2005\/02\/09\/subjektiva-reflektioner-i\/","name":"Subjektiva reflektioner I - F\u00f6rvetet","isPartOf":{"@id":"https:\/\/www.freiholtz.se\/forvetet\/#website"},"datePublished":"2005-02-09T20:10:48+00:00","author":{"@id":"https:\/\/www.freiholtz.se\/forvetet\/#\/schema\/person\/f8eba858e89d86da3e8f4131644d7c72"},"breadcrumb":{"@id":"https:\/\/www.freiholtz.se\/forvetet\/2005\/02\/09\/subjektiva-reflektioner-i\/#breadcrumb"},"inLanguage":"sv-SE","potentialAction":[{"@type":"ReadAction","target":["https:\/\/www.freiholtz.se\/forvetet\/2005\/02\/09\/subjektiva-reflektioner-i\/"]}]},{"@type":"BreadcrumbList","@id":"https:\/\/www.freiholtz.se\/forvetet\/2005\/02\/09\/subjektiva-reflektioner-i\/#breadcrumb","itemListElement":[{"@type":"ListItem","position":1,"name":"Hem","item":"https:\/\/www.freiholtz.se\/forvetet\/"},{"@type":"ListItem","position":2,"name":"Subjektiva reflektioner I"}]},{"@type":"WebSite","@id":"https:\/\/www.freiholtz.se\/forvetet\/#website","url":"https:\/\/www.freiholtz.se\/forvetet\/","name":"F\u00f6rvetet","description":"en blogg fr\u00e5n freiholtz.se!","potentialAction":[{"@type":"SearchAction","target":{"@type":"EntryPoint","urlTemplate":"https:\/\/www.freiholtz.se\/forvetet\/?s={search_term_string}"},"query-input":{"@type":"PropertyValueSpecification","valueRequired":true,"valueName":"search_term_string"}}],"inLanguage":"sv-SE"},{"@type":"Person","@id":"https:\/\/www.freiholtz.se\/forvetet\/#\/schema\/person\/f8eba858e89d86da3e8f4131644d7c72","name":"Thorvald","image":{"@type":"ImageObject","inLanguage":"sv-SE","@id":"https:\/\/secure.gravatar.com\/avatar\/8328a4c14b3a439f4c0cf3cf4af03cee061e00c35ed80000610d03c204796578?s=96&d=mm&r=g","url":"https:\/\/secure.gravatar.com\/avatar\/8328a4c14b3a439f4c0cf3cf4af03cee061e00c35ed80000610d03c204796578?s=96&d=mm&r=g","contentUrl":"https:\/\/secure.gravatar.com\/avatar\/8328a4c14b3a439f4c0cf3cf4af03cee061e00c35ed80000610d03c204796578?s=96&d=mm&r=g","caption":"Thorvald"},"sameAs":["https:\/\/www.freiholtz.se"],"url":"https:\/\/www.freiholtz.se\/forvetet\/author\/thorvald\/"}]}},"_links":{"self":[{"href":"https:\/\/www.freiholtz.se\/forvetet\/wp-json\/wp\/v2\/posts\/854","targetHints":{"allow":["GET"]}}],"collection":[{"href":"https:\/\/www.freiholtz.se\/forvetet\/wp-json\/wp\/v2\/posts"}],"about":[{"href":"https:\/\/www.freiholtz.se\/forvetet\/wp-json\/wp\/v2\/types\/post"}],"author":[{"embeddable":true,"href":"https:\/\/www.freiholtz.se\/forvetet\/wp-json\/wp\/v2\/users\/1"}],"replies":[{"embeddable":true,"href":"https:\/\/www.freiholtz.se\/forvetet\/wp-json\/wp\/v2\/comments?post=854"}],"version-history":[{"count":0,"href":"https:\/\/www.freiholtz.se\/forvetet\/wp-json\/wp\/v2\/posts\/854\/revisions"}],"wp:attachment":[{"href":"https:\/\/www.freiholtz.se\/forvetet\/wp-json\/wp\/v2\/media?parent=854"}],"wp:term":[{"taxonomy":"category","embeddable":true,"href":"https:\/\/www.freiholtz.se\/forvetet\/wp-json\/wp\/v2\/categories?post=854"},{"taxonomy":"post_tag","embeddable":true,"href":"https:\/\/www.freiholtz.se\/forvetet\/wp-json\/wp\/v2\/tags?post=854"}],"curies":[{"name":"wp","href":"https:\/\/api.w.org\/{rel}","templated":true}]}}