{"id":845,"date":"2004-12-14T20:42:07","date_gmt":"2004-12-14T19:42:07","guid":{"rendered":"http:\/\/www.freiholtz.se\/forvetet\/?p=845"},"modified":"2004-12-14T20:42:07","modified_gmt":"2004-12-14T19:42:07","slug":"svensk-sjuk-v%ef%bf%bdrd","status":"publish","type":"post","link":"https:\/\/www.freiholtz.se\/forvetet\/2004\/12\/14\/svensk-sjuk-v%ef%bf%bdrd\/","title":{"rendered":"Sjuk v\u00e5rd"},"content":{"rendered":"<p><!--110305360535525000-->Jag har lagt upp en ny <span style=\"text-decoration: line-through\"><a class=\"text\" href=\"http:\/\/www.freiholtz.se\/forvetet\/sjukt_arkiv.shtml\"><strong>temasida<\/strong><\/a><\/span> d\u00e4r jag samlat mina inl\u00e4gg om den svenska sjukv\u00e5rden i allm\u00e4nhet och v\u00e5rden i V\u00e4stra G\u00f6talands-regionen i synnerhet. Tyv\u00e4rr fungerar inte l\u00e4nkarna till <a class=\"text\" href=\"http:\/\/www.vgregion.se\">V\u00e4stra G\u00f6talandsregionen<\/a>, webbplatsen \u00e4r ombyggd (\u00e4ven om resultatet inte blivit synbart b\u00e4ttre).<\/p>\n<p><strong>Update 060124:<\/strong> Efter bytet till WordPress har temasidan ersatts med kategorin <a href=\"http:\/\/www.freiholtz.se\/forvetet\/?cat=7\">Sjuk v\u00e5rd<\/a>.<\/p>\n<p><strong>Update 100103:<\/strong> Efter byte av tema, uppgradering\u00a0av layout mm\u00a0har kategorin ersatts med en etikett med samma namn.<\/p>\n","protected":false},"excerpt":{"rendered":"<p>Jag har lagt upp en ny temasida d\u00e4r jag samlat mina inl\u00e4gg om den svenska sjukv\u00e5rden i allm\u00e4nhet och v\u00e5rden i V\u00e4stra G\u00f6talands-regionen i synnerhet. Tyv\u00e4rr fungerar inte l\u00e4nkarna till V\u00e4stra G\u00f6talandsregionen, webbplatsen \u00e4r ombyggd (\u00e4ven om resultatet inte blivit synbart b\u00e4ttre). Update 060124: Efter bytet till WordPress har temasidan ersatts med kategorin Sjuk v\u00e5rd&#8230;.<\/p>\n","protected":false},"author":1,"featured_media":0,"comment_status":"closed","ping_status":"closed","sticky":false,"template":"","format":"standard","meta":{"_monsterinsights_skip_tracking":false,"_monsterinsights_sitenote_active":false,"_monsterinsights_sitenote_note":"","_monsterinsights_sitenote_category":0,"footnotes":""},"categories":[7,8],"tags":[155,195],"class_list":["post-845","post","type-post","status-publish","format-standard","hentry","category-politik","category-samhalle","tag-sjuk-vard","tag-vg-region"],"yoast_head":"<!-- This site is optimized with the Yoast SEO plugin v27.5 - https:\/\/yoast.com\/product\/yoast-seo-wordpress\/ -->\n<title>Sjuk v\u00e5rd - F\u00f6rvetet<\/title>\n<meta name=\"robots\" content=\"index, follow, max-snippet:-1, max-image-preview:large, max-video-preview:-1\" \/>\n<link rel=\"canonical\" href=\"https:\/\/www.freiholtz.se\/forvetet\/2004\/12\/14\/svensk-sjuk-v\ufffdrd\/\" \/>\n<meta property=\"og:locale\" content=\"sv_SE\" \/>\n<meta property=\"og:type\" content=\"article\" \/>\n<meta property=\"og:title\" content=\"Sjuk v\u00e5rd - F\u00f6rvetet\" \/>\n<meta property=\"og:description\" content=\"Jag har lagt upp en ny temasida d\u00e4r jag samlat mina inl\u00e4gg om den svenska sjukv\u00e5rden i allm\u00e4nhet och v\u00e5rden i V\u00e4stra G\u00f6talands-regionen i synnerhet. Tyv\u00e4rr fungerar inte l\u00e4nkarna till V\u00e4stra G\u00f6talandsregionen, webbplatsen \u00e4r ombyggd (\u00e4ven om resultatet inte blivit synbart b\u00e4ttre). Update 060124: Efter bytet till WordPress har temasidan ersatts med kategorin Sjuk v\u00e5rd....\" \/>\n<meta property=\"og:url\" content=\"https:\/\/www.freiholtz.se\/forvetet\/2004\/12\/14\/svensk-sjuk-v\ufffdrd\/\" \/>\n<meta property=\"og:site_name\" content=\"F\u00f6rvetet\" \/>\n<meta property=\"article:published_time\" content=\"2004-12-14T19:42:07+00:00\" \/>\n<meta name=\"author\" content=\"Thorvald\" \/>\n<meta name=\"twitter:card\" content=\"summary_large_image\" \/>\n<meta name=\"twitter:label1\" content=\"Skriven av\" \/>\n\t<meta name=\"twitter:data1\" content=\"Thorvald\" \/>\n<script type=\"application\/ld+json\" class=\"yoast-schema-graph\">{\"@context\":\"https:\\\/\\\/schema.org\",\"@graph\":[{\"@type\":\"Article\",\"@id\":\"https:\\\/\\\/www.freiholtz.se\\\/forvetet\\\/2004\\\/12\\\/14\\\/svensk-sjuk-v%ef%bf%bdrd\\\/#article\",\"isPartOf\":{\"@id\":\"https:\\\/\\\/www.freiholtz.se\\\/forvetet\\\/2004\\\/12\\\/14\\\/svensk-sjuk-v%ef%bf%bdrd\\\/\"},\"author\":{\"name\":\"Thorvald\",\"@id\":\"https:\\\/\\\/www.freiholtz.se\\\/forvetet\\\/#\\\/schema\\\/person\\\/f8eba858e89d86da3e8f4131644d7c72\"},\"headline\":\"Sjuk v\u00e5rd\",\"datePublished\":\"2004-12-14T19:42:07+00:00\",\"mainEntityOfPage\":{\"@id\":\"https:\\\/\\\/www.freiholtz.se\\\/forvetet\\\/2004\\\/12\\\/14\\\/svensk-sjuk-v%ef%bf%bdrd\\\/\"},\"wordCount\":88,\"keywords\":[\"sjuk v\u00e5rd\",\"vg-region\"],\"articleSection\":[\"Politik\",\"Samh\u00e4lle\"],\"inLanguage\":\"sv-SE\"},{\"@type\":\"WebPage\",\"@id\":\"https:\\\/\\\/www.freiholtz.se\\\/forvetet\\\/2004\\\/12\\\/14\\\/svensk-sjuk-v%ef%bf%bdrd\\\/\",\"url\":\"https:\\\/\\\/www.freiholtz.se\\\/forvetet\\\/2004\\\/12\\\/14\\\/svensk-sjuk-v%ef%bf%bdrd\\\/\",\"name\":\"Sjuk v\u00e5rd - F\u00f6rvetet\",\"isPartOf\":{\"@id\":\"https:\\\/\\\/www.freiholtz.se\\\/forvetet\\\/#website\"},\"datePublished\":\"2004-12-14T19:42:07+00:00\",\"author\":{\"@id\":\"https:\\\/\\\/www.freiholtz.se\\\/forvetet\\\/#\\\/schema\\\/person\\\/f8eba858e89d86da3e8f4131644d7c72\"},\"breadcrumb\":{\"@id\":\"https:\\\/\\\/www.freiholtz.se\\\/forvetet\\\/2004\\\/12\\\/14\\\/svensk-sjuk-v%ef%bf%bdrd\\\/#breadcrumb\"},\"inLanguage\":\"sv-SE\",\"potentialAction\":[{\"@type\":\"ReadAction\",\"target\":[\"https:\\\/\\\/www.freiholtz.se\\\/forvetet\\\/2004\\\/12\\\/14\\\/svensk-sjuk-v%ef%bf%bdrd\\\/\"]}]},{\"@type\":\"BreadcrumbList\",\"@id\":\"https:\\\/\\\/www.freiholtz.se\\\/forvetet\\\/2004\\\/12\\\/14\\\/svensk-sjuk-v%ef%bf%bdrd\\\/#breadcrumb\",\"itemListElement\":[{\"@type\":\"ListItem\",\"position\":1,\"name\":\"Hem\",\"item\":\"https:\\\/\\\/www.freiholtz.se\\\/forvetet\\\/\"},{\"@type\":\"ListItem\",\"position\":2,\"name\":\"Sjuk v\u00e5rd\"}]},{\"@type\":\"WebSite\",\"@id\":\"https:\\\/\\\/www.freiholtz.se\\\/forvetet\\\/#website\",\"url\":\"https:\\\/\\\/www.freiholtz.se\\\/forvetet\\\/\",\"name\":\"F\u00f6rvetet\",\"description\":\"en blogg fr\u00e5n freiholtz.se!\",\"potentialAction\":[{\"@type\":\"SearchAction\",\"target\":{\"@type\":\"EntryPoint\",\"urlTemplate\":\"https:\\\/\\\/www.freiholtz.se\\\/forvetet\\\/?s={search_term_string}\"},\"query-input\":{\"@type\":\"PropertyValueSpecification\",\"valueRequired\":true,\"valueName\":\"search_term_string\"}}],\"inLanguage\":\"sv-SE\"},{\"@type\":\"Person\",\"@id\":\"https:\\\/\\\/www.freiholtz.se\\\/forvetet\\\/#\\\/schema\\\/person\\\/f8eba858e89d86da3e8f4131644d7c72\",\"name\":\"Thorvald\",\"image\":{\"@type\":\"ImageObject\",\"inLanguage\":\"sv-SE\",\"@id\":\"https:\\\/\\\/secure.gravatar.com\\\/avatar\\\/8328a4c14b3a439f4c0cf3cf4af03cee061e00c35ed80000610d03c204796578?s=96&d=mm&r=g\",\"url\":\"https:\\\/\\\/secure.gravatar.com\\\/avatar\\\/8328a4c14b3a439f4c0cf3cf4af03cee061e00c35ed80000610d03c204796578?s=96&d=mm&r=g\",\"contentUrl\":\"https:\\\/\\\/secure.gravatar.com\\\/avatar\\\/8328a4c14b3a439f4c0cf3cf4af03cee061e00c35ed80000610d03c204796578?s=96&d=mm&r=g\",\"caption\":\"Thorvald\"},\"sameAs\":[\"https:\\\/\\\/www.freiholtz.se\"],\"url\":\"https:\\\/\\\/www.freiholtz.se\\\/forvetet\\\/author\\\/thorvald\\\/\"}]}<\/script>\n<!-- \/ Yoast SEO plugin. -->","yoast_head_json":{"title":"Sjuk v\u00e5rd - F\u00f6rvetet","robots":{"index":"index","follow":"follow","max-snippet":"max-snippet:-1","max-image-preview":"max-image-preview:large","max-video-preview":"max-video-preview:-1"},"canonical":"https:\/\/www.freiholtz.se\/forvetet\/2004\/12\/14\/svensk-sjuk-v\ufffdrd\/","og_locale":"sv_SE","og_type":"article","og_title":"Sjuk v\u00e5rd - F\u00f6rvetet","og_description":"Jag har lagt upp en ny temasida d\u00e4r jag samlat mina inl\u00e4gg om den svenska sjukv\u00e5rden i allm\u00e4nhet och v\u00e5rden i V\u00e4stra G\u00f6talands-regionen i synnerhet. Tyv\u00e4rr fungerar inte l\u00e4nkarna till V\u00e4stra G\u00f6talandsregionen, webbplatsen \u00e4r ombyggd (\u00e4ven om resultatet inte blivit synbart b\u00e4ttre). Update 060124: Efter bytet till WordPress har temasidan ersatts med kategorin Sjuk v\u00e5rd....","og_url":"https:\/\/www.freiholtz.se\/forvetet\/2004\/12\/14\/svensk-sjuk-v\ufffdrd\/","og_site_name":"F\u00f6rvetet","article_published_time":"2004-12-14T19:42:07+00:00","author":"Thorvald","twitter_card":"summary_large_image","twitter_misc":{"Skriven av":"Thorvald"},"schema":{"@context":"https:\/\/schema.org","@graph":[{"@type":"Article","@id":"https:\/\/www.freiholtz.se\/forvetet\/2004\/12\/14\/svensk-sjuk-v%ef%bf%bdrd\/#article","isPartOf":{"@id":"https:\/\/www.freiholtz.se\/forvetet\/2004\/12\/14\/svensk-sjuk-v%ef%bf%bdrd\/"},"author":{"name":"Thorvald","@id":"https:\/\/www.freiholtz.se\/forvetet\/#\/schema\/person\/f8eba858e89d86da3e8f4131644d7c72"},"headline":"Sjuk v\u00e5rd","datePublished":"2004-12-14T19:42:07+00:00","mainEntityOfPage":{"@id":"https:\/\/www.freiholtz.se\/forvetet\/2004\/12\/14\/svensk-sjuk-v%ef%bf%bdrd\/"},"wordCount":88,"keywords":["sjuk v\u00e5rd","vg-region"],"articleSection":["Politik","Samh\u00e4lle"],"inLanguage":"sv-SE"},{"@type":"WebPage","@id":"https:\/\/www.freiholtz.se\/forvetet\/2004\/12\/14\/svensk-sjuk-v%ef%bf%bdrd\/","url":"https:\/\/www.freiholtz.se\/forvetet\/2004\/12\/14\/svensk-sjuk-v%ef%bf%bdrd\/","name":"Sjuk v\u00e5rd - F\u00f6rvetet","isPartOf":{"@id":"https:\/\/www.freiholtz.se\/forvetet\/#website"},"datePublished":"2004-12-14T19:42:07+00:00","author":{"@id":"https:\/\/www.freiholtz.se\/forvetet\/#\/schema\/person\/f8eba858e89d86da3e8f4131644d7c72"},"breadcrumb":{"@id":"https:\/\/www.freiholtz.se\/forvetet\/2004\/12\/14\/svensk-sjuk-v%ef%bf%bdrd\/#breadcrumb"},"inLanguage":"sv-SE","potentialAction":[{"@type":"ReadAction","target":["https:\/\/www.freiholtz.se\/forvetet\/2004\/12\/14\/svensk-sjuk-v%ef%bf%bdrd\/"]}]},{"@type":"BreadcrumbList","@id":"https:\/\/www.freiholtz.se\/forvetet\/2004\/12\/14\/svensk-sjuk-v%ef%bf%bdrd\/#breadcrumb","itemListElement":[{"@type":"ListItem","position":1,"name":"Hem","item":"https:\/\/www.freiholtz.se\/forvetet\/"},{"@type":"ListItem","position":2,"name":"Sjuk v\u00e5rd"}]},{"@type":"WebSite","@id":"https:\/\/www.freiholtz.se\/forvetet\/#website","url":"https:\/\/www.freiholtz.se\/forvetet\/","name":"F\u00f6rvetet","description":"en blogg fr\u00e5n freiholtz.se!","potentialAction":[{"@type":"SearchAction","target":{"@type":"EntryPoint","urlTemplate":"https:\/\/www.freiholtz.se\/forvetet\/?s={search_term_string}"},"query-input":{"@type":"PropertyValueSpecification","valueRequired":true,"valueName":"search_term_string"}}],"inLanguage":"sv-SE"},{"@type":"Person","@id":"https:\/\/www.freiholtz.se\/forvetet\/#\/schema\/person\/f8eba858e89d86da3e8f4131644d7c72","name":"Thorvald","image":{"@type":"ImageObject","inLanguage":"sv-SE","@id":"https:\/\/secure.gravatar.com\/avatar\/8328a4c14b3a439f4c0cf3cf4af03cee061e00c35ed80000610d03c204796578?s=96&d=mm&r=g","url":"https:\/\/secure.gravatar.com\/avatar\/8328a4c14b3a439f4c0cf3cf4af03cee061e00c35ed80000610d03c204796578?s=96&d=mm&r=g","contentUrl":"https:\/\/secure.gravatar.com\/avatar\/8328a4c14b3a439f4c0cf3cf4af03cee061e00c35ed80000610d03c204796578?s=96&d=mm&r=g","caption":"Thorvald"},"sameAs":["https:\/\/www.freiholtz.se"],"url":"https:\/\/www.freiholtz.se\/forvetet\/author\/thorvald\/"}]}},"_links":{"self":[{"href":"https:\/\/www.freiholtz.se\/forvetet\/wp-json\/wp\/v2\/posts\/845","targetHints":{"allow":["GET"]}}],"collection":[{"href":"https:\/\/www.freiholtz.se\/forvetet\/wp-json\/wp\/v2\/posts"}],"about":[{"href":"https:\/\/www.freiholtz.se\/forvetet\/wp-json\/wp\/v2\/types\/post"}],"author":[{"embeddable":true,"href":"https:\/\/www.freiholtz.se\/forvetet\/wp-json\/wp\/v2\/users\/1"}],"replies":[{"embeddable":true,"href":"https:\/\/www.freiholtz.se\/forvetet\/wp-json\/wp\/v2\/comments?post=845"}],"version-history":[{"count":0,"href":"https:\/\/www.freiholtz.se\/forvetet\/wp-json\/wp\/v2\/posts\/845\/revisions"}],"wp:attachment":[{"href":"https:\/\/www.freiholtz.se\/forvetet\/wp-json\/wp\/v2\/media?parent=845"}],"wp:term":[{"taxonomy":"category","embeddable":true,"href":"https:\/\/www.freiholtz.se\/forvetet\/wp-json\/wp\/v2\/categories?post=845"},{"taxonomy":"post_tag","embeddable":true,"href":"https:\/\/www.freiholtz.se\/forvetet\/wp-json\/wp\/v2\/tags?post=845"}],"curies":[{"name":"wp","href":"https:\/\/api.w.org\/{rel}","templated":true}]}}