{"id":832,"date":"2004-10-26T22:46:28","date_gmt":"2004-10-26T20:46:28","guid":{"rendered":"http:\/\/www.freiholtz.se\/forvetet\/?p=832"},"modified":"2004-10-26T22:46:28","modified_gmt":"2004-10-26T20:46:28","slug":"ett-steg-till","status":"publish","type":"post","link":"https:\/\/www.freiholtz.se\/forvetet\/2004\/10\/26\/ett-steg-till\/","title":{"rendered":"Ett steg till"},"content":{"rendered":"<p><!--109882368060994010-->Fr\u00e5n Hasse Eneryds (ny studierektor p\u00e5 <a class=\"text\" href=\"http:\/\/student.jur.uu.se\/modules\/public\/page.aspx?id=359&amp;lvl=1\">juristlinjen i Uppsala<\/a>) \u00f6ppningsanf\u00f6rande vid f\u00f6reningen Politiskt Korrekta Juristers (PKJ) konstituerande m\u00f6te v\u00e5ren 2007: <\/p>\n<p>\n<em>&#8221;Alltsedan <a class=\"text\" href=\"http:\/\/www.jur.uu.se\/staff\/default.aspx?action=visa&amp;id=645\">min f\u00f6retr\u00e4dare<\/a>s <a class=\"text\" href=\"http:\/\/www.sr.se\/cgi-bin\/webbradio\/CreateRam.asp?namn=rtsp:\/\/lyssna.sr.se\/P1\/nyhetsverktyg\/P1_03175111I_2004-10-26_174148.rm\"> seger i kvoteringsr\u00e4tteg\u00e5ngen<\/a> <\/em>[Real Audio] <em>h\u00e4rom\u00e5ret \u00e4r vi m\u00e5nga som k\u00e4nt att kvotering p\u00e5 etnisk grund till juristutbildningen \u00e4r l\u00e5ngt ifr\u00e5n tillr\u00e4ckligt. <\/p>\n<p>\nR\u00e4ttsv\u00e4sendet <strong>m\u00e5ste<\/strong> \u00e5terspegla samh\u00e4llets befolkning som helhet. Den som kommer inf\u00f6r polis och domstol ska helst k\u00e4nna ett f\u00f6rtroende f\u00f6r r\u00e4ttsv\u00e4sendet. En betydande del av befolkningen, inklusive brottslingar och brottsoffer, har en intelligenskvot mellan 70 och 85 och kan betecknas som svagt normalbeg\u00e5vade. Om det d\u00e5 inte finns annat \u00e4n poliser, domare och advokater med en intelligenskvot klart \u00f6ver 100, ja d\u00e5 k\u00e4nner inte befolkningen ett f\u00f6rtroende f\u00f6r r\u00e4ttsv\u00e4sendet. D\u00e5 finns det en risk f\u00f6r att r\u00e4ttssamh\u00e4llet krackelerar, att folk helt enkelt tar lagen i egna h\u00e4nder. Och det \u00e4r den absolut v\u00e4rsta utveckling som t\u00e4nkas kan. <\/p>\n<p>Samma problem finns i r\u00e4ttsv\u00e4sendets relation till ungdomar. En v\u00e4xande andel av s\u00e5v\u00e4l brottslingar som brottsoffer \u00e4r ton\u00e5ringar. Men har n\u00e5gon sett en ton\u00e5rig domare, polis eller advokat&#8230;? <\/p>\n<p>Nej, just det! <\/p>\n<p>Inte undra p\u00e5 att ungdomarna k\u00e4nner ett fr\u00e4mlingsskap inf\u00f6r r\u00e4ttsv\u00e4sendet. <\/p>\n<p>De svagt normalbeg\u00e5vade \u00e4r en grupp som \u00e4r underrepresenterade bland v\u00e5ra studenter och som ofta haft s\u00e4rskilda sv\u00e5righeter under gymnasiet som gjort att de inte f\u00e5tt tillr\u00e4ckligt h\u00f6ga betyg f\u00f6r att komma in. Juristutbildningarna \u00e4r mycket eftertraktade och det kr\u00e4vs v\u00e4ldigt h\u00f6ga betyg f\u00f6r att komma in. \u00c4n v\u00e4rre \u00e4r det f\u00f6r de barn som vi m\u00e5ste ta in f\u00f6r att f\u00e5 fram de ton\u00e5riga poliserna, domarna och advokaterna, de har ju inte ens haft chansen att f\u00e5 n\u00e5gra gym-nasiebetyg!!! <\/p>\n<p>\nVi kommer d\u00e4rf\u00f6r att inr\u00e4tta tv\u00e5 nya kvotgrupper &#8211; en f\u00f6r svagbeg\u00e5vade och en f\u00f6r barn mellan 10 och 12 \u00e5r. En tredjedel av utbildnings-platserna kommer att reserveras f\u00f6r dessa grupper. <\/p>\n<p>\nKvotering \u00e4r emellertid inte tillr\u00e4ckligt. F\u00f6r att ytterligare underl\u00e4tta f\u00f6r dessa grupper kommer vi att ta fram l\u00e4romedel p\u00e5 l\u00e4tt svenska och s\u00e4rskilda tentor enligt multiple choice-modell samt ers\u00e4tta C- och D-uppsatserna med Fritt Valt Arbete. <\/p>\n<p>\n<strong>Detta \u00e4r r\u00e4ttvist och r\u00e4ttf\u00e4rdigt! Nuvarande antagningssystem och de kr\u00e4vande studierna missgynnar svagbeg\u00e5vade och barn. Det r\u00e4ttar vi nu till!<\/strong>&#8221;<\/p>\n<p><\/em><\/p>\n","protected":false},"excerpt":{"rendered":"<p>Fr\u00e5n Hasse Eneryds (ny studierektor p\u00e5 juristlinjen i Uppsala) \u00f6ppningsanf\u00f6rande vid f\u00f6reningen Politiskt Korrekta Juristers (PKJ) konstituerande m\u00f6te v\u00e5ren 2007: &#8221;Alltsedan min f\u00f6retr\u00e4dares seger i kvoteringsr\u00e4tteg\u00e5ngen [Real Audio] h\u00e4rom\u00e5ret \u00e4r vi m\u00e5nga som k\u00e4nt att kvotering p\u00e5 etnisk grund till juristutbildningen \u00e4r l\u00e5ngt ifr\u00e5n tillr\u00e4ckligt. R\u00e4ttsv\u00e4sendet m\u00e5ste \u00e5terspegla samh\u00e4llets befolkning som helhet. Den som kommer&#8230;<\/p>\n","protected":false},"author":1,"featured_media":0,"comment_status":"closed","ping_status":"closed","sticky":false,"template":"","format":"standard","meta":{"_monsterinsights_skip_tracking":false,"_monsterinsights_sitenote_active":false,"_monsterinsights_sitenote_note":"","_monsterinsights_sitenote_category":0,"footnotes":""},"categories":[7,8],"tags":[],"class_list":["post-832","post","type-post","status-publish","format-standard","hentry","category-politik","category-samhalle"],"yoast_head":"<!-- This site is optimized with the Yoast SEO plugin v27.5 - https:\/\/yoast.com\/product\/yoast-seo-wordpress\/ -->\n<title>Ett steg till - F\u00f6rvetet<\/title>\n<meta name=\"robots\" content=\"index, follow, max-snippet:-1, max-image-preview:large, max-video-preview:-1\" \/>\n<link rel=\"canonical\" href=\"https:\/\/www.freiholtz.se\/forvetet\/2004\/10\/26\/ett-steg-till\/\" \/>\n<meta property=\"og:locale\" content=\"sv_SE\" \/>\n<meta property=\"og:type\" content=\"article\" \/>\n<meta property=\"og:title\" content=\"Ett steg till - F\u00f6rvetet\" \/>\n<meta property=\"og:description\" content=\"Fr\u00e5n Hasse Eneryds (ny studierektor p\u00e5 juristlinjen i Uppsala) \u00f6ppningsanf\u00f6rande vid f\u00f6reningen Politiskt Korrekta Juristers (PKJ) konstituerande m\u00f6te v\u00e5ren 2007: &#8221;Alltsedan min f\u00f6retr\u00e4dares seger i kvoteringsr\u00e4tteg\u00e5ngen [Real Audio] h\u00e4rom\u00e5ret \u00e4r vi m\u00e5nga som k\u00e4nt att kvotering p\u00e5 etnisk grund till juristutbildningen \u00e4r l\u00e5ngt ifr\u00e5n tillr\u00e4ckligt. R\u00e4ttsv\u00e4sendet m\u00e5ste \u00e5terspegla samh\u00e4llets befolkning som helhet. Den som kommer...\" \/>\n<meta property=\"og:url\" content=\"https:\/\/www.freiholtz.se\/forvetet\/2004\/10\/26\/ett-steg-till\/\" \/>\n<meta property=\"og:site_name\" content=\"F\u00f6rvetet\" \/>\n<meta property=\"article:published_time\" content=\"2004-10-26T20:46:28+00:00\" \/>\n<meta name=\"author\" content=\"Thorvald\" \/>\n<meta name=\"twitter:card\" content=\"summary_large_image\" \/>\n<meta name=\"twitter:label1\" content=\"Skriven av\" \/>\n\t<meta name=\"twitter:data1\" content=\"Thorvald\" \/>\n\t<meta name=\"twitter:label2\" content=\"Ber\u00e4knad l\u00e4stid\" \/>\n\t<meta name=\"twitter:data2\" content=\"2 minuter\" \/>\n<script type=\"application\/ld+json\" class=\"yoast-schema-graph\">{\"@context\":\"https:\\\/\\\/schema.org\",\"@graph\":[{\"@type\":\"Article\",\"@id\":\"https:\\\/\\\/www.freiholtz.se\\\/forvetet\\\/2004\\\/10\\\/26\\\/ett-steg-till\\\/#article\",\"isPartOf\":{\"@id\":\"https:\\\/\\\/www.freiholtz.se\\\/forvetet\\\/2004\\\/10\\\/26\\\/ett-steg-till\\\/\"},\"author\":{\"name\":\"Thorvald\",\"@id\":\"https:\\\/\\\/www.freiholtz.se\\\/forvetet\\\/#\\\/schema\\\/person\\\/f8eba858e89d86da3e8f4131644d7c72\"},\"headline\":\"Ett steg till\",\"datePublished\":\"2004-10-26T20:46:28+00:00\",\"mainEntityOfPage\":{\"@id\":\"https:\\\/\\\/www.freiholtz.se\\\/forvetet\\\/2004\\\/10\\\/26\\\/ett-steg-till\\\/\"},\"wordCount\":437,\"articleSection\":[\"Politik\",\"Samh\u00e4lle\"],\"inLanguage\":\"sv-SE\"},{\"@type\":\"WebPage\",\"@id\":\"https:\\\/\\\/www.freiholtz.se\\\/forvetet\\\/2004\\\/10\\\/26\\\/ett-steg-till\\\/\",\"url\":\"https:\\\/\\\/www.freiholtz.se\\\/forvetet\\\/2004\\\/10\\\/26\\\/ett-steg-till\\\/\",\"name\":\"Ett steg till - F\u00f6rvetet\",\"isPartOf\":{\"@id\":\"https:\\\/\\\/www.freiholtz.se\\\/forvetet\\\/#website\"},\"datePublished\":\"2004-10-26T20:46:28+00:00\",\"author\":{\"@id\":\"https:\\\/\\\/www.freiholtz.se\\\/forvetet\\\/#\\\/schema\\\/person\\\/f8eba858e89d86da3e8f4131644d7c72\"},\"breadcrumb\":{\"@id\":\"https:\\\/\\\/www.freiholtz.se\\\/forvetet\\\/2004\\\/10\\\/26\\\/ett-steg-till\\\/#breadcrumb\"},\"inLanguage\":\"sv-SE\",\"potentialAction\":[{\"@type\":\"ReadAction\",\"target\":[\"https:\\\/\\\/www.freiholtz.se\\\/forvetet\\\/2004\\\/10\\\/26\\\/ett-steg-till\\\/\"]}]},{\"@type\":\"BreadcrumbList\",\"@id\":\"https:\\\/\\\/www.freiholtz.se\\\/forvetet\\\/2004\\\/10\\\/26\\\/ett-steg-till\\\/#breadcrumb\",\"itemListElement\":[{\"@type\":\"ListItem\",\"position\":1,\"name\":\"Hem\",\"item\":\"https:\\\/\\\/www.freiholtz.se\\\/forvetet\\\/\"},{\"@type\":\"ListItem\",\"position\":2,\"name\":\"Ett steg till\"}]},{\"@type\":\"WebSite\",\"@id\":\"https:\\\/\\\/www.freiholtz.se\\\/forvetet\\\/#website\",\"url\":\"https:\\\/\\\/www.freiholtz.se\\\/forvetet\\\/\",\"name\":\"F\u00f6rvetet\",\"description\":\"en blogg fr\u00e5n freiholtz.se!\",\"potentialAction\":[{\"@type\":\"SearchAction\",\"target\":{\"@type\":\"EntryPoint\",\"urlTemplate\":\"https:\\\/\\\/www.freiholtz.se\\\/forvetet\\\/?s={search_term_string}\"},\"query-input\":{\"@type\":\"PropertyValueSpecification\",\"valueRequired\":true,\"valueName\":\"search_term_string\"}}],\"inLanguage\":\"sv-SE\"},{\"@type\":\"Person\",\"@id\":\"https:\\\/\\\/www.freiholtz.se\\\/forvetet\\\/#\\\/schema\\\/person\\\/f8eba858e89d86da3e8f4131644d7c72\",\"name\":\"Thorvald\",\"image\":{\"@type\":\"ImageObject\",\"inLanguage\":\"sv-SE\",\"@id\":\"https:\\\/\\\/secure.gravatar.com\\\/avatar\\\/8328a4c14b3a439f4c0cf3cf4af03cee061e00c35ed80000610d03c204796578?s=96&d=mm&r=g\",\"url\":\"https:\\\/\\\/secure.gravatar.com\\\/avatar\\\/8328a4c14b3a439f4c0cf3cf4af03cee061e00c35ed80000610d03c204796578?s=96&d=mm&r=g\",\"contentUrl\":\"https:\\\/\\\/secure.gravatar.com\\\/avatar\\\/8328a4c14b3a439f4c0cf3cf4af03cee061e00c35ed80000610d03c204796578?s=96&d=mm&r=g\",\"caption\":\"Thorvald\"},\"sameAs\":[\"https:\\\/\\\/www.freiholtz.se\"],\"url\":\"https:\\\/\\\/www.freiholtz.se\\\/forvetet\\\/author\\\/thorvald\\\/\"}]}<\/script>\n<!-- \/ Yoast SEO plugin. -->","yoast_head_json":{"title":"Ett steg till - F\u00f6rvetet","robots":{"index":"index","follow":"follow","max-snippet":"max-snippet:-1","max-image-preview":"max-image-preview:large","max-video-preview":"max-video-preview:-1"},"canonical":"https:\/\/www.freiholtz.se\/forvetet\/2004\/10\/26\/ett-steg-till\/","og_locale":"sv_SE","og_type":"article","og_title":"Ett steg till - F\u00f6rvetet","og_description":"Fr\u00e5n Hasse Eneryds (ny studierektor p\u00e5 juristlinjen i Uppsala) \u00f6ppningsanf\u00f6rande vid f\u00f6reningen Politiskt Korrekta Juristers (PKJ) konstituerande m\u00f6te v\u00e5ren 2007: &#8221;Alltsedan min f\u00f6retr\u00e4dares seger i kvoteringsr\u00e4tteg\u00e5ngen [Real Audio] h\u00e4rom\u00e5ret \u00e4r vi m\u00e5nga som k\u00e4nt att kvotering p\u00e5 etnisk grund till juristutbildningen \u00e4r l\u00e5ngt ifr\u00e5n tillr\u00e4ckligt. R\u00e4ttsv\u00e4sendet m\u00e5ste \u00e5terspegla samh\u00e4llets befolkning som helhet. Den som kommer...","og_url":"https:\/\/www.freiholtz.se\/forvetet\/2004\/10\/26\/ett-steg-till\/","og_site_name":"F\u00f6rvetet","article_published_time":"2004-10-26T20:46:28+00:00","author":"Thorvald","twitter_card":"summary_large_image","twitter_misc":{"Skriven av":"Thorvald","Ber\u00e4knad l\u00e4stid":"2 minuter"},"schema":{"@context":"https:\/\/schema.org","@graph":[{"@type":"Article","@id":"https:\/\/www.freiholtz.se\/forvetet\/2004\/10\/26\/ett-steg-till\/#article","isPartOf":{"@id":"https:\/\/www.freiholtz.se\/forvetet\/2004\/10\/26\/ett-steg-till\/"},"author":{"name":"Thorvald","@id":"https:\/\/www.freiholtz.se\/forvetet\/#\/schema\/person\/f8eba858e89d86da3e8f4131644d7c72"},"headline":"Ett steg till","datePublished":"2004-10-26T20:46:28+00:00","mainEntityOfPage":{"@id":"https:\/\/www.freiholtz.se\/forvetet\/2004\/10\/26\/ett-steg-till\/"},"wordCount":437,"articleSection":["Politik","Samh\u00e4lle"],"inLanguage":"sv-SE"},{"@type":"WebPage","@id":"https:\/\/www.freiholtz.se\/forvetet\/2004\/10\/26\/ett-steg-till\/","url":"https:\/\/www.freiholtz.se\/forvetet\/2004\/10\/26\/ett-steg-till\/","name":"Ett steg till - F\u00f6rvetet","isPartOf":{"@id":"https:\/\/www.freiholtz.se\/forvetet\/#website"},"datePublished":"2004-10-26T20:46:28+00:00","author":{"@id":"https:\/\/www.freiholtz.se\/forvetet\/#\/schema\/person\/f8eba858e89d86da3e8f4131644d7c72"},"breadcrumb":{"@id":"https:\/\/www.freiholtz.se\/forvetet\/2004\/10\/26\/ett-steg-till\/#breadcrumb"},"inLanguage":"sv-SE","potentialAction":[{"@type":"ReadAction","target":["https:\/\/www.freiholtz.se\/forvetet\/2004\/10\/26\/ett-steg-till\/"]}]},{"@type":"BreadcrumbList","@id":"https:\/\/www.freiholtz.se\/forvetet\/2004\/10\/26\/ett-steg-till\/#breadcrumb","itemListElement":[{"@type":"ListItem","position":1,"name":"Hem","item":"https:\/\/www.freiholtz.se\/forvetet\/"},{"@type":"ListItem","position":2,"name":"Ett steg till"}]},{"@type":"WebSite","@id":"https:\/\/www.freiholtz.se\/forvetet\/#website","url":"https:\/\/www.freiholtz.se\/forvetet\/","name":"F\u00f6rvetet","description":"en blogg fr\u00e5n freiholtz.se!","potentialAction":[{"@type":"SearchAction","target":{"@type":"EntryPoint","urlTemplate":"https:\/\/www.freiholtz.se\/forvetet\/?s={search_term_string}"},"query-input":{"@type":"PropertyValueSpecification","valueRequired":true,"valueName":"search_term_string"}}],"inLanguage":"sv-SE"},{"@type":"Person","@id":"https:\/\/www.freiholtz.se\/forvetet\/#\/schema\/person\/f8eba858e89d86da3e8f4131644d7c72","name":"Thorvald","image":{"@type":"ImageObject","inLanguage":"sv-SE","@id":"https:\/\/secure.gravatar.com\/avatar\/8328a4c14b3a439f4c0cf3cf4af03cee061e00c35ed80000610d03c204796578?s=96&d=mm&r=g","url":"https:\/\/secure.gravatar.com\/avatar\/8328a4c14b3a439f4c0cf3cf4af03cee061e00c35ed80000610d03c204796578?s=96&d=mm&r=g","contentUrl":"https:\/\/secure.gravatar.com\/avatar\/8328a4c14b3a439f4c0cf3cf4af03cee061e00c35ed80000610d03c204796578?s=96&d=mm&r=g","caption":"Thorvald"},"sameAs":["https:\/\/www.freiholtz.se"],"url":"https:\/\/www.freiholtz.se\/forvetet\/author\/thorvald\/"}]}},"_links":{"self":[{"href":"https:\/\/www.freiholtz.se\/forvetet\/wp-json\/wp\/v2\/posts\/832","targetHints":{"allow":["GET"]}}],"collection":[{"href":"https:\/\/www.freiholtz.se\/forvetet\/wp-json\/wp\/v2\/posts"}],"about":[{"href":"https:\/\/www.freiholtz.se\/forvetet\/wp-json\/wp\/v2\/types\/post"}],"author":[{"embeddable":true,"href":"https:\/\/www.freiholtz.se\/forvetet\/wp-json\/wp\/v2\/users\/1"}],"replies":[{"embeddable":true,"href":"https:\/\/www.freiholtz.se\/forvetet\/wp-json\/wp\/v2\/comments?post=832"}],"version-history":[{"count":0,"href":"https:\/\/www.freiholtz.se\/forvetet\/wp-json\/wp\/v2\/posts\/832\/revisions"}],"wp:attachment":[{"href":"https:\/\/www.freiholtz.se\/forvetet\/wp-json\/wp\/v2\/media?parent=832"}],"wp:term":[{"taxonomy":"category","embeddable":true,"href":"https:\/\/www.freiholtz.se\/forvetet\/wp-json\/wp\/v2\/categories?post=832"},{"taxonomy":"post_tag","embeddable":true,"href":"https:\/\/www.freiholtz.se\/forvetet\/wp-json\/wp\/v2\/tags?post=832"}],"curies":[{"name":"wp","href":"https:\/\/api.w.org\/{rel}","templated":true}]}}