{"id":827,"date":"2004-09-09T23:13:42","date_gmt":"2004-09-09T22:13:42","guid":{"rendered":"http:\/\/www.freiholtz.se\/forvetet\/?p=827"},"modified":"2004-09-09T23:13:42","modified_gmt":"2004-09-09T22:13:42","slug":"kris-i-befolkningsfr%ef%bf%bdgan-iii","status":"publish","type":"post","link":"https:\/\/www.freiholtz.se\/forvetet\/2004\/09\/09\/kris-i-befolkningsfr%ef%bf%bdgan-iii\/","title":{"rendered":"Kris i befolkningsfr\u00e5gan III"},"content":{"rendered":"<p><!--109476452230087570-->Alva och Gunnar Myrdal var inte var rasister, de var socialister. Det framg\u00e5r med \u00f6nskv\u00e4rd tydlighet av citaten i <a href=\"http:\/\/www.freiholtz.se\/forvetet\/?p=828\">f\u00f6reg\u00e5ende inl\u00e4gg<\/a>.<\/p>\n<p>De var var inte vilka socialister som helst, de var de mest inflytelserika socialisterna i Sverige under f\u00f6rra \u00e5rhundradet. <em>Kris i befolkningsfr\u00e5gan<\/em> har som inget annat verk format det svenska samh\u00e4llet fr\u00e5n trettiotalet och till v\u00e5ra dagar. Den rekommenderas till l\u00e4sning f\u00f6r alla som vill f\u00f6rst\u00e5 varf\u00f6r v\u00e5rt samh\u00e4lle ser ut som det g\u00f6r, p\u00e5 gott och ont.<\/p>\n<p>Den hj\u00e4rtl\u00f6sa steriliseringspolitik paret Myrdal f\u00f6respr\u00e5kar har inte sin grund i rasbiologi. Det \u00e4r inte en rashygienisk politik, det \u00e4r socialism i praktisk handling.<\/p>\n<p>Att de t.ex. kan t\u00e4nka sig att till och med tv\u00e5ngssterilisera vuxna, myndiga (r\u00e4ttskapabla) m\u00e4nniskor beror p\u00e5 att de, som socialister alltid g\u00f6r, s\u00e4tter kollektivet f\u00f6re individen, massan f\u00f6re den enskilde, samh\u00e4llets intresse f\u00f6re medborgarens. En sann socialist bryr sig inte om ett samh\u00e4lleligt missf\u00f6rh\u00e5llande om summan av de ber\u00f6rda \u00e4r mindre \u00e4n ett femsiffrigt tal. Men det \u00e4r endast under f\u00f6ruts\u00e4ttning att det handlar om svenskf\u00f6dda &#8221;arbetare&#8221;, i annat fall m\u00e5ste det vara ett sexsiffrigt tal. Man kan sammanfatta Myrdals inst\u00e4llning i sociala fr\u00e5gor med uttrycket &#8221;<em>Man kan inte g\u00f6ra en omelett utan att krossa n\u00e5gra \u00e4gg<\/em>&#8221;.<\/p>\n<p>Det \u00e4r samma socialistiska inst\u00e4llning som g\u00f6r att v\u00e5r s.k. <a class=\"text\" href=\"http:\/\/www.regeringen.se\/sb\/d\/1266\">migrationsminister Barbro Holmberg<\/a> kan f\u00f6ra s\u00e5 <a class=\"text\" href=\"http:\/\/www.sr.se\/cgi-bin\/ekot\/artikel.asp?artikel=465823\">bottenfruset<\/a> <a class=\"text\" href=\"http:\/\/www.dn.se\/DNet\/jsp\/polopoly.jsp?d=147&amp;a=307665&amp;previousRenderType=2\">kallsinnig<\/a> asylpolitik.<\/p>\n<p>Det finns dock en absolut gr\u00e4ns f\u00f6r denna inst\u00e4llning. Den g\u00e4ller inte n\u00e4r det kommer till den egna personen, den egna familjen eller den n\u00e4rmaste umg\u00e4ngeskretsen. Det finns gott om <a class=\"text\" href=\"http:\/\/www.sr.se\/ekot\/artikel.asp?artikel=465356\">aktuella<\/a> <a class=\"text\" href=\"http:\/\/www.sr.se\/cgi-bin\/ekot\/artikel.asp?artikel=461247\">exempel<\/a> som illustrerar detta.<\/p>\n<p><strong>Fotnot:<\/strong> Det verkar n\u00e4stan som om dagens socialdemokrater smusslar lika mycket med sitt socialistiska arv som de flesta v\u00e4nsterpartister g\u00f6r med sin kommunistiska bakgrund. Jag har s\u00f6kt p\u00e5 socialism och socialistisk p\u00e5 <a class=\"text\" href=\"http:\/\/www.socialdemokraterna.se\/\">SAP:s webbplats<\/a>. Socialism gav tolv tr\u00e4ffar, men det var bara \u00e5tta olika texter varav en irrelevant. Socialistisk gav tre tr\u00e4ffar! F\u00f6r s\u00e4kerhets kontrollerade jag <a class=\"text\" href=\"http:\/\/www.socialdemokraterna.se\/sapobj.nsf\/0\/6BFC6D32F5ED9AF7C1256EF6004551CA\/$file\/partiprogram.pdf\">partiprogrammet<\/a> (pdf) ocks\u00e5 eftersom s\u00f6kmotorn inte indexerar pdf-dokument. Socialism gav fem tr\u00e4ffar i br\u00f6dtext, socialistisk fyra tr\u00e4ffar i br\u00f6dtext p\u00e5 22 sidor. Det \u00e4r tydligt att socialismen inte \u00e4r n\u00e5got man vill skylta med idag!<\/p>\n","protected":false},"excerpt":{"rendered":"<p>Alva och Gunnar Myrdal var inte var rasister, de var socialister. Det framg\u00e5r med \u00f6nskv\u00e4rd tydlighet av citaten i f\u00f6reg\u00e5ende inl\u00e4gg. De var var inte vilka socialister som helst, de var de mest inflytelserika socialisterna i Sverige under f\u00f6rra \u00e5rhundradet. Kris i befolkningsfr\u00e5gan har som inget annat verk format det svenska samh\u00e4llet fr\u00e5n trettiotalet och&#8230;<\/p>\n","protected":false},"author":1,"featured_media":0,"comment_status":"closed","ping_status":"closed","sticky":false,"template":"","format":"standard","meta":{"_monsterinsights_skip_tracking":false,"_monsterinsights_sitenote_active":false,"_monsterinsights_sitenote_note":"","_monsterinsights_sitenote_category":0,"footnotes":""},"categories":[7],"tags":[97,137,140,162,164],"class_list":["post-827","post","type-post","status-publish","format-standard","hentry","category-politik","tag-kris-i-befolkningsfragan","tag-rasbiologi","tag-rasism","tag-socialism","tag-sterilisering"],"yoast_head":"<!-- This site is optimized with the Yoast SEO plugin v27.5 - https:\/\/yoast.com\/product\/yoast-seo-wordpress\/ -->\n<title>Kris i befolkningsfr\u00e5gan III - F\u00f6rvetet<\/title>\n<meta name=\"robots\" content=\"index, follow, max-snippet:-1, max-image-preview:large, max-video-preview:-1\" \/>\n<link rel=\"canonical\" href=\"https:\/\/www.freiholtz.se\/forvetet\/2004\/09\/09\/kris-i-befolkningsfr\ufffdgan-iii\/\" \/>\n<meta property=\"og:locale\" content=\"sv_SE\" \/>\n<meta property=\"og:type\" content=\"article\" \/>\n<meta property=\"og:title\" content=\"Kris i befolkningsfr\u00e5gan III - F\u00f6rvetet\" \/>\n<meta property=\"og:description\" content=\"Alva och Gunnar Myrdal var inte var rasister, de var socialister. Det framg\u00e5r med \u00f6nskv\u00e4rd tydlighet av citaten i f\u00f6reg\u00e5ende inl\u00e4gg. De var var inte vilka socialister som helst, de var de mest inflytelserika socialisterna i Sverige under f\u00f6rra \u00e5rhundradet. Kris i befolkningsfr\u00e5gan har som inget annat verk format det svenska samh\u00e4llet fr\u00e5n trettiotalet och...\" \/>\n<meta property=\"og:url\" content=\"https:\/\/www.freiholtz.se\/forvetet\/2004\/09\/09\/kris-i-befolkningsfr\ufffdgan-iii\/\" \/>\n<meta property=\"og:site_name\" content=\"F\u00f6rvetet\" \/>\n<meta property=\"article:published_time\" content=\"2004-09-09T22:13:42+00:00\" \/>\n<meta name=\"author\" content=\"Thorvald\" \/>\n<meta name=\"twitter:card\" content=\"summary_large_image\" \/>\n<meta name=\"twitter:label1\" content=\"Skriven av\" \/>\n\t<meta name=\"twitter:data1\" content=\"Thorvald\" \/>\n\t<meta name=\"twitter:label2\" content=\"Ber\u00e4knad l\u00e4stid\" \/>\n\t<meta name=\"twitter:data2\" content=\"2 minuter\" \/>\n<script type=\"application\/ld+json\" class=\"yoast-schema-graph\">{\"@context\":\"https:\\\/\\\/schema.org\",\"@graph\":[{\"@type\":\"Article\",\"@id\":\"https:\\\/\\\/www.freiholtz.se\\\/forvetet\\\/2004\\\/09\\\/09\\\/kris-i-befolkningsfr%ef%bf%bdgan-iii\\\/#article\",\"isPartOf\":{\"@id\":\"https:\\\/\\\/www.freiholtz.se\\\/forvetet\\\/2004\\\/09\\\/09\\\/kris-i-befolkningsfr%ef%bf%bdgan-iii\\\/\"},\"author\":{\"name\":\"Thorvald\",\"@id\":\"https:\\\/\\\/www.freiholtz.se\\\/forvetet\\\/#\\\/schema\\\/person\\\/f8eba858e89d86da3e8f4131644d7c72\"},\"headline\":\"Kris i befolkningsfr\u00e5gan III\",\"datePublished\":\"2004-09-09T22:13:42+00:00\",\"mainEntityOfPage\":{\"@id\":\"https:\\\/\\\/www.freiholtz.se\\\/forvetet\\\/2004\\\/09\\\/09\\\/kris-i-befolkningsfr%ef%bf%bdgan-iii\\\/\"},\"wordCount\":421,\"keywords\":[\"kris i befolkningsfr\u00e5gan\",\"rasbiologi\",\"rasism\",\"socialism\",\"sterilisering\"],\"articleSection\":[\"Politik\"],\"inLanguage\":\"sv-SE\"},{\"@type\":\"WebPage\",\"@id\":\"https:\\\/\\\/www.freiholtz.se\\\/forvetet\\\/2004\\\/09\\\/09\\\/kris-i-befolkningsfr%ef%bf%bdgan-iii\\\/\",\"url\":\"https:\\\/\\\/www.freiholtz.se\\\/forvetet\\\/2004\\\/09\\\/09\\\/kris-i-befolkningsfr%ef%bf%bdgan-iii\\\/\",\"name\":\"Kris i befolkningsfr\u00e5gan III - F\u00f6rvetet\",\"isPartOf\":{\"@id\":\"https:\\\/\\\/www.freiholtz.se\\\/forvetet\\\/#website\"},\"datePublished\":\"2004-09-09T22:13:42+00:00\",\"author\":{\"@id\":\"https:\\\/\\\/www.freiholtz.se\\\/forvetet\\\/#\\\/schema\\\/person\\\/f8eba858e89d86da3e8f4131644d7c72\"},\"breadcrumb\":{\"@id\":\"https:\\\/\\\/www.freiholtz.se\\\/forvetet\\\/2004\\\/09\\\/09\\\/kris-i-befolkningsfr%ef%bf%bdgan-iii\\\/#breadcrumb\"},\"inLanguage\":\"sv-SE\",\"potentialAction\":[{\"@type\":\"ReadAction\",\"target\":[\"https:\\\/\\\/www.freiholtz.se\\\/forvetet\\\/2004\\\/09\\\/09\\\/kris-i-befolkningsfr%ef%bf%bdgan-iii\\\/\"]}]},{\"@type\":\"BreadcrumbList\",\"@id\":\"https:\\\/\\\/www.freiholtz.se\\\/forvetet\\\/2004\\\/09\\\/09\\\/kris-i-befolkningsfr%ef%bf%bdgan-iii\\\/#breadcrumb\",\"itemListElement\":[{\"@type\":\"ListItem\",\"position\":1,\"name\":\"Hem\",\"item\":\"https:\\\/\\\/www.freiholtz.se\\\/forvetet\\\/\"},{\"@type\":\"ListItem\",\"position\":2,\"name\":\"Kris i befolkningsfr\u00e5gan III\"}]},{\"@type\":\"WebSite\",\"@id\":\"https:\\\/\\\/www.freiholtz.se\\\/forvetet\\\/#website\",\"url\":\"https:\\\/\\\/www.freiholtz.se\\\/forvetet\\\/\",\"name\":\"F\u00f6rvetet\",\"description\":\"en blogg fr\u00e5n freiholtz.se!\",\"potentialAction\":[{\"@type\":\"SearchAction\",\"target\":{\"@type\":\"EntryPoint\",\"urlTemplate\":\"https:\\\/\\\/www.freiholtz.se\\\/forvetet\\\/?s={search_term_string}\"},\"query-input\":{\"@type\":\"PropertyValueSpecification\",\"valueRequired\":true,\"valueName\":\"search_term_string\"}}],\"inLanguage\":\"sv-SE\"},{\"@type\":\"Person\",\"@id\":\"https:\\\/\\\/www.freiholtz.se\\\/forvetet\\\/#\\\/schema\\\/person\\\/f8eba858e89d86da3e8f4131644d7c72\",\"name\":\"Thorvald\",\"image\":{\"@type\":\"ImageObject\",\"inLanguage\":\"sv-SE\",\"@id\":\"https:\\\/\\\/secure.gravatar.com\\\/avatar\\\/8328a4c14b3a439f4c0cf3cf4af03cee061e00c35ed80000610d03c204796578?s=96&d=mm&r=g\",\"url\":\"https:\\\/\\\/secure.gravatar.com\\\/avatar\\\/8328a4c14b3a439f4c0cf3cf4af03cee061e00c35ed80000610d03c204796578?s=96&d=mm&r=g\",\"contentUrl\":\"https:\\\/\\\/secure.gravatar.com\\\/avatar\\\/8328a4c14b3a439f4c0cf3cf4af03cee061e00c35ed80000610d03c204796578?s=96&d=mm&r=g\",\"caption\":\"Thorvald\"},\"sameAs\":[\"https:\\\/\\\/www.freiholtz.se\"],\"url\":\"https:\\\/\\\/www.freiholtz.se\\\/forvetet\\\/author\\\/thorvald\\\/\"}]}<\/script>\n<!-- \/ Yoast SEO plugin. -->","yoast_head_json":{"title":"Kris i befolkningsfr\u00e5gan III - F\u00f6rvetet","robots":{"index":"index","follow":"follow","max-snippet":"max-snippet:-1","max-image-preview":"max-image-preview:large","max-video-preview":"max-video-preview:-1"},"canonical":"https:\/\/www.freiholtz.se\/forvetet\/2004\/09\/09\/kris-i-befolkningsfr\ufffdgan-iii\/","og_locale":"sv_SE","og_type":"article","og_title":"Kris i befolkningsfr\u00e5gan III - F\u00f6rvetet","og_description":"Alva och Gunnar Myrdal var inte var rasister, de var socialister. Det framg\u00e5r med \u00f6nskv\u00e4rd tydlighet av citaten i f\u00f6reg\u00e5ende inl\u00e4gg. De var var inte vilka socialister som helst, de var de mest inflytelserika socialisterna i Sverige under f\u00f6rra \u00e5rhundradet. Kris i befolkningsfr\u00e5gan har som inget annat verk format det svenska samh\u00e4llet fr\u00e5n trettiotalet och...","og_url":"https:\/\/www.freiholtz.se\/forvetet\/2004\/09\/09\/kris-i-befolkningsfr\ufffdgan-iii\/","og_site_name":"F\u00f6rvetet","article_published_time":"2004-09-09T22:13:42+00:00","author":"Thorvald","twitter_card":"summary_large_image","twitter_misc":{"Skriven av":"Thorvald","Ber\u00e4knad l\u00e4stid":"2 minuter"},"schema":{"@context":"https:\/\/schema.org","@graph":[{"@type":"Article","@id":"https:\/\/www.freiholtz.se\/forvetet\/2004\/09\/09\/kris-i-befolkningsfr%ef%bf%bdgan-iii\/#article","isPartOf":{"@id":"https:\/\/www.freiholtz.se\/forvetet\/2004\/09\/09\/kris-i-befolkningsfr%ef%bf%bdgan-iii\/"},"author":{"name":"Thorvald","@id":"https:\/\/www.freiholtz.se\/forvetet\/#\/schema\/person\/f8eba858e89d86da3e8f4131644d7c72"},"headline":"Kris i befolkningsfr\u00e5gan III","datePublished":"2004-09-09T22:13:42+00:00","mainEntityOfPage":{"@id":"https:\/\/www.freiholtz.se\/forvetet\/2004\/09\/09\/kris-i-befolkningsfr%ef%bf%bdgan-iii\/"},"wordCount":421,"keywords":["kris i befolkningsfr\u00e5gan","rasbiologi","rasism","socialism","sterilisering"],"articleSection":["Politik"],"inLanguage":"sv-SE"},{"@type":"WebPage","@id":"https:\/\/www.freiholtz.se\/forvetet\/2004\/09\/09\/kris-i-befolkningsfr%ef%bf%bdgan-iii\/","url":"https:\/\/www.freiholtz.se\/forvetet\/2004\/09\/09\/kris-i-befolkningsfr%ef%bf%bdgan-iii\/","name":"Kris i befolkningsfr\u00e5gan III - F\u00f6rvetet","isPartOf":{"@id":"https:\/\/www.freiholtz.se\/forvetet\/#website"},"datePublished":"2004-09-09T22:13:42+00:00","author":{"@id":"https:\/\/www.freiholtz.se\/forvetet\/#\/schema\/person\/f8eba858e89d86da3e8f4131644d7c72"},"breadcrumb":{"@id":"https:\/\/www.freiholtz.se\/forvetet\/2004\/09\/09\/kris-i-befolkningsfr%ef%bf%bdgan-iii\/#breadcrumb"},"inLanguage":"sv-SE","potentialAction":[{"@type":"ReadAction","target":["https:\/\/www.freiholtz.se\/forvetet\/2004\/09\/09\/kris-i-befolkningsfr%ef%bf%bdgan-iii\/"]}]},{"@type":"BreadcrumbList","@id":"https:\/\/www.freiholtz.se\/forvetet\/2004\/09\/09\/kris-i-befolkningsfr%ef%bf%bdgan-iii\/#breadcrumb","itemListElement":[{"@type":"ListItem","position":1,"name":"Hem","item":"https:\/\/www.freiholtz.se\/forvetet\/"},{"@type":"ListItem","position":2,"name":"Kris i befolkningsfr\u00e5gan III"}]},{"@type":"WebSite","@id":"https:\/\/www.freiholtz.se\/forvetet\/#website","url":"https:\/\/www.freiholtz.se\/forvetet\/","name":"F\u00f6rvetet","description":"en blogg fr\u00e5n freiholtz.se!","potentialAction":[{"@type":"SearchAction","target":{"@type":"EntryPoint","urlTemplate":"https:\/\/www.freiholtz.se\/forvetet\/?s={search_term_string}"},"query-input":{"@type":"PropertyValueSpecification","valueRequired":true,"valueName":"search_term_string"}}],"inLanguage":"sv-SE"},{"@type":"Person","@id":"https:\/\/www.freiholtz.se\/forvetet\/#\/schema\/person\/f8eba858e89d86da3e8f4131644d7c72","name":"Thorvald","image":{"@type":"ImageObject","inLanguage":"sv-SE","@id":"https:\/\/secure.gravatar.com\/avatar\/8328a4c14b3a439f4c0cf3cf4af03cee061e00c35ed80000610d03c204796578?s=96&d=mm&r=g","url":"https:\/\/secure.gravatar.com\/avatar\/8328a4c14b3a439f4c0cf3cf4af03cee061e00c35ed80000610d03c204796578?s=96&d=mm&r=g","contentUrl":"https:\/\/secure.gravatar.com\/avatar\/8328a4c14b3a439f4c0cf3cf4af03cee061e00c35ed80000610d03c204796578?s=96&d=mm&r=g","caption":"Thorvald"},"sameAs":["https:\/\/www.freiholtz.se"],"url":"https:\/\/www.freiholtz.se\/forvetet\/author\/thorvald\/"}]}},"_links":{"self":[{"href":"https:\/\/www.freiholtz.se\/forvetet\/wp-json\/wp\/v2\/posts\/827","targetHints":{"allow":["GET"]}}],"collection":[{"href":"https:\/\/www.freiholtz.se\/forvetet\/wp-json\/wp\/v2\/posts"}],"about":[{"href":"https:\/\/www.freiholtz.se\/forvetet\/wp-json\/wp\/v2\/types\/post"}],"author":[{"embeddable":true,"href":"https:\/\/www.freiholtz.se\/forvetet\/wp-json\/wp\/v2\/users\/1"}],"replies":[{"embeddable":true,"href":"https:\/\/www.freiholtz.se\/forvetet\/wp-json\/wp\/v2\/comments?post=827"}],"version-history":[{"count":0,"href":"https:\/\/www.freiholtz.se\/forvetet\/wp-json\/wp\/v2\/posts\/827\/revisions"}],"wp:attachment":[{"href":"https:\/\/www.freiholtz.se\/forvetet\/wp-json\/wp\/v2\/media?parent=827"}],"wp:term":[{"taxonomy":"category","embeddable":true,"href":"https:\/\/www.freiholtz.se\/forvetet\/wp-json\/wp\/v2\/categories?post=827"},{"taxonomy":"post_tag","embeddable":true,"href":"https:\/\/www.freiholtz.se\/forvetet\/wp-json\/wp\/v2\/tags?post=827"}],"curies":[{"name":"wp","href":"https:\/\/api.w.org\/{rel}","templated":true}]}}