{"id":819,"date":"2004-08-01T00:29:22","date_gmt":"2004-07-31T22:29:22","guid":{"rendered":"http:\/\/www.freiholtz.se\/forvetet\/?p=819"},"modified":"2004-08-01T00:29:22","modified_gmt":"2004-07-31T22:29:22","slug":"inte-mycket-kvar","status":"publish","type":"post","link":"https:\/\/www.freiholtz.se\/forvetet\/2004\/08\/01\/inte-mycket-kvar\/","title":{"rendered":"Inte mycket kvar"},"content":{"rendered":"<p><!--109131307366134395-->I en <a class=\"text\" href=\"http:\/\/www.haloscan.com\/comments\/forvetet\/109120477928630312\/#142948\">kommentar<\/a> till mitt <a class=\"text\" href=\"http:\/\/www.freiholtz.se\/forvetet\/2004_07_01_arkiv.shtml#109120477928630312\">f\u00f6reg\u00e5ende inl\u00e4gg<\/a> undrar <a class=\"text\" href=\"http:\/\/www.karlsson.at\/ordet.htm\">Bengt<\/a> vad som \u00e4r mitt huvudargument mot SUV:ar. Den fr\u00e5gan t\u00e4nker jag \u00e5terkomma till i ett senare inl\u00e4gg. F\u00f6rst t\u00e4nker jag granska argumentionen i <a class=\"text\" href=\"http:\/\/www.expressen.se\/index.jsp?a=164842\">David Zaudys ledare<\/a> i Expressen (som utl\u00f6ste Bengts fr\u00e5ga).<\/p>\n<p>Inledningsvis informerar Zaudy oss om att SUV:ar \u00e4r &#8221;<em>ett s\u00e4kert, rymligt och bekv\u00e4mt s\u00e4tt<\/em>&#8221; att transportera sig. <\/p>\n<p>Att en SUV \u00e4r rymlig torde f\u00e5 kunna mots\u00e4tta sig, men att den \u00e4r s\u00e4ker och bekv\u00e4m \u00e4r en uppfattning som kan ifr\u00e5gas\u00e4ttas. Den aktiva s\u00e4kerheten \u00e4r s\u00e4mre i en SUV eftersom k\u00f6regenskaperna (bl.a. p\u00e5 grund av h\u00f6gre tyngdpunkt) \u00e4r s\u00e4mre. F\u00f6r m\u00e5nga SUV-modeller \u00e4r ocks\u00e5 den passiva s\u00e4kerheten s\u00e4mre (t.ex. att passagerarna uts\u00e4tts f\u00f6r st\u00f6rre G-krafter vid en kollision p.g.a \u00e5lderdomlig chassikonstruktion). Dessutom \u00e4r det v\u00e4rre f\u00f6r medtrafikanterna (andra personbilar, cyklister och fotg\u00e4ngare) att bli p\u00e5k\u00f6rd av en SUV \u00e4n en vanlig personbil (<a class=\"text\" href=\"http:\/\/www.folksam.se\/forskning\/trafik\/stadsjeepar.htm\">l\u00e4nk<\/a>). En SUV \u00e4r knappast lika bekv\u00e4m som en vanlig personbil i samma prisklass. <\/p>\n<p>Enligt Zaudy \u00e4r de som kritiserar SUV:ar &#8221;<em>d\u00e5ligt p\u00e5l\u00e4sta milj\u00f6fundamentalister &#8211; ivrigt uppbackade av allsk\u00f6ns populister<\/em>&#8221;, t.ex. &#8221;<em>den gamle marxisten Ken Livingstone<\/em>&#8221; som s\u00e4ger att &#8221;<em>stadsjeeparna \u00e4r bara statussymboler f\u00f6r folk som har f\u00f6r mycket pengar<\/em>&#8221;.<\/p>\n<p>\nH\u00e4r f\u00f6rs\u00f6ker Zaudy misskreditera samtliga SUV-motst\u00e5ndare genom att ge dem det negativa epitetet fundamentalister och l\u00e5ta p\u00e5skina att de, i likhet med Ken Livingstone \u00e4r avundsjuka p\u00e5 SUV-\u00e4garna f\u00f6r deras pengar. Eftersom Livingstone \u00e4r gammal marxist s\u00e5 m\u00e5ste ju ocks\u00e5 alla andra SUV-kritiker vara det.<\/p>\n<p>Till kategorin d\u00e5ligt p\u00e5l\u00e4sta milj\u00f6fundamentalister r\u00e4knar Zaudy antagligen ocks\u00e5 &#8221;<em>byr\u00e5kraterna p\u00e5 v\u00e4gverket<\/em>&#8221; som f\u00f6rs\u00f6ker &#8221;<em>f\u00e5 bort jeeptrenden med hj\u00e4lp av skattechocker<\/em>&#8221;.<\/p>\n<p>P\u00e5 ett typiskt journalistiskt s\u00e4tt koncentrerar Zaudy sig p\u00e5 en detalj och missar helt &#8221;den stora bilden&#8221;. Om han hade varit p\u00e5l\u00e4st hade han vetat att V\u00e4gverket p\u00e5 regeringens uppdrag har tagit fram <a class=\"text\" href=\"http:\/\/www.vv.se\/miljo\/CO2%20strategi%2022.doc\">en klimatstrategi f\u00f6r v\u00e4gtransportsektorn<\/a> som ska bidra till att kortsiktiga och l\u00e5ngsiktiga nationella klimatm\u00e5l uppn\u00e5s. Strategin <a class=\"text\" href=\"http:\/\/www.vv.se\/aktuellt\/pressmed\/2004\/hkpress50.htm\">presenterades<\/a> den 30 juni i \u00e5r och inneh\u00e5ller analyser av 39 \u00e5tg\u00e4rder och styrmedel samt bed\u00f6mningar av effekterna fram till 2010, 2020 och 2050. Tre av \u00e5tg\u00e4rderna handlar om skatt baserad p\u00e5 koldioxidutsl\u00e4pp &#8211; fordonsskatt, registreringsskatt och skatt p\u00e5 f\u00f6rm\u00e5nsbil. Det framg\u00e5r ocks\u00e5 varf\u00f6r \u00e5tg\u00e4rder \u00e4r n\u00f6dv\u00e4ndiga:<\/p>\n<ul>\n<li>Klimatgaserna, av vilka koldioxid \u00e4r den viktigaste, p\u00e5verkar v\u00e5rt klimat genom en \u00f6kning av v\u00e4xthuseffekten (lite bakgrund <a class=\"text\" href=\"http:\/\/www.freiholtz.se\/forvetet\/2004_07_01_arkiv.shtml#109118498543780692\">h\u00e4r<\/a>).<\/li>\n<li>V\u00e4gtrafiken st\u00e5r f\u00f6r ca 30 procent av utsl\u00e4ppen av koldioxid i Sverige.<\/li>\n<li>V\u00e4gtrafikens utsl\u00e4pp \u00f6kar f\u00f6r n\u00e4rvarande med ca 1 procent per \u00e5r.<\/li>\n<li>Om inget g\u00f6rs kommer v\u00e4gtransporterna sl\u00e4ppa ut 28 miljoner ton koldioxid 2050 (50 procent mer \u00e4n i dag).<\/li>\n<\/ul>\n<p>Det \u00e4r mot denna bakgrund man ska se att V\u00e4gverkets milj\u00f6direkt\u00f6r svarade att &#8221;<em>man kan misst\u00e4nka att det successivt kommer att inf\u00f6ras skatter och andra regelverk som g\u00f6r dem <\/em>[stadsjeeparna, min anm\u00e4rkning]<em> mindre attraktiva<\/em>&#8221; i en <a class=\"text\" href=\"http:\/\/www.sr.se\/cgi-bin\/ekot\/artikel.asp?artikel=448950\">Ekointervju<\/a>. De skatter som Zaudy hetsar upp sig \u00f6ver \u00e4r inte specifikt inriktade p\u00e5 stadsjeepar utan \u00e4r f\u00f6rslag till generella \u00e5tg\u00e4rder f\u00f6r att f\u00e5 ner br\u00e4nslef\u00f6r-brukning och koldioxidutsl\u00e4pp. Det \u00e4r allts\u00e5 Zaudy som illa p\u00e5l\u00e4st.<\/p>\n<p>Han p\u00e5st\u00e5r ocks\u00e5 att &#8221;<em>Eftersom fordonsskatten baseras p\u00e5 vikt bidrar jeep\u00e4garna till b\u00e4ttre och s\u00e4krare v\u00e4gar f\u00f6r alla bilister<\/em>&#8221;.<\/p>\n<p>Ett p\u00e5st\u00e5ende utan n\u00e5gra som helst bel\u00e4gg. Om jeeparna v\u00e4ger mer sliter de ocks\u00e5 mer p\u00e5 v\u00e4garna. Det \u00e5terst\u00e5r f\u00f6r Zaudy att bevisa att bidraget fr\u00e5n den \u00f6kade fordonsskatten \u00e4r st\u00f6rre \u00e4n kostnaden f\u00f6r \u00f6kat slitage. Om s\u00e5 inte \u00e4r fallet l\u00e4mnar inte jeep\u00e4garna ett nettobidrag till b\u00e4ttre och s\u00e4krare v\u00e4gar f\u00f6r alla bilister.<\/p>\n<p>&#8221;<em>F\u00f6r att f\u00e5 ner koldioxidutsl\u00e4ppen fr\u00e5n trafiken \u00e4r en \u00f6kad andel dieselbilar en viktig \u00e5tg\u00e4rd. En dieselbil sl\u00e4pper ut cirka 20 procent mindre koldioxid per mil \u00e4n motsvarande bensinbil<\/em>&#8221; menar Zaudy.<\/p>\n<p>Det \u00e4r riktigt att en dieselbil sl\u00e4pper ut mindre koldioxid \u00e4n en bensinbil men det \u00e4r inte ett argument f\u00f6r SUV:ar. Om vi p\u00e5 allvar vill minska koldioxidutsl\u00e4ppen fr\u00e5n v\u00e4gtrafiken \u00e4r alternativet diesel-bilar med <strong>liten<\/strong> br\u00e4nslef\u00f6rbrukning.<\/p>\n<p>&#8221;Sverige, n\u00e4st Albanien, har Europas \u00e4ldsta bilpark&#8221; p\u00e5st\u00e5r Zaudy.<\/p>\n<p>Jag vill g\u00e4rna se Zaudys underlag f\u00f6r detta p\u00e5st\u00e5ende. Intill dess till\u00e5ter jag mig att tvivla p\u00e5 att t.ex. <a class=\"text\" href=\"http:\/\/www.ui.se\/fakta\/europa.htm\">Azerbajdzjan, Moldavien och Vitryssland<\/a> har en modernare bilpark \u00e4n Sverige.<\/p>\n<p>Zaudy har kommit fram till att &#8221;<em>Volvo XC 90 \u00e4r numera v\u00e5r i s\u00e4rklass st\u00f6rsta exportprodukt<\/em>&#8221;.<\/p>\n<p>Samma sak igen, bevis tack!<\/p>\n<p>&#8221;<em>Bara i \u00e5r v\u00e4ntas 230 000 nya bilar rulla ut fr\u00e5n Torslanda i G\u00f6teborg. Det betyder fler jobb &#8221; Volvo planerar nyanst\u00e4lla upp till 2 000 personer f\u00f6r att klara den \u00f6kande efterfr\u00e5gan<\/em>&#8221; enligt Zaudy.<\/p>\n<p>230 000 XC90:or i Torslanda? 2 000 personer p\u00e5 grund av den \u00f6kade efterfr\u00e5gan p\u00e5 stadsjeepar? Jag \u00e4r skeptisk.<\/p>\n<p>&#8221;<em>Sj\u00e4lvklart ska vi ha s\u00e4ker motorv\u00e4g hela v\u00e4gen mellan Stockholm och G\u00f6teborg liksom f\u00f6r \u00f6vrigt p\u00e5 E4 mellan Ljungby och Helsingborg. Stockholms trafiksituation \u00e4r ett sk\u00e4mt &#8211; en rej\u00e4l ringled runt stan leder bort trafiken och minskar koldioxidutsl\u00e4ppen<\/em>&#8221; tycker Zaudy.<\/p>\n<p>Fel p\u00e5 b\u00e5da punkterna. Enligt V\u00e4gverksrapporten \u00e4r det numera allm\u00e4nt accepterat bland forskare att ny eller f\u00f6rb\u00e4ttrad v\u00e4ginfra-struktur leder till \u00f6kat transportarbete. B\u00e5da \u00e5tg\u00e4rderna skulle allts\u00e5 leda till \u00f6kade koldioxidutsl\u00e4pp.<\/p>\n<p>&#8221;<em>N\u00e4r jag tittar i backspegeln p\u00e5 landsv\u00e4gen ser jag hellre \u00e4n modern och s\u00e4ker stadsjeep \u00e4n en risig gammal 740 med gnisslande bromsar<\/em>&#8221; meddelar Zaudy avslutningsvis.<\/p>\n<p>N\u00e4r <strong>jag<\/strong> tittar i backspegeln i min bil (inte backspegeln p\u00e5 lands-v\u00e4gen) ser jag hellre en modern, br\u00e4nslesn\u00e5l dieselbil med partikelfilter \u00e4n en skrymmande, br\u00e4nsleslukande stadsjeep eller en risig gammal 740 med gnisslande bromsar.<\/p>\n<p>Jag vill \u00e5terigen understryka att jag &#8211; trots hans d\u00e5liga faktakun-skaper, underm\u00e5liga analys och usla argumentation &#8211; inte betraktar Zaudy som en <strong>komplett<\/strong> idiot.<\/p>\n","protected":false},"excerpt":{"rendered":"<p>I en kommentar till mitt f\u00f6reg\u00e5ende inl\u00e4gg undrar Bengt vad som \u00e4r mitt huvudargument mot SUV:ar. Den fr\u00e5gan t\u00e4nker jag \u00e5terkomma till i ett senare inl\u00e4gg. F\u00f6rst t\u00e4nker jag granska argumentionen i David Zaudys ledare i Expressen (som utl\u00f6ste Bengts fr\u00e5ga). Inledningsvis informerar Zaudy oss om att SUV:ar \u00e4r &#8221;ett s\u00e4kert, rymligt och bekv\u00e4mt s\u00e4tt&#8221;&#8230;<\/p>\n","protected":false},"author":1,"featured_media":0,"comment_status":"closed","ping_status":"closed","sticky":false,"template":"","format":"standard","meta":{"_monsterinsights_skip_tracking":false,"_monsterinsights_sitenote_active":false,"_monsterinsights_sitenote_note":"","_monsterinsights_sitenote_category":0,"footnotes":""},"categories":[8],"tags":[],"class_list":["post-819","post","type-post","status-publish","format-standard","hentry","category-samhalle"],"yoast_head":"<!-- This site is optimized with the Yoast SEO plugin v27.5 - https:\/\/yoast.com\/product\/yoast-seo-wordpress\/ -->\n<title>Inte mycket kvar - F\u00f6rvetet<\/title>\n<meta name=\"robots\" content=\"index, follow, max-snippet:-1, max-image-preview:large, max-video-preview:-1\" \/>\n<link rel=\"canonical\" href=\"https:\/\/www.freiholtz.se\/forvetet\/2004\/08\/01\/inte-mycket-kvar\/\" \/>\n<meta property=\"og:locale\" content=\"sv_SE\" \/>\n<meta property=\"og:type\" content=\"article\" \/>\n<meta property=\"og:title\" content=\"Inte mycket kvar - F\u00f6rvetet\" \/>\n<meta property=\"og:description\" content=\"I en kommentar till mitt f\u00f6reg\u00e5ende inl\u00e4gg undrar Bengt vad som \u00e4r mitt huvudargument mot SUV:ar. Den fr\u00e5gan t\u00e4nker jag \u00e5terkomma till i ett senare inl\u00e4gg. F\u00f6rst t\u00e4nker jag granska argumentionen i David Zaudys ledare i Expressen (som utl\u00f6ste Bengts fr\u00e5ga). Inledningsvis informerar Zaudy oss om att SUV:ar \u00e4r &#8221;ett s\u00e4kert, rymligt och bekv\u00e4mt s\u00e4tt&#8221;...\" \/>\n<meta property=\"og:url\" content=\"https:\/\/www.freiholtz.se\/forvetet\/2004\/08\/01\/inte-mycket-kvar\/\" \/>\n<meta property=\"og:site_name\" content=\"F\u00f6rvetet\" \/>\n<meta property=\"article:published_time\" content=\"2004-07-31T22:29:22+00:00\" \/>\n<meta name=\"author\" content=\"Thorvald\" \/>\n<meta name=\"twitter:card\" content=\"summary_large_image\" \/>\n<meta name=\"twitter:label1\" content=\"Skriven av\" \/>\n\t<meta name=\"twitter:data1\" content=\"Thorvald\" \/>\n\t<meta name=\"twitter:label2\" content=\"Ber\u00e4knad l\u00e4stid\" \/>\n\t<meta name=\"twitter:data2\" content=\"5 minuter\" \/>\n<script type=\"application\/ld+json\" class=\"yoast-schema-graph\">{\"@context\":\"https:\\\/\\\/schema.org\",\"@graph\":[{\"@type\":\"Article\",\"@id\":\"https:\\\/\\\/www.freiholtz.se\\\/forvetet\\\/2004\\\/08\\\/01\\\/inte-mycket-kvar\\\/#article\",\"isPartOf\":{\"@id\":\"https:\\\/\\\/www.freiholtz.se\\\/forvetet\\\/2004\\\/08\\\/01\\\/inte-mycket-kvar\\\/\"},\"author\":{\"name\":\"Thorvald\",\"@id\":\"https:\\\/\\\/www.freiholtz.se\\\/forvetet\\\/#\\\/schema\\\/person\\\/f8eba858e89d86da3e8f4131644d7c72\"},\"headline\":\"Inte mycket kvar\",\"datePublished\":\"2004-07-31T22:29:22+00:00\",\"mainEntityOfPage\":{\"@id\":\"https:\\\/\\\/www.freiholtz.se\\\/forvetet\\\/2004\\\/08\\\/01\\\/inte-mycket-kvar\\\/\"},\"wordCount\":1079,\"articleSection\":[\"Samh\u00e4lle\"],\"inLanguage\":\"sv-SE\"},{\"@type\":\"WebPage\",\"@id\":\"https:\\\/\\\/www.freiholtz.se\\\/forvetet\\\/2004\\\/08\\\/01\\\/inte-mycket-kvar\\\/\",\"url\":\"https:\\\/\\\/www.freiholtz.se\\\/forvetet\\\/2004\\\/08\\\/01\\\/inte-mycket-kvar\\\/\",\"name\":\"Inte mycket kvar - F\u00f6rvetet\",\"isPartOf\":{\"@id\":\"https:\\\/\\\/www.freiholtz.se\\\/forvetet\\\/#website\"},\"datePublished\":\"2004-07-31T22:29:22+00:00\",\"author\":{\"@id\":\"https:\\\/\\\/www.freiholtz.se\\\/forvetet\\\/#\\\/schema\\\/person\\\/f8eba858e89d86da3e8f4131644d7c72\"},\"breadcrumb\":{\"@id\":\"https:\\\/\\\/www.freiholtz.se\\\/forvetet\\\/2004\\\/08\\\/01\\\/inte-mycket-kvar\\\/#breadcrumb\"},\"inLanguage\":\"sv-SE\",\"potentialAction\":[{\"@type\":\"ReadAction\",\"target\":[\"https:\\\/\\\/www.freiholtz.se\\\/forvetet\\\/2004\\\/08\\\/01\\\/inte-mycket-kvar\\\/\"]}]},{\"@type\":\"BreadcrumbList\",\"@id\":\"https:\\\/\\\/www.freiholtz.se\\\/forvetet\\\/2004\\\/08\\\/01\\\/inte-mycket-kvar\\\/#breadcrumb\",\"itemListElement\":[{\"@type\":\"ListItem\",\"position\":1,\"name\":\"Hem\",\"item\":\"https:\\\/\\\/www.freiholtz.se\\\/forvetet\\\/\"},{\"@type\":\"ListItem\",\"position\":2,\"name\":\"Inte mycket kvar\"}]},{\"@type\":\"WebSite\",\"@id\":\"https:\\\/\\\/www.freiholtz.se\\\/forvetet\\\/#website\",\"url\":\"https:\\\/\\\/www.freiholtz.se\\\/forvetet\\\/\",\"name\":\"F\u00f6rvetet\",\"description\":\"en blogg fr\u00e5n freiholtz.se!\",\"potentialAction\":[{\"@type\":\"SearchAction\",\"target\":{\"@type\":\"EntryPoint\",\"urlTemplate\":\"https:\\\/\\\/www.freiholtz.se\\\/forvetet\\\/?s={search_term_string}\"},\"query-input\":{\"@type\":\"PropertyValueSpecification\",\"valueRequired\":true,\"valueName\":\"search_term_string\"}}],\"inLanguage\":\"sv-SE\"},{\"@type\":\"Person\",\"@id\":\"https:\\\/\\\/www.freiholtz.se\\\/forvetet\\\/#\\\/schema\\\/person\\\/f8eba858e89d86da3e8f4131644d7c72\",\"name\":\"Thorvald\",\"image\":{\"@type\":\"ImageObject\",\"inLanguage\":\"sv-SE\",\"@id\":\"https:\\\/\\\/secure.gravatar.com\\\/avatar\\\/8328a4c14b3a439f4c0cf3cf4af03cee061e00c35ed80000610d03c204796578?s=96&d=mm&r=g\",\"url\":\"https:\\\/\\\/secure.gravatar.com\\\/avatar\\\/8328a4c14b3a439f4c0cf3cf4af03cee061e00c35ed80000610d03c204796578?s=96&d=mm&r=g\",\"contentUrl\":\"https:\\\/\\\/secure.gravatar.com\\\/avatar\\\/8328a4c14b3a439f4c0cf3cf4af03cee061e00c35ed80000610d03c204796578?s=96&d=mm&r=g\",\"caption\":\"Thorvald\"},\"sameAs\":[\"https:\\\/\\\/www.freiholtz.se\"],\"url\":\"https:\\\/\\\/www.freiholtz.se\\\/forvetet\\\/author\\\/thorvald\\\/\"}]}<\/script>\n<!-- \/ Yoast SEO plugin. -->","yoast_head_json":{"title":"Inte mycket kvar - F\u00f6rvetet","robots":{"index":"index","follow":"follow","max-snippet":"max-snippet:-1","max-image-preview":"max-image-preview:large","max-video-preview":"max-video-preview:-1"},"canonical":"https:\/\/www.freiholtz.se\/forvetet\/2004\/08\/01\/inte-mycket-kvar\/","og_locale":"sv_SE","og_type":"article","og_title":"Inte mycket kvar - F\u00f6rvetet","og_description":"I en kommentar till mitt f\u00f6reg\u00e5ende inl\u00e4gg undrar Bengt vad som \u00e4r mitt huvudargument mot SUV:ar. Den fr\u00e5gan t\u00e4nker jag \u00e5terkomma till i ett senare inl\u00e4gg. F\u00f6rst t\u00e4nker jag granska argumentionen i David Zaudys ledare i Expressen (som utl\u00f6ste Bengts fr\u00e5ga). Inledningsvis informerar Zaudy oss om att SUV:ar \u00e4r &#8221;ett s\u00e4kert, rymligt och bekv\u00e4mt s\u00e4tt&#8221;...","og_url":"https:\/\/www.freiholtz.se\/forvetet\/2004\/08\/01\/inte-mycket-kvar\/","og_site_name":"F\u00f6rvetet","article_published_time":"2004-07-31T22:29:22+00:00","author":"Thorvald","twitter_card":"summary_large_image","twitter_misc":{"Skriven av":"Thorvald","Ber\u00e4knad l\u00e4stid":"5 minuter"},"schema":{"@context":"https:\/\/schema.org","@graph":[{"@type":"Article","@id":"https:\/\/www.freiholtz.se\/forvetet\/2004\/08\/01\/inte-mycket-kvar\/#article","isPartOf":{"@id":"https:\/\/www.freiholtz.se\/forvetet\/2004\/08\/01\/inte-mycket-kvar\/"},"author":{"name":"Thorvald","@id":"https:\/\/www.freiholtz.se\/forvetet\/#\/schema\/person\/f8eba858e89d86da3e8f4131644d7c72"},"headline":"Inte mycket kvar","datePublished":"2004-07-31T22:29:22+00:00","mainEntityOfPage":{"@id":"https:\/\/www.freiholtz.se\/forvetet\/2004\/08\/01\/inte-mycket-kvar\/"},"wordCount":1079,"articleSection":["Samh\u00e4lle"],"inLanguage":"sv-SE"},{"@type":"WebPage","@id":"https:\/\/www.freiholtz.se\/forvetet\/2004\/08\/01\/inte-mycket-kvar\/","url":"https:\/\/www.freiholtz.se\/forvetet\/2004\/08\/01\/inte-mycket-kvar\/","name":"Inte mycket kvar - F\u00f6rvetet","isPartOf":{"@id":"https:\/\/www.freiholtz.se\/forvetet\/#website"},"datePublished":"2004-07-31T22:29:22+00:00","author":{"@id":"https:\/\/www.freiholtz.se\/forvetet\/#\/schema\/person\/f8eba858e89d86da3e8f4131644d7c72"},"breadcrumb":{"@id":"https:\/\/www.freiholtz.se\/forvetet\/2004\/08\/01\/inte-mycket-kvar\/#breadcrumb"},"inLanguage":"sv-SE","potentialAction":[{"@type":"ReadAction","target":["https:\/\/www.freiholtz.se\/forvetet\/2004\/08\/01\/inte-mycket-kvar\/"]}]},{"@type":"BreadcrumbList","@id":"https:\/\/www.freiholtz.se\/forvetet\/2004\/08\/01\/inte-mycket-kvar\/#breadcrumb","itemListElement":[{"@type":"ListItem","position":1,"name":"Hem","item":"https:\/\/www.freiholtz.se\/forvetet\/"},{"@type":"ListItem","position":2,"name":"Inte mycket kvar"}]},{"@type":"WebSite","@id":"https:\/\/www.freiholtz.se\/forvetet\/#website","url":"https:\/\/www.freiholtz.se\/forvetet\/","name":"F\u00f6rvetet","description":"en blogg fr\u00e5n freiholtz.se!","potentialAction":[{"@type":"SearchAction","target":{"@type":"EntryPoint","urlTemplate":"https:\/\/www.freiholtz.se\/forvetet\/?s={search_term_string}"},"query-input":{"@type":"PropertyValueSpecification","valueRequired":true,"valueName":"search_term_string"}}],"inLanguage":"sv-SE"},{"@type":"Person","@id":"https:\/\/www.freiholtz.se\/forvetet\/#\/schema\/person\/f8eba858e89d86da3e8f4131644d7c72","name":"Thorvald","image":{"@type":"ImageObject","inLanguage":"sv-SE","@id":"https:\/\/secure.gravatar.com\/avatar\/8328a4c14b3a439f4c0cf3cf4af03cee061e00c35ed80000610d03c204796578?s=96&d=mm&r=g","url":"https:\/\/secure.gravatar.com\/avatar\/8328a4c14b3a439f4c0cf3cf4af03cee061e00c35ed80000610d03c204796578?s=96&d=mm&r=g","contentUrl":"https:\/\/secure.gravatar.com\/avatar\/8328a4c14b3a439f4c0cf3cf4af03cee061e00c35ed80000610d03c204796578?s=96&d=mm&r=g","caption":"Thorvald"},"sameAs":["https:\/\/www.freiholtz.se"],"url":"https:\/\/www.freiholtz.se\/forvetet\/author\/thorvald\/"}]}},"_links":{"self":[{"href":"https:\/\/www.freiholtz.se\/forvetet\/wp-json\/wp\/v2\/posts\/819","targetHints":{"allow":["GET"]}}],"collection":[{"href":"https:\/\/www.freiholtz.se\/forvetet\/wp-json\/wp\/v2\/posts"}],"about":[{"href":"https:\/\/www.freiholtz.se\/forvetet\/wp-json\/wp\/v2\/types\/post"}],"author":[{"embeddable":true,"href":"https:\/\/www.freiholtz.se\/forvetet\/wp-json\/wp\/v2\/users\/1"}],"replies":[{"embeddable":true,"href":"https:\/\/www.freiholtz.se\/forvetet\/wp-json\/wp\/v2\/comments?post=819"}],"version-history":[{"count":0,"href":"https:\/\/www.freiholtz.se\/forvetet\/wp-json\/wp\/v2\/posts\/819\/revisions"}],"wp:attachment":[{"href":"https:\/\/www.freiholtz.se\/forvetet\/wp-json\/wp\/v2\/media?parent=819"}],"wp:term":[{"taxonomy":"category","embeddable":true,"href":"https:\/\/www.freiholtz.se\/forvetet\/wp-json\/wp\/v2\/categories?post=819"},{"taxonomy":"post_tag","embeddable":true,"href":"https:\/\/www.freiholtz.se\/forvetet\/wp-json\/wp\/v2\/tags?post=819"}],"curies":[{"name":"wp","href":"https:\/\/api.w.org\/{rel}","templated":true}]}}