{"id":815,"date":"2004-08-21T20:12:38","date_gmt":"2004-08-21T18:12:38","guid":{"rendered":"http:\/\/www.freiholtz.se\/forvetet\/?p=815"},"modified":"2004-08-21T20:12:38","modified_gmt":"2004-08-21T18:12:38","slug":"att-inte-se-skogen","status":"publish","type":"post","link":"https:\/\/www.freiholtz.se\/forvetet\/2004\/08\/21\/att-inte-se-skogen\/","title":{"rendered":"Att inte se skogen"},"content":{"rendered":"<p><!--109311200702943682-->Vi m\u00e4nniskor \u00e4r illa rustade f\u00f6r att registrera och f\u00f6rst\u00e5 l\u00e5ngsamma f\u00f6r\u00e4ndringar. F\u00f6r v\u00e5ra f\u00f6rf\u00e4der var det en central \u00f6verlevnads-egenskap att omedelbart registrera och reagera p\u00e5 f\u00f6r\u00e4ndringar i den n\u00e4rmaste omgivningen. Den som inte klarade det kunde t.ex bli upp\u00e4ten av en sabeltandad tiger. L\u00e5ngsamma f\u00f6r\u00e4ndringar, t.ex. att klimatet f\u00f6r\u00e4ndrades eller att ett bytesdjur utrotades, bem\u00f6ttes genom att man traskade i v\u00e4g n\u00e5gon annanstans eller \u00e4ndrade sina kostvanor. Man kanske inte ens reflekterade \u00f6ver f\u00f6r\u00e4ndringen.<\/p>\n<p>Den nutida m\u00e4nniskans varseblivningsf\u00f6rm\u00e5ga \u00e4r i allt v\u00e4sentligt pr\u00e4glad av denna f\u00f6rhistoria<sup><strong>1<\/strong><\/sup>. Men nu \u00e4r de sabeltandade tigrarna utrotade och de snabba reflexerna \u00e4r inte l\u00e4ngre av samma v\u00e4rde. Trots det f\u00f6regivet h\u00f6ga tempot i dagens samh\u00e4lle \u00e4r det snarare f\u00f6rm\u00e5gan att i tid uppt\u00e4cka de l\u00e5ngsamma f\u00f6r\u00e4ndringarna som har ett \u00f6verlevnadsv\u00e4rde (\u00e5tminstone i \u00f6verf\u00f6rd mening).<\/p>\n<p>N\u00e4r man st\u00e5r mitt uppe i en l\u00e5ngsam f\u00f6r\u00e4ndring \u00e4r det \u00e4nnu sv\u00e5rare att uppt\u00e4cka den. Det \u00e4r f\u00f6rklaringen till att <a class=\"text\" href=\"http:\/\/di.se\/NoFlash.asp?ArtId=2004%5C08%5C18%5C113691\">journalisterna p\u00e5 TV4<\/a> k\u00e4nner &#8221;<em>en stor oro f\u00f6r att kanalen \u00e4r p\u00e5 v\u00e4g att genomg\u00e5 en publicistisk nedmontering och &#8217;bli ett nytt TV3&#8217;<\/em>.&#8221; Som alla tv-tittare vet har denna f\u00f6r\u00e4ndring redan intr\u00e4ffat.<\/p>\n<p><strong>Fotnot 1<\/strong>: Jag inser att jag genom detta uttalande avsl\u00f6jat att jag anser att m\u00e4nskligt beteende till viss del har biologiska\/genetiska orsaker. Det \u00e4r naturligtvis inte politiskt korrekt. Det \u00e4r det s\u00e4kert inte heller att jag undrar vad de som reflexm\u00e4ssigt avf\u00e4rdar varje antydan till att biologin har n\u00e5gon som helst betydelse f\u00f6r det m\u00e4nskliga beteendet egentligen \u00e4r r\u00e4dda f\u00f6r?<\/p>\n","protected":false},"excerpt":{"rendered":"<p>Vi m\u00e4nniskor \u00e4r illa rustade f\u00f6r att registrera och f\u00f6rst\u00e5 l\u00e5ngsamma f\u00f6r\u00e4ndringar. F\u00f6r v\u00e5ra f\u00f6rf\u00e4der var det en central \u00f6verlevnads-egenskap att omedelbart registrera och reagera p\u00e5 f\u00f6r\u00e4ndringar i den n\u00e4rmaste omgivningen. Den som inte klarade det kunde t.ex bli upp\u00e4ten av en sabeltandad tiger. L\u00e5ngsamma f\u00f6r\u00e4ndringar, t.ex. att klimatet f\u00f6r\u00e4ndrades eller att ett bytesdjur utrotades,&#8230;<\/p>\n","protected":false},"author":1,"featured_media":0,"comment_status":"closed","ping_status":"closed","sticky":false,"template":"","format":"standard","meta":{"_monsterinsights_skip_tracking":false,"_monsterinsights_sitenote_active":false,"_monsterinsights_sitenote_note":"","_monsterinsights_sitenote_category":0,"footnotes":""},"categories":[8],"tags":[],"class_list":["post-815","post","type-post","status-publish","format-standard","hentry","category-samhalle"],"yoast_head":"<!-- This site is optimized with the Yoast SEO plugin v27.5 - https:\/\/yoast.com\/product\/yoast-seo-wordpress\/ -->\n<title>Att inte se skogen - F\u00f6rvetet<\/title>\n<meta name=\"robots\" content=\"index, follow, max-snippet:-1, max-image-preview:large, max-video-preview:-1\" \/>\n<link rel=\"canonical\" href=\"https:\/\/www.freiholtz.se\/forvetet\/2004\/08\/21\/att-inte-se-skogen\/\" \/>\n<meta property=\"og:locale\" content=\"sv_SE\" \/>\n<meta property=\"og:type\" content=\"article\" \/>\n<meta property=\"og:title\" content=\"Att inte se skogen - F\u00f6rvetet\" \/>\n<meta property=\"og:description\" content=\"Vi m\u00e4nniskor \u00e4r illa rustade f\u00f6r att registrera och f\u00f6rst\u00e5 l\u00e5ngsamma f\u00f6r\u00e4ndringar. F\u00f6r v\u00e5ra f\u00f6rf\u00e4der var det en central \u00f6verlevnads-egenskap att omedelbart registrera och reagera p\u00e5 f\u00f6r\u00e4ndringar i den n\u00e4rmaste omgivningen. Den som inte klarade det kunde t.ex bli upp\u00e4ten av en sabeltandad tiger. L\u00e5ngsamma f\u00f6r\u00e4ndringar, t.ex. att klimatet f\u00f6r\u00e4ndrades eller att ett bytesdjur utrotades,...\" \/>\n<meta property=\"og:url\" content=\"https:\/\/www.freiholtz.se\/forvetet\/2004\/08\/21\/att-inte-se-skogen\/\" \/>\n<meta property=\"og:site_name\" content=\"F\u00f6rvetet\" \/>\n<meta property=\"article:published_time\" content=\"2004-08-21T18:12:38+00:00\" \/>\n<meta name=\"author\" content=\"Thorvald\" \/>\n<meta name=\"twitter:card\" content=\"summary_large_image\" \/>\n<meta name=\"twitter:label1\" content=\"Skriven av\" \/>\n\t<meta name=\"twitter:data1\" content=\"Thorvald\" \/>\n\t<meta name=\"twitter:label2\" content=\"Ber\u00e4knad l\u00e4stid\" \/>\n\t<meta name=\"twitter:data2\" content=\"2 minuter\" \/>\n<script type=\"application\/ld+json\" class=\"yoast-schema-graph\">{\"@context\":\"https:\\\/\\\/schema.org\",\"@graph\":[{\"@type\":\"Article\",\"@id\":\"https:\\\/\\\/www.freiholtz.se\\\/forvetet\\\/2004\\\/08\\\/21\\\/att-inte-se-skogen\\\/#article\",\"isPartOf\":{\"@id\":\"https:\\\/\\\/www.freiholtz.se\\\/forvetet\\\/2004\\\/08\\\/21\\\/att-inte-se-skogen\\\/\"},\"author\":{\"name\":\"Thorvald\",\"@id\":\"https:\\\/\\\/www.freiholtz.se\\\/forvetet\\\/#\\\/schema\\\/person\\\/f8eba858e89d86da3e8f4131644d7c72\"},\"headline\":\"Att inte se skogen\",\"datePublished\":\"2004-08-21T18:12:38+00:00\",\"mainEntityOfPage\":{\"@id\":\"https:\\\/\\\/www.freiholtz.se\\\/forvetet\\\/2004\\\/08\\\/21\\\/att-inte-se-skogen\\\/\"},\"wordCount\":317,\"articleSection\":[\"Samh\u00e4lle\"],\"inLanguage\":\"sv-SE\"},{\"@type\":\"WebPage\",\"@id\":\"https:\\\/\\\/www.freiholtz.se\\\/forvetet\\\/2004\\\/08\\\/21\\\/att-inte-se-skogen\\\/\",\"url\":\"https:\\\/\\\/www.freiholtz.se\\\/forvetet\\\/2004\\\/08\\\/21\\\/att-inte-se-skogen\\\/\",\"name\":\"Att inte se skogen - F\u00f6rvetet\",\"isPartOf\":{\"@id\":\"https:\\\/\\\/www.freiholtz.se\\\/forvetet\\\/#website\"},\"datePublished\":\"2004-08-21T18:12:38+00:00\",\"author\":{\"@id\":\"https:\\\/\\\/www.freiholtz.se\\\/forvetet\\\/#\\\/schema\\\/person\\\/f8eba858e89d86da3e8f4131644d7c72\"},\"breadcrumb\":{\"@id\":\"https:\\\/\\\/www.freiholtz.se\\\/forvetet\\\/2004\\\/08\\\/21\\\/att-inte-se-skogen\\\/#breadcrumb\"},\"inLanguage\":\"sv-SE\",\"potentialAction\":[{\"@type\":\"ReadAction\",\"target\":[\"https:\\\/\\\/www.freiholtz.se\\\/forvetet\\\/2004\\\/08\\\/21\\\/att-inte-se-skogen\\\/\"]}]},{\"@type\":\"BreadcrumbList\",\"@id\":\"https:\\\/\\\/www.freiholtz.se\\\/forvetet\\\/2004\\\/08\\\/21\\\/att-inte-se-skogen\\\/#breadcrumb\",\"itemListElement\":[{\"@type\":\"ListItem\",\"position\":1,\"name\":\"Hem\",\"item\":\"https:\\\/\\\/www.freiholtz.se\\\/forvetet\\\/\"},{\"@type\":\"ListItem\",\"position\":2,\"name\":\"Att inte se skogen\"}]},{\"@type\":\"WebSite\",\"@id\":\"https:\\\/\\\/www.freiholtz.se\\\/forvetet\\\/#website\",\"url\":\"https:\\\/\\\/www.freiholtz.se\\\/forvetet\\\/\",\"name\":\"F\u00f6rvetet\",\"description\":\"en blogg fr\u00e5n freiholtz.se!\",\"potentialAction\":[{\"@type\":\"SearchAction\",\"target\":{\"@type\":\"EntryPoint\",\"urlTemplate\":\"https:\\\/\\\/www.freiholtz.se\\\/forvetet\\\/?s={search_term_string}\"},\"query-input\":{\"@type\":\"PropertyValueSpecification\",\"valueRequired\":true,\"valueName\":\"search_term_string\"}}],\"inLanguage\":\"sv-SE\"},{\"@type\":\"Person\",\"@id\":\"https:\\\/\\\/www.freiholtz.se\\\/forvetet\\\/#\\\/schema\\\/person\\\/f8eba858e89d86da3e8f4131644d7c72\",\"name\":\"Thorvald\",\"image\":{\"@type\":\"ImageObject\",\"inLanguage\":\"sv-SE\",\"@id\":\"https:\\\/\\\/secure.gravatar.com\\\/avatar\\\/8328a4c14b3a439f4c0cf3cf4af03cee061e00c35ed80000610d03c204796578?s=96&d=mm&r=g\",\"url\":\"https:\\\/\\\/secure.gravatar.com\\\/avatar\\\/8328a4c14b3a439f4c0cf3cf4af03cee061e00c35ed80000610d03c204796578?s=96&d=mm&r=g\",\"contentUrl\":\"https:\\\/\\\/secure.gravatar.com\\\/avatar\\\/8328a4c14b3a439f4c0cf3cf4af03cee061e00c35ed80000610d03c204796578?s=96&d=mm&r=g\",\"caption\":\"Thorvald\"},\"sameAs\":[\"https:\\\/\\\/www.freiholtz.se\"],\"url\":\"https:\\\/\\\/www.freiholtz.se\\\/forvetet\\\/author\\\/thorvald\\\/\"}]}<\/script>\n<!-- \/ Yoast SEO plugin. -->","yoast_head_json":{"title":"Att inte se skogen - F\u00f6rvetet","robots":{"index":"index","follow":"follow","max-snippet":"max-snippet:-1","max-image-preview":"max-image-preview:large","max-video-preview":"max-video-preview:-1"},"canonical":"https:\/\/www.freiholtz.se\/forvetet\/2004\/08\/21\/att-inte-se-skogen\/","og_locale":"sv_SE","og_type":"article","og_title":"Att inte se skogen - F\u00f6rvetet","og_description":"Vi m\u00e4nniskor \u00e4r illa rustade f\u00f6r att registrera och f\u00f6rst\u00e5 l\u00e5ngsamma f\u00f6r\u00e4ndringar. F\u00f6r v\u00e5ra f\u00f6rf\u00e4der var det en central \u00f6verlevnads-egenskap att omedelbart registrera och reagera p\u00e5 f\u00f6r\u00e4ndringar i den n\u00e4rmaste omgivningen. Den som inte klarade det kunde t.ex bli upp\u00e4ten av en sabeltandad tiger. L\u00e5ngsamma f\u00f6r\u00e4ndringar, t.ex. att klimatet f\u00f6r\u00e4ndrades eller att ett bytesdjur utrotades,...","og_url":"https:\/\/www.freiholtz.se\/forvetet\/2004\/08\/21\/att-inte-se-skogen\/","og_site_name":"F\u00f6rvetet","article_published_time":"2004-08-21T18:12:38+00:00","author":"Thorvald","twitter_card":"summary_large_image","twitter_misc":{"Skriven av":"Thorvald","Ber\u00e4knad l\u00e4stid":"2 minuter"},"schema":{"@context":"https:\/\/schema.org","@graph":[{"@type":"Article","@id":"https:\/\/www.freiholtz.se\/forvetet\/2004\/08\/21\/att-inte-se-skogen\/#article","isPartOf":{"@id":"https:\/\/www.freiholtz.se\/forvetet\/2004\/08\/21\/att-inte-se-skogen\/"},"author":{"name":"Thorvald","@id":"https:\/\/www.freiholtz.se\/forvetet\/#\/schema\/person\/f8eba858e89d86da3e8f4131644d7c72"},"headline":"Att inte se skogen","datePublished":"2004-08-21T18:12:38+00:00","mainEntityOfPage":{"@id":"https:\/\/www.freiholtz.se\/forvetet\/2004\/08\/21\/att-inte-se-skogen\/"},"wordCount":317,"articleSection":["Samh\u00e4lle"],"inLanguage":"sv-SE"},{"@type":"WebPage","@id":"https:\/\/www.freiholtz.se\/forvetet\/2004\/08\/21\/att-inte-se-skogen\/","url":"https:\/\/www.freiholtz.se\/forvetet\/2004\/08\/21\/att-inte-se-skogen\/","name":"Att inte se skogen - F\u00f6rvetet","isPartOf":{"@id":"https:\/\/www.freiholtz.se\/forvetet\/#website"},"datePublished":"2004-08-21T18:12:38+00:00","author":{"@id":"https:\/\/www.freiholtz.se\/forvetet\/#\/schema\/person\/f8eba858e89d86da3e8f4131644d7c72"},"breadcrumb":{"@id":"https:\/\/www.freiholtz.se\/forvetet\/2004\/08\/21\/att-inte-se-skogen\/#breadcrumb"},"inLanguage":"sv-SE","potentialAction":[{"@type":"ReadAction","target":["https:\/\/www.freiholtz.se\/forvetet\/2004\/08\/21\/att-inte-se-skogen\/"]}]},{"@type":"BreadcrumbList","@id":"https:\/\/www.freiholtz.se\/forvetet\/2004\/08\/21\/att-inte-se-skogen\/#breadcrumb","itemListElement":[{"@type":"ListItem","position":1,"name":"Hem","item":"https:\/\/www.freiholtz.se\/forvetet\/"},{"@type":"ListItem","position":2,"name":"Att inte se skogen"}]},{"@type":"WebSite","@id":"https:\/\/www.freiholtz.se\/forvetet\/#website","url":"https:\/\/www.freiholtz.se\/forvetet\/","name":"F\u00f6rvetet","description":"en blogg fr\u00e5n freiholtz.se!","potentialAction":[{"@type":"SearchAction","target":{"@type":"EntryPoint","urlTemplate":"https:\/\/www.freiholtz.se\/forvetet\/?s={search_term_string}"},"query-input":{"@type":"PropertyValueSpecification","valueRequired":true,"valueName":"search_term_string"}}],"inLanguage":"sv-SE"},{"@type":"Person","@id":"https:\/\/www.freiholtz.se\/forvetet\/#\/schema\/person\/f8eba858e89d86da3e8f4131644d7c72","name":"Thorvald","image":{"@type":"ImageObject","inLanguage":"sv-SE","@id":"https:\/\/secure.gravatar.com\/avatar\/8328a4c14b3a439f4c0cf3cf4af03cee061e00c35ed80000610d03c204796578?s=96&d=mm&r=g","url":"https:\/\/secure.gravatar.com\/avatar\/8328a4c14b3a439f4c0cf3cf4af03cee061e00c35ed80000610d03c204796578?s=96&d=mm&r=g","contentUrl":"https:\/\/secure.gravatar.com\/avatar\/8328a4c14b3a439f4c0cf3cf4af03cee061e00c35ed80000610d03c204796578?s=96&d=mm&r=g","caption":"Thorvald"},"sameAs":["https:\/\/www.freiholtz.se"],"url":"https:\/\/www.freiholtz.se\/forvetet\/author\/thorvald\/"}]}},"_links":{"self":[{"href":"https:\/\/www.freiholtz.se\/forvetet\/wp-json\/wp\/v2\/posts\/815","targetHints":{"allow":["GET"]}}],"collection":[{"href":"https:\/\/www.freiholtz.se\/forvetet\/wp-json\/wp\/v2\/posts"}],"about":[{"href":"https:\/\/www.freiholtz.se\/forvetet\/wp-json\/wp\/v2\/types\/post"}],"author":[{"embeddable":true,"href":"https:\/\/www.freiholtz.se\/forvetet\/wp-json\/wp\/v2\/users\/1"}],"replies":[{"embeddable":true,"href":"https:\/\/www.freiholtz.se\/forvetet\/wp-json\/wp\/v2\/comments?post=815"}],"version-history":[{"count":0,"href":"https:\/\/www.freiholtz.se\/forvetet\/wp-json\/wp\/v2\/posts\/815\/revisions"}],"wp:attachment":[{"href":"https:\/\/www.freiholtz.se\/forvetet\/wp-json\/wp\/v2\/media?parent=815"}],"wp:term":[{"taxonomy":"category","embeddable":true,"href":"https:\/\/www.freiholtz.se\/forvetet\/wp-json\/wp\/v2\/categories?post=815"},{"taxonomy":"post_tag","embeddable":true,"href":"https:\/\/www.freiholtz.se\/forvetet\/wp-json\/wp\/v2\/tags?post=815"}],"curies":[{"name":"wp","href":"https:\/\/api.w.org\/{rel}","templated":true}]}}