{"id":801,"date":"2004-07-23T14:58:57","date_gmt":"2004-07-23T12:58:57","guid":{"rendered":"http:\/\/www.freiholtz.se\/forvetet\/?p=801"},"modified":"2004-07-23T14:58:57","modified_gmt":"2004-07-23T12:58:57","slug":"anekdotisk-evidens-och-en-profetia","status":"publish","type":"post","link":"https:\/\/www.freiholtz.se\/forvetet\/2004\/07\/23\/anekdotisk-evidens-och-en-profetia\/","title":{"rendered":"Anekdotisk evidens och en profetia"},"content":{"rendered":"<p><!--109058757419892911-->Enligt <a class=\"text\" href=\"http:\/\/www.oecd.org\/home\/0,2605,en_2649_201185_1_1_1_1_1,00.html\">OECD<\/a>:s <a class=\"text\" href=\"http:\/\/di.se\/NoFlash.asp?ArtId=2004%5C01%5C09%5C95989\">v\u00e4lst\u00e5ndslista<\/a> \u00e4r det bara Spanien, Portugal och Grekland av de v\u00e4steuropeiska EU-l\u00e4nderna som en klart l\u00e4gre ekonomisk levnadsstandard \u00e4n <a class=\"text\" href=\"http:\/\/www.oecd.org\/document\/44\/0,2340,en_2649_34111_26323820_1_1_1_1,00.html\">Sverige<\/a>. Levnadstandard \u00e4r sv\u00e5rt att m\u00e4ta och det finns m\u00e5nga (bort)f\u00f6rklaringar till Sveriges f\u00f6rs\u00e4mrade placering i listan. F\u00f6r en systemdynamiker (som undertecknad) \u00e4r det uppenbart att v\u00e5rt nuvarande, relativa v\u00e4lst\u00e5nd inte produceras nu utan att det \u00e4r <a class=\"text\" href=\"http:\/\/www.svd.se\/dynamiskt\/naringsliv\/did_6638105.asp\">resultatet av tidigare decenniers anstr\u00e4ngningar<\/a> som <em>konsumeras<\/em> nu.<\/p>\n<p>Om jag ska g\u00e5 efter mina intryck fr\u00e5n min nyliga semesterresa s\u00e5 \u00e4r det bara en tidsfr\u00e5ga innan <a class=\"text\" href=\"http:\/\/www.oecd.org\/infobycountry\/0,2646,en_2649_34111_1_70399_119663_1_1,00.html\">Spanien<\/a> passerar Sverige. Det byggs <a class=\"text\" href=\"http:\/\/www.railway-technology.com\/projects\/spain\/\">snabbj\u00e4rnv\u00e4gar<\/a>, man satsar stort p\u00e5 <a class=\"text\" href=\"http:\/\/www.ewea.org\/documents\/europe_windata_jan20041.pdf\">vindkraft<\/a> (pdf), de allm\u00e4nna v\u00e4garna \u00e4r i avsev\u00e4rt b\u00e4ttre skick \u00e4n de svenska, polisen befinner sig ute bland folk och arbetar f\u00f6rebyggande, kulturlivet \u00e4r mer dynamiskt \u00e4n i Sverige. Detta \u00e4r n\u00e5gra exempel p\u00e5 fram\u00e5triktade satsningar som kommer att f\u00e5 fullt genomslag f\u00f6rst om n\u00e5got eller n\u00e5gra decennier.<\/p>\n<p>EU bidrar s\u00e4kert till en del av de spanska infrastruktursatsningarna. Det \u00e4r framsynt att anv\u00e4nda EU-medel f\u00f6r att \u00f6ka v\u00e4lf\u00e4rden i de minst utvecklade medlemsstaterna. P\u00e5 s\u00e5 vis blir den gemensamma kakan st\u00f6rre vilket alla vinner p\u00e5.<\/p>\n<p>Om s\u00e5d\u00e4r trettio \u00e5r kommer EU att bli mycket popul\u00e4rt i Sverige. D\u00e5 har vi rutschat s\u00e5 l\u00e5ngt utf\u00f6r i v\u00e5r sj\u00e4lvf\u00f6rv\u00e5llade utf\u00f6rsbacke att vi kommer att bli f\u00f6rem\u00e5l f\u00f6r massiva st\u00f6d\u00e5tg\u00e4rder fr\u00e5n EU:s sida. Vi kommer att ta l\u00e4tt p\u00e5 att skattebetalarna i Spanien, Tjeckien och Ungern gn\u00f6lar \u00f6ver deras skattepengar g\u00e5r till att h\u00e5lla l\u00e5gpro-duktiva utkantsregioner som M\u00e4lardalen och Norrbotten under armarna.<\/p>\n","protected":false},"excerpt":{"rendered":"<p>Enligt OECD:s v\u00e4lst\u00e5ndslista \u00e4r det bara Spanien, Portugal och Grekland av de v\u00e4steuropeiska EU-l\u00e4nderna som en klart l\u00e4gre ekonomisk levnadsstandard \u00e4n Sverige. Levnadstandard \u00e4r sv\u00e5rt att m\u00e4ta och det finns m\u00e5nga (bort)f\u00f6rklaringar till Sveriges f\u00f6rs\u00e4mrade placering i listan. F\u00f6r en systemdynamiker (som undertecknad) \u00e4r det uppenbart att v\u00e5rt nuvarande, relativa v\u00e4lst\u00e5nd inte produceras nu utan&#8230;<\/p>\n","protected":false},"author":1,"featured_media":0,"comment_status":"closed","ping_status":"closed","sticky":false,"template":"","format":"standard","meta":{"_monsterinsights_skip_tracking":false,"_monsterinsights_sitenote_active":false,"_monsterinsights_sitenote_note":"","_monsterinsights_sitenote_category":0,"footnotes":""},"categories":[7],"tags":[],"class_list":["post-801","post","type-post","status-publish","format-standard","hentry","category-politik"],"yoast_head":"<!-- This site is optimized with the Yoast SEO plugin v27.5 - https:\/\/yoast.com\/product\/yoast-seo-wordpress\/ -->\n<title>Anekdotisk evidens och en profetia - F\u00f6rvetet<\/title>\n<meta name=\"robots\" content=\"index, follow, max-snippet:-1, max-image-preview:large, max-video-preview:-1\" \/>\n<link rel=\"canonical\" href=\"https:\/\/www.freiholtz.se\/forvetet\/2004\/07\/23\/anekdotisk-evidens-och-en-profetia\/\" \/>\n<meta property=\"og:locale\" content=\"sv_SE\" \/>\n<meta property=\"og:type\" content=\"article\" \/>\n<meta property=\"og:title\" content=\"Anekdotisk evidens och en profetia - F\u00f6rvetet\" \/>\n<meta property=\"og:description\" content=\"Enligt OECD:s v\u00e4lst\u00e5ndslista \u00e4r det bara Spanien, Portugal och Grekland av de v\u00e4steuropeiska EU-l\u00e4nderna som en klart l\u00e4gre ekonomisk levnadsstandard \u00e4n Sverige. Levnadstandard \u00e4r sv\u00e5rt att m\u00e4ta och det finns m\u00e5nga (bort)f\u00f6rklaringar till Sveriges f\u00f6rs\u00e4mrade placering i listan. F\u00f6r en systemdynamiker (som undertecknad) \u00e4r det uppenbart att v\u00e5rt nuvarande, relativa v\u00e4lst\u00e5nd inte produceras nu utan...\" \/>\n<meta property=\"og:url\" content=\"https:\/\/www.freiholtz.se\/forvetet\/2004\/07\/23\/anekdotisk-evidens-och-en-profetia\/\" \/>\n<meta property=\"og:site_name\" content=\"F\u00f6rvetet\" \/>\n<meta property=\"article:published_time\" content=\"2004-07-23T12:58:57+00:00\" \/>\n<meta name=\"author\" content=\"Thorvald\" \/>\n<meta name=\"twitter:card\" content=\"summary_large_image\" \/>\n<meta name=\"twitter:label1\" content=\"Skriven av\" \/>\n\t<meta name=\"twitter:data1\" content=\"Thorvald\" \/>\n\t<meta name=\"twitter:label2\" content=\"Ber\u00e4knad l\u00e4stid\" \/>\n\t<meta name=\"twitter:data2\" content=\"2 minuter\" \/>\n<script type=\"application\/ld+json\" class=\"yoast-schema-graph\">{\"@context\":\"https:\\\/\\\/schema.org\",\"@graph\":[{\"@type\":\"Article\",\"@id\":\"https:\\\/\\\/www.freiholtz.se\\\/forvetet\\\/2004\\\/07\\\/23\\\/anekdotisk-evidens-och-en-profetia\\\/#article\",\"isPartOf\":{\"@id\":\"https:\\\/\\\/www.freiholtz.se\\\/forvetet\\\/2004\\\/07\\\/23\\\/anekdotisk-evidens-och-en-profetia\\\/\"},\"author\":{\"name\":\"Thorvald\",\"@id\":\"https:\\\/\\\/www.freiholtz.se\\\/forvetet\\\/#\\\/schema\\\/person\\\/f8eba858e89d86da3e8f4131644d7c72\"},\"headline\":\"Anekdotisk evidens och en profetia\",\"datePublished\":\"2004-07-23T12:58:57+00:00\",\"mainEntityOfPage\":{\"@id\":\"https:\\\/\\\/www.freiholtz.se\\\/forvetet\\\/2004\\\/07\\\/23\\\/anekdotisk-evidens-och-en-profetia\\\/\"},\"wordCount\":310,\"articleSection\":[\"Politik\"],\"inLanguage\":\"sv-SE\"},{\"@type\":\"WebPage\",\"@id\":\"https:\\\/\\\/www.freiholtz.se\\\/forvetet\\\/2004\\\/07\\\/23\\\/anekdotisk-evidens-och-en-profetia\\\/\",\"url\":\"https:\\\/\\\/www.freiholtz.se\\\/forvetet\\\/2004\\\/07\\\/23\\\/anekdotisk-evidens-och-en-profetia\\\/\",\"name\":\"Anekdotisk evidens och en profetia - F\u00f6rvetet\",\"isPartOf\":{\"@id\":\"https:\\\/\\\/www.freiholtz.se\\\/forvetet\\\/#website\"},\"datePublished\":\"2004-07-23T12:58:57+00:00\",\"author\":{\"@id\":\"https:\\\/\\\/www.freiholtz.se\\\/forvetet\\\/#\\\/schema\\\/person\\\/f8eba858e89d86da3e8f4131644d7c72\"},\"breadcrumb\":{\"@id\":\"https:\\\/\\\/www.freiholtz.se\\\/forvetet\\\/2004\\\/07\\\/23\\\/anekdotisk-evidens-och-en-profetia\\\/#breadcrumb\"},\"inLanguage\":\"sv-SE\",\"potentialAction\":[{\"@type\":\"ReadAction\",\"target\":[\"https:\\\/\\\/www.freiholtz.se\\\/forvetet\\\/2004\\\/07\\\/23\\\/anekdotisk-evidens-och-en-profetia\\\/\"]}]},{\"@type\":\"BreadcrumbList\",\"@id\":\"https:\\\/\\\/www.freiholtz.se\\\/forvetet\\\/2004\\\/07\\\/23\\\/anekdotisk-evidens-och-en-profetia\\\/#breadcrumb\",\"itemListElement\":[{\"@type\":\"ListItem\",\"position\":1,\"name\":\"Hem\",\"item\":\"https:\\\/\\\/www.freiholtz.se\\\/forvetet\\\/\"},{\"@type\":\"ListItem\",\"position\":2,\"name\":\"Anekdotisk evidens och en profetia\"}]},{\"@type\":\"WebSite\",\"@id\":\"https:\\\/\\\/www.freiholtz.se\\\/forvetet\\\/#website\",\"url\":\"https:\\\/\\\/www.freiholtz.se\\\/forvetet\\\/\",\"name\":\"F\u00f6rvetet\",\"description\":\"en blogg fr\u00e5n freiholtz.se!\",\"potentialAction\":[{\"@type\":\"SearchAction\",\"target\":{\"@type\":\"EntryPoint\",\"urlTemplate\":\"https:\\\/\\\/www.freiholtz.se\\\/forvetet\\\/?s={search_term_string}\"},\"query-input\":{\"@type\":\"PropertyValueSpecification\",\"valueRequired\":true,\"valueName\":\"search_term_string\"}}],\"inLanguage\":\"sv-SE\"},{\"@type\":\"Person\",\"@id\":\"https:\\\/\\\/www.freiholtz.se\\\/forvetet\\\/#\\\/schema\\\/person\\\/f8eba858e89d86da3e8f4131644d7c72\",\"name\":\"Thorvald\",\"image\":{\"@type\":\"ImageObject\",\"inLanguage\":\"sv-SE\",\"@id\":\"https:\\\/\\\/secure.gravatar.com\\\/avatar\\\/8328a4c14b3a439f4c0cf3cf4af03cee061e00c35ed80000610d03c204796578?s=96&d=mm&r=g\",\"url\":\"https:\\\/\\\/secure.gravatar.com\\\/avatar\\\/8328a4c14b3a439f4c0cf3cf4af03cee061e00c35ed80000610d03c204796578?s=96&d=mm&r=g\",\"contentUrl\":\"https:\\\/\\\/secure.gravatar.com\\\/avatar\\\/8328a4c14b3a439f4c0cf3cf4af03cee061e00c35ed80000610d03c204796578?s=96&d=mm&r=g\",\"caption\":\"Thorvald\"},\"sameAs\":[\"https:\\\/\\\/www.freiholtz.se\"],\"url\":\"https:\\\/\\\/www.freiholtz.se\\\/forvetet\\\/author\\\/thorvald\\\/\"}]}<\/script>\n<!-- \/ Yoast SEO plugin. -->","yoast_head_json":{"title":"Anekdotisk evidens och en profetia - F\u00f6rvetet","robots":{"index":"index","follow":"follow","max-snippet":"max-snippet:-1","max-image-preview":"max-image-preview:large","max-video-preview":"max-video-preview:-1"},"canonical":"https:\/\/www.freiholtz.se\/forvetet\/2004\/07\/23\/anekdotisk-evidens-och-en-profetia\/","og_locale":"sv_SE","og_type":"article","og_title":"Anekdotisk evidens och en profetia - F\u00f6rvetet","og_description":"Enligt OECD:s v\u00e4lst\u00e5ndslista \u00e4r det bara Spanien, Portugal och Grekland av de v\u00e4steuropeiska EU-l\u00e4nderna som en klart l\u00e4gre ekonomisk levnadsstandard \u00e4n Sverige. Levnadstandard \u00e4r sv\u00e5rt att m\u00e4ta och det finns m\u00e5nga (bort)f\u00f6rklaringar till Sveriges f\u00f6rs\u00e4mrade placering i listan. F\u00f6r en systemdynamiker (som undertecknad) \u00e4r det uppenbart att v\u00e5rt nuvarande, relativa v\u00e4lst\u00e5nd inte produceras nu utan...","og_url":"https:\/\/www.freiholtz.se\/forvetet\/2004\/07\/23\/anekdotisk-evidens-och-en-profetia\/","og_site_name":"F\u00f6rvetet","article_published_time":"2004-07-23T12:58:57+00:00","author":"Thorvald","twitter_card":"summary_large_image","twitter_misc":{"Skriven av":"Thorvald","Ber\u00e4knad l\u00e4stid":"2 minuter"},"schema":{"@context":"https:\/\/schema.org","@graph":[{"@type":"Article","@id":"https:\/\/www.freiholtz.se\/forvetet\/2004\/07\/23\/anekdotisk-evidens-och-en-profetia\/#article","isPartOf":{"@id":"https:\/\/www.freiholtz.se\/forvetet\/2004\/07\/23\/anekdotisk-evidens-och-en-profetia\/"},"author":{"name":"Thorvald","@id":"https:\/\/www.freiholtz.se\/forvetet\/#\/schema\/person\/f8eba858e89d86da3e8f4131644d7c72"},"headline":"Anekdotisk evidens och en profetia","datePublished":"2004-07-23T12:58:57+00:00","mainEntityOfPage":{"@id":"https:\/\/www.freiholtz.se\/forvetet\/2004\/07\/23\/anekdotisk-evidens-och-en-profetia\/"},"wordCount":310,"articleSection":["Politik"],"inLanguage":"sv-SE"},{"@type":"WebPage","@id":"https:\/\/www.freiholtz.se\/forvetet\/2004\/07\/23\/anekdotisk-evidens-och-en-profetia\/","url":"https:\/\/www.freiholtz.se\/forvetet\/2004\/07\/23\/anekdotisk-evidens-och-en-profetia\/","name":"Anekdotisk evidens och en profetia - F\u00f6rvetet","isPartOf":{"@id":"https:\/\/www.freiholtz.se\/forvetet\/#website"},"datePublished":"2004-07-23T12:58:57+00:00","author":{"@id":"https:\/\/www.freiholtz.se\/forvetet\/#\/schema\/person\/f8eba858e89d86da3e8f4131644d7c72"},"breadcrumb":{"@id":"https:\/\/www.freiholtz.se\/forvetet\/2004\/07\/23\/anekdotisk-evidens-och-en-profetia\/#breadcrumb"},"inLanguage":"sv-SE","potentialAction":[{"@type":"ReadAction","target":["https:\/\/www.freiholtz.se\/forvetet\/2004\/07\/23\/anekdotisk-evidens-och-en-profetia\/"]}]},{"@type":"BreadcrumbList","@id":"https:\/\/www.freiholtz.se\/forvetet\/2004\/07\/23\/anekdotisk-evidens-och-en-profetia\/#breadcrumb","itemListElement":[{"@type":"ListItem","position":1,"name":"Hem","item":"https:\/\/www.freiholtz.se\/forvetet\/"},{"@type":"ListItem","position":2,"name":"Anekdotisk evidens och en profetia"}]},{"@type":"WebSite","@id":"https:\/\/www.freiholtz.se\/forvetet\/#website","url":"https:\/\/www.freiholtz.se\/forvetet\/","name":"F\u00f6rvetet","description":"en blogg fr\u00e5n freiholtz.se!","potentialAction":[{"@type":"SearchAction","target":{"@type":"EntryPoint","urlTemplate":"https:\/\/www.freiholtz.se\/forvetet\/?s={search_term_string}"},"query-input":{"@type":"PropertyValueSpecification","valueRequired":true,"valueName":"search_term_string"}}],"inLanguage":"sv-SE"},{"@type":"Person","@id":"https:\/\/www.freiholtz.se\/forvetet\/#\/schema\/person\/f8eba858e89d86da3e8f4131644d7c72","name":"Thorvald","image":{"@type":"ImageObject","inLanguage":"sv-SE","@id":"https:\/\/secure.gravatar.com\/avatar\/8328a4c14b3a439f4c0cf3cf4af03cee061e00c35ed80000610d03c204796578?s=96&d=mm&r=g","url":"https:\/\/secure.gravatar.com\/avatar\/8328a4c14b3a439f4c0cf3cf4af03cee061e00c35ed80000610d03c204796578?s=96&d=mm&r=g","contentUrl":"https:\/\/secure.gravatar.com\/avatar\/8328a4c14b3a439f4c0cf3cf4af03cee061e00c35ed80000610d03c204796578?s=96&d=mm&r=g","caption":"Thorvald"},"sameAs":["https:\/\/www.freiholtz.se"],"url":"https:\/\/www.freiholtz.se\/forvetet\/author\/thorvald\/"}]}},"_links":{"self":[{"href":"https:\/\/www.freiholtz.se\/forvetet\/wp-json\/wp\/v2\/posts\/801","targetHints":{"allow":["GET"]}}],"collection":[{"href":"https:\/\/www.freiholtz.se\/forvetet\/wp-json\/wp\/v2\/posts"}],"about":[{"href":"https:\/\/www.freiholtz.se\/forvetet\/wp-json\/wp\/v2\/types\/post"}],"author":[{"embeddable":true,"href":"https:\/\/www.freiholtz.se\/forvetet\/wp-json\/wp\/v2\/users\/1"}],"replies":[{"embeddable":true,"href":"https:\/\/www.freiholtz.se\/forvetet\/wp-json\/wp\/v2\/comments?post=801"}],"version-history":[{"count":0,"href":"https:\/\/www.freiholtz.se\/forvetet\/wp-json\/wp\/v2\/posts\/801\/revisions"}],"wp:attachment":[{"href":"https:\/\/www.freiholtz.se\/forvetet\/wp-json\/wp\/v2\/media?parent=801"}],"wp:term":[{"taxonomy":"category","embeddable":true,"href":"https:\/\/www.freiholtz.se\/forvetet\/wp-json\/wp\/v2\/categories?post=801"},{"taxonomy":"post_tag","embeddable":true,"href":"https:\/\/www.freiholtz.se\/forvetet\/wp-json\/wp\/v2\/tags?post=801"}],"curies":[{"name":"wp","href":"https:\/\/api.w.org\/{rel}","templated":true}]}}