{"id":798,"date":"2004-07-25T22:12:58","date_gmt":"2004-07-25T20:12:58","guid":{"rendered":"http:\/\/www.freiholtz.se\/forvetet\/?p=798"},"modified":"2004-07-25T22:12:58","modified_gmt":"2004-07-25T20:12:58","slug":"fin-f%ef%bf%bdrebild","status":"publish","type":"post","link":"https:\/\/www.freiholtz.se\/forvetet\/2004\/07\/25\/fin-f%ef%bf%bdrebild\/","title":{"rendered":"Fin f\u00f6rebild"},"content":{"rendered":"<p><!--109078649882356959--><a class=\"text\" href=\"http:\/\/www.erixon.com\/index.htm\">Dick Erixon anklagar g\u00e4rna alla som inte tycker som han f\u00f6r politisk naivitet. Nu senast var det <\/a><a class=\"text\" href=\"http:\/\/www.foretagarna.se\/\">F\u00f6retagarna<\/a>s ordf\u00f6rande Salvatore Grimaldi som blev kallad politisk idiot.<\/p>\n<p>Jag vill inte kalla Erixon, som frilansar f\u00f6r n\u00e4ringslivsfinansierade <a class=\"text\" href=\"http:\/\/www.timbro.se\/\">Timbro<\/a>, f\u00f6r industriell idiot, men han \u00e4r \u00e5tminstone mer \u00e4n lovligt naiv n\u00e4r det g\u00e4ller storf\u00f6retagsv\u00e4rlden. Enligt en mycket tillf\u00f6rlitlig k\u00e4lla var en av Erixons idoler (i alla fall den h\u00e4r veckan) som officiellt och h\u00f6gljutt prisade marknadsekonomi och frihandel samtidigt mycket aktiv i uppbyggandet och vidmakth\u00e5llandet av en global kartell.<\/p>\n<p>Det g\u00e4ller att v\u00e4lja sina f\u00f6rebilder med urskillning.<\/p>\n","protected":false},"excerpt":{"rendered":"<p>Dick Erixon anklagar g\u00e4rna alla som inte tycker som han f\u00f6r politisk naivitet. Nu senast var det F\u00f6retagarnas ordf\u00f6rande Salvatore Grimaldi som blev kallad politisk idiot. Jag vill inte kalla Erixon, som frilansar f\u00f6r n\u00e4ringslivsfinansierade Timbro, f\u00f6r industriell idiot, men han \u00e4r \u00e5tminstone mer \u00e4n lovligt naiv n\u00e4r det g\u00e4ller storf\u00f6retagsv\u00e4rlden. Enligt en mycket tillf\u00f6rlitlig&#8230;<\/p>\n","protected":false},"author":1,"featured_media":0,"comment_status":"closed","ping_status":"closed","sticky":false,"template":"","format":"standard","meta":{"_monsterinsights_skip_tracking":false,"_monsterinsights_sitenote_active":false,"_monsterinsights_sitenote_note":"","_monsterinsights_sitenote_category":0,"footnotes":""},"categories":[7],"tags":[],"class_list":["post-798","post","type-post","status-publish","format-standard","hentry","category-politik"],"yoast_head":"<!-- This site is optimized with the Yoast SEO plugin v27.5 - https:\/\/yoast.com\/product\/yoast-seo-wordpress\/ -->\n<title>Fin f\u00f6rebild - F\u00f6rvetet<\/title>\n<meta name=\"robots\" content=\"index, follow, max-snippet:-1, max-image-preview:large, max-video-preview:-1\" \/>\n<link rel=\"canonical\" href=\"https:\/\/www.freiholtz.se\/forvetet\/2004\/07\/25\/fin-f\ufffdrebild\/\" \/>\n<meta property=\"og:locale\" content=\"sv_SE\" \/>\n<meta property=\"og:type\" content=\"article\" \/>\n<meta property=\"og:title\" content=\"Fin f\u00f6rebild - F\u00f6rvetet\" \/>\n<meta property=\"og:description\" content=\"Dick Erixon anklagar g\u00e4rna alla som inte tycker som han f\u00f6r politisk naivitet. Nu senast var det F\u00f6retagarnas ordf\u00f6rande Salvatore Grimaldi som blev kallad politisk idiot. Jag vill inte kalla Erixon, som frilansar f\u00f6r n\u00e4ringslivsfinansierade Timbro, f\u00f6r industriell idiot, men han \u00e4r \u00e5tminstone mer \u00e4n lovligt naiv n\u00e4r det g\u00e4ller storf\u00f6retagsv\u00e4rlden. Enligt en mycket tillf\u00f6rlitlig...\" \/>\n<meta property=\"og:url\" content=\"https:\/\/www.freiholtz.se\/forvetet\/2004\/07\/25\/fin-f\ufffdrebild\/\" \/>\n<meta property=\"og:site_name\" content=\"F\u00f6rvetet\" \/>\n<meta property=\"article:published_time\" content=\"2004-07-25T20:12:58+00:00\" \/>\n<meta name=\"author\" content=\"Thorvald\" \/>\n<meta name=\"twitter:card\" content=\"summary_large_image\" \/>\n<meta name=\"twitter:label1\" content=\"Skriven av\" \/>\n\t<meta name=\"twitter:data1\" content=\"Thorvald\" \/>\n\t<meta name=\"twitter:label2\" content=\"Ber\u00e4knad l\u00e4stid\" \/>\n\t<meta name=\"twitter:data2\" content=\"1 minut\" \/>\n<script type=\"application\/ld+json\" class=\"yoast-schema-graph\">{\"@context\":\"https:\\\/\\\/schema.org\",\"@graph\":[{\"@type\":\"Article\",\"@id\":\"https:\\\/\\\/www.freiholtz.se\\\/forvetet\\\/2004\\\/07\\\/25\\\/fin-f%ef%bf%bdrebild\\\/#article\",\"isPartOf\":{\"@id\":\"https:\\\/\\\/www.freiholtz.se\\\/forvetet\\\/2004\\\/07\\\/25\\\/fin-f%ef%bf%bdrebild\\\/\"},\"author\":{\"name\":\"Thorvald\",\"@id\":\"https:\\\/\\\/www.freiholtz.se\\\/forvetet\\\/#\\\/schema\\\/person\\\/f8eba858e89d86da3e8f4131644d7c72\"},\"headline\":\"Fin f\u00f6rebild\",\"datePublished\":\"2004-07-25T20:12:58+00:00\",\"mainEntityOfPage\":{\"@id\":\"https:\\\/\\\/www.freiholtz.se\\\/forvetet\\\/2004\\\/07\\\/25\\\/fin-f%ef%bf%bdrebild\\\/\"},\"wordCount\":116,\"articleSection\":[\"Politik\"],\"inLanguage\":\"sv-SE\"},{\"@type\":\"WebPage\",\"@id\":\"https:\\\/\\\/www.freiholtz.se\\\/forvetet\\\/2004\\\/07\\\/25\\\/fin-f%ef%bf%bdrebild\\\/\",\"url\":\"https:\\\/\\\/www.freiholtz.se\\\/forvetet\\\/2004\\\/07\\\/25\\\/fin-f%ef%bf%bdrebild\\\/\",\"name\":\"Fin f\u00f6rebild - F\u00f6rvetet\",\"isPartOf\":{\"@id\":\"https:\\\/\\\/www.freiholtz.se\\\/forvetet\\\/#website\"},\"datePublished\":\"2004-07-25T20:12:58+00:00\",\"author\":{\"@id\":\"https:\\\/\\\/www.freiholtz.se\\\/forvetet\\\/#\\\/schema\\\/person\\\/f8eba858e89d86da3e8f4131644d7c72\"},\"breadcrumb\":{\"@id\":\"https:\\\/\\\/www.freiholtz.se\\\/forvetet\\\/2004\\\/07\\\/25\\\/fin-f%ef%bf%bdrebild\\\/#breadcrumb\"},\"inLanguage\":\"sv-SE\",\"potentialAction\":[{\"@type\":\"ReadAction\",\"target\":[\"https:\\\/\\\/www.freiholtz.se\\\/forvetet\\\/2004\\\/07\\\/25\\\/fin-f%ef%bf%bdrebild\\\/\"]}]},{\"@type\":\"BreadcrumbList\",\"@id\":\"https:\\\/\\\/www.freiholtz.se\\\/forvetet\\\/2004\\\/07\\\/25\\\/fin-f%ef%bf%bdrebild\\\/#breadcrumb\",\"itemListElement\":[{\"@type\":\"ListItem\",\"position\":1,\"name\":\"Hem\",\"item\":\"https:\\\/\\\/www.freiholtz.se\\\/forvetet\\\/\"},{\"@type\":\"ListItem\",\"position\":2,\"name\":\"Fin f\u00f6rebild\"}]},{\"@type\":\"WebSite\",\"@id\":\"https:\\\/\\\/www.freiholtz.se\\\/forvetet\\\/#website\",\"url\":\"https:\\\/\\\/www.freiholtz.se\\\/forvetet\\\/\",\"name\":\"F\u00f6rvetet\",\"description\":\"en blogg fr\u00e5n freiholtz.se!\",\"potentialAction\":[{\"@type\":\"SearchAction\",\"target\":{\"@type\":\"EntryPoint\",\"urlTemplate\":\"https:\\\/\\\/www.freiholtz.se\\\/forvetet\\\/?s={search_term_string}\"},\"query-input\":{\"@type\":\"PropertyValueSpecification\",\"valueRequired\":true,\"valueName\":\"search_term_string\"}}],\"inLanguage\":\"sv-SE\"},{\"@type\":\"Person\",\"@id\":\"https:\\\/\\\/www.freiholtz.se\\\/forvetet\\\/#\\\/schema\\\/person\\\/f8eba858e89d86da3e8f4131644d7c72\",\"name\":\"Thorvald\",\"image\":{\"@type\":\"ImageObject\",\"inLanguage\":\"sv-SE\",\"@id\":\"https:\\\/\\\/secure.gravatar.com\\\/avatar\\\/8328a4c14b3a439f4c0cf3cf4af03cee061e00c35ed80000610d03c204796578?s=96&d=mm&r=g\",\"url\":\"https:\\\/\\\/secure.gravatar.com\\\/avatar\\\/8328a4c14b3a439f4c0cf3cf4af03cee061e00c35ed80000610d03c204796578?s=96&d=mm&r=g\",\"contentUrl\":\"https:\\\/\\\/secure.gravatar.com\\\/avatar\\\/8328a4c14b3a439f4c0cf3cf4af03cee061e00c35ed80000610d03c204796578?s=96&d=mm&r=g\",\"caption\":\"Thorvald\"},\"sameAs\":[\"https:\\\/\\\/www.freiholtz.se\"],\"url\":\"https:\\\/\\\/www.freiholtz.se\\\/forvetet\\\/author\\\/thorvald\\\/\"}]}<\/script>\n<!-- \/ Yoast SEO plugin. -->","yoast_head_json":{"title":"Fin f\u00f6rebild - F\u00f6rvetet","robots":{"index":"index","follow":"follow","max-snippet":"max-snippet:-1","max-image-preview":"max-image-preview:large","max-video-preview":"max-video-preview:-1"},"canonical":"https:\/\/www.freiholtz.se\/forvetet\/2004\/07\/25\/fin-f\ufffdrebild\/","og_locale":"sv_SE","og_type":"article","og_title":"Fin f\u00f6rebild - F\u00f6rvetet","og_description":"Dick Erixon anklagar g\u00e4rna alla som inte tycker som han f\u00f6r politisk naivitet. Nu senast var det F\u00f6retagarnas ordf\u00f6rande Salvatore Grimaldi som blev kallad politisk idiot. Jag vill inte kalla Erixon, som frilansar f\u00f6r n\u00e4ringslivsfinansierade Timbro, f\u00f6r industriell idiot, men han \u00e4r \u00e5tminstone mer \u00e4n lovligt naiv n\u00e4r det g\u00e4ller storf\u00f6retagsv\u00e4rlden. Enligt en mycket tillf\u00f6rlitlig...","og_url":"https:\/\/www.freiholtz.se\/forvetet\/2004\/07\/25\/fin-f\ufffdrebild\/","og_site_name":"F\u00f6rvetet","article_published_time":"2004-07-25T20:12:58+00:00","author":"Thorvald","twitter_card":"summary_large_image","twitter_misc":{"Skriven av":"Thorvald","Ber\u00e4knad l\u00e4stid":"1 minut"},"schema":{"@context":"https:\/\/schema.org","@graph":[{"@type":"Article","@id":"https:\/\/www.freiholtz.se\/forvetet\/2004\/07\/25\/fin-f%ef%bf%bdrebild\/#article","isPartOf":{"@id":"https:\/\/www.freiholtz.se\/forvetet\/2004\/07\/25\/fin-f%ef%bf%bdrebild\/"},"author":{"name":"Thorvald","@id":"https:\/\/www.freiholtz.se\/forvetet\/#\/schema\/person\/f8eba858e89d86da3e8f4131644d7c72"},"headline":"Fin f\u00f6rebild","datePublished":"2004-07-25T20:12:58+00:00","mainEntityOfPage":{"@id":"https:\/\/www.freiholtz.se\/forvetet\/2004\/07\/25\/fin-f%ef%bf%bdrebild\/"},"wordCount":116,"articleSection":["Politik"],"inLanguage":"sv-SE"},{"@type":"WebPage","@id":"https:\/\/www.freiholtz.se\/forvetet\/2004\/07\/25\/fin-f%ef%bf%bdrebild\/","url":"https:\/\/www.freiholtz.se\/forvetet\/2004\/07\/25\/fin-f%ef%bf%bdrebild\/","name":"Fin f\u00f6rebild - F\u00f6rvetet","isPartOf":{"@id":"https:\/\/www.freiholtz.se\/forvetet\/#website"},"datePublished":"2004-07-25T20:12:58+00:00","author":{"@id":"https:\/\/www.freiholtz.se\/forvetet\/#\/schema\/person\/f8eba858e89d86da3e8f4131644d7c72"},"breadcrumb":{"@id":"https:\/\/www.freiholtz.se\/forvetet\/2004\/07\/25\/fin-f%ef%bf%bdrebild\/#breadcrumb"},"inLanguage":"sv-SE","potentialAction":[{"@type":"ReadAction","target":["https:\/\/www.freiholtz.se\/forvetet\/2004\/07\/25\/fin-f%ef%bf%bdrebild\/"]}]},{"@type":"BreadcrumbList","@id":"https:\/\/www.freiholtz.se\/forvetet\/2004\/07\/25\/fin-f%ef%bf%bdrebild\/#breadcrumb","itemListElement":[{"@type":"ListItem","position":1,"name":"Hem","item":"https:\/\/www.freiholtz.se\/forvetet\/"},{"@type":"ListItem","position":2,"name":"Fin f\u00f6rebild"}]},{"@type":"WebSite","@id":"https:\/\/www.freiholtz.se\/forvetet\/#website","url":"https:\/\/www.freiholtz.se\/forvetet\/","name":"F\u00f6rvetet","description":"en blogg fr\u00e5n freiholtz.se!","potentialAction":[{"@type":"SearchAction","target":{"@type":"EntryPoint","urlTemplate":"https:\/\/www.freiholtz.se\/forvetet\/?s={search_term_string}"},"query-input":{"@type":"PropertyValueSpecification","valueRequired":true,"valueName":"search_term_string"}}],"inLanguage":"sv-SE"},{"@type":"Person","@id":"https:\/\/www.freiholtz.se\/forvetet\/#\/schema\/person\/f8eba858e89d86da3e8f4131644d7c72","name":"Thorvald","image":{"@type":"ImageObject","inLanguage":"sv-SE","@id":"https:\/\/secure.gravatar.com\/avatar\/8328a4c14b3a439f4c0cf3cf4af03cee061e00c35ed80000610d03c204796578?s=96&d=mm&r=g","url":"https:\/\/secure.gravatar.com\/avatar\/8328a4c14b3a439f4c0cf3cf4af03cee061e00c35ed80000610d03c204796578?s=96&d=mm&r=g","contentUrl":"https:\/\/secure.gravatar.com\/avatar\/8328a4c14b3a439f4c0cf3cf4af03cee061e00c35ed80000610d03c204796578?s=96&d=mm&r=g","caption":"Thorvald"},"sameAs":["https:\/\/www.freiholtz.se"],"url":"https:\/\/www.freiholtz.se\/forvetet\/author\/thorvald\/"}]}},"_links":{"self":[{"href":"https:\/\/www.freiholtz.se\/forvetet\/wp-json\/wp\/v2\/posts\/798","targetHints":{"allow":["GET"]}}],"collection":[{"href":"https:\/\/www.freiholtz.se\/forvetet\/wp-json\/wp\/v2\/posts"}],"about":[{"href":"https:\/\/www.freiholtz.se\/forvetet\/wp-json\/wp\/v2\/types\/post"}],"author":[{"embeddable":true,"href":"https:\/\/www.freiholtz.se\/forvetet\/wp-json\/wp\/v2\/users\/1"}],"replies":[{"embeddable":true,"href":"https:\/\/www.freiholtz.se\/forvetet\/wp-json\/wp\/v2\/comments?post=798"}],"version-history":[{"count":0,"href":"https:\/\/www.freiholtz.se\/forvetet\/wp-json\/wp\/v2\/posts\/798\/revisions"}],"wp:attachment":[{"href":"https:\/\/www.freiholtz.se\/forvetet\/wp-json\/wp\/v2\/media?parent=798"}],"wp:term":[{"taxonomy":"category","embeddable":true,"href":"https:\/\/www.freiholtz.se\/forvetet\/wp-json\/wp\/v2\/categories?post=798"},{"taxonomy":"post_tag","embeddable":true,"href":"https:\/\/www.freiholtz.se\/forvetet\/wp-json\/wp\/v2\/tags?post=798"}],"curies":[{"name":"wp","href":"https:\/\/api.w.org\/{rel}","templated":true}]}}