{"id":762,"date":"2004-02-05T23:35:14","date_gmt":"2004-02-05T22:35:14","guid":{"rendered":"http:\/\/www.freiholtz.se\/forvetet\/?p=762"},"modified":"2004-02-05T23:35:14","modified_gmt":"2004-02-05T22:35:14","slug":"vad-sk%ef%bf%bdnt-du-dr%ef%bf%bd","status":"publish","type":"post","link":"https:\/\/www.freiholtz.se\/forvetet\/2004\/02\/05\/vad-sk%ef%bf%bdnt-du-dr%ef%bf%bd\/","title":{"rendered":"Vad sk\u00f6nt du dr\u00f6mt"},"content":{"rendered":"<p><!--107602051404374303-->Hela dagen har <a class=\"text\" href=\"http:\/\/www.sr.se\/ekot\">Ekot<\/a> rapporterat om att <a class=\"text\" href=\"http:\/\/www.sr.se\/cgi-bin\/ekot\/artikel.asp?artikel=363404\">f\u00f6rs\u00f6ket med fri\u00e5r<\/a> inte gett de positiva effekter som regeringen f\u00f6rv\u00e4ntat sig. Vikariaten har inte g\u00e5tt till l\u00e5ngtidsarbetsl\u00f6sa utan till redan &#8221;springvikarierande&#8221; ungdomar och invandrare (om jag minns r\u00e4tt). N\u00e4r fri\u00e5ret ska inf\u00f6ras i hela landet kan <a class=\"text\" href=\"http:\/\/www.sr.se\/cgi-bin\/spelare\/createsmil.asp?ID=43695\">regeringen<\/a> d\u00e4rf\u00f6r t\u00e4nka sig att <a class=\"text\" href=\"http:\/\/www.sr.se\/ekot\/artikel.asp?artikel=364061\">se \u00f6ver reglerna<\/a>. Arbetsf\u00f6rmedlingen ska f\u00e5 best\u00e4mma vilka som ska f\u00e5 vikariaten. Det kan man kalla dubbelfel!<\/p>\n<p>Dels \u00e4r det f\u00f6rmodligen ett ett felslut att l\u00e5ngtisarbetsl\u00f6sa inte gynnats av reformen. Vilka har f\u00e5tt ta \u00f6ver springvikariaten? De \u00e4r ocks\u00e5 en v\u00e4g (tillbaka) in i arbetslivet.<\/p>\n<p>Dels blir det nog inte s\u00e5 m\u00e5nga tj\u00e4nstledigheter om inte arbets-givarna f\u00e5r best\u00e4mma vilka som ska anst\u00e4llas som vikarier. Men det \u00e4r klart, regeringen kanske bara vill ha en reform som ser bra ut p\u00e5 pappret?<\/p>\n<p><strong>Fotnot:<\/strong> Med tanke p\u00e5 <a class=\"text\" href=\"http:\/\/www.karlsson.at\/ordet.htm#citat\">dagens inl\u00e4gg<\/a> p\u00e5 <strong><a class=\"text\" href=\"http:\/\/www.karlsson.at\/ordet.htm\">N\u00e4r jag \u00e4nd\u00e5 har ordet<\/a><\/strong> f\u00f6rv\u00e4ntar jag mig att Bengt O. omg\u00e5ende kommenterar f\u00f6rfattare, verk och kontext till citatet i rubriken n\u00e4r han l\u00e4st denna post. Utan att tjuvgoogla!<\/p>\n","protected":false},"excerpt":{"rendered":"<p>Hela dagen har Ekot rapporterat om att f\u00f6rs\u00f6ket med fri\u00e5r inte gett de positiva effekter som regeringen f\u00f6rv\u00e4ntat sig. Vikariaten har inte g\u00e5tt till l\u00e5ngtidsarbetsl\u00f6sa utan till redan &#8221;springvikarierande&#8221; ungdomar och invandrare (om jag minns r\u00e4tt). N\u00e4r fri\u00e5ret ska inf\u00f6ras i hela landet kan regeringen d\u00e4rf\u00f6r t\u00e4nka sig att se \u00f6ver reglerna. Arbetsf\u00f6rmedlingen ska f\u00e5&#8230;<\/p>\n","protected":false},"author":1,"featured_media":0,"comment_status":"closed","ping_status":"closed","sticky":false,"template":"","format":"standard","meta":{"_monsterinsights_skip_tracking":false,"_monsterinsights_sitenote_active":false,"_monsterinsights_sitenote_note":"","_monsterinsights_sitenote_category":0,"footnotes":""},"categories":[7],"tags":[],"class_list":["post-762","post","type-post","status-publish","format-standard","hentry","category-politik"],"yoast_head":"<!-- This site is optimized with the Yoast SEO plugin v27.5 - https:\/\/yoast.com\/product\/yoast-seo-wordpress\/ -->\n<title>Vad sk\u00f6nt du dr\u00f6mt - F\u00f6rvetet<\/title>\n<meta name=\"robots\" content=\"index, follow, max-snippet:-1, max-image-preview:large, max-video-preview:-1\" \/>\n<link rel=\"canonical\" href=\"https:\/\/www.freiholtz.se\/forvetet\/2004\/02\/05\/vad-sk\ufffdnt-du-dr\ufffd\/\" \/>\n<meta property=\"og:locale\" content=\"sv_SE\" \/>\n<meta property=\"og:type\" content=\"article\" \/>\n<meta property=\"og:title\" content=\"Vad sk\u00f6nt du dr\u00f6mt - F\u00f6rvetet\" \/>\n<meta property=\"og:description\" content=\"Hela dagen har Ekot rapporterat om att f\u00f6rs\u00f6ket med fri\u00e5r inte gett de positiva effekter som regeringen f\u00f6rv\u00e4ntat sig. Vikariaten har inte g\u00e5tt till l\u00e5ngtidsarbetsl\u00f6sa utan till redan &#8221;springvikarierande&#8221; ungdomar och invandrare (om jag minns r\u00e4tt). N\u00e4r fri\u00e5ret ska inf\u00f6ras i hela landet kan regeringen d\u00e4rf\u00f6r t\u00e4nka sig att se \u00f6ver reglerna. Arbetsf\u00f6rmedlingen ska f\u00e5...\" \/>\n<meta property=\"og:url\" content=\"https:\/\/www.freiholtz.se\/forvetet\/2004\/02\/05\/vad-sk\ufffdnt-du-dr\ufffd\/\" \/>\n<meta property=\"og:site_name\" content=\"F\u00f6rvetet\" \/>\n<meta property=\"article:published_time\" content=\"2004-02-05T22:35:14+00:00\" \/>\n<meta name=\"author\" content=\"Thorvald\" \/>\n<meta name=\"twitter:card\" content=\"summary_large_image\" \/>\n<meta name=\"twitter:label1\" content=\"Skriven av\" \/>\n\t<meta name=\"twitter:data1\" content=\"Thorvald\" \/>\n\t<meta name=\"twitter:label2\" content=\"Ber\u00e4knad l\u00e4stid\" \/>\n\t<meta name=\"twitter:data2\" content=\"1 minut\" \/>\n<script type=\"application\/ld+json\" class=\"yoast-schema-graph\">{\"@context\":\"https:\\\/\\\/schema.org\",\"@graph\":[{\"@type\":\"Article\",\"@id\":\"https:\\\/\\\/www.freiholtz.se\\\/forvetet\\\/2004\\\/02\\\/05\\\/vad-sk%ef%bf%bdnt-du-dr%ef%bf%bd\\\/#article\",\"isPartOf\":{\"@id\":\"https:\\\/\\\/www.freiholtz.se\\\/forvetet\\\/2004\\\/02\\\/05\\\/vad-sk%ef%bf%bdnt-du-dr%ef%bf%bd\\\/\"},\"author\":{\"name\":\"Thorvald\",\"@id\":\"https:\\\/\\\/www.freiholtz.se\\\/forvetet\\\/#\\\/schema\\\/person\\\/f8eba858e89d86da3e8f4131644d7c72\"},\"headline\":\"Vad sk\u00f6nt du dr\u00f6mt\",\"datePublished\":\"2004-02-05T22:35:14+00:00\",\"mainEntityOfPage\":{\"@id\":\"https:\\\/\\\/www.freiholtz.se\\\/forvetet\\\/2004\\\/02\\\/05\\\/vad-sk%ef%bf%bdnt-du-dr%ef%bf%bd\\\/\"},\"wordCount\":207,\"articleSection\":[\"Politik\"],\"inLanguage\":\"sv-SE\"},{\"@type\":\"WebPage\",\"@id\":\"https:\\\/\\\/www.freiholtz.se\\\/forvetet\\\/2004\\\/02\\\/05\\\/vad-sk%ef%bf%bdnt-du-dr%ef%bf%bd\\\/\",\"url\":\"https:\\\/\\\/www.freiholtz.se\\\/forvetet\\\/2004\\\/02\\\/05\\\/vad-sk%ef%bf%bdnt-du-dr%ef%bf%bd\\\/\",\"name\":\"Vad sk\u00f6nt du dr\u00f6mt - F\u00f6rvetet\",\"isPartOf\":{\"@id\":\"https:\\\/\\\/www.freiholtz.se\\\/forvetet\\\/#website\"},\"datePublished\":\"2004-02-05T22:35:14+00:00\",\"author\":{\"@id\":\"https:\\\/\\\/www.freiholtz.se\\\/forvetet\\\/#\\\/schema\\\/person\\\/f8eba858e89d86da3e8f4131644d7c72\"},\"breadcrumb\":{\"@id\":\"https:\\\/\\\/www.freiholtz.se\\\/forvetet\\\/2004\\\/02\\\/05\\\/vad-sk%ef%bf%bdnt-du-dr%ef%bf%bd\\\/#breadcrumb\"},\"inLanguage\":\"sv-SE\",\"potentialAction\":[{\"@type\":\"ReadAction\",\"target\":[\"https:\\\/\\\/www.freiholtz.se\\\/forvetet\\\/2004\\\/02\\\/05\\\/vad-sk%ef%bf%bdnt-du-dr%ef%bf%bd\\\/\"]}]},{\"@type\":\"BreadcrumbList\",\"@id\":\"https:\\\/\\\/www.freiholtz.se\\\/forvetet\\\/2004\\\/02\\\/05\\\/vad-sk%ef%bf%bdnt-du-dr%ef%bf%bd\\\/#breadcrumb\",\"itemListElement\":[{\"@type\":\"ListItem\",\"position\":1,\"name\":\"Hem\",\"item\":\"https:\\\/\\\/www.freiholtz.se\\\/forvetet\\\/\"},{\"@type\":\"ListItem\",\"position\":2,\"name\":\"Vad sk\u00f6nt du dr\u00f6mt\"}]},{\"@type\":\"WebSite\",\"@id\":\"https:\\\/\\\/www.freiholtz.se\\\/forvetet\\\/#website\",\"url\":\"https:\\\/\\\/www.freiholtz.se\\\/forvetet\\\/\",\"name\":\"F\u00f6rvetet\",\"description\":\"en blogg fr\u00e5n freiholtz.se!\",\"potentialAction\":[{\"@type\":\"SearchAction\",\"target\":{\"@type\":\"EntryPoint\",\"urlTemplate\":\"https:\\\/\\\/www.freiholtz.se\\\/forvetet\\\/?s={search_term_string}\"},\"query-input\":{\"@type\":\"PropertyValueSpecification\",\"valueRequired\":true,\"valueName\":\"search_term_string\"}}],\"inLanguage\":\"sv-SE\"},{\"@type\":\"Person\",\"@id\":\"https:\\\/\\\/www.freiholtz.se\\\/forvetet\\\/#\\\/schema\\\/person\\\/f8eba858e89d86da3e8f4131644d7c72\",\"name\":\"Thorvald\",\"image\":{\"@type\":\"ImageObject\",\"inLanguage\":\"sv-SE\",\"@id\":\"https:\\\/\\\/secure.gravatar.com\\\/avatar\\\/8328a4c14b3a439f4c0cf3cf4af03cee061e00c35ed80000610d03c204796578?s=96&d=mm&r=g\",\"url\":\"https:\\\/\\\/secure.gravatar.com\\\/avatar\\\/8328a4c14b3a439f4c0cf3cf4af03cee061e00c35ed80000610d03c204796578?s=96&d=mm&r=g\",\"contentUrl\":\"https:\\\/\\\/secure.gravatar.com\\\/avatar\\\/8328a4c14b3a439f4c0cf3cf4af03cee061e00c35ed80000610d03c204796578?s=96&d=mm&r=g\",\"caption\":\"Thorvald\"},\"sameAs\":[\"https:\\\/\\\/www.freiholtz.se\"],\"url\":\"https:\\\/\\\/www.freiholtz.se\\\/forvetet\\\/author\\\/thorvald\\\/\"}]}<\/script>\n<!-- \/ Yoast SEO plugin. -->","yoast_head_json":{"title":"Vad sk\u00f6nt du dr\u00f6mt - F\u00f6rvetet","robots":{"index":"index","follow":"follow","max-snippet":"max-snippet:-1","max-image-preview":"max-image-preview:large","max-video-preview":"max-video-preview:-1"},"canonical":"https:\/\/www.freiholtz.se\/forvetet\/2004\/02\/05\/vad-sk\ufffdnt-du-dr\ufffd\/","og_locale":"sv_SE","og_type":"article","og_title":"Vad sk\u00f6nt du dr\u00f6mt - F\u00f6rvetet","og_description":"Hela dagen har Ekot rapporterat om att f\u00f6rs\u00f6ket med fri\u00e5r inte gett de positiva effekter som regeringen f\u00f6rv\u00e4ntat sig. Vikariaten har inte g\u00e5tt till l\u00e5ngtidsarbetsl\u00f6sa utan till redan &#8221;springvikarierande&#8221; ungdomar och invandrare (om jag minns r\u00e4tt). N\u00e4r fri\u00e5ret ska inf\u00f6ras i hela landet kan regeringen d\u00e4rf\u00f6r t\u00e4nka sig att se \u00f6ver reglerna. Arbetsf\u00f6rmedlingen ska f\u00e5...","og_url":"https:\/\/www.freiholtz.se\/forvetet\/2004\/02\/05\/vad-sk\ufffdnt-du-dr\ufffd\/","og_site_name":"F\u00f6rvetet","article_published_time":"2004-02-05T22:35:14+00:00","author":"Thorvald","twitter_card":"summary_large_image","twitter_misc":{"Skriven av":"Thorvald","Ber\u00e4knad l\u00e4stid":"1 minut"},"schema":{"@context":"https:\/\/schema.org","@graph":[{"@type":"Article","@id":"https:\/\/www.freiholtz.se\/forvetet\/2004\/02\/05\/vad-sk%ef%bf%bdnt-du-dr%ef%bf%bd\/#article","isPartOf":{"@id":"https:\/\/www.freiholtz.se\/forvetet\/2004\/02\/05\/vad-sk%ef%bf%bdnt-du-dr%ef%bf%bd\/"},"author":{"name":"Thorvald","@id":"https:\/\/www.freiholtz.se\/forvetet\/#\/schema\/person\/f8eba858e89d86da3e8f4131644d7c72"},"headline":"Vad sk\u00f6nt du dr\u00f6mt","datePublished":"2004-02-05T22:35:14+00:00","mainEntityOfPage":{"@id":"https:\/\/www.freiholtz.se\/forvetet\/2004\/02\/05\/vad-sk%ef%bf%bdnt-du-dr%ef%bf%bd\/"},"wordCount":207,"articleSection":["Politik"],"inLanguage":"sv-SE"},{"@type":"WebPage","@id":"https:\/\/www.freiholtz.se\/forvetet\/2004\/02\/05\/vad-sk%ef%bf%bdnt-du-dr%ef%bf%bd\/","url":"https:\/\/www.freiholtz.se\/forvetet\/2004\/02\/05\/vad-sk%ef%bf%bdnt-du-dr%ef%bf%bd\/","name":"Vad sk\u00f6nt du dr\u00f6mt - F\u00f6rvetet","isPartOf":{"@id":"https:\/\/www.freiholtz.se\/forvetet\/#website"},"datePublished":"2004-02-05T22:35:14+00:00","author":{"@id":"https:\/\/www.freiholtz.se\/forvetet\/#\/schema\/person\/f8eba858e89d86da3e8f4131644d7c72"},"breadcrumb":{"@id":"https:\/\/www.freiholtz.se\/forvetet\/2004\/02\/05\/vad-sk%ef%bf%bdnt-du-dr%ef%bf%bd\/#breadcrumb"},"inLanguage":"sv-SE","potentialAction":[{"@type":"ReadAction","target":["https:\/\/www.freiholtz.se\/forvetet\/2004\/02\/05\/vad-sk%ef%bf%bdnt-du-dr%ef%bf%bd\/"]}]},{"@type":"BreadcrumbList","@id":"https:\/\/www.freiholtz.se\/forvetet\/2004\/02\/05\/vad-sk%ef%bf%bdnt-du-dr%ef%bf%bd\/#breadcrumb","itemListElement":[{"@type":"ListItem","position":1,"name":"Hem","item":"https:\/\/www.freiholtz.se\/forvetet\/"},{"@type":"ListItem","position":2,"name":"Vad sk\u00f6nt du dr\u00f6mt"}]},{"@type":"WebSite","@id":"https:\/\/www.freiholtz.se\/forvetet\/#website","url":"https:\/\/www.freiholtz.se\/forvetet\/","name":"F\u00f6rvetet","description":"en blogg fr\u00e5n freiholtz.se!","potentialAction":[{"@type":"SearchAction","target":{"@type":"EntryPoint","urlTemplate":"https:\/\/www.freiholtz.se\/forvetet\/?s={search_term_string}"},"query-input":{"@type":"PropertyValueSpecification","valueRequired":true,"valueName":"search_term_string"}}],"inLanguage":"sv-SE"},{"@type":"Person","@id":"https:\/\/www.freiholtz.se\/forvetet\/#\/schema\/person\/f8eba858e89d86da3e8f4131644d7c72","name":"Thorvald","image":{"@type":"ImageObject","inLanguage":"sv-SE","@id":"https:\/\/secure.gravatar.com\/avatar\/8328a4c14b3a439f4c0cf3cf4af03cee061e00c35ed80000610d03c204796578?s=96&d=mm&r=g","url":"https:\/\/secure.gravatar.com\/avatar\/8328a4c14b3a439f4c0cf3cf4af03cee061e00c35ed80000610d03c204796578?s=96&d=mm&r=g","contentUrl":"https:\/\/secure.gravatar.com\/avatar\/8328a4c14b3a439f4c0cf3cf4af03cee061e00c35ed80000610d03c204796578?s=96&d=mm&r=g","caption":"Thorvald"},"sameAs":["https:\/\/www.freiholtz.se"],"url":"https:\/\/www.freiholtz.se\/forvetet\/author\/thorvald\/"}]}},"_links":{"self":[{"href":"https:\/\/www.freiholtz.se\/forvetet\/wp-json\/wp\/v2\/posts\/762","targetHints":{"allow":["GET"]}}],"collection":[{"href":"https:\/\/www.freiholtz.se\/forvetet\/wp-json\/wp\/v2\/posts"}],"about":[{"href":"https:\/\/www.freiholtz.se\/forvetet\/wp-json\/wp\/v2\/types\/post"}],"author":[{"embeddable":true,"href":"https:\/\/www.freiholtz.se\/forvetet\/wp-json\/wp\/v2\/users\/1"}],"replies":[{"embeddable":true,"href":"https:\/\/www.freiholtz.se\/forvetet\/wp-json\/wp\/v2\/comments?post=762"}],"version-history":[{"count":0,"href":"https:\/\/www.freiholtz.se\/forvetet\/wp-json\/wp\/v2\/posts\/762\/revisions"}],"wp:attachment":[{"href":"https:\/\/www.freiholtz.se\/forvetet\/wp-json\/wp\/v2\/media?parent=762"}],"wp:term":[{"taxonomy":"category","embeddable":true,"href":"https:\/\/www.freiholtz.se\/forvetet\/wp-json\/wp\/v2\/categories?post=762"},{"taxonomy":"post_tag","embeddable":true,"href":"https:\/\/www.freiholtz.se\/forvetet\/wp-json\/wp\/v2\/tags?post=762"}],"curies":[{"name":"wp","href":"https:\/\/api.w.org\/{rel}","templated":true}]}}