{"id":746,"date":"2004-01-07T23:46:19","date_gmt":"2004-01-07T22:46:19","guid":{"rendered":"http:\/\/www.freiholtz.se\/forvetet\/?p=746"},"modified":"2004-01-07T23:46:19","modified_gmt":"2004-01-07T22:46:19","slug":"den-modell-vi-f%ef%bf%bdrtj%ef%bf%bdnar","status":"publish","type":"post","link":"https:\/\/www.freiholtz.se\/forvetet\/2004\/01\/07\/den-modell-vi-f%ef%bf%bdrtj%ef%bf%bdnar\/","title":{"rendered":"Den modell vi f\u00f6rtj\u00e4nar?"},"content":{"rendered":"<p><!--107351557948639826-->I f\u00f6reg\u00e5ende inl\u00e4gg lovade jag att blanda mig i diskussionen om produktivitet och syssels\u00e4ttning p\u00e5 <a class=\"text\" href=\"http:\/\/kornet.nu\/blindhona\/arkiv\/000756.html\"><strong>Blind H\u00f6na<\/strong><\/a> och <a class=\"text\" href=\"http:\/\/www.karlsson.at\/ordet.htm#modell\"><strong>N\u00e4r jag \u00e4nd\u00e5 har ordet<\/strong><\/a>. Jag inleder med att ge min bild av utvecklingen i Sverige under efterkrigstiden. Det \u00e4r en starkt subjektiv och p\u00e5 inget s\u00e4tt helt\u00e4ckande bild, men inf\u00f6r den diskussion som jag hoppas p\u00e5 tycker jag att det \u00e4r angel\u00e4get att redovisa min utg\u00e5ngspunkt.<\/p>\n<p>Fr\u00e5n krigsslutet fram till slutet av sextiotalet, de s.k. gyllene \u00e5ren, levde Sverige h\u00f6gt p\u00e5 att inte ha deltagit i kriget. Produktionsapparaten var intakt och exporten blomstrade. Sett \u00f6ver hela perioden var de svenska produktivitets\u00f6kningarna l\u00e4gre \u00e4n i omv\u00e4rlden. Ett sk\u00e4l var de goda exportaff\u00e4rerna som gjorde att f\u00f6retagen tappade intresset f\u00f6r att rationalisera, det gick ju bra \u00e4nd\u00e5. Ett annat sk\u00e4l var att produktivitetsutvecklingen gick snabbare i de krigsh\u00e4rjade l\u00e4nderna eftersom de startade fr\u00e5n en bottenniv\u00e5.<\/p>\n<p>I b\u00f6rjan av sjuttiotalet hade v\u00e5ra viktigaste konkurrentl\u00e4nder en produktionsapparat som var modernare och mer effektiv \u00e4n den svenska och exporten b\u00f6rjade g\u00e5 tr\u00f6gt. Upprepade devalveringar under \u00e5ren 1973 till 1982 gjorde att de svenska exportf\u00f6retagen f\u00f6rblev ointresserade av \u00f6ka sin konkurrenskraft genom rationalisering och effektivisering av verksamheten. Den svenska eftersl\u00e4pningen fortsatte fram till krisen i b\u00f6rjan av 90-talet som medf\u00f6rde utslagning av ett stort antal f\u00f6retag som inte l\u00e4ngre kunde h\u00e4vda sig i internationell konkurrens.<\/p>\n<p>Krisen tvingade ocks\u00e5 fram en h\u00e5rdh\u00e4nt sanering av de offentliga finanserna. Det var dock fr\u00e5ga om rent kamerala \u00e5tg\u00e4rder utan n\u00e5gon b\u00e4ring p\u00e5 de underliggande problemen, vilket vi nu ser effekterna av. Efter kris\u00e5ren har den svenska produktivitets-utvecklingen varit b\u00e4ttre i Sverige \u00e4n i konkurrentl\u00e4nderna. Men den har skett i existerande verksamheter och eftersom det inte finns n\u00e5gra nya f\u00f6retag som kan suga upp ledig arbetskraft s\u00e5 har den inte lett till \u00f6kad syssels\u00e4ttning.<\/p>\n<p>Under hela efterkrigstiden har n\u00e4ringslivspolitiken varit inriktad p\u00e5 storf\u00f6retag och gynnat institutionellt \u00e4gande. Det har b\u00e4ddat f\u00f6r den nuvarande situationen med svaga, f\u00f6r att inte s\u00e4ga inkompetenta, styrelser i b\u00f6rsbolagen som endast \u00e4r intresserade det senaste kvartalsbokslutet och den kortsiktiga aktieutvecklingen. D\u00e4rmed l\u00e4mnas f\u00e4ltet \u00f6ppet f\u00f6r f\u00f6retagsledare som Lars-Eric Peterson, Ulf Sp\u00e5ng m.fl. Den f\u00f6rda politiken har ocks\u00e5 lett till att det inte finns n\u00e5got intresse f\u00f6r l\u00e5ngsiktiga investeringar i nya f\u00f6retag.<\/p>\n<p>Den solidariska l\u00f6nepolitiken var i f\u00f6rsta hand ett medel att tvinga fram en strukturomvandling som ans\u00e5gs \u00f6nskv\u00e4rd under 60- och 70-talet n\u00e4r det beh\u00f6vdes personal till den raskt (ohejdat?) expanderande offentliga sektorn. Bland annat raderade den ut den svenska teko-industrin. Problemet var att politiken levde kvar efter att strukturomvandlingen var genomf\u00f6rd. I mer \u00e4n ett decennium levde vi  med l\u00e5gl\u00f6nesatsningar, f\u00f6ljsamhetsklausuler m.m. som ledde till \u00e5rliga l\u00f6neh\u00f6jningar p\u00e5 10% och d\u00e4r\u00f6ver. Eftersom produktivitetsutvecklingen samtidigt l\u00e5g p\u00e5 1-2% blev resultatet inflation och \u201dluft i l\u00f6nekuverten\u201d.<\/p>\n<p>Det var allts\u00e5 inte bara fr\u00e5ga om en \u201d<em>viss inflation<\/em>\u201d som var problemet med den, enligt Bengt, krossade modellen. Det som har h\u00e4nt, och framf\u00f6rallt det som inte har h\u00e4nt (min anm.), inom svensk varvsindustri och inom st\u00e5l och skog har inte lett till n\u00e5gra sociala revolutioner, skriver Bengt. Men det kanske borde ha gjort det!<\/p>\n<p>Nej, den svenska modellen \u00e4r inte krossad, den har inte ens sp\u00e5rat ur. Den har aldrig fungerat, i alla fall inte p\u00e5 det s\u00e4tt som det brukar framst\u00e4llas.<\/p>\n<p>Jag hoppas att detta inl\u00e4gg kan leda till en fortsatt diskussion i den svenska bloggsf\u00e4ren om produktivitet, syssels\u00e4ttning, tillv\u00e4xt. Eller kanske om olika samh\u00e4llsmodeller, t.ex. skillnaden mellan v\u00e4lf\u00e4rds-stat och v\u00e4lf\u00e4rdssamh\u00e4lle.<\/p>\n","protected":false},"excerpt":{"rendered":"<p>I f\u00f6reg\u00e5ende inl\u00e4gg lovade jag att blanda mig i diskussionen om produktivitet och syssels\u00e4ttning p\u00e5 Blind H\u00f6na och N\u00e4r jag \u00e4nd\u00e5 har ordet. Jag inleder med att ge min bild av utvecklingen i Sverige under efterkrigstiden. Det \u00e4r en starkt subjektiv och p\u00e5 inget s\u00e4tt helt\u00e4ckande bild, men inf\u00f6r den diskussion som jag hoppas p\u00e5&#8230;<\/p>\n","protected":false},"author":1,"featured_media":0,"comment_status":"closed","ping_status":"closed","sticky":false,"template":"","format":"standard","meta":{"_monsterinsights_skip_tracking":false,"_monsterinsights_sitenote_active":false,"_monsterinsights_sitenote_note":"","_monsterinsights_sitenote_category":0,"footnotes":""},"categories":[7,8],"tags":[],"class_list":["post-746","post","type-post","status-publish","format-standard","hentry","category-politik","category-samhalle"],"yoast_head":"<!-- This site is optimized with the Yoast SEO plugin v27.5 - https:\/\/yoast.com\/product\/yoast-seo-wordpress\/ -->\n<title>Den modell vi f\u00f6rtj\u00e4nar? - F\u00f6rvetet<\/title>\n<meta name=\"robots\" content=\"index, follow, max-snippet:-1, max-image-preview:large, max-video-preview:-1\" \/>\n<link rel=\"canonical\" href=\"https:\/\/www.freiholtz.se\/forvetet\/2004\/01\/07\/den-modell-vi-f\ufffdrtj\ufffdnar\/\" \/>\n<meta property=\"og:locale\" content=\"sv_SE\" \/>\n<meta property=\"og:type\" content=\"article\" \/>\n<meta property=\"og:title\" content=\"Den modell vi f\u00f6rtj\u00e4nar? - F\u00f6rvetet\" \/>\n<meta property=\"og:description\" content=\"I f\u00f6reg\u00e5ende inl\u00e4gg lovade jag att blanda mig i diskussionen om produktivitet och syssels\u00e4ttning p\u00e5 Blind H\u00f6na och N\u00e4r jag \u00e4nd\u00e5 har ordet. Jag inleder med att ge min bild av utvecklingen i Sverige under efterkrigstiden. Det \u00e4r en starkt subjektiv och p\u00e5 inget s\u00e4tt helt\u00e4ckande bild, men inf\u00f6r den diskussion som jag hoppas p\u00e5...\" \/>\n<meta property=\"og:url\" content=\"https:\/\/www.freiholtz.se\/forvetet\/2004\/01\/07\/den-modell-vi-f\ufffdrtj\ufffdnar\/\" \/>\n<meta property=\"og:site_name\" content=\"F\u00f6rvetet\" \/>\n<meta property=\"article:published_time\" content=\"2004-01-07T22:46:19+00:00\" \/>\n<meta name=\"author\" content=\"Thorvald\" \/>\n<meta name=\"twitter:card\" content=\"summary_large_image\" \/>\n<meta name=\"twitter:label1\" content=\"Skriven av\" \/>\n\t<meta name=\"twitter:data1\" content=\"Thorvald\" \/>\n\t<meta name=\"twitter:label2\" content=\"Ber\u00e4knad l\u00e4stid\" \/>\n\t<meta name=\"twitter:data2\" content=\"3 minuter\" \/>\n<script type=\"application\/ld+json\" class=\"yoast-schema-graph\">{\"@context\":\"https:\\\/\\\/schema.org\",\"@graph\":[{\"@type\":\"Article\",\"@id\":\"https:\\\/\\\/www.freiholtz.se\\\/forvetet\\\/2004\\\/01\\\/07\\\/den-modell-vi-f%ef%bf%bdrtj%ef%bf%bdnar\\\/#article\",\"isPartOf\":{\"@id\":\"https:\\\/\\\/www.freiholtz.se\\\/forvetet\\\/2004\\\/01\\\/07\\\/den-modell-vi-f%ef%bf%bdrtj%ef%bf%bdnar\\\/\"},\"author\":{\"name\":\"Thorvald\",\"@id\":\"https:\\\/\\\/www.freiholtz.se\\\/forvetet\\\/#\\\/schema\\\/person\\\/f8eba858e89d86da3e8f4131644d7c72\"},\"headline\":\"Den modell vi f\u00f6rtj\u00e4nar?\",\"datePublished\":\"2004-01-07T22:46:19+00:00\",\"mainEntityOfPage\":{\"@id\":\"https:\\\/\\\/www.freiholtz.se\\\/forvetet\\\/2004\\\/01\\\/07\\\/den-modell-vi-f%ef%bf%bdrtj%ef%bf%bdnar\\\/\"},\"wordCount\":671,\"articleSection\":[\"Politik\",\"Samh\u00e4lle\"],\"inLanguage\":\"sv-SE\"},{\"@type\":\"WebPage\",\"@id\":\"https:\\\/\\\/www.freiholtz.se\\\/forvetet\\\/2004\\\/01\\\/07\\\/den-modell-vi-f%ef%bf%bdrtj%ef%bf%bdnar\\\/\",\"url\":\"https:\\\/\\\/www.freiholtz.se\\\/forvetet\\\/2004\\\/01\\\/07\\\/den-modell-vi-f%ef%bf%bdrtj%ef%bf%bdnar\\\/\",\"name\":\"Den modell vi f\u00f6rtj\u00e4nar? - F\u00f6rvetet\",\"isPartOf\":{\"@id\":\"https:\\\/\\\/www.freiholtz.se\\\/forvetet\\\/#website\"},\"datePublished\":\"2004-01-07T22:46:19+00:00\",\"author\":{\"@id\":\"https:\\\/\\\/www.freiholtz.se\\\/forvetet\\\/#\\\/schema\\\/person\\\/f8eba858e89d86da3e8f4131644d7c72\"},\"breadcrumb\":{\"@id\":\"https:\\\/\\\/www.freiholtz.se\\\/forvetet\\\/2004\\\/01\\\/07\\\/den-modell-vi-f%ef%bf%bdrtj%ef%bf%bdnar\\\/#breadcrumb\"},\"inLanguage\":\"sv-SE\",\"potentialAction\":[{\"@type\":\"ReadAction\",\"target\":[\"https:\\\/\\\/www.freiholtz.se\\\/forvetet\\\/2004\\\/01\\\/07\\\/den-modell-vi-f%ef%bf%bdrtj%ef%bf%bdnar\\\/\"]}]},{\"@type\":\"BreadcrumbList\",\"@id\":\"https:\\\/\\\/www.freiholtz.se\\\/forvetet\\\/2004\\\/01\\\/07\\\/den-modell-vi-f%ef%bf%bdrtj%ef%bf%bdnar\\\/#breadcrumb\",\"itemListElement\":[{\"@type\":\"ListItem\",\"position\":1,\"name\":\"Hem\",\"item\":\"https:\\\/\\\/www.freiholtz.se\\\/forvetet\\\/\"},{\"@type\":\"ListItem\",\"position\":2,\"name\":\"Den modell vi f\u00f6rtj\u00e4nar?\"}]},{\"@type\":\"WebSite\",\"@id\":\"https:\\\/\\\/www.freiholtz.se\\\/forvetet\\\/#website\",\"url\":\"https:\\\/\\\/www.freiholtz.se\\\/forvetet\\\/\",\"name\":\"F\u00f6rvetet\",\"description\":\"en blogg fr\u00e5n freiholtz.se!\",\"potentialAction\":[{\"@type\":\"SearchAction\",\"target\":{\"@type\":\"EntryPoint\",\"urlTemplate\":\"https:\\\/\\\/www.freiholtz.se\\\/forvetet\\\/?s={search_term_string}\"},\"query-input\":{\"@type\":\"PropertyValueSpecification\",\"valueRequired\":true,\"valueName\":\"search_term_string\"}}],\"inLanguage\":\"sv-SE\"},{\"@type\":\"Person\",\"@id\":\"https:\\\/\\\/www.freiholtz.se\\\/forvetet\\\/#\\\/schema\\\/person\\\/f8eba858e89d86da3e8f4131644d7c72\",\"name\":\"Thorvald\",\"image\":{\"@type\":\"ImageObject\",\"inLanguage\":\"sv-SE\",\"@id\":\"https:\\\/\\\/secure.gravatar.com\\\/avatar\\\/8328a4c14b3a439f4c0cf3cf4af03cee061e00c35ed80000610d03c204796578?s=96&d=mm&r=g\",\"url\":\"https:\\\/\\\/secure.gravatar.com\\\/avatar\\\/8328a4c14b3a439f4c0cf3cf4af03cee061e00c35ed80000610d03c204796578?s=96&d=mm&r=g\",\"contentUrl\":\"https:\\\/\\\/secure.gravatar.com\\\/avatar\\\/8328a4c14b3a439f4c0cf3cf4af03cee061e00c35ed80000610d03c204796578?s=96&d=mm&r=g\",\"caption\":\"Thorvald\"},\"sameAs\":[\"https:\\\/\\\/www.freiholtz.se\"],\"url\":\"https:\\\/\\\/www.freiholtz.se\\\/forvetet\\\/author\\\/thorvald\\\/\"}]}<\/script>\n<!-- \/ Yoast SEO plugin. -->","yoast_head_json":{"title":"Den modell vi f\u00f6rtj\u00e4nar? - F\u00f6rvetet","robots":{"index":"index","follow":"follow","max-snippet":"max-snippet:-1","max-image-preview":"max-image-preview:large","max-video-preview":"max-video-preview:-1"},"canonical":"https:\/\/www.freiholtz.se\/forvetet\/2004\/01\/07\/den-modell-vi-f\ufffdrtj\ufffdnar\/","og_locale":"sv_SE","og_type":"article","og_title":"Den modell vi f\u00f6rtj\u00e4nar? - F\u00f6rvetet","og_description":"I f\u00f6reg\u00e5ende inl\u00e4gg lovade jag att blanda mig i diskussionen om produktivitet och syssels\u00e4ttning p\u00e5 Blind H\u00f6na och N\u00e4r jag \u00e4nd\u00e5 har ordet. Jag inleder med att ge min bild av utvecklingen i Sverige under efterkrigstiden. Det \u00e4r en starkt subjektiv och p\u00e5 inget s\u00e4tt helt\u00e4ckande bild, men inf\u00f6r den diskussion som jag hoppas p\u00e5...","og_url":"https:\/\/www.freiholtz.se\/forvetet\/2004\/01\/07\/den-modell-vi-f\ufffdrtj\ufffdnar\/","og_site_name":"F\u00f6rvetet","article_published_time":"2004-01-07T22:46:19+00:00","author":"Thorvald","twitter_card":"summary_large_image","twitter_misc":{"Skriven av":"Thorvald","Ber\u00e4knad l\u00e4stid":"3 minuter"},"schema":{"@context":"https:\/\/schema.org","@graph":[{"@type":"Article","@id":"https:\/\/www.freiholtz.se\/forvetet\/2004\/01\/07\/den-modell-vi-f%ef%bf%bdrtj%ef%bf%bdnar\/#article","isPartOf":{"@id":"https:\/\/www.freiholtz.se\/forvetet\/2004\/01\/07\/den-modell-vi-f%ef%bf%bdrtj%ef%bf%bdnar\/"},"author":{"name":"Thorvald","@id":"https:\/\/www.freiholtz.se\/forvetet\/#\/schema\/person\/f8eba858e89d86da3e8f4131644d7c72"},"headline":"Den modell vi f\u00f6rtj\u00e4nar?","datePublished":"2004-01-07T22:46:19+00:00","mainEntityOfPage":{"@id":"https:\/\/www.freiholtz.se\/forvetet\/2004\/01\/07\/den-modell-vi-f%ef%bf%bdrtj%ef%bf%bdnar\/"},"wordCount":671,"articleSection":["Politik","Samh\u00e4lle"],"inLanguage":"sv-SE"},{"@type":"WebPage","@id":"https:\/\/www.freiholtz.se\/forvetet\/2004\/01\/07\/den-modell-vi-f%ef%bf%bdrtj%ef%bf%bdnar\/","url":"https:\/\/www.freiholtz.se\/forvetet\/2004\/01\/07\/den-modell-vi-f%ef%bf%bdrtj%ef%bf%bdnar\/","name":"Den modell vi f\u00f6rtj\u00e4nar? - F\u00f6rvetet","isPartOf":{"@id":"https:\/\/www.freiholtz.se\/forvetet\/#website"},"datePublished":"2004-01-07T22:46:19+00:00","author":{"@id":"https:\/\/www.freiholtz.se\/forvetet\/#\/schema\/person\/f8eba858e89d86da3e8f4131644d7c72"},"breadcrumb":{"@id":"https:\/\/www.freiholtz.se\/forvetet\/2004\/01\/07\/den-modell-vi-f%ef%bf%bdrtj%ef%bf%bdnar\/#breadcrumb"},"inLanguage":"sv-SE","potentialAction":[{"@type":"ReadAction","target":["https:\/\/www.freiholtz.se\/forvetet\/2004\/01\/07\/den-modell-vi-f%ef%bf%bdrtj%ef%bf%bdnar\/"]}]},{"@type":"BreadcrumbList","@id":"https:\/\/www.freiholtz.se\/forvetet\/2004\/01\/07\/den-modell-vi-f%ef%bf%bdrtj%ef%bf%bdnar\/#breadcrumb","itemListElement":[{"@type":"ListItem","position":1,"name":"Hem","item":"https:\/\/www.freiholtz.se\/forvetet\/"},{"@type":"ListItem","position":2,"name":"Den modell vi f\u00f6rtj\u00e4nar?"}]},{"@type":"WebSite","@id":"https:\/\/www.freiholtz.se\/forvetet\/#website","url":"https:\/\/www.freiholtz.se\/forvetet\/","name":"F\u00f6rvetet","description":"en blogg fr\u00e5n freiholtz.se!","potentialAction":[{"@type":"SearchAction","target":{"@type":"EntryPoint","urlTemplate":"https:\/\/www.freiholtz.se\/forvetet\/?s={search_term_string}"},"query-input":{"@type":"PropertyValueSpecification","valueRequired":true,"valueName":"search_term_string"}}],"inLanguage":"sv-SE"},{"@type":"Person","@id":"https:\/\/www.freiholtz.se\/forvetet\/#\/schema\/person\/f8eba858e89d86da3e8f4131644d7c72","name":"Thorvald","image":{"@type":"ImageObject","inLanguage":"sv-SE","@id":"https:\/\/secure.gravatar.com\/avatar\/8328a4c14b3a439f4c0cf3cf4af03cee061e00c35ed80000610d03c204796578?s=96&d=mm&r=g","url":"https:\/\/secure.gravatar.com\/avatar\/8328a4c14b3a439f4c0cf3cf4af03cee061e00c35ed80000610d03c204796578?s=96&d=mm&r=g","contentUrl":"https:\/\/secure.gravatar.com\/avatar\/8328a4c14b3a439f4c0cf3cf4af03cee061e00c35ed80000610d03c204796578?s=96&d=mm&r=g","caption":"Thorvald"},"sameAs":["https:\/\/www.freiholtz.se"],"url":"https:\/\/www.freiholtz.se\/forvetet\/author\/thorvald\/"}]}},"_links":{"self":[{"href":"https:\/\/www.freiholtz.se\/forvetet\/wp-json\/wp\/v2\/posts\/746","targetHints":{"allow":["GET"]}}],"collection":[{"href":"https:\/\/www.freiholtz.se\/forvetet\/wp-json\/wp\/v2\/posts"}],"about":[{"href":"https:\/\/www.freiholtz.se\/forvetet\/wp-json\/wp\/v2\/types\/post"}],"author":[{"embeddable":true,"href":"https:\/\/www.freiholtz.se\/forvetet\/wp-json\/wp\/v2\/users\/1"}],"replies":[{"embeddable":true,"href":"https:\/\/www.freiholtz.se\/forvetet\/wp-json\/wp\/v2\/comments?post=746"}],"version-history":[{"count":0,"href":"https:\/\/www.freiholtz.se\/forvetet\/wp-json\/wp\/v2\/posts\/746\/revisions"}],"wp:attachment":[{"href":"https:\/\/www.freiholtz.se\/forvetet\/wp-json\/wp\/v2\/media?parent=746"}],"wp:term":[{"taxonomy":"category","embeddable":true,"href":"https:\/\/www.freiholtz.se\/forvetet\/wp-json\/wp\/v2\/categories?post=746"},{"taxonomy":"post_tag","embeddable":true,"href":"https:\/\/www.freiholtz.se\/forvetet\/wp-json\/wp\/v2\/tags?post=746"}],"curies":[{"name":"wp","href":"https:\/\/api.w.org\/{rel}","templated":true}]}}