{"id":744,"date":"2004-01-10T18:16:11","date_gmt":"2004-01-10T17:16:11","guid":{"rendered":"http:\/\/www.freiholtz.se\/forvetet\/?p=744"},"modified":"2004-01-10T18:16:11","modified_gmt":"2004-01-10T17:16:11","slug":"ingen-riktig-svensk","status":"publish","type":"post","link":"https:\/\/www.freiholtz.se\/forvetet\/2004\/01\/10\/ingen-riktig-svensk\/","title":{"rendered":"Ingen riktig svensk"},"content":{"rendered":"<p><!--107375497156614252--> <a class=\"text\" href=\"http:\/\/hem.passagen.se\/mson\/weblog.htm#BlogID29\">Monjia<\/a> skriver att alla med minst en utlandsf\u00f6dd f\u00f6r\u00e4lder r\u00e4knas som invandrare i Sverige. D\u00e4r har hon delvis fel. Den politiskt korrekta termen &#8211; s\u00e4kerligen utt\u00e4nkt av en v\u00e4lmenande socionom &#8211; \u00e4r &#8221;<em><a class=\"text\" href=\"http:\/\/susning.nu\/Andra_generationens_invandrare\">andra generationens invandrare<\/a><\/em>&#8221;. <\/p>\n<p>Ben\u00e4mningen andra generationens invandrare indikerar att det ocks\u00e5 finns invandrare av tredje generationen o.sv. \u00c4r de riktigt svenska? \u00c4r jag, som \u00e4r sj\u00e4tte generationens invandrare, en riktig svensk? Var g\u00e5r gr\u00e4nsen? <\/p>\n","protected":false},"excerpt":{"rendered":"<p>Monjia skriver att alla med minst en utlandsf\u00f6dd f\u00f6r\u00e4lder r\u00e4knas som invandrare i Sverige. D\u00e4r har hon delvis fel. Den politiskt korrekta termen &#8211; s\u00e4kerligen utt\u00e4nkt av en v\u00e4lmenande socionom &#8211; \u00e4r &#8221;andra generationens invandrare&#8221;. Ben\u00e4mningen andra generationens invandrare indikerar att det ocks\u00e5 finns invandrare av tredje generationen o.sv. \u00c4r de riktigt svenska? \u00c4r jag,&#8230;<\/p>\n","protected":false},"author":1,"featured_media":0,"comment_status":"closed","ping_status":"closed","sticky":false,"template":"","format":"standard","meta":{"_monsterinsights_skip_tracking":false,"_monsterinsights_sitenote_active":false,"_monsterinsights_sitenote_note":"","_monsterinsights_sitenote_category":0,"footnotes":""},"categories":[8],"tags":[],"class_list":["post-744","post","type-post","status-publish","format-standard","hentry","category-samhalle"],"yoast_head":"<!-- This site is optimized with the Yoast SEO plugin v27.5 - https:\/\/yoast.com\/product\/yoast-seo-wordpress\/ -->\n<title>Ingen riktig svensk - F\u00f6rvetet<\/title>\n<meta name=\"robots\" content=\"index, follow, max-snippet:-1, max-image-preview:large, max-video-preview:-1\" \/>\n<link rel=\"canonical\" href=\"https:\/\/www.freiholtz.se\/forvetet\/2004\/01\/10\/ingen-riktig-svensk\/\" \/>\n<meta property=\"og:locale\" content=\"sv_SE\" \/>\n<meta property=\"og:type\" content=\"article\" \/>\n<meta property=\"og:title\" content=\"Ingen riktig svensk - F\u00f6rvetet\" \/>\n<meta property=\"og:description\" content=\"Monjia skriver att alla med minst en utlandsf\u00f6dd f\u00f6r\u00e4lder r\u00e4knas som invandrare i Sverige. D\u00e4r har hon delvis fel. Den politiskt korrekta termen &#8211; s\u00e4kerligen utt\u00e4nkt av en v\u00e4lmenande socionom &#8211; \u00e4r &#8221;andra generationens invandrare&#8221;. Ben\u00e4mningen andra generationens invandrare indikerar att det ocks\u00e5 finns invandrare av tredje generationen o.sv. \u00c4r de riktigt svenska? \u00c4r jag,...\" \/>\n<meta property=\"og:url\" content=\"https:\/\/www.freiholtz.se\/forvetet\/2004\/01\/10\/ingen-riktig-svensk\/\" \/>\n<meta property=\"og:site_name\" content=\"F\u00f6rvetet\" \/>\n<meta property=\"article:published_time\" content=\"2004-01-10T17:16:11+00:00\" \/>\n<meta name=\"author\" content=\"Thorvald\" \/>\n<meta name=\"twitter:card\" content=\"summary_large_image\" \/>\n<meta name=\"twitter:label1\" content=\"Skriven av\" \/>\n\t<meta name=\"twitter:data1\" content=\"Thorvald\" \/>\n<script type=\"application\/ld+json\" class=\"yoast-schema-graph\">{\"@context\":\"https:\\\/\\\/schema.org\",\"@graph\":[{\"@type\":\"Article\",\"@id\":\"https:\\\/\\\/www.freiholtz.se\\\/forvetet\\\/2004\\\/01\\\/10\\\/ingen-riktig-svensk\\\/#article\",\"isPartOf\":{\"@id\":\"https:\\\/\\\/www.freiholtz.se\\\/forvetet\\\/2004\\\/01\\\/10\\\/ingen-riktig-svensk\\\/\"},\"author\":{\"name\":\"Thorvald\",\"@id\":\"https:\\\/\\\/www.freiholtz.se\\\/forvetet\\\/#\\\/schema\\\/person\\\/f8eba858e89d86da3e8f4131644d7c72\"},\"headline\":\"Ingen riktig svensk\",\"datePublished\":\"2004-01-10T17:16:11+00:00\",\"mainEntityOfPage\":{\"@id\":\"https:\\\/\\\/www.freiholtz.se\\\/forvetet\\\/2004\\\/01\\\/10\\\/ingen-riktig-svensk\\\/\"},\"wordCount\":82,\"articleSection\":[\"Samh\u00e4lle\"],\"inLanguage\":\"sv-SE\"},{\"@type\":\"WebPage\",\"@id\":\"https:\\\/\\\/www.freiholtz.se\\\/forvetet\\\/2004\\\/01\\\/10\\\/ingen-riktig-svensk\\\/\",\"url\":\"https:\\\/\\\/www.freiholtz.se\\\/forvetet\\\/2004\\\/01\\\/10\\\/ingen-riktig-svensk\\\/\",\"name\":\"Ingen riktig svensk - F\u00f6rvetet\",\"isPartOf\":{\"@id\":\"https:\\\/\\\/www.freiholtz.se\\\/forvetet\\\/#website\"},\"datePublished\":\"2004-01-10T17:16:11+00:00\",\"author\":{\"@id\":\"https:\\\/\\\/www.freiholtz.se\\\/forvetet\\\/#\\\/schema\\\/person\\\/f8eba858e89d86da3e8f4131644d7c72\"},\"breadcrumb\":{\"@id\":\"https:\\\/\\\/www.freiholtz.se\\\/forvetet\\\/2004\\\/01\\\/10\\\/ingen-riktig-svensk\\\/#breadcrumb\"},\"inLanguage\":\"sv-SE\",\"potentialAction\":[{\"@type\":\"ReadAction\",\"target\":[\"https:\\\/\\\/www.freiholtz.se\\\/forvetet\\\/2004\\\/01\\\/10\\\/ingen-riktig-svensk\\\/\"]}]},{\"@type\":\"BreadcrumbList\",\"@id\":\"https:\\\/\\\/www.freiholtz.se\\\/forvetet\\\/2004\\\/01\\\/10\\\/ingen-riktig-svensk\\\/#breadcrumb\",\"itemListElement\":[{\"@type\":\"ListItem\",\"position\":1,\"name\":\"Hem\",\"item\":\"https:\\\/\\\/www.freiholtz.se\\\/forvetet\\\/\"},{\"@type\":\"ListItem\",\"position\":2,\"name\":\"Ingen riktig svensk\"}]},{\"@type\":\"WebSite\",\"@id\":\"https:\\\/\\\/www.freiholtz.se\\\/forvetet\\\/#website\",\"url\":\"https:\\\/\\\/www.freiholtz.se\\\/forvetet\\\/\",\"name\":\"F\u00f6rvetet\",\"description\":\"en blogg fr\u00e5n freiholtz.se!\",\"potentialAction\":[{\"@type\":\"SearchAction\",\"target\":{\"@type\":\"EntryPoint\",\"urlTemplate\":\"https:\\\/\\\/www.freiholtz.se\\\/forvetet\\\/?s={search_term_string}\"},\"query-input\":{\"@type\":\"PropertyValueSpecification\",\"valueRequired\":true,\"valueName\":\"search_term_string\"}}],\"inLanguage\":\"sv-SE\"},{\"@type\":\"Person\",\"@id\":\"https:\\\/\\\/www.freiholtz.se\\\/forvetet\\\/#\\\/schema\\\/person\\\/f8eba858e89d86da3e8f4131644d7c72\",\"name\":\"Thorvald\",\"image\":{\"@type\":\"ImageObject\",\"inLanguage\":\"sv-SE\",\"@id\":\"https:\\\/\\\/secure.gravatar.com\\\/avatar\\\/8328a4c14b3a439f4c0cf3cf4af03cee061e00c35ed80000610d03c204796578?s=96&d=mm&r=g\",\"url\":\"https:\\\/\\\/secure.gravatar.com\\\/avatar\\\/8328a4c14b3a439f4c0cf3cf4af03cee061e00c35ed80000610d03c204796578?s=96&d=mm&r=g\",\"contentUrl\":\"https:\\\/\\\/secure.gravatar.com\\\/avatar\\\/8328a4c14b3a439f4c0cf3cf4af03cee061e00c35ed80000610d03c204796578?s=96&d=mm&r=g\",\"caption\":\"Thorvald\"},\"sameAs\":[\"https:\\\/\\\/www.freiholtz.se\"],\"url\":\"https:\\\/\\\/www.freiholtz.se\\\/forvetet\\\/author\\\/thorvald\\\/\"}]}<\/script>\n<!-- \/ Yoast SEO plugin. -->","yoast_head_json":{"title":"Ingen riktig svensk - F\u00f6rvetet","robots":{"index":"index","follow":"follow","max-snippet":"max-snippet:-1","max-image-preview":"max-image-preview:large","max-video-preview":"max-video-preview:-1"},"canonical":"https:\/\/www.freiholtz.se\/forvetet\/2004\/01\/10\/ingen-riktig-svensk\/","og_locale":"sv_SE","og_type":"article","og_title":"Ingen riktig svensk - F\u00f6rvetet","og_description":"Monjia skriver att alla med minst en utlandsf\u00f6dd f\u00f6r\u00e4lder r\u00e4knas som invandrare i Sverige. D\u00e4r har hon delvis fel. Den politiskt korrekta termen &#8211; s\u00e4kerligen utt\u00e4nkt av en v\u00e4lmenande socionom &#8211; \u00e4r &#8221;andra generationens invandrare&#8221;. Ben\u00e4mningen andra generationens invandrare indikerar att det ocks\u00e5 finns invandrare av tredje generationen o.sv. \u00c4r de riktigt svenska? \u00c4r jag,...","og_url":"https:\/\/www.freiholtz.se\/forvetet\/2004\/01\/10\/ingen-riktig-svensk\/","og_site_name":"F\u00f6rvetet","article_published_time":"2004-01-10T17:16:11+00:00","author":"Thorvald","twitter_card":"summary_large_image","twitter_misc":{"Skriven av":"Thorvald"},"schema":{"@context":"https:\/\/schema.org","@graph":[{"@type":"Article","@id":"https:\/\/www.freiholtz.se\/forvetet\/2004\/01\/10\/ingen-riktig-svensk\/#article","isPartOf":{"@id":"https:\/\/www.freiholtz.se\/forvetet\/2004\/01\/10\/ingen-riktig-svensk\/"},"author":{"name":"Thorvald","@id":"https:\/\/www.freiholtz.se\/forvetet\/#\/schema\/person\/f8eba858e89d86da3e8f4131644d7c72"},"headline":"Ingen riktig svensk","datePublished":"2004-01-10T17:16:11+00:00","mainEntityOfPage":{"@id":"https:\/\/www.freiholtz.se\/forvetet\/2004\/01\/10\/ingen-riktig-svensk\/"},"wordCount":82,"articleSection":["Samh\u00e4lle"],"inLanguage":"sv-SE"},{"@type":"WebPage","@id":"https:\/\/www.freiholtz.se\/forvetet\/2004\/01\/10\/ingen-riktig-svensk\/","url":"https:\/\/www.freiholtz.se\/forvetet\/2004\/01\/10\/ingen-riktig-svensk\/","name":"Ingen riktig svensk - F\u00f6rvetet","isPartOf":{"@id":"https:\/\/www.freiholtz.se\/forvetet\/#website"},"datePublished":"2004-01-10T17:16:11+00:00","author":{"@id":"https:\/\/www.freiholtz.se\/forvetet\/#\/schema\/person\/f8eba858e89d86da3e8f4131644d7c72"},"breadcrumb":{"@id":"https:\/\/www.freiholtz.se\/forvetet\/2004\/01\/10\/ingen-riktig-svensk\/#breadcrumb"},"inLanguage":"sv-SE","potentialAction":[{"@type":"ReadAction","target":["https:\/\/www.freiholtz.se\/forvetet\/2004\/01\/10\/ingen-riktig-svensk\/"]}]},{"@type":"BreadcrumbList","@id":"https:\/\/www.freiholtz.se\/forvetet\/2004\/01\/10\/ingen-riktig-svensk\/#breadcrumb","itemListElement":[{"@type":"ListItem","position":1,"name":"Hem","item":"https:\/\/www.freiholtz.se\/forvetet\/"},{"@type":"ListItem","position":2,"name":"Ingen riktig svensk"}]},{"@type":"WebSite","@id":"https:\/\/www.freiholtz.se\/forvetet\/#website","url":"https:\/\/www.freiholtz.se\/forvetet\/","name":"F\u00f6rvetet","description":"en blogg fr\u00e5n freiholtz.se!","potentialAction":[{"@type":"SearchAction","target":{"@type":"EntryPoint","urlTemplate":"https:\/\/www.freiholtz.se\/forvetet\/?s={search_term_string}"},"query-input":{"@type":"PropertyValueSpecification","valueRequired":true,"valueName":"search_term_string"}}],"inLanguage":"sv-SE"},{"@type":"Person","@id":"https:\/\/www.freiholtz.se\/forvetet\/#\/schema\/person\/f8eba858e89d86da3e8f4131644d7c72","name":"Thorvald","image":{"@type":"ImageObject","inLanguage":"sv-SE","@id":"https:\/\/secure.gravatar.com\/avatar\/8328a4c14b3a439f4c0cf3cf4af03cee061e00c35ed80000610d03c204796578?s=96&d=mm&r=g","url":"https:\/\/secure.gravatar.com\/avatar\/8328a4c14b3a439f4c0cf3cf4af03cee061e00c35ed80000610d03c204796578?s=96&d=mm&r=g","contentUrl":"https:\/\/secure.gravatar.com\/avatar\/8328a4c14b3a439f4c0cf3cf4af03cee061e00c35ed80000610d03c204796578?s=96&d=mm&r=g","caption":"Thorvald"},"sameAs":["https:\/\/www.freiholtz.se"],"url":"https:\/\/www.freiholtz.se\/forvetet\/author\/thorvald\/"}]}},"_links":{"self":[{"href":"https:\/\/www.freiholtz.se\/forvetet\/wp-json\/wp\/v2\/posts\/744","targetHints":{"allow":["GET"]}}],"collection":[{"href":"https:\/\/www.freiholtz.se\/forvetet\/wp-json\/wp\/v2\/posts"}],"about":[{"href":"https:\/\/www.freiholtz.se\/forvetet\/wp-json\/wp\/v2\/types\/post"}],"author":[{"embeddable":true,"href":"https:\/\/www.freiholtz.se\/forvetet\/wp-json\/wp\/v2\/users\/1"}],"replies":[{"embeddable":true,"href":"https:\/\/www.freiholtz.se\/forvetet\/wp-json\/wp\/v2\/comments?post=744"}],"version-history":[{"count":0,"href":"https:\/\/www.freiholtz.se\/forvetet\/wp-json\/wp\/v2\/posts\/744\/revisions"}],"wp:attachment":[{"href":"https:\/\/www.freiholtz.se\/forvetet\/wp-json\/wp\/v2\/media?parent=744"}],"wp:term":[{"taxonomy":"category","embeddable":true,"href":"https:\/\/www.freiholtz.se\/forvetet\/wp-json\/wp\/v2\/categories?post=744"},{"taxonomy":"post_tag","embeddable":true,"href":"https:\/\/www.freiholtz.se\/forvetet\/wp-json\/wp\/v2\/tags?post=744"}],"curies":[{"name":"wp","href":"https:\/\/api.w.org\/{rel}","templated":true}]}}