{"id":736,"date":"2004-01-25T22:08:11","date_gmt":"2004-01-25T21:08:11","guid":{"rendered":"http:\/\/www.freiholtz.se\/forvetet\/?p=736"},"modified":"2023-12-04T12:33:06","modified_gmt":"2023-12-04T11:33:06","slug":"f%ef%bf%bdraktig-undergivenhet","status":"publish","type":"post","link":"https:\/\/www.freiholtz.se\/forvetet\/2004\/01\/25\/f%ef%bf%bdraktig-undergivenhet\/","title":{"rendered":"F\u00e5raktig undergivenhet"},"content":{"rendered":"<p><!--107506489120078567-->Jag har idag l\u00e4st ut <a class=\"text\" href=\"http:\/\/www.goethe.de\/gr\/dub\/buch\/deib0301.htm\"><strong>En tysk man historia<\/strong><\/a> av <a class=\"text\" href=\"http:\/\/de.wikipedia.org\/wiki\/Sebastian_Haffner\">Sebastian Haffner<\/a>. Ett avsnitt som s\u00e4rskilt f\u00e5ngade mig var hur det tyska folket i inledningen av nazisternas &#8221;<em>Macht\u00fcbernahme<\/em>&#8221; utan motst\u00e5nd accepterade inskr\u00e4nkningar i den personliga friheten:<\/p>\n<p>&#8221;<em>Att de flesta tyskar d\u00e5, i februari 1933, trodde p\u00e5 att kommunisterna l\u00e5g bakom mordbranden kan man v\u00e4l efter allt detta inte klandra dem f\u00f6r. Det som man kan klandra dem f\u00f6r, och d\u00e4r deras f\u00f6rskr\u00e4ckliga kollektiva karakt\u00e4rssvaghet visade sig f\u00f6r f\u00f6rsta g\u00e5ngen under nazitiden, \u00e4r att saken d\u00e4rmed var avklarad f\u00f6r deras del. Att man tog ifr\u00e5n dem, var och en personligen, deras lilla grundlagsenligt garanterade personliga frihet och medborgarv\u00e4rdighet bara f\u00f6r att det hade brunnit lite i riksdagshuset &#8211; det fann de sig i med f\u00e5raktig undergivenhet som om det m\u00e5ste s\u00e5 vara. Om kommunisterna hade satt eld p\u00e5 riksdagshuset var det ju helt i sin ordning att regeringen &#8217;tog i med h\u00e5rdhandskarna&#8217;! N\u00e4sta morgon diskuterade jag dessa saker med ett par notariekolleger. Alla var mycket intresserade av g\u00e4rnings-mannafr\u00e5gan och mer \u00e4n en yttrade med en blinkning sina tvivel p\u00e5 den officiella versionen. Men ingen tyckte att det var n\u00e5got s\u00e4rskilt med att man i framtiden fick avlyssna hans telefonsamtal, \u00f6ppna hans brev och bryta upp hans skrivbord. &#8217;Jag uppfattar det som en personlig f\u00f6rol\u00e4mpning&#8217;, sade jag, &#8217;att man hindrar mig fr\u00e5n att l\u00e4sa vilken tidning jag vill eftersom en kommunist p\u00e5st\u00e5s ha satt eld p\u00e5 riksdagshuset. G\u00f6r inte ni det?&#8217; En svarade glatt och beskedligt: &#8217;Nej. Varf\u00f6r det? Brukade ni kanske l\u00e4sa Vorw\u00e4rts och Die Rote Fahne f\u00f6rut?&#8217;<\/em>&#8221;<\/p>\n<p>\u00c4ven idag finns det, ocks\u00e5 i v\u00e4stv\u00e4rlden, anledning att vara vaksam mot inskr\u00e4nkningar i den personliga &#8211; eller, f\u00f6r den delen, den konstn\u00e4rliga &#8211; friheten. Det som b\u00f6rjar litet och oskyldigt kan snabbt v\u00e4xa sig stort och farligt.<\/p>\n<p>Boken inneh\u00e5ller ocks\u00e5 ett t\u00e4nkv\u00e4rt avsnitt om &#8221;<em>kamratskap<\/em>&#8221; som jag \u00e5terkommer till i ett senare inl\u00e4gg.<\/p>\n","protected":false},"excerpt":{"rendered":"<p>Jag har idag l\u00e4st ut En tysk man historia av Sebastian Haffner. Ett avsnitt som s\u00e4rskilt f\u00e5ngade mig var hur det tyska folket i inledningen av nazisternas &#8221;Macht\u00fcbernahme&#8221; utan motst\u00e5nd accepterade inskr\u00e4nkningar i den personliga friheten: &#8221;Att de flesta tyskar d\u00e5, i februari 1933, trodde p\u00e5 att kommunisterna l\u00e5g bakom mordbranden kan man v\u00e4l efter&#8230;<\/p>\n","protected":false},"author":1,"featured_media":0,"comment_status":"closed","ping_status":"closed","sticky":false,"template":"","format":"standard","meta":{"_monsterinsights_skip_tracking":false,"_monsterinsights_sitenote_active":false,"_monsterinsights_sitenote_note":"","_monsterinsights_sitenote_category":0,"footnotes":""},"categories":[6,8],"tags":[],"class_list":["post-736","post","type-post","status-publish","format-standard","hentry","category-kultur","category-samhalle"],"yoast_head":"<!-- This site is optimized with the Yoast SEO plugin v27.5 - https:\/\/yoast.com\/product\/yoast-seo-wordpress\/ -->\n<title>F\u00e5raktig undergivenhet - F\u00f6rvetet<\/title>\n<meta name=\"robots\" content=\"index, follow, max-snippet:-1, max-image-preview:large, max-video-preview:-1\" \/>\n<link rel=\"canonical\" href=\"https:\/\/www.freiholtz.se\/forvetet\/2004\/01\/25\/f\ufffdraktig-undergivenhet\/\" \/>\n<meta property=\"og:locale\" content=\"sv_SE\" \/>\n<meta property=\"og:type\" content=\"article\" \/>\n<meta property=\"og:title\" content=\"F\u00e5raktig undergivenhet - F\u00f6rvetet\" \/>\n<meta property=\"og:description\" content=\"Jag har idag l\u00e4st ut En tysk man historia av Sebastian Haffner. Ett avsnitt som s\u00e4rskilt f\u00e5ngade mig var hur det tyska folket i inledningen av nazisternas &#8221;Macht\u00fcbernahme&#8221; utan motst\u00e5nd accepterade inskr\u00e4nkningar i den personliga friheten: &#8221;Att de flesta tyskar d\u00e5, i februari 1933, trodde p\u00e5 att kommunisterna l\u00e5g bakom mordbranden kan man v\u00e4l efter...\" \/>\n<meta property=\"og:url\" content=\"https:\/\/www.freiholtz.se\/forvetet\/2004\/01\/25\/f\ufffdraktig-undergivenhet\/\" \/>\n<meta property=\"og:site_name\" content=\"F\u00f6rvetet\" \/>\n<meta property=\"article:published_time\" content=\"2004-01-25T21:08:11+00:00\" \/>\n<meta property=\"article:modified_time\" content=\"2023-12-04T11:33:06+00:00\" \/>\n<meta name=\"author\" content=\"Thorvald\" \/>\n<meta name=\"twitter:card\" content=\"summary_large_image\" \/>\n<meta name=\"twitter:label1\" content=\"Skriven av\" \/>\n\t<meta name=\"twitter:data1\" content=\"Thorvald\" \/>\n\t<meta name=\"twitter:label2\" content=\"Ber\u00e4knad l\u00e4stid\" \/>\n\t<meta name=\"twitter:data2\" content=\"2 minuter\" \/>\n<script type=\"application\/ld+json\" class=\"yoast-schema-graph\">{\"@context\":\"https:\\\/\\\/schema.org\",\"@graph\":[{\"@type\":\"Article\",\"@id\":\"https:\\\/\\\/www.freiholtz.se\\\/forvetet\\\/2004\\\/01\\\/25\\\/f%ef%bf%bdraktig-undergivenhet\\\/#article\",\"isPartOf\":{\"@id\":\"https:\\\/\\\/www.freiholtz.se\\\/forvetet\\\/2004\\\/01\\\/25\\\/f%ef%bf%bdraktig-undergivenhet\\\/\"},\"author\":{\"name\":\"Thorvald\",\"@id\":\"https:\\\/\\\/www.freiholtz.se\\\/forvetet\\\/#\\\/schema\\\/person\\\/f8eba858e89d86da3e8f4131644d7c72\"},\"headline\":\"F\u00e5raktig undergivenhet\",\"datePublished\":\"2004-01-25T21:08:11+00:00\",\"dateModified\":\"2023-12-04T11:33:06+00:00\",\"mainEntityOfPage\":{\"@id\":\"https:\\\/\\\/www.freiholtz.se\\\/forvetet\\\/2004\\\/01\\\/25\\\/f%ef%bf%bdraktig-undergivenhet\\\/\"},\"wordCount\":365,\"articleSection\":[\"Kultur\",\"Samh\u00e4lle\"],\"inLanguage\":\"sv-SE\"},{\"@type\":\"WebPage\",\"@id\":\"https:\\\/\\\/www.freiholtz.se\\\/forvetet\\\/2004\\\/01\\\/25\\\/f%ef%bf%bdraktig-undergivenhet\\\/\",\"url\":\"https:\\\/\\\/www.freiholtz.se\\\/forvetet\\\/2004\\\/01\\\/25\\\/f%ef%bf%bdraktig-undergivenhet\\\/\",\"name\":\"F\u00e5raktig undergivenhet - F\u00f6rvetet\",\"isPartOf\":{\"@id\":\"https:\\\/\\\/www.freiholtz.se\\\/forvetet\\\/#website\"},\"datePublished\":\"2004-01-25T21:08:11+00:00\",\"dateModified\":\"2023-12-04T11:33:06+00:00\",\"author\":{\"@id\":\"https:\\\/\\\/www.freiholtz.se\\\/forvetet\\\/#\\\/schema\\\/person\\\/f8eba858e89d86da3e8f4131644d7c72\"},\"breadcrumb\":{\"@id\":\"https:\\\/\\\/www.freiholtz.se\\\/forvetet\\\/2004\\\/01\\\/25\\\/f%ef%bf%bdraktig-undergivenhet\\\/#breadcrumb\"},\"inLanguage\":\"sv-SE\",\"potentialAction\":[{\"@type\":\"ReadAction\",\"target\":[\"https:\\\/\\\/www.freiholtz.se\\\/forvetet\\\/2004\\\/01\\\/25\\\/f%ef%bf%bdraktig-undergivenhet\\\/\"]}]},{\"@type\":\"BreadcrumbList\",\"@id\":\"https:\\\/\\\/www.freiholtz.se\\\/forvetet\\\/2004\\\/01\\\/25\\\/f%ef%bf%bdraktig-undergivenhet\\\/#breadcrumb\",\"itemListElement\":[{\"@type\":\"ListItem\",\"position\":1,\"name\":\"Hem\",\"item\":\"https:\\\/\\\/www.freiholtz.se\\\/forvetet\\\/\"},{\"@type\":\"ListItem\",\"position\":2,\"name\":\"F\u00e5raktig undergivenhet\"}]},{\"@type\":\"WebSite\",\"@id\":\"https:\\\/\\\/www.freiholtz.se\\\/forvetet\\\/#website\",\"url\":\"https:\\\/\\\/www.freiholtz.se\\\/forvetet\\\/\",\"name\":\"F\u00f6rvetet\",\"description\":\"en blogg fr\u00e5n freiholtz.se!\",\"potentialAction\":[{\"@type\":\"SearchAction\",\"target\":{\"@type\":\"EntryPoint\",\"urlTemplate\":\"https:\\\/\\\/www.freiholtz.se\\\/forvetet\\\/?s={search_term_string}\"},\"query-input\":{\"@type\":\"PropertyValueSpecification\",\"valueRequired\":true,\"valueName\":\"search_term_string\"}}],\"inLanguage\":\"sv-SE\"},{\"@type\":\"Person\",\"@id\":\"https:\\\/\\\/www.freiholtz.se\\\/forvetet\\\/#\\\/schema\\\/person\\\/f8eba858e89d86da3e8f4131644d7c72\",\"name\":\"Thorvald\",\"image\":{\"@type\":\"ImageObject\",\"inLanguage\":\"sv-SE\",\"@id\":\"https:\\\/\\\/secure.gravatar.com\\\/avatar\\\/8328a4c14b3a439f4c0cf3cf4af03cee061e00c35ed80000610d03c204796578?s=96&d=mm&r=g\",\"url\":\"https:\\\/\\\/secure.gravatar.com\\\/avatar\\\/8328a4c14b3a439f4c0cf3cf4af03cee061e00c35ed80000610d03c204796578?s=96&d=mm&r=g\",\"contentUrl\":\"https:\\\/\\\/secure.gravatar.com\\\/avatar\\\/8328a4c14b3a439f4c0cf3cf4af03cee061e00c35ed80000610d03c204796578?s=96&d=mm&r=g\",\"caption\":\"Thorvald\"},\"sameAs\":[\"https:\\\/\\\/www.freiholtz.se\"],\"url\":\"https:\\\/\\\/www.freiholtz.se\\\/forvetet\\\/author\\\/thorvald\\\/\"}]}<\/script>\n<!-- \/ Yoast SEO plugin. -->","yoast_head_json":{"title":"F\u00e5raktig undergivenhet - F\u00f6rvetet","robots":{"index":"index","follow":"follow","max-snippet":"max-snippet:-1","max-image-preview":"max-image-preview:large","max-video-preview":"max-video-preview:-1"},"canonical":"https:\/\/www.freiholtz.se\/forvetet\/2004\/01\/25\/f\ufffdraktig-undergivenhet\/","og_locale":"sv_SE","og_type":"article","og_title":"F\u00e5raktig undergivenhet - F\u00f6rvetet","og_description":"Jag har idag l\u00e4st ut En tysk man historia av Sebastian Haffner. Ett avsnitt som s\u00e4rskilt f\u00e5ngade mig var hur det tyska folket i inledningen av nazisternas &#8221;Macht\u00fcbernahme&#8221; utan motst\u00e5nd accepterade inskr\u00e4nkningar i den personliga friheten: &#8221;Att de flesta tyskar d\u00e5, i februari 1933, trodde p\u00e5 att kommunisterna l\u00e5g bakom mordbranden kan man v\u00e4l efter...","og_url":"https:\/\/www.freiholtz.se\/forvetet\/2004\/01\/25\/f\ufffdraktig-undergivenhet\/","og_site_name":"F\u00f6rvetet","article_published_time":"2004-01-25T21:08:11+00:00","article_modified_time":"2023-12-04T11:33:06+00:00","author":"Thorvald","twitter_card":"summary_large_image","twitter_misc":{"Skriven av":"Thorvald","Ber\u00e4knad l\u00e4stid":"2 minuter"},"schema":{"@context":"https:\/\/schema.org","@graph":[{"@type":"Article","@id":"https:\/\/www.freiholtz.se\/forvetet\/2004\/01\/25\/f%ef%bf%bdraktig-undergivenhet\/#article","isPartOf":{"@id":"https:\/\/www.freiholtz.se\/forvetet\/2004\/01\/25\/f%ef%bf%bdraktig-undergivenhet\/"},"author":{"name":"Thorvald","@id":"https:\/\/www.freiholtz.se\/forvetet\/#\/schema\/person\/f8eba858e89d86da3e8f4131644d7c72"},"headline":"F\u00e5raktig undergivenhet","datePublished":"2004-01-25T21:08:11+00:00","dateModified":"2023-12-04T11:33:06+00:00","mainEntityOfPage":{"@id":"https:\/\/www.freiholtz.se\/forvetet\/2004\/01\/25\/f%ef%bf%bdraktig-undergivenhet\/"},"wordCount":365,"articleSection":["Kultur","Samh\u00e4lle"],"inLanguage":"sv-SE"},{"@type":"WebPage","@id":"https:\/\/www.freiholtz.se\/forvetet\/2004\/01\/25\/f%ef%bf%bdraktig-undergivenhet\/","url":"https:\/\/www.freiholtz.se\/forvetet\/2004\/01\/25\/f%ef%bf%bdraktig-undergivenhet\/","name":"F\u00e5raktig undergivenhet - F\u00f6rvetet","isPartOf":{"@id":"https:\/\/www.freiholtz.se\/forvetet\/#website"},"datePublished":"2004-01-25T21:08:11+00:00","dateModified":"2023-12-04T11:33:06+00:00","author":{"@id":"https:\/\/www.freiholtz.se\/forvetet\/#\/schema\/person\/f8eba858e89d86da3e8f4131644d7c72"},"breadcrumb":{"@id":"https:\/\/www.freiholtz.se\/forvetet\/2004\/01\/25\/f%ef%bf%bdraktig-undergivenhet\/#breadcrumb"},"inLanguage":"sv-SE","potentialAction":[{"@type":"ReadAction","target":["https:\/\/www.freiholtz.se\/forvetet\/2004\/01\/25\/f%ef%bf%bdraktig-undergivenhet\/"]}]},{"@type":"BreadcrumbList","@id":"https:\/\/www.freiholtz.se\/forvetet\/2004\/01\/25\/f%ef%bf%bdraktig-undergivenhet\/#breadcrumb","itemListElement":[{"@type":"ListItem","position":1,"name":"Hem","item":"https:\/\/www.freiholtz.se\/forvetet\/"},{"@type":"ListItem","position":2,"name":"F\u00e5raktig undergivenhet"}]},{"@type":"WebSite","@id":"https:\/\/www.freiholtz.se\/forvetet\/#website","url":"https:\/\/www.freiholtz.se\/forvetet\/","name":"F\u00f6rvetet","description":"en blogg fr\u00e5n freiholtz.se!","potentialAction":[{"@type":"SearchAction","target":{"@type":"EntryPoint","urlTemplate":"https:\/\/www.freiholtz.se\/forvetet\/?s={search_term_string}"},"query-input":{"@type":"PropertyValueSpecification","valueRequired":true,"valueName":"search_term_string"}}],"inLanguage":"sv-SE"},{"@type":"Person","@id":"https:\/\/www.freiholtz.se\/forvetet\/#\/schema\/person\/f8eba858e89d86da3e8f4131644d7c72","name":"Thorvald","image":{"@type":"ImageObject","inLanguage":"sv-SE","@id":"https:\/\/secure.gravatar.com\/avatar\/8328a4c14b3a439f4c0cf3cf4af03cee061e00c35ed80000610d03c204796578?s=96&d=mm&r=g","url":"https:\/\/secure.gravatar.com\/avatar\/8328a4c14b3a439f4c0cf3cf4af03cee061e00c35ed80000610d03c204796578?s=96&d=mm&r=g","contentUrl":"https:\/\/secure.gravatar.com\/avatar\/8328a4c14b3a439f4c0cf3cf4af03cee061e00c35ed80000610d03c204796578?s=96&d=mm&r=g","caption":"Thorvald"},"sameAs":["https:\/\/www.freiholtz.se"],"url":"https:\/\/www.freiholtz.se\/forvetet\/author\/thorvald\/"}]}},"_links":{"self":[{"href":"https:\/\/www.freiholtz.se\/forvetet\/wp-json\/wp\/v2\/posts\/736","targetHints":{"allow":["GET"]}}],"collection":[{"href":"https:\/\/www.freiholtz.se\/forvetet\/wp-json\/wp\/v2\/posts"}],"about":[{"href":"https:\/\/www.freiholtz.se\/forvetet\/wp-json\/wp\/v2\/types\/post"}],"author":[{"embeddable":true,"href":"https:\/\/www.freiholtz.se\/forvetet\/wp-json\/wp\/v2\/users\/1"}],"replies":[{"embeddable":true,"href":"https:\/\/www.freiholtz.se\/forvetet\/wp-json\/wp\/v2\/comments?post=736"}],"version-history":[{"count":1,"href":"https:\/\/www.freiholtz.se\/forvetet\/wp-json\/wp\/v2\/posts\/736\/revisions"}],"predecessor-version":[{"id":1590,"href":"https:\/\/www.freiholtz.se\/forvetet\/wp-json\/wp\/v2\/posts\/736\/revisions\/1590"}],"wp:attachment":[{"href":"https:\/\/www.freiholtz.se\/forvetet\/wp-json\/wp\/v2\/media?parent=736"}],"wp:term":[{"taxonomy":"category","embeddable":true,"href":"https:\/\/www.freiholtz.se\/forvetet\/wp-json\/wp\/v2\/categories?post=736"},{"taxonomy":"post_tag","embeddable":true,"href":"https:\/\/www.freiholtz.se\/forvetet\/wp-json\/wp\/v2\/tags?post=736"}],"curies":[{"name":"wp","href":"https:\/\/api.w.org\/{rel}","templated":true}]}}