{"id":731,"date":"2004-01-31T19:34:03","date_gmt":"2004-01-31T18:34:03","guid":{"rendered":"http:\/\/www.freiholtz.se\/forvetet\/?p=731"},"modified":"2004-01-31T19:34:03","modified_gmt":"2004-01-31T18:34:03","slug":"en-ljus-dag","status":"publish","type":"post","link":"https:\/\/www.freiholtz.se\/forvetet\/2004\/01\/31\/en-ljus-dag\/","title":{"rendered":"En ljus dag"},"content":{"rendered":"<p><!--107557404374297806-->Erik l\u00e4nkade i f\u00f6rrg\u00e5r till <a class=\"text\" href=\"http:\/\/www.mfa.gov.il\/mfa\/home.asp\">Israels utrikesdepartement<\/a> som lagt ut en video fr\u00e5n den senaste sj\u00e4lvmordsattacken i Jerusalem p\u00e5 sin hemsida. Ig\u00e5r spr\u00e4ngde israeliska trupper sj\u00e4lvmordsbombarens familjs hem. Jag bes\u00f6kte naturligtvis israeliska UD:s hemsida f\u00f6r att se om d\u00e4r m\u00f6jligtvis fanns n\u00e5gon video fr\u00e5n denna svarsspr\u00e4ngning. Det gjorde det inte.<\/p>\n<p>Det \u00e4r m\u00e4rkligt att israeliska UD inte mer uppm\u00e4rksammar denna politik som varit s\u00e5 framg\u00e5ngsrik n\u00e4r det g\u00e4ller att bek\u00e4mpa terrorism och att bygga broar mellan det israeliska och det palestinska folket. Det \u00e4r ett tydligt tecken p\u00e5 antisemitism hos <a class=\"text\" href=\"http:\/\/www.nobel.no\/nor_index.html\">Norska Nobelkommitt\u00e9n<\/a> att Ariel Sharon inte f\u00e5tt Nobels fredspris f\u00f6r denna fredsinsats.<\/p>\n","protected":false},"excerpt":{"rendered":"<p>Erik l\u00e4nkade i f\u00f6rrg\u00e5r till Israels utrikesdepartement som lagt ut en video fr\u00e5n den senaste sj\u00e4lvmordsattacken i Jerusalem p\u00e5 sin hemsida. Ig\u00e5r spr\u00e4ngde israeliska trupper sj\u00e4lvmordsbombarens familjs hem. Jag bes\u00f6kte naturligtvis israeliska UD:s hemsida f\u00f6r att se om d\u00e4r m\u00f6jligtvis fanns n\u00e5gon video fr\u00e5n denna svarsspr\u00e4ngning. Det gjorde det inte. Det \u00e4r m\u00e4rkligt att israeliska&#8230;<\/p>\n","protected":false},"author":1,"featured_media":0,"comment_status":"closed","ping_status":"closed","sticky":false,"template":"","format":"standard","meta":{"_monsterinsights_skip_tracking":false,"_monsterinsights_sitenote_active":false,"_monsterinsights_sitenote_note":"","_monsterinsights_sitenote_category":0,"footnotes":""},"categories":[7],"tags":[],"class_list":["post-731","post","type-post","status-publish","format-standard","hentry","category-politik"],"yoast_head":"<!-- This site is optimized with the Yoast SEO plugin v27.5 - https:\/\/yoast.com\/product\/yoast-seo-wordpress\/ -->\n<title>En ljus dag - F\u00f6rvetet<\/title>\n<meta name=\"robots\" content=\"index, follow, max-snippet:-1, max-image-preview:large, max-video-preview:-1\" \/>\n<link rel=\"canonical\" href=\"https:\/\/www.freiholtz.se\/forvetet\/2004\/01\/31\/en-ljus-dag\/\" \/>\n<meta property=\"og:locale\" content=\"sv_SE\" \/>\n<meta property=\"og:type\" content=\"article\" \/>\n<meta property=\"og:title\" content=\"En ljus dag - F\u00f6rvetet\" \/>\n<meta property=\"og:description\" content=\"Erik l\u00e4nkade i f\u00f6rrg\u00e5r till Israels utrikesdepartement som lagt ut en video fr\u00e5n den senaste sj\u00e4lvmordsattacken i Jerusalem p\u00e5 sin hemsida. Ig\u00e5r spr\u00e4ngde israeliska trupper sj\u00e4lvmordsbombarens familjs hem. Jag bes\u00f6kte naturligtvis israeliska UD:s hemsida f\u00f6r att se om d\u00e4r m\u00f6jligtvis fanns n\u00e5gon video fr\u00e5n denna svarsspr\u00e4ngning. Det gjorde det inte. Det \u00e4r m\u00e4rkligt att israeliska...\" \/>\n<meta property=\"og:url\" content=\"https:\/\/www.freiholtz.se\/forvetet\/2004\/01\/31\/en-ljus-dag\/\" \/>\n<meta property=\"og:site_name\" content=\"F\u00f6rvetet\" \/>\n<meta property=\"article:published_time\" content=\"2004-01-31T18:34:03+00:00\" \/>\n<meta name=\"author\" content=\"Thorvald\" \/>\n<meta name=\"twitter:card\" content=\"summary_large_image\" \/>\n<meta name=\"twitter:label1\" content=\"Skriven av\" \/>\n\t<meta name=\"twitter:data1\" content=\"Thorvald\" \/>\n\t<meta name=\"twitter:label2\" content=\"Ber\u00e4knad l\u00e4stid\" \/>\n\t<meta name=\"twitter:data2\" content=\"1 minut\" \/>\n<script type=\"application\/ld+json\" class=\"yoast-schema-graph\">{\"@context\":\"https:\\\/\\\/schema.org\",\"@graph\":[{\"@type\":\"Article\",\"@id\":\"https:\\\/\\\/www.freiholtz.se\\\/forvetet\\\/2004\\\/01\\\/31\\\/en-ljus-dag\\\/#article\",\"isPartOf\":{\"@id\":\"https:\\\/\\\/www.freiholtz.se\\\/forvetet\\\/2004\\\/01\\\/31\\\/en-ljus-dag\\\/\"},\"author\":{\"name\":\"Thorvald\",\"@id\":\"https:\\\/\\\/www.freiholtz.se\\\/forvetet\\\/#\\\/schema\\\/person\\\/f8eba858e89d86da3e8f4131644d7c72\"},\"headline\":\"En ljus dag\",\"datePublished\":\"2004-01-31T18:34:03+00:00\",\"mainEntityOfPage\":{\"@id\":\"https:\\\/\\\/www.freiholtz.se\\\/forvetet\\\/2004\\\/01\\\/31\\\/en-ljus-dag\\\/\"},\"wordCount\":130,\"articleSection\":[\"Politik\"],\"inLanguage\":\"sv-SE\"},{\"@type\":\"WebPage\",\"@id\":\"https:\\\/\\\/www.freiholtz.se\\\/forvetet\\\/2004\\\/01\\\/31\\\/en-ljus-dag\\\/\",\"url\":\"https:\\\/\\\/www.freiholtz.se\\\/forvetet\\\/2004\\\/01\\\/31\\\/en-ljus-dag\\\/\",\"name\":\"En ljus dag - F\u00f6rvetet\",\"isPartOf\":{\"@id\":\"https:\\\/\\\/www.freiholtz.se\\\/forvetet\\\/#website\"},\"datePublished\":\"2004-01-31T18:34:03+00:00\",\"author\":{\"@id\":\"https:\\\/\\\/www.freiholtz.se\\\/forvetet\\\/#\\\/schema\\\/person\\\/f8eba858e89d86da3e8f4131644d7c72\"},\"breadcrumb\":{\"@id\":\"https:\\\/\\\/www.freiholtz.se\\\/forvetet\\\/2004\\\/01\\\/31\\\/en-ljus-dag\\\/#breadcrumb\"},\"inLanguage\":\"sv-SE\",\"potentialAction\":[{\"@type\":\"ReadAction\",\"target\":[\"https:\\\/\\\/www.freiholtz.se\\\/forvetet\\\/2004\\\/01\\\/31\\\/en-ljus-dag\\\/\"]}]},{\"@type\":\"BreadcrumbList\",\"@id\":\"https:\\\/\\\/www.freiholtz.se\\\/forvetet\\\/2004\\\/01\\\/31\\\/en-ljus-dag\\\/#breadcrumb\",\"itemListElement\":[{\"@type\":\"ListItem\",\"position\":1,\"name\":\"Hem\",\"item\":\"https:\\\/\\\/www.freiholtz.se\\\/forvetet\\\/\"},{\"@type\":\"ListItem\",\"position\":2,\"name\":\"En ljus dag\"}]},{\"@type\":\"WebSite\",\"@id\":\"https:\\\/\\\/www.freiholtz.se\\\/forvetet\\\/#website\",\"url\":\"https:\\\/\\\/www.freiholtz.se\\\/forvetet\\\/\",\"name\":\"F\u00f6rvetet\",\"description\":\"en blogg fr\u00e5n freiholtz.se!\",\"potentialAction\":[{\"@type\":\"SearchAction\",\"target\":{\"@type\":\"EntryPoint\",\"urlTemplate\":\"https:\\\/\\\/www.freiholtz.se\\\/forvetet\\\/?s={search_term_string}\"},\"query-input\":{\"@type\":\"PropertyValueSpecification\",\"valueRequired\":true,\"valueName\":\"search_term_string\"}}],\"inLanguage\":\"sv-SE\"},{\"@type\":\"Person\",\"@id\":\"https:\\\/\\\/www.freiholtz.se\\\/forvetet\\\/#\\\/schema\\\/person\\\/f8eba858e89d86da3e8f4131644d7c72\",\"name\":\"Thorvald\",\"image\":{\"@type\":\"ImageObject\",\"inLanguage\":\"sv-SE\",\"@id\":\"https:\\\/\\\/secure.gravatar.com\\\/avatar\\\/8328a4c14b3a439f4c0cf3cf4af03cee061e00c35ed80000610d03c204796578?s=96&d=mm&r=g\",\"url\":\"https:\\\/\\\/secure.gravatar.com\\\/avatar\\\/8328a4c14b3a439f4c0cf3cf4af03cee061e00c35ed80000610d03c204796578?s=96&d=mm&r=g\",\"contentUrl\":\"https:\\\/\\\/secure.gravatar.com\\\/avatar\\\/8328a4c14b3a439f4c0cf3cf4af03cee061e00c35ed80000610d03c204796578?s=96&d=mm&r=g\",\"caption\":\"Thorvald\"},\"sameAs\":[\"https:\\\/\\\/www.freiholtz.se\"],\"url\":\"https:\\\/\\\/www.freiholtz.se\\\/forvetet\\\/author\\\/thorvald\\\/\"}]}<\/script>\n<!-- \/ Yoast SEO plugin. -->","yoast_head_json":{"title":"En ljus dag - F\u00f6rvetet","robots":{"index":"index","follow":"follow","max-snippet":"max-snippet:-1","max-image-preview":"max-image-preview:large","max-video-preview":"max-video-preview:-1"},"canonical":"https:\/\/www.freiholtz.se\/forvetet\/2004\/01\/31\/en-ljus-dag\/","og_locale":"sv_SE","og_type":"article","og_title":"En ljus dag - F\u00f6rvetet","og_description":"Erik l\u00e4nkade i f\u00f6rrg\u00e5r till Israels utrikesdepartement som lagt ut en video fr\u00e5n den senaste sj\u00e4lvmordsattacken i Jerusalem p\u00e5 sin hemsida. Ig\u00e5r spr\u00e4ngde israeliska trupper sj\u00e4lvmordsbombarens familjs hem. Jag bes\u00f6kte naturligtvis israeliska UD:s hemsida f\u00f6r att se om d\u00e4r m\u00f6jligtvis fanns n\u00e5gon video fr\u00e5n denna svarsspr\u00e4ngning. Det gjorde det inte. Det \u00e4r m\u00e4rkligt att israeliska...","og_url":"https:\/\/www.freiholtz.se\/forvetet\/2004\/01\/31\/en-ljus-dag\/","og_site_name":"F\u00f6rvetet","article_published_time":"2004-01-31T18:34:03+00:00","author":"Thorvald","twitter_card":"summary_large_image","twitter_misc":{"Skriven av":"Thorvald","Ber\u00e4knad l\u00e4stid":"1 minut"},"schema":{"@context":"https:\/\/schema.org","@graph":[{"@type":"Article","@id":"https:\/\/www.freiholtz.se\/forvetet\/2004\/01\/31\/en-ljus-dag\/#article","isPartOf":{"@id":"https:\/\/www.freiholtz.se\/forvetet\/2004\/01\/31\/en-ljus-dag\/"},"author":{"name":"Thorvald","@id":"https:\/\/www.freiholtz.se\/forvetet\/#\/schema\/person\/f8eba858e89d86da3e8f4131644d7c72"},"headline":"En ljus dag","datePublished":"2004-01-31T18:34:03+00:00","mainEntityOfPage":{"@id":"https:\/\/www.freiholtz.se\/forvetet\/2004\/01\/31\/en-ljus-dag\/"},"wordCount":130,"articleSection":["Politik"],"inLanguage":"sv-SE"},{"@type":"WebPage","@id":"https:\/\/www.freiholtz.se\/forvetet\/2004\/01\/31\/en-ljus-dag\/","url":"https:\/\/www.freiholtz.se\/forvetet\/2004\/01\/31\/en-ljus-dag\/","name":"En ljus dag - F\u00f6rvetet","isPartOf":{"@id":"https:\/\/www.freiholtz.se\/forvetet\/#website"},"datePublished":"2004-01-31T18:34:03+00:00","author":{"@id":"https:\/\/www.freiholtz.se\/forvetet\/#\/schema\/person\/f8eba858e89d86da3e8f4131644d7c72"},"breadcrumb":{"@id":"https:\/\/www.freiholtz.se\/forvetet\/2004\/01\/31\/en-ljus-dag\/#breadcrumb"},"inLanguage":"sv-SE","potentialAction":[{"@type":"ReadAction","target":["https:\/\/www.freiholtz.se\/forvetet\/2004\/01\/31\/en-ljus-dag\/"]}]},{"@type":"BreadcrumbList","@id":"https:\/\/www.freiholtz.se\/forvetet\/2004\/01\/31\/en-ljus-dag\/#breadcrumb","itemListElement":[{"@type":"ListItem","position":1,"name":"Hem","item":"https:\/\/www.freiholtz.se\/forvetet\/"},{"@type":"ListItem","position":2,"name":"En ljus dag"}]},{"@type":"WebSite","@id":"https:\/\/www.freiholtz.se\/forvetet\/#website","url":"https:\/\/www.freiholtz.se\/forvetet\/","name":"F\u00f6rvetet","description":"en blogg fr\u00e5n freiholtz.se!","potentialAction":[{"@type":"SearchAction","target":{"@type":"EntryPoint","urlTemplate":"https:\/\/www.freiholtz.se\/forvetet\/?s={search_term_string}"},"query-input":{"@type":"PropertyValueSpecification","valueRequired":true,"valueName":"search_term_string"}}],"inLanguage":"sv-SE"},{"@type":"Person","@id":"https:\/\/www.freiholtz.se\/forvetet\/#\/schema\/person\/f8eba858e89d86da3e8f4131644d7c72","name":"Thorvald","image":{"@type":"ImageObject","inLanguage":"sv-SE","@id":"https:\/\/secure.gravatar.com\/avatar\/8328a4c14b3a439f4c0cf3cf4af03cee061e00c35ed80000610d03c204796578?s=96&d=mm&r=g","url":"https:\/\/secure.gravatar.com\/avatar\/8328a4c14b3a439f4c0cf3cf4af03cee061e00c35ed80000610d03c204796578?s=96&d=mm&r=g","contentUrl":"https:\/\/secure.gravatar.com\/avatar\/8328a4c14b3a439f4c0cf3cf4af03cee061e00c35ed80000610d03c204796578?s=96&d=mm&r=g","caption":"Thorvald"},"sameAs":["https:\/\/www.freiholtz.se"],"url":"https:\/\/www.freiholtz.se\/forvetet\/author\/thorvald\/"}]}},"_links":{"self":[{"href":"https:\/\/www.freiholtz.se\/forvetet\/wp-json\/wp\/v2\/posts\/731","targetHints":{"allow":["GET"]}}],"collection":[{"href":"https:\/\/www.freiholtz.se\/forvetet\/wp-json\/wp\/v2\/posts"}],"about":[{"href":"https:\/\/www.freiholtz.se\/forvetet\/wp-json\/wp\/v2\/types\/post"}],"author":[{"embeddable":true,"href":"https:\/\/www.freiholtz.se\/forvetet\/wp-json\/wp\/v2\/users\/1"}],"replies":[{"embeddable":true,"href":"https:\/\/www.freiholtz.se\/forvetet\/wp-json\/wp\/v2\/comments?post=731"}],"version-history":[{"count":0,"href":"https:\/\/www.freiholtz.se\/forvetet\/wp-json\/wp\/v2\/posts\/731\/revisions"}],"wp:attachment":[{"href":"https:\/\/www.freiholtz.se\/forvetet\/wp-json\/wp\/v2\/media?parent=731"}],"wp:term":[{"taxonomy":"category","embeddable":true,"href":"https:\/\/www.freiholtz.se\/forvetet\/wp-json\/wp\/v2\/categories?post=731"},{"taxonomy":"post_tag","embeddable":true,"href":"https:\/\/www.freiholtz.se\/forvetet\/wp-json\/wp\/v2\/tags?post=731"}],"curies":[{"name":"wp","href":"https:\/\/api.w.org\/{rel}","templated":true}]}}