{"id":718,"date":"2003-11-03T22:56:45","date_gmt":"2003-11-03T21:56:45","guid":{"rendered":"http:\/\/www.freiholtz.se\/forvetet\/?p=718"},"modified":"2003-11-03T22:56:45","modified_gmt":"2003-11-03T21:56:45","slug":"grodkokaren-karlsson","status":"publish","type":"post","link":"https:\/\/www.freiholtz.se\/forvetet\/2003\/11\/03\/grodkokaren-karlsson\/","title":{"rendered":"Grodkokaren Karlsson"},"content":{"rendered":"<p><!--106789660579141172--> Nu st\u00e5r det klart! I Sverige blir man sjuk av arbete och det \u00e4r arbetsgivarnas fel. P\u00e5 n\u00e5got annat s\u00e4tt kan man knappast tolka arbetslivsminister Hans Karlssons besked i <a class=\"text\" href=\"http:\/\/www.sr.se\/diverse\/AppData\/Ekot\/intervju\/Sounds\/intervju.ram\">Ekots l\u00f6rdagsintervju<\/a> (kr\u00e4ver RealPlayer) att arbetsgivarna ska betala en del av sjukl\u00f6nen oavsett hur l\u00e5ng sjukperioden \u00e4r.<\/p>\n<p>Det s\u00e4gs i intervjun att det bara ska vara en liten del av sjuk-ers\u00e4ttningen och att arbetsgivarna ska kompenseras med l\u00e4gre arbetsgivaravgifter. S\u00e5 blir det s\u00e4kert ocks\u00e5 i b\u00f6rjan, men n\u00e4r de f\u00f6rv\u00e4ntade effekterna inte kommer tillr\u00e4ckligt snabbt s\u00e5 kommer man att h\u00f6ja arbetsgivarnas andel av sjukers\u00e4ttningen f\u00f6r att de ska f\u00e5 ytterligare incitament minska sjukfr\u00e5nvaron. S\u00e5 sm\u00e5ningom kommer ocks\u00e5 arbetsgivaravgifterna att \u00e5terst\u00e4llas, sannolikt f\u00f6r att betala de \u00f6kade kostnaderna f\u00f6r arbetsl\u00f6shet och f\u00f6rtidspensioner som kommer att f\u00f6lja av f\u00f6rslaget. Rekryteringsarbetet i f\u00f6retagen kommer att inriktas p\u00e5 att s\u00e5 l\u00e5ngt som m\u00f6jligt s\u00e5lla bort personer med f\u00f6rh\u00f6jd sjukdomsrisk. Stora grupper kommer d\u00e4rmed att hamna utanf\u00f6r arbetsmarknaden.<\/p>\n<p>Det \u00f6kade utanf\u00f6rskapet \u00e4r ett problem som kommer att smyga sig p\u00e5 oss, precis som dagens h\u00f6ga sjuktal. Ett problem som inte kommer att uppm\u00e4rksammas f\u00f6rr\u00e4n det vuxit till hot mot hela samh\u00e4llsekonomin. Och d\u00e5 kanske <a class=\"text\" href=\"http:\/\/www.pegasuscom.com\/levpoints\/100502.html\">grodan \u00e4r kokt<\/a> (l\u00e4sare som inte \u00e4r specialintresserade av System Dynamics kan hoppa \u00f6ver exemplet som ges i texten).<\/p>\n","protected":false},"excerpt":{"rendered":"<p>Nu st\u00e5r det klart! I Sverige blir man sjuk av arbete och det \u00e4r arbetsgivarnas fel. P\u00e5 n\u00e5got annat s\u00e4tt kan man knappast tolka arbetslivsminister Hans Karlssons besked i Ekots l\u00f6rdagsintervju (kr\u00e4ver RealPlayer) att arbetsgivarna ska betala en del av sjukl\u00f6nen oavsett hur l\u00e5ng sjukperioden \u00e4r. Det s\u00e4gs i intervjun att det bara ska vara&#8230;<\/p>\n","protected":false},"author":1,"featured_media":0,"comment_status":"closed","ping_status":"closed","sticky":false,"template":"","format":"standard","meta":{"_monsterinsights_skip_tracking":false,"_monsterinsights_sitenote_active":false,"_monsterinsights_sitenote_note":"","_monsterinsights_sitenote_category":0,"footnotes":""},"categories":[7],"tags":[],"class_list":["post-718","post","type-post","status-publish","format-standard","hentry","category-politik"],"yoast_head":"<!-- This site is optimized with the Yoast SEO plugin v27.5 - https:\/\/yoast.com\/product\/yoast-seo-wordpress\/ -->\n<title>Grodkokaren Karlsson - F\u00f6rvetet<\/title>\n<meta name=\"robots\" content=\"index, follow, max-snippet:-1, max-image-preview:large, max-video-preview:-1\" \/>\n<link rel=\"canonical\" href=\"https:\/\/www.freiholtz.se\/forvetet\/2003\/11\/03\/grodkokaren-karlsson\/\" \/>\n<meta property=\"og:locale\" content=\"sv_SE\" \/>\n<meta property=\"og:type\" content=\"article\" \/>\n<meta property=\"og:title\" content=\"Grodkokaren Karlsson - F\u00f6rvetet\" \/>\n<meta property=\"og:description\" content=\"Nu st\u00e5r det klart! I Sverige blir man sjuk av arbete och det \u00e4r arbetsgivarnas fel. P\u00e5 n\u00e5got annat s\u00e4tt kan man knappast tolka arbetslivsminister Hans Karlssons besked i Ekots l\u00f6rdagsintervju (kr\u00e4ver RealPlayer) att arbetsgivarna ska betala en del av sjukl\u00f6nen oavsett hur l\u00e5ng sjukperioden \u00e4r. Det s\u00e4gs i intervjun att det bara ska vara...\" \/>\n<meta property=\"og:url\" content=\"https:\/\/www.freiholtz.se\/forvetet\/2003\/11\/03\/grodkokaren-karlsson\/\" \/>\n<meta property=\"og:site_name\" content=\"F\u00f6rvetet\" \/>\n<meta property=\"article:published_time\" content=\"2003-11-03T21:56:45+00:00\" \/>\n<meta name=\"author\" content=\"Thorvald\" \/>\n<meta name=\"twitter:card\" content=\"summary_large_image\" \/>\n<meta name=\"twitter:label1\" content=\"Skriven av\" \/>\n\t<meta name=\"twitter:data1\" content=\"Thorvald\" \/>\n\t<meta name=\"twitter:label2\" content=\"Ber\u00e4knad l\u00e4stid\" \/>\n\t<meta name=\"twitter:data2\" content=\"1 minut\" \/>\n<script type=\"application\/ld+json\" class=\"yoast-schema-graph\">{\"@context\":\"https:\\\/\\\/schema.org\",\"@graph\":[{\"@type\":\"Article\",\"@id\":\"https:\\\/\\\/www.freiholtz.se\\\/forvetet\\\/2003\\\/11\\\/03\\\/grodkokaren-karlsson\\\/#article\",\"isPartOf\":{\"@id\":\"https:\\\/\\\/www.freiholtz.se\\\/forvetet\\\/2003\\\/11\\\/03\\\/grodkokaren-karlsson\\\/\"},\"author\":{\"name\":\"Thorvald\",\"@id\":\"https:\\\/\\\/www.freiholtz.se\\\/forvetet\\\/#\\\/schema\\\/person\\\/f8eba858e89d86da3e8f4131644d7c72\"},\"headline\":\"Grodkokaren Karlsson\",\"datePublished\":\"2003-11-03T21:56:45+00:00\",\"mainEntityOfPage\":{\"@id\":\"https:\\\/\\\/www.freiholtz.se\\\/forvetet\\\/2003\\\/11\\\/03\\\/grodkokaren-karlsson\\\/\"},\"wordCount\":252,\"articleSection\":[\"Politik\"],\"inLanguage\":\"sv-SE\"},{\"@type\":\"WebPage\",\"@id\":\"https:\\\/\\\/www.freiholtz.se\\\/forvetet\\\/2003\\\/11\\\/03\\\/grodkokaren-karlsson\\\/\",\"url\":\"https:\\\/\\\/www.freiholtz.se\\\/forvetet\\\/2003\\\/11\\\/03\\\/grodkokaren-karlsson\\\/\",\"name\":\"Grodkokaren Karlsson - F\u00f6rvetet\",\"isPartOf\":{\"@id\":\"https:\\\/\\\/www.freiholtz.se\\\/forvetet\\\/#website\"},\"datePublished\":\"2003-11-03T21:56:45+00:00\",\"author\":{\"@id\":\"https:\\\/\\\/www.freiholtz.se\\\/forvetet\\\/#\\\/schema\\\/person\\\/f8eba858e89d86da3e8f4131644d7c72\"},\"breadcrumb\":{\"@id\":\"https:\\\/\\\/www.freiholtz.se\\\/forvetet\\\/2003\\\/11\\\/03\\\/grodkokaren-karlsson\\\/#breadcrumb\"},\"inLanguage\":\"sv-SE\",\"potentialAction\":[{\"@type\":\"ReadAction\",\"target\":[\"https:\\\/\\\/www.freiholtz.se\\\/forvetet\\\/2003\\\/11\\\/03\\\/grodkokaren-karlsson\\\/\"]}]},{\"@type\":\"BreadcrumbList\",\"@id\":\"https:\\\/\\\/www.freiholtz.se\\\/forvetet\\\/2003\\\/11\\\/03\\\/grodkokaren-karlsson\\\/#breadcrumb\",\"itemListElement\":[{\"@type\":\"ListItem\",\"position\":1,\"name\":\"Hem\",\"item\":\"https:\\\/\\\/www.freiholtz.se\\\/forvetet\\\/\"},{\"@type\":\"ListItem\",\"position\":2,\"name\":\"Grodkokaren Karlsson\"}]},{\"@type\":\"WebSite\",\"@id\":\"https:\\\/\\\/www.freiholtz.se\\\/forvetet\\\/#website\",\"url\":\"https:\\\/\\\/www.freiholtz.se\\\/forvetet\\\/\",\"name\":\"F\u00f6rvetet\",\"description\":\"en blogg fr\u00e5n freiholtz.se!\",\"potentialAction\":[{\"@type\":\"SearchAction\",\"target\":{\"@type\":\"EntryPoint\",\"urlTemplate\":\"https:\\\/\\\/www.freiholtz.se\\\/forvetet\\\/?s={search_term_string}\"},\"query-input\":{\"@type\":\"PropertyValueSpecification\",\"valueRequired\":true,\"valueName\":\"search_term_string\"}}],\"inLanguage\":\"sv-SE\"},{\"@type\":\"Person\",\"@id\":\"https:\\\/\\\/www.freiholtz.se\\\/forvetet\\\/#\\\/schema\\\/person\\\/f8eba858e89d86da3e8f4131644d7c72\",\"name\":\"Thorvald\",\"image\":{\"@type\":\"ImageObject\",\"inLanguage\":\"sv-SE\",\"@id\":\"https:\\\/\\\/secure.gravatar.com\\\/avatar\\\/8328a4c14b3a439f4c0cf3cf4af03cee061e00c35ed80000610d03c204796578?s=96&d=mm&r=g\",\"url\":\"https:\\\/\\\/secure.gravatar.com\\\/avatar\\\/8328a4c14b3a439f4c0cf3cf4af03cee061e00c35ed80000610d03c204796578?s=96&d=mm&r=g\",\"contentUrl\":\"https:\\\/\\\/secure.gravatar.com\\\/avatar\\\/8328a4c14b3a439f4c0cf3cf4af03cee061e00c35ed80000610d03c204796578?s=96&d=mm&r=g\",\"caption\":\"Thorvald\"},\"sameAs\":[\"https:\\\/\\\/www.freiholtz.se\"],\"url\":\"https:\\\/\\\/www.freiholtz.se\\\/forvetet\\\/author\\\/thorvald\\\/\"}]}<\/script>\n<!-- \/ Yoast SEO plugin. -->","yoast_head_json":{"title":"Grodkokaren Karlsson - F\u00f6rvetet","robots":{"index":"index","follow":"follow","max-snippet":"max-snippet:-1","max-image-preview":"max-image-preview:large","max-video-preview":"max-video-preview:-1"},"canonical":"https:\/\/www.freiholtz.se\/forvetet\/2003\/11\/03\/grodkokaren-karlsson\/","og_locale":"sv_SE","og_type":"article","og_title":"Grodkokaren Karlsson - F\u00f6rvetet","og_description":"Nu st\u00e5r det klart! I Sverige blir man sjuk av arbete och det \u00e4r arbetsgivarnas fel. P\u00e5 n\u00e5got annat s\u00e4tt kan man knappast tolka arbetslivsminister Hans Karlssons besked i Ekots l\u00f6rdagsintervju (kr\u00e4ver RealPlayer) att arbetsgivarna ska betala en del av sjukl\u00f6nen oavsett hur l\u00e5ng sjukperioden \u00e4r. Det s\u00e4gs i intervjun att det bara ska vara...","og_url":"https:\/\/www.freiholtz.se\/forvetet\/2003\/11\/03\/grodkokaren-karlsson\/","og_site_name":"F\u00f6rvetet","article_published_time":"2003-11-03T21:56:45+00:00","author":"Thorvald","twitter_card":"summary_large_image","twitter_misc":{"Skriven av":"Thorvald","Ber\u00e4knad l\u00e4stid":"1 minut"},"schema":{"@context":"https:\/\/schema.org","@graph":[{"@type":"Article","@id":"https:\/\/www.freiholtz.se\/forvetet\/2003\/11\/03\/grodkokaren-karlsson\/#article","isPartOf":{"@id":"https:\/\/www.freiholtz.se\/forvetet\/2003\/11\/03\/grodkokaren-karlsson\/"},"author":{"name":"Thorvald","@id":"https:\/\/www.freiholtz.se\/forvetet\/#\/schema\/person\/f8eba858e89d86da3e8f4131644d7c72"},"headline":"Grodkokaren Karlsson","datePublished":"2003-11-03T21:56:45+00:00","mainEntityOfPage":{"@id":"https:\/\/www.freiholtz.se\/forvetet\/2003\/11\/03\/grodkokaren-karlsson\/"},"wordCount":252,"articleSection":["Politik"],"inLanguage":"sv-SE"},{"@type":"WebPage","@id":"https:\/\/www.freiholtz.se\/forvetet\/2003\/11\/03\/grodkokaren-karlsson\/","url":"https:\/\/www.freiholtz.se\/forvetet\/2003\/11\/03\/grodkokaren-karlsson\/","name":"Grodkokaren Karlsson - F\u00f6rvetet","isPartOf":{"@id":"https:\/\/www.freiholtz.se\/forvetet\/#website"},"datePublished":"2003-11-03T21:56:45+00:00","author":{"@id":"https:\/\/www.freiholtz.se\/forvetet\/#\/schema\/person\/f8eba858e89d86da3e8f4131644d7c72"},"breadcrumb":{"@id":"https:\/\/www.freiholtz.se\/forvetet\/2003\/11\/03\/grodkokaren-karlsson\/#breadcrumb"},"inLanguage":"sv-SE","potentialAction":[{"@type":"ReadAction","target":["https:\/\/www.freiholtz.se\/forvetet\/2003\/11\/03\/grodkokaren-karlsson\/"]}]},{"@type":"BreadcrumbList","@id":"https:\/\/www.freiholtz.se\/forvetet\/2003\/11\/03\/grodkokaren-karlsson\/#breadcrumb","itemListElement":[{"@type":"ListItem","position":1,"name":"Hem","item":"https:\/\/www.freiholtz.se\/forvetet\/"},{"@type":"ListItem","position":2,"name":"Grodkokaren Karlsson"}]},{"@type":"WebSite","@id":"https:\/\/www.freiholtz.se\/forvetet\/#website","url":"https:\/\/www.freiholtz.se\/forvetet\/","name":"F\u00f6rvetet","description":"en blogg fr\u00e5n freiholtz.se!","potentialAction":[{"@type":"SearchAction","target":{"@type":"EntryPoint","urlTemplate":"https:\/\/www.freiholtz.se\/forvetet\/?s={search_term_string}"},"query-input":{"@type":"PropertyValueSpecification","valueRequired":true,"valueName":"search_term_string"}}],"inLanguage":"sv-SE"},{"@type":"Person","@id":"https:\/\/www.freiholtz.se\/forvetet\/#\/schema\/person\/f8eba858e89d86da3e8f4131644d7c72","name":"Thorvald","image":{"@type":"ImageObject","inLanguage":"sv-SE","@id":"https:\/\/secure.gravatar.com\/avatar\/8328a4c14b3a439f4c0cf3cf4af03cee061e00c35ed80000610d03c204796578?s=96&d=mm&r=g","url":"https:\/\/secure.gravatar.com\/avatar\/8328a4c14b3a439f4c0cf3cf4af03cee061e00c35ed80000610d03c204796578?s=96&d=mm&r=g","contentUrl":"https:\/\/secure.gravatar.com\/avatar\/8328a4c14b3a439f4c0cf3cf4af03cee061e00c35ed80000610d03c204796578?s=96&d=mm&r=g","caption":"Thorvald"},"sameAs":["https:\/\/www.freiholtz.se"],"url":"https:\/\/www.freiholtz.se\/forvetet\/author\/thorvald\/"}]}},"_links":{"self":[{"href":"https:\/\/www.freiholtz.se\/forvetet\/wp-json\/wp\/v2\/posts\/718","targetHints":{"allow":["GET"]}}],"collection":[{"href":"https:\/\/www.freiholtz.se\/forvetet\/wp-json\/wp\/v2\/posts"}],"about":[{"href":"https:\/\/www.freiholtz.se\/forvetet\/wp-json\/wp\/v2\/types\/post"}],"author":[{"embeddable":true,"href":"https:\/\/www.freiholtz.se\/forvetet\/wp-json\/wp\/v2\/users\/1"}],"replies":[{"embeddable":true,"href":"https:\/\/www.freiholtz.se\/forvetet\/wp-json\/wp\/v2\/comments?post=718"}],"version-history":[{"count":0,"href":"https:\/\/www.freiholtz.se\/forvetet\/wp-json\/wp\/v2\/posts\/718\/revisions"}],"wp:attachment":[{"href":"https:\/\/www.freiholtz.se\/forvetet\/wp-json\/wp\/v2\/media?parent=718"}],"wp:term":[{"taxonomy":"category","embeddable":true,"href":"https:\/\/www.freiholtz.se\/forvetet\/wp-json\/wp\/v2\/categories?post=718"},{"taxonomy":"post_tag","embeddable":true,"href":"https:\/\/www.freiholtz.se\/forvetet\/wp-json\/wp\/v2\/tags?post=718"}],"curies":[{"name":"wp","href":"https:\/\/api.w.org\/{rel}","templated":true}]}}