{"id":717,"date":"2003-11-04T22:27:31","date_gmt":"2003-11-04T21:27:31","guid":{"rendered":"http:\/\/www.freiholtz.se\/forvetet\/?p=717"},"modified":"2003-11-04T22:27:31","modified_gmt":"2003-11-04T21:27:31","slug":"huvudet-pa-spiken","status":"publish","type":"post","link":"https:\/\/www.freiholtz.se\/forvetet\/2003\/11\/04\/huvudet-pa-spiken\/","title":{"rendered":"Huvudet p\u00e5 spiken"},"content":{"rendered":"<p><!--106798125115859928-->LO:s chefsekonom Dan Andersson i dagens <a class=\"text\" href=\"http:\/\/www.sr.se\/cgi-bin\/P1\/program\/index.asp?ProgramID=759&amp;nyheter=1\">Studio Ett<\/a> i en diskussion om de nya EU-l\u00e4ndernas platta skatter:<\/p>\n<p>&#8221;<em>I Sverige betalar vi [h\u00f6g] skatt, inte f\u00f6r att vi \u00e4r gulliga, utan f\u00f6r att vi <strong>tror<\/strong> att vi f\u00e5r n\u00e5gonting f\u00f6r pengarna<\/em>.&#8221;<\/p>\n<p><a class=\"text\" href=\"http:\/\/www.freiholtz.se\/forvetet\/2003_07_01_arkiv.shtml#105946473667541115\">Just det!<\/a><\/p>\n","protected":false},"excerpt":{"rendered":"<p>LO:s chefsekonom Dan Andersson i dagens Studio Ett i en diskussion om de nya EU-l\u00e4ndernas platta skatter: &#8221;I Sverige betalar vi [h\u00f6g] skatt, inte f\u00f6r att vi \u00e4r gulliga, utan f\u00f6r att vi tror att vi f\u00e5r n\u00e5gonting f\u00f6r pengarna.&#8221; Just det!<\/p>\n","protected":false},"author":1,"featured_media":0,"comment_status":"closed","ping_status":"closed","sticky":false,"template":"","format":"standard","meta":{"_monsterinsights_skip_tracking":false,"_monsterinsights_sitenote_active":false,"_monsterinsights_sitenote_note":"","_monsterinsights_sitenote_category":0,"footnotes":""},"categories":[7],"tags":[],"class_list":["post-717","post","type-post","status-publish","format-standard","hentry","category-politik"],"yoast_head":"<!-- This site is optimized with the Yoast SEO plugin v27.5 - https:\/\/yoast.com\/product\/yoast-seo-wordpress\/ -->\n<title>Huvudet p\u00e5 spiken - F\u00f6rvetet<\/title>\n<meta name=\"robots\" content=\"index, follow, max-snippet:-1, max-image-preview:large, max-video-preview:-1\" \/>\n<link rel=\"canonical\" href=\"https:\/\/www.freiholtz.se\/forvetet\/2003\/11\/04\/huvudet-pa-spiken\/\" \/>\n<meta property=\"og:locale\" content=\"sv_SE\" \/>\n<meta property=\"og:type\" content=\"article\" \/>\n<meta property=\"og:title\" content=\"Huvudet p\u00e5 spiken - F\u00f6rvetet\" \/>\n<meta property=\"og:description\" content=\"LO:s chefsekonom Dan Andersson i dagens Studio Ett i en diskussion om de nya EU-l\u00e4ndernas platta skatter: &#8221;I Sverige betalar vi [h\u00f6g] skatt, inte f\u00f6r att vi \u00e4r gulliga, utan f\u00f6r att vi tror att vi f\u00e5r n\u00e5gonting f\u00f6r pengarna.&#8221; Just det!\" \/>\n<meta property=\"og:url\" content=\"https:\/\/www.freiholtz.se\/forvetet\/2003\/11\/04\/huvudet-pa-spiken\/\" \/>\n<meta property=\"og:site_name\" content=\"F\u00f6rvetet\" \/>\n<meta property=\"article:published_time\" content=\"2003-11-04T21:27:31+00:00\" \/>\n<meta name=\"author\" content=\"Thorvald\" \/>\n<meta name=\"twitter:card\" content=\"summary_large_image\" \/>\n<meta name=\"twitter:label1\" content=\"Skriven av\" \/>\n\t<meta name=\"twitter:data1\" content=\"Thorvald\" \/>\n<script type=\"application\/ld+json\" class=\"yoast-schema-graph\">{\"@context\":\"https:\\\/\\\/schema.org\",\"@graph\":[{\"@type\":\"Article\",\"@id\":\"https:\\\/\\\/www.freiholtz.se\\\/forvetet\\\/2003\\\/11\\\/04\\\/huvudet-pa-spiken\\\/#article\",\"isPartOf\":{\"@id\":\"https:\\\/\\\/www.freiholtz.se\\\/forvetet\\\/2003\\\/11\\\/04\\\/huvudet-pa-spiken\\\/\"},\"author\":{\"name\":\"Thorvald\",\"@id\":\"https:\\\/\\\/www.freiholtz.se\\\/forvetet\\\/#\\\/schema\\\/person\\\/f8eba858e89d86da3e8f4131644d7c72\"},\"headline\":\"Huvudet p\u00e5 spiken\",\"datePublished\":\"2003-11-04T21:27:31+00:00\",\"mainEntityOfPage\":{\"@id\":\"https:\\\/\\\/www.freiholtz.se\\\/forvetet\\\/2003\\\/11\\\/04\\\/huvudet-pa-spiken\\\/\"},\"wordCount\":53,\"articleSection\":[\"Politik\"],\"inLanguage\":\"sv-SE\"},{\"@type\":\"WebPage\",\"@id\":\"https:\\\/\\\/www.freiholtz.se\\\/forvetet\\\/2003\\\/11\\\/04\\\/huvudet-pa-spiken\\\/\",\"url\":\"https:\\\/\\\/www.freiholtz.se\\\/forvetet\\\/2003\\\/11\\\/04\\\/huvudet-pa-spiken\\\/\",\"name\":\"Huvudet p\u00e5 spiken - F\u00f6rvetet\",\"isPartOf\":{\"@id\":\"https:\\\/\\\/www.freiholtz.se\\\/forvetet\\\/#website\"},\"datePublished\":\"2003-11-04T21:27:31+00:00\",\"author\":{\"@id\":\"https:\\\/\\\/www.freiholtz.se\\\/forvetet\\\/#\\\/schema\\\/person\\\/f8eba858e89d86da3e8f4131644d7c72\"},\"breadcrumb\":{\"@id\":\"https:\\\/\\\/www.freiholtz.se\\\/forvetet\\\/2003\\\/11\\\/04\\\/huvudet-pa-spiken\\\/#breadcrumb\"},\"inLanguage\":\"sv-SE\",\"potentialAction\":[{\"@type\":\"ReadAction\",\"target\":[\"https:\\\/\\\/www.freiholtz.se\\\/forvetet\\\/2003\\\/11\\\/04\\\/huvudet-pa-spiken\\\/\"]}]},{\"@type\":\"BreadcrumbList\",\"@id\":\"https:\\\/\\\/www.freiholtz.se\\\/forvetet\\\/2003\\\/11\\\/04\\\/huvudet-pa-spiken\\\/#breadcrumb\",\"itemListElement\":[{\"@type\":\"ListItem\",\"position\":1,\"name\":\"Hem\",\"item\":\"https:\\\/\\\/www.freiholtz.se\\\/forvetet\\\/\"},{\"@type\":\"ListItem\",\"position\":2,\"name\":\"Huvudet p\u00e5 spiken\"}]},{\"@type\":\"WebSite\",\"@id\":\"https:\\\/\\\/www.freiholtz.se\\\/forvetet\\\/#website\",\"url\":\"https:\\\/\\\/www.freiholtz.se\\\/forvetet\\\/\",\"name\":\"F\u00f6rvetet\",\"description\":\"en blogg fr\u00e5n freiholtz.se!\",\"potentialAction\":[{\"@type\":\"SearchAction\",\"target\":{\"@type\":\"EntryPoint\",\"urlTemplate\":\"https:\\\/\\\/www.freiholtz.se\\\/forvetet\\\/?s={search_term_string}\"},\"query-input\":{\"@type\":\"PropertyValueSpecification\",\"valueRequired\":true,\"valueName\":\"search_term_string\"}}],\"inLanguage\":\"sv-SE\"},{\"@type\":\"Person\",\"@id\":\"https:\\\/\\\/www.freiholtz.se\\\/forvetet\\\/#\\\/schema\\\/person\\\/f8eba858e89d86da3e8f4131644d7c72\",\"name\":\"Thorvald\",\"image\":{\"@type\":\"ImageObject\",\"inLanguage\":\"sv-SE\",\"@id\":\"https:\\\/\\\/secure.gravatar.com\\\/avatar\\\/8328a4c14b3a439f4c0cf3cf4af03cee061e00c35ed80000610d03c204796578?s=96&d=mm&r=g\",\"url\":\"https:\\\/\\\/secure.gravatar.com\\\/avatar\\\/8328a4c14b3a439f4c0cf3cf4af03cee061e00c35ed80000610d03c204796578?s=96&d=mm&r=g\",\"contentUrl\":\"https:\\\/\\\/secure.gravatar.com\\\/avatar\\\/8328a4c14b3a439f4c0cf3cf4af03cee061e00c35ed80000610d03c204796578?s=96&d=mm&r=g\",\"caption\":\"Thorvald\"},\"sameAs\":[\"https:\\\/\\\/www.freiholtz.se\"],\"url\":\"https:\\\/\\\/www.freiholtz.se\\\/forvetet\\\/author\\\/thorvald\\\/\"}]}<\/script>\n<!-- \/ Yoast SEO plugin. -->","yoast_head_json":{"title":"Huvudet p\u00e5 spiken - F\u00f6rvetet","robots":{"index":"index","follow":"follow","max-snippet":"max-snippet:-1","max-image-preview":"max-image-preview:large","max-video-preview":"max-video-preview:-1"},"canonical":"https:\/\/www.freiholtz.se\/forvetet\/2003\/11\/04\/huvudet-pa-spiken\/","og_locale":"sv_SE","og_type":"article","og_title":"Huvudet p\u00e5 spiken - F\u00f6rvetet","og_description":"LO:s chefsekonom Dan Andersson i dagens Studio Ett i en diskussion om de nya EU-l\u00e4ndernas platta skatter: &#8221;I Sverige betalar vi [h\u00f6g] skatt, inte f\u00f6r att vi \u00e4r gulliga, utan f\u00f6r att vi tror att vi f\u00e5r n\u00e5gonting f\u00f6r pengarna.&#8221; Just det!","og_url":"https:\/\/www.freiholtz.se\/forvetet\/2003\/11\/04\/huvudet-pa-spiken\/","og_site_name":"F\u00f6rvetet","article_published_time":"2003-11-04T21:27:31+00:00","author":"Thorvald","twitter_card":"summary_large_image","twitter_misc":{"Skriven av":"Thorvald"},"schema":{"@context":"https:\/\/schema.org","@graph":[{"@type":"Article","@id":"https:\/\/www.freiholtz.se\/forvetet\/2003\/11\/04\/huvudet-pa-spiken\/#article","isPartOf":{"@id":"https:\/\/www.freiholtz.se\/forvetet\/2003\/11\/04\/huvudet-pa-spiken\/"},"author":{"name":"Thorvald","@id":"https:\/\/www.freiholtz.se\/forvetet\/#\/schema\/person\/f8eba858e89d86da3e8f4131644d7c72"},"headline":"Huvudet p\u00e5 spiken","datePublished":"2003-11-04T21:27:31+00:00","mainEntityOfPage":{"@id":"https:\/\/www.freiholtz.se\/forvetet\/2003\/11\/04\/huvudet-pa-spiken\/"},"wordCount":53,"articleSection":["Politik"],"inLanguage":"sv-SE"},{"@type":"WebPage","@id":"https:\/\/www.freiholtz.se\/forvetet\/2003\/11\/04\/huvudet-pa-spiken\/","url":"https:\/\/www.freiholtz.se\/forvetet\/2003\/11\/04\/huvudet-pa-spiken\/","name":"Huvudet p\u00e5 spiken - F\u00f6rvetet","isPartOf":{"@id":"https:\/\/www.freiholtz.se\/forvetet\/#website"},"datePublished":"2003-11-04T21:27:31+00:00","author":{"@id":"https:\/\/www.freiholtz.se\/forvetet\/#\/schema\/person\/f8eba858e89d86da3e8f4131644d7c72"},"breadcrumb":{"@id":"https:\/\/www.freiholtz.se\/forvetet\/2003\/11\/04\/huvudet-pa-spiken\/#breadcrumb"},"inLanguage":"sv-SE","potentialAction":[{"@type":"ReadAction","target":["https:\/\/www.freiholtz.se\/forvetet\/2003\/11\/04\/huvudet-pa-spiken\/"]}]},{"@type":"BreadcrumbList","@id":"https:\/\/www.freiholtz.se\/forvetet\/2003\/11\/04\/huvudet-pa-spiken\/#breadcrumb","itemListElement":[{"@type":"ListItem","position":1,"name":"Hem","item":"https:\/\/www.freiholtz.se\/forvetet\/"},{"@type":"ListItem","position":2,"name":"Huvudet p\u00e5 spiken"}]},{"@type":"WebSite","@id":"https:\/\/www.freiholtz.se\/forvetet\/#website","url":"https:\/\/www.freiholtz.se\/forvetet\/","name":"F\u00f6rvetet","description":"en blogg fr\u00e5n freiholtz.se!","potentialAction":[{"@type":"SearchAction","target":{"@type":"EntryPoint","urlTemplate":"https:\/\/www.freiholtz.se\/forvetet\/?s={search_term_string}"},"query-input":{"@type":"PropertyValueSpecification","valueRequired":true,"valueName":"search_term_string"}}],"inLanguage":"sv-SE"},{"@type":"Person","@id":"https:\/\/www.freiholtz.se\/forvetet\/#\/schema\/person\/f8eba858e89d86da3e8f4131644d7c72","name":"Thorvald","image":{"@type":"ImageObject","inLanguage":"sv-SE","@id":"https:\/\/secure.gravatar.com\/avatar\/8328a4c14b3a439f4c0cf3cf4af03cee061e00c35ed80000610d03c204796578?s=96&d=mm&r=g","url":"https:\/\/secure.gravatar.com\/avatar\/8328a4c14b3a439f4c0cf3cf4af03cee061e00c35ed80000610d03c204796578?s=96&d=mm&r=g","contentUrl":"https:\/\/secure.gravatar.com\/avatar\/8328a4c14b3a439f4c0cf3cf4af03cee061e00c35ed80000610d03c204796578?s=96&d=mm&r=g","caption":"Thorvald"},"sameAs":["https:\/\/www.freiholtz.se"],"url":"https:\/\/www.freiholtz.se\/forvetet\/author\/thorvald\/"}]}},"_links":{"self":[{"href":"https:\/\/www.freiholtz.se\/forvetet\/wp-json\/wp\/v2\/posts\/717","targetHints":{"allow":["GET"]}}],"collection":[{"href":"https:\/\/www.freiholtz.se\/forvetet\/wp-json\/wp\/v2\/posts"}],"about":[{"href":"https:\/\/www.freiholtz.se\/forvetet\/wp-json\/wp\/v2\/types\/post"}],"author":[{"embeddable":true,"href":"https:\/\/www.freiholtz.se\/forvetet\/wp-json\/wp\/v2\/users\/1"}],"replies":[{"embeddable":true,"href":"https:\/\/www.freiholtz.se\/forvetet\/wp-json\/wp\/v2\/comments?post=717"}],"version-history":[{"count":0,"href":"https:\/\/www.freiholtz.se\/forvetet\/wp-json\/wp\/v2\/posts\/717\/revisions"}],"wp:attachment":[{"href":"https:\/\/www.freiholtz.se\/forvetet\/wp-json\/wp\/v2\/media?parent=717"}],"wp:term":[{"taxonomy":"category","embeddable":true,"href":"https:\/\/www.freiholtz.se\/forvetet\/wp-json\/wp\/v2\/categories?post=717"},{"taxonomy":"post_tag","embeddable":true,"href":"https:\/\/www.freiholtz.se\/forvetet\/wp-json\/wp\/v2\/tags?post=717"}],"curies":[{"name":"wp","href":"https:\/\/api.w.org\/{rel}","templated":true}]}}