{"id":709,"date":"2003-11-18T23:45:14","date_gmt":"2003-11-18T22:45:14","guid":{"rendered":"http:\/\/www.freiholtz.se\/forvetet\/?p=709"},"modified":"2003-11-18T23:45:14","modified_gmt":"2003-11-18T22:45:14","slug":"migrationspolitik","status":"publish","type":"post","link":"https:\/\/www.freiholtz.se\/forvetet\/2003\/11\/18\/migrationspolitik\/","title":{"rendered":"Migrationspolitik"},"content":{"rendered":"<p><!--106919551414236456-->&#8221;<em>Telia Soneras drygt 3,6 miljoner GSM-kunder kommer utan kostnad att f\u00e5 sina abonnemang uppgraderade till 3G<\/em>.&#8221;<\/p>\n<p>Jag har <a class=\"text\" href=\"http:\/\/www.flajt.se\/logg\/krono.shtml#3G-analys0301\">tidigare f\u00f6rutsp\u00e5tt<\/a> att 3 kommer att f\u00e5 sv\u00e5rt att klara sig p\u00e5 den svenska 3G-marknaden p\u00e5 grund av det stora f\u00f6rspr\u00e5ng Telia och Tele2 i sina befintliga kundbaser. D\u00e5 var det n\u00e5got i <a class=\"text\" href=\"http:\/\/www.di.se\/Scripts\/Main\/ReadMe.asp?stat=0&amp;ID=2003%5C11%5C17%5C92381\">den h\u00e4r stilen<\/a> jag s\u00e5g framf\u00f6r mig.<\/p>\n<p>Det kanske snart \u00e4r dags att uppdatera min tidigare analys. Dels p\u00e5 grund av att operat\u00f6rernas strategier och tidsplaner b\u00f6rjar klarna, dels f\u00f6r att r\u00e4tta till ett fel.<\/p>\n<p>I tidigare versioner har jag utg\u00e5tt fr\u00e5n att operat\u00f6rerna f\u00e5r samarbeta om max 70% av infrastrukturen. Det \u00e4r fel, de f\u00e5r samarbeta om infrastrukturen f\u00f6r 70% av befolkningst\u00e4ckningen, d.v.s. ungef\u00e4r 90% av infrastrukturen. Jag har gjort en snabbkoll av vad detta betyder. Det st\u00e4rker endast 3:s och Vodafones relativa konkurrenskraft marginellt. Eftersom basstationerna sannolikt kommer att bli dyrare \u00e4n vad jag r\u00e4knat med hittills blir kalkylen dessutom tuffare \u00f6verlag f\u00f6r de svenska 3G-operat\u00f6rerna.<\/p>\n","protected":false},"excerpt":{"rendered":"<p>&#8221;Telia Soneras drygt 3,6 miljoner GSM-kunder kommer utan kostnad att f\u00e5 sina abonnemang uppgraderade till 3G.&#8221; Jag har tidigare f\u00f6rutsp\u00e5tt att 3 kommer att f\u00e5 sv\u00e5rt att klara sig p\u00e5 den svenska 3G-marknaden p\u00e5 grund av det stora f\u00f6rspr\u00e5ng Telia och Tele2 i sina befintliga kundbaser. D\u00e5 var det n\u00e5got i den h\u00e4r stilen jag&#8230;<\/p>\n","protected":false},"author":1,"featured_media":0,"comment_status":"closed","ping_status":"closed","sticky":false,"template":"","format":"standard","meta":{"_monsterinsights_skip_tracking":false,"_monsterinsights_sitenote_active":false,"_monsterinsights_sitenote_note":"","_monsterinsights_sitenote_category":0,"footnotes":""},"categories":[8],"tags":[],"class_list":["post-709","post","type-post","status-publish","format-standard","hentry","category-samhalle"],"yoast_head":"<!-- This site is optimized with the Yoast SEO plugin v27.5 - https:\/\/yoast.com\/product\/yoast-seo-wordpress\/ -->\n<title>Migrationspolitik - F\u00f6rvetet<\/title>\n<meta name=\"robots\" content=\"index, follow, max-snippet:-1, max-image-preview:large, max-video-preview:-1\" \/>\n<link rel=\"canonical\" href=\"https:\/\/www.freiholtz.se\/forvetet\/2003\/11\/18\/migrationspolitik\/\" \/>\n<meta property=\"og:locale\" content=\"sv_SE\" \/>\n<meta property=\"og:type\" content=\"article\" \/>\n<meta property=\"og:title\" content=\"Migrationspolitik - F\u00f6rvetet\" \/>\n<meta property=\"og:description\" content=\"&#8221;Telia Soneras drygt 3,6 miljoner GSM-kunder kommer utan kostnad att f\u00e5 sina abonnemang uppgraderade till 3G.&#8221; Jag har tidigare f\u00f6rutsp\u00e5tt att 3 kommer att f\u00e5 sv\u00e5rt att klara sig p\u00e5 den svenska 3G-marknaden p\u00e5 grund av det stora f\u00f6rspr\u00e5ng Telia och Tele2 i sina befintliga kundbaser. D\u00e5 var det n\u00e5got i den h\u00e4r stilen jag...\" \/>\n<meta property=\"og:url\" content=\"https:\/\/www.freiholtz.se\/forvetet\/2003\/11\/18\/migrationspolitik\/\" \/>\n<meta property=\"og:site_name\" content=\"F\u00f6rvetet\" \/>\n<meta property=\"article:published_time\" content=\"2003-11-18T22:45:14+00:00\" \/>\n<meta name=\"author\" content=\"Thorvald\" \/>\n<meta name=\"twitter:card\" content=\"summary_large_image\" \/>\n<meta name=\"twitter:label1\" content=\"Skriven av\" \/>\n\t<meta name=\"twitter:data1\" content=\"Thorvald\" \/>\n\t<meta name=\"twitter:label2\" content=\"Ber\u00e4knad l\u00e4stid\" \/>\n\t<meta name=\"twitter:data2\" content=\"1 minut\" \/>\n<script type=\"application\/ld+json\" class=\"yoast-schema-graph\">{\"@context\":\"https:\\\/\\\/schema.org\",\"@graph\":[{\"@type\":\"Article\",\"@id\":\"https:\\\/\\\/www.freiholtz.se\\\/forvetet\\\/2003\\\/11\\\/18\\\/migrationspolitik\\\/#article\",\"isPartOf\":{\"@id\":\"https:\\\/\\\/www.freiholtz.se\\\/forvetet\\\/2003\\\/11\\\/18\\\/migrationspolitik\\\/\"},\"author\":{\"name\":\"Thorvald\",\"@id\":\"https:\\\/\\\/www.freiholtz.se\\\/forvetet\\\/#\\\/schema\\\/person\\\/f8eba858e89d86da3e8f4131644d7c72\"},\"headline\":\"Migrationspolitik\",\"datePublished\":\"2003-11-18T22:45:14+00:00\",\"mainEntityOfPage\":{\"@id\":\"https:\\\/\\\/www.freiholtz.se\\\/forvetet\\\/2003\\\/11\\\/18\\\/migrationspolitik\\\/\"},\"wordCount\":182,\"articleSection\":[\"Samh\u00e4lle\"],\"inLanguage\":\"sv-SE\"},{\"@type\":\"WebPage\",\"@id\":\"https:\\\/\\\/www.freiholtz.se\\\/forvetet\\\/2003\\\/11\\\/18\\\/migrationspolitik\\\/\",\"url\":\"https:\\\/\\\/www.freiholtz.se\\\/forvetet\\\/2003\\\/11\\\/18\\\/migrationspolitik\\\/\",\"name\":\"Migrationspolitik - F\u00f6rvetet\",\"isPartOf\":{\"@id\":\"https:\\\/\\\/www.freiholtz.se\\\/forvetet\\\/#website\"},\"datePublished\":\"2003-11-18T22:45:14+00:00\",\"author\":{\"@id\":\"https:\\\/\\\/www.freiholtz.se\\\/forvetet\\\/#\\\/schema\\\/person\\\/f8eba858e89d86da3e8f4131644d7c72\"},\"breadcrumb\":{\"@id\":\"https:\\\/\\\/www.freiholtz.se\\\/forvetet\\\/2003\\\/11\\\/18\\\/migrationspolitik\\\/#breadcrumb\"},\"inLanguage\":\"sv-SE\",\"potentialAction\":[{\"@type\":\"ReadAction\",\"target\":[\"https:\\\/\\\/www.freiholtz.se\\\/forvetet\\\/2003\\\/11\\\/18\\\/migrationspolitik\\\/\"]}]},{\"@type\":\"BreadcrumbList\",\"@id\":\"https:\\\/\\\/www.freiholtz.se\\\/forvetet\\\/2003\\\/11\\\/18\\\/migrationspolitik\\\/#breadcrumb\",\"itemListElement\":[{\"@type\":\"ListItem\",\"position\":1,\"name\":\"Hem\",\"item\":\"https:\\\/\\\/www.freiholtz.se\\\/forvetet\\\/\"},{\"@type\":\"ListItem\",\"position\":2,\"name\":\"Migrationspolitik\"}]},{\"@type\":\"WebSite\",\"@id\":\"https:\\\/\\\/www.freiholtz.se\\\/forvetet\\\/#website\",\"url\":\"https:\\\/\\\/www.freiholtz.se\\\/forvetet\\\/\",\"name\":\"F\u00f6rvetet\",\"description\":\"en blogg fr\u00e5n freiholtz.se!\",\"potentialAction\":[{\"@type\":\"SearchAction\",\"target\":{\"@type\":\"EntryPoint\",\"urlTemplate\":\"https:\\\/\\\/www.freiholtz.se\\\/forvetet\\\/?s={search_term_string}\"},\"query-input\":{\"@type\":\"PropertyValueSpecification\",\"valueRequired\":true,\"valueName\":\"search_term_string\"}}],\"inLanguage\":\"sv-SE\"},{\"@type\":\"Person\",\"@id\":\"https:\\\/\\\/www.freiholtz.se\\\/forvetet\\\/#\\\/schema\\\/person\\\/f8eba858e89d86da3e8f4131644d7c72\",\"name\":\"Thorvald\",\"image\":{\"@type\":\"ImageObject\",\"inLanguage\":\"sv-SE\",\"@id\":\"https:\\\/\\\/secure.gravatar.com\\\/avatar\\\/8328a4c14b3a439f4c0cf3cf4af03cee061e00c35ed80000610d03c204796578?s=96&d=mm&r=g\",\"url\":\"https:\\\/\\\/secure.gravatar.com\\\/avatar\\\/8328a4c14b3a439f4c0cf3cf4af03cee061e00c35ed80000610d03c204796578?s=96&d=mm&r=g\",\"contentUrl\":\"https:\\\/\\\/secure.gravatar.com\\\/avatar\\\/8328a4c14b3a439f4c0cf3cf4af03cee061e00c35ed80000610d03c204796578?s=96&d=mm&r=g\",\"caption\":\"Thorvald\"},\"sameAs\":[\"https:\\\/\\\/www.freiholtz.se\"],\"url\":\"https:\\\/\\\/www.freiholtz.se\\\/forvetet\\\/author\\\/thorvald\\\/\"}]}<\/script>\n<!-- \/ Yoast SEO plugin. -->","yoast_head_json":{"title":"Migrationspolitik - F\u00f6rvetet","robots":{"index":"index","follow":"follow","max-snippet":"max-snippet:-1","max-image-preview":"max-image-preview:large","max-video-preview":"max-video-preview:-1"},"canonical":"https:\/\/www.freiholtz.se\/forvetet\/2003\/11\/18\/migrationspolitik\/","og_locale":"sv_SE","og_type":"article","og_title":"Migrationspolitik - F\u00f6rvetet","og_description":"&#8221;Telia Soneras drygt 3,6 miljoner GSM-kunder kommer utan kostnad att f\u00e5 sina abonnemang uppgraderade till 3G.&#8221; Jag har tidigare f\u00f6rutsp\u00e5tt att 3 kommer att f\u00e5 sv\u00e5rt att klara sig p\u00e5 den svenska 3G-marknaden p\u00e5 grund av det stora f\u00f6rspr\u00e5ng Telia och Tele2 i sina befintliga kundbaser. D\u00e5 var det n\u00e5got i den h\u00e4r stilen jag...","og_url":"https:\/\/www.freiholtz.se\/forvetet\/2003\/11\/18\/migrationspolitik\/","og_site_name":"F\u00f6rvetet","article_published_time":"2003-11-18T22:45:14+00:00","author":"Thorvald","twitter_card":"summary_large_image","twitter_misc":{"Skriven av":"Thorvald","Ber\u00e4knad l\u00e4stid":"1 minut"},"schema":{"@context":"https:\/\/schema.org","@graph":[{"@type":"Article","@id":"https:\/\/www.freiholtz.se\/forvetet\/2003\/11\/18\/migrationspolitik\/#article","isPartOf":{"@id":"https:\/\/www.freiholtz.se\/forvetet\/2003\/11\/18\/migrationspolitik\/"},"author":{"name":"Thorvald","@id":"https:\/\/www.freiholtz.se\/forvetet\/#\/schema\/person\/f8eba858e89d86da3e8f4131644d7c72"},"headline":"Migrationspolitik","datePublished":"2003-11-18T22:45:14+00:00","mainEntityOfPage":{"@id":"https:\/\/www.freiholtz.se\/forvetet\/2003\/11\/18\/migrationspolitik\/"},"wordCount":182,"articleSection":["Samh\u00e4lle"],"inLanguage":"sv-SE"},{"@type":"WebPage","@id":"https:\/\/www.freiholtz.se\/forvetet\/2003\/11\/18\/migrationspolitik\/","url":"https:\/\/www.freiholtz.se\/forvetet\/2003\/11\/18\/migrationspolitik\/","name":"Migrationspolitik - F\u00f6rvetet","isPartOf":{"@id":"https:\/\/www.freiholtz.se\/forvetet\/#website"},"datePublished":"2003-11-18T22:45:14+00:00","author":{"@id":"https:\/\/www.freiholtz.se\/forvetet\/#\/schema\/person\/f8eba858e89d86da3e8f4131644d7c72"},"breadcrumb":{"@id":"https:\/\/www.freiholtz.se\/forvetet\/2003\/11\/18\/migrationspolitik\/#breadcrumb"},"inLanguage":"sv-SE","potentialAction":[{"@type":"ReadAction","target":["https:\/\/www.freiholtz.se\/forvetet\/2003\/11\/18\/migrationspolitik\/"]}]},{"@type":"BreadcrumbList","@id":"https:\/\/www.freiholtz.se\/forvetet\/2003\/11\/18\/migrationspolitik\/#breadcrumb","itemListElement":[{"@type":"ListItem","position":1,"name":"Hem","item":"https:\/\/www.freiholtz.se\/forvetet\/"},{"@type":"ListItem","position":2,"name":"Migrationspolitik"}]},{"@type":"WebSite","@id":"https:\/\/www.freiholtz.se\/forvetet\/#website","url":"https:\/\/www.freiholtz.se\/forvetet\/","name":"F\u00f6rvetet","description":"en blogg fr\u00e5n freiholtz.se!","potentialAction":[{"@type":"SearchAction","target":{"@type":"EntryPoint","urlTemplate":"https:\/\/www.freiholtz.se\/forvetet\/?s={search_term_string}"},"query-input":{"@type":"PropertyValueSpecification","valueRequired":true,"valueName":"search_term_string"}}],"inLanguage":"sv-SE"},{"@type":"Person","@id":"https:\/\/www.freiholtz.se\/forvetet\/#\/schema\/person\/f8eba858e89d86da3e8f4131644d7c72","name":"Thorvald","image":{"@type":"ImageObject","inLanguage":"sv-SE","@id":"https:\/\/secure.gravatar.com\/avatar\/8328a4c14b3a439f4c0cf3cf4af03cee061e00c35ed80000610d03c204796578?s=96&d=mm&r=g","url":"https:\/\/secure.gravatar.com\/avatar\/8328a4c14b3a439f4c0cf3cf4af03cee061e00c35ed80000610d03c204796578?s=96&d=mm&r=g","contentUrl":"https:\/\/secure.gravatar.com\/avatar\/8328a4c14b3a439f4c0cf3cf4af03cee061e00c35ed80000610d03c204796578?s=96&d=mm&r=g","caption":"Thorvald"},"sameAs":["https:\/\/www.freiholtz.se"],"url":"https:\/\/www.freiholtz.se\/forvetet\/author\/thorvald\/"}]}},"_links":{"self":[{"href":"https:\/\/www.freiholtz.se\/forvetet\/wp-json\/wp\/v2\/posts\/709","targetHints":{"allow":["GET"]}}],"collection":[{"href":"https:\/\/www.freiholtz.se\/forvetet\/wp-json\/wp\/v2\/posts"}],"about":[{"href":"https:\/\/www.freiholtz.se\/forvetet\/wp-json\/wp\/v2\/types\/post"}],"author":[{"embeddable":true,"href":"https:\/\/www.freiholtz.se\/forvetet\/wp-json\/wp\/v2\/users\/1"}],"replies":[{"embeddable":true,"href":"https:\/\/www.freiholtz.se\/forvetet\/wp-json\/wp\/v2\/comments?post=709"}],"version-history":[{"count":0,"href":"https:\/\/www.freiholtz.se\/forvetet\/wp-json\/wp\/v2\/posts\/709\/revisions"}],"wp:attachment":[{"href":"https:\/\/www.freiholtz.se\/forvetet\/wp-json\/wp\/v2\/media?parent=709"}],"wp:term":[{"taxonomy":"category","embeddable":true,"href":"https:\/\/www.freiholtz.se\/forvetet\/wp-json\/wp\/v2\/categories?post=709"},{"taxonomy":"post_tag","embeddable":true,"href":"https:\/\/www.freiholtz.se\/forvetet\/wp-json\/wp\/v2\/tags?post=709"}],"curies":[{"name":"wp","href":"https:\/\/api.w.org\/{rel}","templated":true}]}}