{"id":678,"date":"2003-09-11T23:32:29","date_gmt":"2003-09-11T21:32:29","guid":{"rendered":"http:\/\/www.freiholtz.se\/forvetet\/?p=678"},"modified":"2003-09-11T23:32:29","modified_gmt":"2003-09-11T21:32:29","slug":"anna-lindh-ar-dod","status":"publish","type":"post","link":"https:\/\/www.freiholtz.se\/forvetet\/2003\/09\/11\/anna-lindh-ar-dod\/","title":{"rendered":"Anna Lindh \u00e4r d\u00f6d"},"content":{"rendered":"<p><!--106331594924358026-->Jag k\u00e4nde inte Anna Lindh, jag har aldrig tr\u00e4ffat henne. D\u00e4rf\u00f6r \u00e4r inte min sorg av samma slag som n\u00e4r en anh\u00f6rig eller en v\u00e4n g\u00e5r bort. I st\u00e4llet k\u00e4nner jag sorg och vrede \u00f6ver att ett liv har sl\u00e4ckts i f\u00f6rtid p\u00e5 ett s\u00e5 v\u00e5ldsamt och meningsl\u00f6st s\u00e4tt. Likadant k\u00e4nner jag f\u00f6r <a class=\"text\" href=\"http:\/\/www.gp.se\/gp\/jsp\/Crosslink.jsp?d=119&amp;a=137836\">den fem\u00e5riga flickan<\/a> som idag m\u00f6rdades p\u00e5 ett dagis i Arvika och <a class=\"text\" href=\"http:\/\/www.aftonbladet.se\/vss\/nyheter\/story\/0,2789,359433,00.html\">sexton\u00e5ringen fr\u00e5n Sundsvall<\/a> som av allt att d\u00f6ma m\u00f6rdades f\u00f6r n\u00e5gra dagar sedan. Eftersom jag sj\u00e4lv har familj har jag inte sv\u00e5rt att f\u00f6rest\u00e4lla mig vad offrens familjer g\u00e5r igenom just nu. Mina tankar hamnar ofta hos dem.<\/p>\n<p>Mordet p\u00e5 Anna Lindh har (\u00e5terigen) satt ljuset p\u00e5 en del missf\u00f6rh\u00e5llanden i det svenska polisv\u00e4sendet. Det har ocks\u00e5 gett upphov till en del, i mitt tycke, m\u00e4rkliga reaktioner och funderingar. Jag \u00e5terkommer om detta.<\/p>\n","protected":false},"excerpt":{"rendered":"<p>Jag k\u00e4nde inte Anna Lindh, jag har aldrig tr\u00e4ffat henne. D\u00e4rf\u00f6r \u00e4r inte min sorg av samma slag som n\u00e4r en anh\u00f6rig eller en v\u00e4n g\u00e5r bort. I st\u00e4llet k\u00e4nner jag sorg och vrede \u00f6ver att ett liv har sl\u00e4ckts i f\u00f6rtid p\u00e5 ett s\u00e5 v\u00e5ldsamt och meningsl\u00f6st s\u00e4tt. Likadant k\u00e4nner jag f\u00f6r den fem\u00e5riga&#8230;<\/p>\n","protected":false},"author":1,"featured_media":0,"comment_status":"closed","ping_status":"closed","sticky":false,"template":"","format":"standard","meta":{"_monsterinsights_skip_tracking":false,"_monsterinsights_sitenote_active":false,"_monsterinsights_sitenote_note":"","_monsterinsights_sitenote_category":0,"footnotes":""},"categories":[8],"tags":[],"class_list":["post-678","post","type-post","status-publish","format-standard","hentry","category-samhalle"],"yoast_head":"<!-- This site is optimized with the Yoast SEO plugin v27.5 - https:\/\/yoast.com\/product\/yoast-seo-wordpress\/ -->\n<title>Anna Lindh \u00e4r d\u00f6d - F\u00f6rvetet<\/title>\n<meta name=\"robots\" content=\"index, follow, max-snippet:-1, max-image-preview:large, max-video-preview:-1\" \/>\n<link rel=\"canonical\" href=\"https:\/\/www.freiholtz.se\/forvetet\/2003\/09\/11\/anna-lindh-ar-dod\/\" \/>\n<meta property=\"og:locale\" content=\"sv_SE\" \/>\n<meta property=\"og:type\" content=\"article\" \/>\n<meta property=\"og:title\" content=\"Anna Lindh \u00e4r d\u00f6d - F\u00f6rvetet\" \/>\n<meta property=\"og:description\" content=\"Jag k\u00e4nde inte Anna Lindh, jag har aldrig tr\u00e4ffat henne. D\u00e4rf\u00f6r \u00e4r inte min sorg av samma slag som n\u00e4r en anh\u00f6rig eller en v\u00e4n g\u00e5r bort. I st\u00e4llet k\u00e4nner jag sorg och vrede \u00f6ver att ett liv har sl\u00e4ckts i f\u00f6rtid p\u00e5 ett s\u00e5 v\u00e5ldsamt och meningsl\u00f6st s\u00e4tt. Likadant k\u00e4nner jag f\u00f6r den fem\u00e5riga...\" \/>\n<meta property=\"og:url\" content=\"https:\/\/www.freiholtz.se\/forvetet\/2003\/09\/11\/anna-lindh-ar-dod\/\" \/>\n<meta property=\"og:site_name\" content=\"F\u00f6rvetet\" \/>\n<meta property=\"article:published_time\" content=\"2003-09-11T21:32:29+00:00\" \/>\n<meta name=\"author\" content=\"Thorvald\" \/>\n<meta name=\"twitter:card\" content=\"summary_large_image\" \/>\n<meta name=\"twitter:label1\" content=\"Skriven av\" \/>\n\t<meta name=\"twitter:data1\" content=\"Thorvald\" \/>\n\t<meta name=\"twitter:label2\" content=\"Ber\u00e4knad l\u00e4stid\" \/>\n\t<meta name=\"twitter:data2\" content=\"1 minut\" \/>\n<script type=\"application\/ld+json\" class=\"yoast-schema-graph\">{\"@context\":\"https:\\\/\\\/schema.org\",\"@graph\":[{\"@type\":\"Article\",\"@id\":\"https:\\\/\\\/www.freiholtz.se\\\/forvetet\\\/2003\\\/09\\\/11\\\/anna-lindh-ar-dod\\\/#article\",\"isPartOf\":{\"@id\":\"https:\\\/\\\/www.freiholtz.se\\\/forvetet\\\/2003\\\/09\\\/11\\\/anna-lindh-ar-dod\\\/\"},\"author\":{\"name\":\"Thorvald\",\"@id\":\"https:\\\/\\\/www.freiholtz.se\\\/forvetet\\\/#\\\/schema\\\/person\\\/f8eba858e89d86da3e8f4131644d7c72\"},\"headline\":\"Anna Lindh \u00e4r d\u00f6d\",\"datePublished\":\"2003-09-11T21:32:29+00:00\",\"mainEntityOfPage\":{\"@id\":\"https:\\\/\\\/www.freiholtz.se\\\/forvetet\\\/2003\\\/09\\\/11\\\/anna-lindh-ar-dod\\\/\"},\"wordCount\":177,\"articleSection\":[\"Samh\u00e4lle\"],\"inLanguage\":\"sv-SE\"},{\"@type\":\"WebPage\",\"@id\":\"https:\\\/\\\/www.freiholtz.se\\\/forvetet\\\/2003\\\/09\\\/11\\\/anna-lindh-ar-dod\\\/\",\"url\":\"https:\\\/\\\/www.freiholtz.se\\\/forvetet\\\/2003\\\/09\\\/11\\\/anna-lindh-ar-dod\\\/\",\"name\":\"Anna Lindh \u00e4r d\u00f6d - F\u00f6rvetet\",\"isPartOf\":{\"@id\":\"https:\\\/\\\/www.freiholtz.se\\\/forvetet\\\/#website\"},\"datePublished\":\"2003-09-11T21:32:29+00:00\",\"author\":{\"@id\":\"https:\\\/\\\/www.freiholtz.se\\\/forvetet\\\/#\\\/schema\\\/person\\\/f8eba858e89d86da3e8f4131644d7c72\"},\"breadcrumb\":{\"@id\":\"https:\\\/\\\/www.freiholtz.se\\\/forvetet\\\/2003\\\/09\\\/11\\\/anna-lindh-ar-dod\\\/#breadcrumb\"},\"inLanguage\":\"sv-SE\",\"potentialAction\":[{\"@type\":\"ReadAction\",\"target\":[\"https:\\\/\\\/www.freiholtz.se\\\/forvetet\\\/2003\\\/09\\\/11\\\/anna-lindh-ar-dod\\\/\"]}]},{\"@type\":\"BreadcrumbList\",\"@id\":\"https:\\\/\\\/www.freiholtz.se\\\/forvetet\\\/2003\\\/09\\\/11\\\/anna-lindh-ar-dod\\\/#breadcrumb\",\"itemListElement\":[{\"@type\":\"ListItem\",\"position\":1,\"name\":\"Hem\",\"item\":\"https:\\\/\\\/www.freiholtz.se\\\/forvetet\\\/\"},{\"@type\":\"ListItem\",\"position\":2,\"name\":\"Anna Lindh \u00e4r d\u00f6d\"}]},{\"@type\":\"WebSite\",\"@id\":\"https:\\\/\\\/www.freiholtz.se\\\/forvetet\\\/#website\",\"url\":\"https:\\\/\\\/www.freiholtz.se\\\/forvetet\\\/\",\"name\":\"F\u00f6rvetet\",\"description\":\"en blogg fr\u00e5n freiholtz.se!\",\"potentialAction\":[{\"@type\":\"SearchAction\",\"target\":{\"@type\":\"EntryPoint\",\"urlTemplate\":\"https:\\\/\\\/www.freiholtz.se\\\/forvetet\\\/?s={search_term_string}\"},\"query-input\":{\"@type\":\"PropertyValueSpecification\",\"valueRequired\":true,\"valueName\":\"search_term_string\"}}],\"inLanguage\":\"sv-SE\"},{\"@type\":\"Person\",\"@id\":\"https:\\\/\\\/www.freiholtz.se\\\/forvetet\\\/#\\\/schema\\\/person\\\/f8eba858e89d86da3e8f4131644d7c72\",\"name\":\"Thorvald\",\"image\":{\"@type\":\"ImageObject\",\"inLanguage\":\"sv-SE\",\"@id\":\"https:\\\/\\\/secure.gravatar.com\\\/avatar\\\/8328a4c14b3a439f4c0cf3cf4af03cee061e00c35ed80000610d03c204796578?s=96&d=mm&r=g\",\"url\":\"https:\\\/\\\/secure.gravatar.com\\\/avatar\\\/8328a4c14b3a439f4c0cf3cf4af03cee061e00c35ed80000610d03c204796578?s=96&d=mm&r=g\",\"contentUrl\":\"https:\\\/\\\/secure.gravatar.com\\\/avatar\\\/8328a4c14b3a439f4c0cf3cf4af03cee061e00c35ed80000610d03c204796578?s=96&d=mm&r=g\",\"caption\":\"Thorvald\"},\"sameAs\":[\"https:\\\/\\\/www.freiholtz.se\"],\"url\":\"https:\\\/\\\/www.freiholtz.se\\\/forvetet\\\/author\\\/thorvald\\\/\"}]}<\/script>\n<!-- \/ Yoast SEO plugin. -->","yoast_head_json":{"title":"Anna Lindh \u00e4r d\u00f6d - F\u00f6rvetet","robots":{"index":"index","follow":"follow","max-snippet":"max-snippet:-1","max-image-preview":"max-image-preview:large","max-video-preview":"max-video-preview:-1"},"canonical":"https:\/\/www.freiholtz.se\/forvetet\/2003\/09\/11\/anna-lindh-ar-dod\/","og_locale":"sv_SE","og_type":"article","og_title":"Anna Lindh \u00e4r d\u00f6d - F\u00f6rvetet","og_description":"Jag k\u00e4nde inte Anna Lindh, jag har aldrig tr\u00e4ffat henne. D\u00e4rf\u00f6r \u00e4r inte min sorg av samma slag som n\u00e4r en anh\u00f6rig eller en v\u00e4n g\u00e5r bort. I st\u00e4llet k\u00e4nner jag sorg och vrede \u00f6ver att ett liv har sl\u00e4ckts i f\u00f6rtid p\u00e5 ett s\u00e5 v\u00e5ldsamt och meningsl\u00f6st s\u00e4tt. Likadant k\u00e4nner jag f\u00f6r den fem\u00e5riga...","og_url":"https:\/\/www.freiholtz.se\/forvetet\/2003\/09\/11\/anna-lindh-ar-dod\/","og_site_name":"F\u00f6rvetet","article_published_time":"2003-09-11T21:32:29+00:00","author":"Thorvald","twitter_card":"summary_large_image","twitter_misc":{"Skriven av":"Thorvald","Ber\u00e4knad l\u00e4stid":"1 minut"},"schema":{"@context":"https:\/\/schema.org","@graph":[{"@type":"Article","@id":"https:\/\/www.freiholtz.se\/forvetet\/2003\/09\/11\/anna-lindh-ar-dod\/#article","isPartOf":{"@id":"https:\/\/www.freiholtz.se\/forvetet\/2003\/09\/11\/anna-lindh-ar-dod\/"},"author":{"name":"Thorvald","@id":"https:\/\/www.freiholtz.se\/forvetet\/#\/schema\/person\/f8eba858e89d86da3e8f4131644d7c72"},"headline":"Anna Lindh \u00e4r d\u00f6d","datePublished":"2003-09-11T21:32:29+00:00","mainEntityOfPage":{"@id":"https:\/\/www.freiholtz.se\/forvetet\/2003\/09\/11\/anna-lindh-ar-dod\/"},"wordCount":177,"articleSection":["Samh\u00e4lle"],"inLanguage":"sv-SE"},{"@type":"WebPage","@id":"https:\/\/www.freiholtz.se\/forvetet\/2003\/09\/11\/anna-lindh-ar-dod\/","url":"https:\/\/www.freiholtz.se\/forvetet\/2003\/09\/11\/anna-lindh-ar-dod\/","name":"Anna Lindh \u00e4r d\u00f6d - F\u00f6rvetet","isPartOf":{"@id":"https:\/\/www.freiholtz.se\/forvetet\/#website"},"datePublished":"2003-09-11T21:32:29+00:00","author":{"@id":"https:\/\/www.freiholtz.se\/forvetet\/#\/schema\/person\/f8eba858e89d86da3e8f4131644d7c72"},"breadcrumb":{"@id":"https:\/\/www.freiholtz.se\/forvetet\/2003\/09\/11\/anna-lindh-ar-dod\/#breadcrumb"},"inLanguage":"sv-SE","potentialAction":[{"@type":"ReadAction","target":["https:\/\/www.freiholtz.se\/forvetet\/2003\/09\/11\/anna-lindh-ar-dod\/"]}]},{"@type":"BreadcrumbList","@id":"https:\/\/www.freiholtz.se\/forvetet\/2003\/09\/11\/anna-lindh-ar-dod\/#breadcrumb","itemListElement":[{"@type":"ListItem","position":1,"name":"Hem","item":"https:\/\/www.freiholtz.se\/forvetet\/"},{"@type":"ListItem","position":2,"name":"Anna Lindh \u00e4r d\u00f6d"}]},{"@type":"WebSite","@id":"https:\/\/www.freiholtz.se\/forvetet\/#website","url":"https:\/\/www.freiholtz.se\/forvetet\/","name":"F\u00f6rvetet","description":"en blogg fr\u00e5n freiholtz.se!","potentialAction":[{"@type":"SearchAction","target":{"@type":"EntryPoint","urlTemplate":"https:\/\/www.freiholtz.se\/forvetet\/?s={search_term_string}"},"query-input":{"@type":"PropertyValueSpecification","valueRequired":true,"valueName":"search_term_string"}}],"inLanguage":"sv-SE"},{"@type":"Person","@id":"https:\/\/www.freiholtz.se\/forvetet\/#\/schema\/person\/f8eba858e89d86da3e8f4131644d7c72","name":"Thorvald","image":{"@type":"ImageObject","inLanguage":"sv-SE","@id":"https:\/\/secure.gravatar.com\/avatar\/8328a4c14b3a439f4c0cf3cf4af03cee061e00c35ed80000610d03c204796578?s=96&d=mm&r=g","url":"https:\/\/secure.gravatar.com\/avatar\/8328a4c14b3a439f4c0cf3cf4af03cee061e00c35ed80000610d03c204796578?s=96&d=mm&r=g","contentUrl":"https:\/\/secure.gravatar.com\/avatar\/8328a4c14b3a439f4c0cf3cf4af03cee061e00c35ed80000610d03c204796578?s=96&d=mm&r=g","caption":"Thorvald"},"sameAs":["https:\/\/www.freiholtz.se"],"url":"https:\/\/www.freiholtz.se\/forvetet\/author\/thorvald\/"}]}},"_links":{"self":[{"href":"https:\/\/www.freiholtz.se\/forvetet\/wp-json\/wp\/v2\/posts\/678","targetHints":{"allow":["GET"]}}],"collection":[{"href":"https:\/\/www.freiholtz.se\/forvetet\/wp-json\/wp\/v2\/posts"}],"about":[{"href":"https:\/\/www.freiholtz.se\/forvetet\/wp-json\/wp\/v2\/types\/post"}],"author":[{"embeddable":true,"href":"https:\/\/www.freiholtz.se\/forvetet\/wp-json\/wp\/v2\/users\/1"}],"replies":[{"embeddable":true,"href":"https:\/\/www.freiholtz.se\/forvetet\/wp-json\/wp\/v2\/comments?post=678"}],"version-history":[{"count":0,"href":"https:\/\/www.freiholtz.se\/forvetet\/wp-json\/wp\/v2\/posts\/678\/revisions"}],"wp:attachment":[{"href":"https:\/\/www.freiholtz.se\/forvetet\/wp-json\/wp\/v2\/media?parent=678"}],"wp:term":[{"taxonomy":"category","embeddable":true,"href":"https:\/\/www.freiholtz.se\/forvetet\/wp-json\/wp\/v2\/categories?post=678"},{"taxonomy":"post_tag","embeddable":true,"href":"https:\/\/www.freiholtz.se\/forvetet\/wp-json\/wp\/v2\/tags?post=678"}],"curies":[{"name":"wp","href":"https:\/\/api.w.org\/{rel}","templated":true}]}}