{"id":675,"date":"2003-09-16T22:54:22","date_gmt":"2003-09-16T20:54:22","guid":{"rendered":"http:\/\/www.freiholtz.se\/forvetet\/?p=675"},"modified":"2003-09-16T22:54:22","modified_gmt":"2003-09-16T20:54:22","slug":"att-vilja-men-inte-hinna","status":"publish","type":"post","link":"https:\/\/www.freiholtz.se\/forvetet\/2003\/09\/16\/att-vilja-men-inte-hinna\/","title":{"rendered":"Att vilja men inte hinna"},"content":{"rendered":"<p><!--106374566277353973-->F\u00f6r n\u00e4rvarande r\u00e4cker tiden knappt till f\u00f6r mina yrkesm\u00e4ssiga och privata \u00e5taganden. \u00c4ven om mina l\u00e4sare m\u00f6jligtvis kan tro annat, s\u00e5 ligger det inte s\u00e4llan b\u00e5de tankearbete och putsande p\u00e5 formuleringar bakom mina inl\u00e4gg i <strong>f\u00f6rvetet<\/strong>. Den tid som kr\u00e4vs f\u00f6r detta har jag inte just nu. Tr\u00e5kigt eftersom det <a class=\"text\" href=\"http:\/\/www.aftonbladet.se\/vss\/nyheter\/story\/0,2789,361829,00.html\">finns<\/a> <a class=\"text\" href=\"http:\/\/www.sr.se\/ekot\/artikel.asp?artikel=291803\">mycket<\/a> <a class=\"text\" href=\"http:\/\/www.svd.se\/dynamiskt\/inrikes\/did_6186941.asp\">att<\/a> <a class=\"text\" href=\"http:\/\/www.dn.se\/DNet\/jsp\/polopoly.jsp?d=147&amp;a=182727&amp;previousRenderType=6\">kommentera<\/a>.<\/p>\n<p>De n\u00e4rmaste tv\u00e5, tre veckorna kommer d\u00e4rf\u00f6r inl\u00e4ggen i <strong>f\u00f6rvetet<\/strong> att vara ganska sporadiska och kortfattade.<\/p>\n","protected":false},"excerpt":{"rendered":"<p>F\u00f6r n\u00e4rvarande r\u00e4cker tiden knappt till f\u00f6r mina yrkesm\u00e4ssiga och privata \u00e5taganden. \u00c4ven om mina l\u00e4sare m\u00f6jligtvis kan tro annat, s\u00e5 ligger det inte s\u00e4llan b\u00e5de tankearbete och putsande p\u00e5 formuleringar bakom mina inl\u00e4gg i f\u00f6rvetet. Den tid som kr\u00e4vs f\u00f6r detta har jag inte just nu. Tr\u00e5kigt eftersom det finns mycket att kommentera. De&#8230;<\/p>\n","protected":false},"author":1,"featured_media":0,"comment_status":"closed","ping_status":"closed","sticky":false,"template":"","format":"standard","meta":{"_monsterinsights_skip_tracking":false,"_monsterinsights_sitenote_active":false,"_monsterinsights_sitenote_note":"","_monsterinsights_sitenote_category":0,"footnotes":""},"categories":[5],"tags":[],"class_list":["post-675","post","type-post","status-publish","format-standard","hentry","category-blogg"],"yoast_head":"<!-- This site is optimized with the Yoast SEO plugin v27.5 - https:\/\/yoast.com\/product\/yoast-seo-wordpress\/ -->\n<title>Att vilja men inte hinna - F\u00f6rvetet<\/title>\n<meta name=\"robots\" content=\"index, follow, max-snippet:-1, max-image-preview:large, max-video-preview:-1\" \/>\n<link rel=\"canonical\" href=\"https:\/\/www.freiholtz.se\/forvetet\/2003\/09\/16\/att-vilja-men-inte-hinna\/\" \/>\n<meta property=\"og:locale\" content=\"sv_SE\" \/>\n<meta property=\"og:type\" content=\"article\" \/>\n<meta property=\"og:title\" content=\"Att vilja men inte hinna - F\u00f6rvetet\" \/>\n<meta property=\"og:description\" content=\"F\u00f6r n\u00e4rvarande r\u00e4cker tiden knappt till f\u00f6r mina yrkesm\u00e4ssiga och privata \u00e5taganden. \u00c4ven om mina l\u00e4sare m\u00f6jligtvis kan tro annat, s\u00e5 ligger det inte s\u00e4llan b\u00e5de tankearbete och putsande p\u00e5 formuleringar bakom mina inl\u00e4gg i f\u00f6rvetet. Den tid som kr\u00e4vs f\u00f6r detta har jag inte just nu. Tr\u00e5kigt eftersom det finns mycket att kommentera. De...\" \/>\n<meta property=\"og:url\" content=\"https:\/\/www.freiholtz.se\/forvetet\/2003\/09\/16\/att-vilja-men-inte-hinna\/\" \/>\n<meta property=\"og:site_name\" content=\"F\u00f6rvetet\" \/>\n<meta property=\"article:published_time\" content=\"2003-09-16T20:54:22+00:00\" \/>\n<meta name=\"author\" content=\"Thorvald\" \/>\n<meta name=\"twitter:card\" content=\"summary_large_image\" \/>\n<meta name=\"twitter:label1\" content=\"Skriven av\" \/>\n\t<meta name=\"twitter:data1\" content=\"Thorvald\" \/>\n<script type=\"application\/ld+json\" class=\"yoast-schema-graph\">{\"@context\":\"https:\\\/\\\/schema.org\",\"@graph\":[{\"@type\":\"Article\",\"@id\":\"https:\\\/\\\/www.freiholtz.se\\\/forvetet\\\/2003\\\/09\\\/16\\\/att-vilja-men-inte-hinna\\\/#article\",\"isPartOf\":{\"@id\":\"https:\\\/\\\/www.freiholtz.se\\\/forvetet\\\/2003\\\/09\\\/16\\\/att-vilja-men-inte-hinna\\\/\"},\"author\":{\"name\":\"Thorvald\",\"@id\":\"https:\\\/\\\/www.freiholtz.se\\\/forvetet\\\/#\\\/schema\\\/person\\\/f8eba858e89d86da3e8f4131644d7c72\"},\"headline\":\"Att vilja men inte hinna\",\"datePublished\":\"2003-09-16T20:54:22+00:00\",\"mainEntityOfPage\":{\"@id\":\"https:\\\/\\\/www.freiholtz.se\\\/forvetet\\\/2003\\\/09\\\/16\\\/att-vilja-men-inte-hinna\\\/\"},\"wordCount\":94,\"articleSection\":[\"Blogg\"],\"inLanguage\":\"sv-SE\"},{\"@type\":\"WebPage\",\"@id\":\"https:\\\/\\\/www.freiholtz.se\\\/forvetet\\\/2003\\\/09\\\/16\\\/att-vilja-men-inte-hinna\\\/\",\"url\":\"https:\\\/\\\/www.freiholtz.se\\\/forvetet\\\/2003\\\/09\\\/16\\\/att-vilja-men-inte-hinna\\\/\",\"name\":\"Att vilja men inte hinna - F\u00f6rvetet\",\"isPartOf\":{\"@id\":\"https:\\\/\\\/www.freiholtz.se\\\/forvetet\\\/#website\"},\"datePublished\":\"2003-09-16T20:54:22+00:00\",\"author\":{\"@id\":\"https:\\\/\\\/www.freiholtz.se\\\/forvetet\\\/#\\\/schema\\\/person\\\/f8eba858e89d86da3e8f4131644d7c72\"},\"breadcrumb\":{\"@id\":\"https:\\\/\\\/www.freiholtz.se\\\/forvetet\\\/2003\\\/09\\\/16\\\/att-vilja-men-inte-hinna\\\/#breadcrumb\"},\"inLanguage\":\"sv-SE\",\"potentialAction\":[{\"@type\":\"ReadAction\",\"target\":[\"https:\\\/\\\/www.freiholtz.se\\\/forvetet\\\/2003\\\/09\\\/16\\\/att-vilja-men-inte-hinna\\\/\"]}]},{\"@type\":\"BreadcrumbList\",\"@id\":\"https:\\\/\\\/www.freiholtz.se\\\/forvetet\\\/2003\\\/09\\\/16\\\/att-vilja-men-inte-hinna\\\/#breadcrumb\",\"itemListElement\":[{\"@type\":\"ListItem\",\"position\":1,\"name\":\"Hem\",\"item\":\"https:\\\/\\\/www.freiholtz.se\\\/forvetet\\\/\"},{\"@type\":\"ListItem\",\"position\":2,\"name\":\"Att vilja men inte hinna\"}]},{\"@type\":\"WebSite\",\"@id\":\"https:\\\/\\\/www.freiholtz.se\\\/forvetet\\\/#website\",\"url\":\"https:\\\/\\\/www.freiholtz.se\\\/forvetet\\\/\",\"name\":\"F\u00f6rvetet\",\"description\":\"en blogg fr\u00e5n freiholtz.se!\",\"potentialAction\":[{\"@type\":\"SearchAction\",\"target\":{\"@type\":\"EntryPoint\",\"urlTemplate\":\"https:\\\/\\\/www.freiholtz.se\\\/forvetet\\\/?s={search_term_string}\"},\"query-input\":{\"@type\":\"PropertyValueSpecification\",\"valueRequired\":true,\"valueName\":\"search_term_string\"}}],\"inLanguage\":\"sv-SE\"},{\"@type\":\"Person\",\"@id\":\"https:\\\/\\\/www.freiholtz.se\\\/forvetet\\\/#\\\/schema\\\/person\\\/f8eba858e89d86da3e8f4131644d7c72\",\"name\":\"Thorvald\",\"image\":{\"@type\":\"ImageObject\",\"inLanguage\":\"sv-SE\",\"@id\":\"https:\\\/\\\/secure.gravatar.com\\\/avatar\\\/8328a4c14b3a439f4c0cf3cf4af03cee061e00c35ed80000610d03c204796578?s=96&d=mm&r=g\",\"url\":\"https:\\\/\\\/secure.gravatar.com\\\/avatar\\\/8328a4c14b3a439f4c0cf3cf4af03cee061e00c35ed80000610d03c204796578?s=96&d=mm&r=g\",\"contentUrl\":\"https:\\\/\\\/secure.gravatar.com\\\/avatar\\\/8328a4c14b3a439f4c0cf3cf4af03cee061e00c35ed80000610d03c204796578?s=96&d=mm&r=g\",\"caption\":\"Thorvald\"},\"sameAs\":[\"https:\\\/\\\/www.freiholtz.se\"],\"url\":\"https:\\\/\\\/www.freiholtz.se\\\/forvetet\\\/author\\\/thorvald\\\/\"}]}<\/script>\n<!-- \/ Yoast SEO plugin. -->","yoast_head_json":{"title":"Att vilja men inte hinna - F\u00f6rvetet","robots":{"index":"index","follow":"follow","max-snippet":"max-snippet:-1","max-image-preview":"max-image-preview:large","max-video-preview":"max-video-preview:-1"},"canonical":"https:\/\/www.freiholtz.se\/forvetet\/2003\/09\/16\/att-vilja-men-inte-hinna\/","og_locale":"sv_SE","og_type":"article","og_title":"Att vilja men inte hinna - F\u00f6rvetet","og_description":"F\u00f6r n\u00e4rvarande r\u00e4cker tiden knappt till f\u00f6r mina yrkesm\u00e4ssiga och privata \u00e5taganden. \u00c4ven om mina l\u00e4sare m\u00f6jligtvis kan tro annat, s\u00e5 ligger det inte s\u00e4llan b\u00e5de tankearbete och putsande p\u00e5 formuleringar bakom mina inl\u00e4gg i f\u00f6rvetet. Den tid som kr\u00e4vs f\u00f6r detta har jag inte just nu. Tr\u00e5kigt eftersom det finns mycket att kommentera. De...","og_url":"https:\/\/www.freiholtz.se\/forvetet\/2003\/09\/16\/att-vilja-men-inte-hinna\/","og_site_name":"F\u00f6rvetet","article_published_time":"2003-09-16T20:54:22+00:00","author":"Thorvald","twitter_card":"summary_large_image","twitter_misc":{"Skriven av":"Thorvald"},"schema":{"@context":"https:\/\/schema.org","@graph":[{"@type":"Article","@id":"https:\/\/www.freiholtz.se\/forvetet\/2003\/09\/16\/att-vilja-men-inte-hinna\/#article","isPartOf":{"@id":"https:\/\/www.freiholtz.se\/forvetet\/2003\/09\/16\/att-vilja-men-inte-hinna\/"},"author":{"name":"Thorvald","@id":"https:\/\/www.freiholtz.se\/forvetet\/#\/schema\/person\/f8eba858e89d86da3e8f4131644d7c72"},"headline":"Att vilja men inte hinna","datePublished":"2003-09-16T20:54:22+00:00","mainEntityOfPage":{"@id":"https:\/\/www.freiholtz.se\/forvetet\/2003\/09\/16\/att-vilja-men-inte-hinna\/"},"wordCount":94,"articleSection":["Blogg"],"inLanguage":"sv-SE"},{"@type":"WebPage","@id":"https:\/\/www.freiholtz.se\/forvetet\/2003\/09\/16\/att-vilja-men-inte-hinna\/","url":"https:\/\/www.freiholtz.se\/forvetet\/2003\/09\/16\/att-vilja-men-inte-hinna\/","name":"Att vilja men inte hinna - F\u00f6rvetet","isPartOf":{"@id":"https:\/\/www.freiholtz.se\/forvetet\/#website"},"datePublished":"2003-09-16T20:54:22+00:00","author":{"@id":"https:\/\/www.freiholtz.se\/forvetet\/#\/schema\/person\/f8eba858e89d86da3e8f4131644d7c72"},"breadcrumb":{"@id":"https:\/\/www.freiholtz.se\/forvetet\/2003\/09\/16\/att-vilja-men-inte-hinna\/#breadcrumb"},"inLanguage":"sv-SE","potentialAction":[{"@type":"ReadAction","target":["https:\/\/www.freiholtz.se\/forvetet\/2003\/09\/16\/att-vilja-men-inte-hinna\/"]}]},{"@type":"BreadcrumbList","@id":"https:\/\/www.freiholtz.se\/forvetet\/2003\/09\/16\/att-vilja-men-inte-hinna\/#breadcrumb","itemListElement":[{"@type":"ListItem","position":1,"name":"Hem","item":"https:\/\/www.freiholtz.se\/forvetet\/"},{"@type":"ListItem","position":2,"name":"Att vilja men inte hinna"}]},{"@type":"WebSite","@id":"https:\/\/www.freiholtz.se\/forvetet\/#website","url":"https:\/\/www.freiholtz.se\/forvetet\/","name":"F\u00f6rvetet","description":"en blogg fr\u00e5n freiholtz.se!","potentialAction":[{"@type":"SearchAction","target":{"@type":"EntryPoint","urlTemplate":"https:\/\/www.freiholtz.se\/forvetet\/?s={search_term_string}"},"query-input":{"@type":"PropertyValueSpecification","valueRequired":true,"valueName":"search_term_string"}}],"inLanguage":"sv-SE"},{"@type":"Person","@id":"https:\/\/www.freiholtz.se\/forvetet\/#\/schema\/person\/f8eba858e89d86da3e8f4131644d7c72","name":"Thorvald","image":{"@type":"ImageObject","inLanguage":"sv-SE","@id":"https:\/\/secure.gravatar.com\/avatar\/8328a4c14b3a439f4c0cf3cf4af03cee061e00c35ed80000610d03c204796578?s=96&d=mm&r=g","url":"https:\/\/secure.gravatar.com\/avatar\/8328a4c14b3a439f4c0cf3cf4af03cee061e00c35ed80000610d03c204796578?s=96&d=mm&r=g","contentUrl":"https:\/\/secure.gravatar.com\/avatar\/8328a4c14b3a439f4c0cf3cf4af03cee061e00c35ed80000610d03c204796578?s=96&d=mm&r=g","caption":"Thorvald"},"sameAs":["https:\/\/www.freiholtz.se"],"url":"https:\/\/www.freiholtz.se\/forvetet\/author\/thorvald\/"}]}},"_links":{"self":[{"href":"https:\/\/www.freiholtz.se\/forvetet\/wp-json\/wp\/v2\/posts\/675","targetHints":{"allow":["GET"]}}],"collection":[{"href":"https:\/\/www.freiholtz.se\/forvetet\/wp-json\/wp\/v2\/posts"}],"about":[{"href":"https:\/\/www.freiholtz.se\/forvetet\/wp-json\/wp\/v2\/types\/post"}],"author":[{"embeddable":true,"href":"https:\/\/www.freiholtz.se\/forvetet\/wp-json\/wp\/v2\/users\/1"}],"replies":[{"embeddable":true,"href":"https:\/\/www.freiholtz.se\/forvetet\/wp-json\/wp\/v2\/comments?post=675"}],"version-history":[{"count":0,"href":"https:\/\/www.freiholtz.se\/forvetet\/wp-json\/wp\/v2\/posts\/675\/revisions"}],"wp:attachment":[{"href":"https:\/\/www.freiholtz.se\/forvetet\/wp-json\/wp\/v2\/media?parent=675"}],"wp:term":[{"taxonomy":"category","embeddable":true,"href":"https:\/\/www.freiholtz.se\/forvetet\/wp-json\/wp\/v2\/categories?post=675"},{"taxonomy":"post_tag","embeddable":true,"href":"https:\/\/www.freiholtz.se\/forvetet\/wp-json\/wp\/v2\/tags?post=675"}],"curies":[{"name":"wp","href":"https:\/\/api.w.org\/{rel}","templated":true}]}}