{"id":671,"date":"2003-09-25T16:20:32","date_gmt":"2003-09-25T14:20:32","guid":{"rendered":"http:\/\/www.freiholtz.se\/forvetet\/?p=671"},"modified":"2003-09-25T16:20:32","modified_gmt":"2003-09-25T14:20:32","slug":"ett-ja-gnall","status":"publish","type":"post","link":"https:\/\/www.freiholtz.se\/forvetet\/2003\/09\/25\/ett-ja-gnall\/","title":{"rendered":"Ett j***a gn\u00e4ll"},"content":{"rendered":"<p><!--106449963266245590-->Jag st\u00e4mmer inte in i det allm\u00e4nna gn\u00e4llet p\u00e5 Jan O. Karlsson. Han \u00e4r en frisk fl\u00e4kt i det unket korrekta politiska etablissemanget. F\u00f6r min del \u00e4r jag faktiskt mest besviken \u00f6ver att han <a class=\"text\" href=\"http:\/\/www.freiholtz.se\/forvetet\/2002_11_01_arkiv.shtml#84378248\">f\u00f6ll f\u00f6r medietrycket<\/a> och donerade sin statsr\u00e5dsl\u00f6n till Olof Palmes minnesfond.<\/p>\n<p>N\u00e4r <a class=\"text\" href=\"http:\/\/konline.rfsl.se\/o.o.i.s?id=55&amp;article_id=74788\">RFSL<\/a> et consortes arbetat i decennier f\u00f6r att g\u00f6ra b\u00f6g till en allm\u00e4nt vedertagen ben\u00e4mning p\u00e5 manliga homosexuella \u00e4r det sv\u00e5rt att bli uppr\u00f6rd \u00f6ver att Jan O. anv\u00e4nder den. I \u00f6vrigt inst\u00e4mmer jag helt i vad Monica skriver i den mycket l\u00e4sv\u00e4rda webbloggen <a class=\"text\" href=\"http:\/\/hem.passagen.se\/monrol\/kort_aktuellt.htm\">Mitt Aktuellt<\/a>.<\/p>\n","protected":false},"excerpt":{"rendered":"<p>Jag st\u00e4mmer inte in i det allm\u00e4nna gn\u00e4llet p\u00e5 Jan O. Karlsson. Han \u00e4r en frisk fl\u00e4kt i det unket korrekta politiska etablissemanget. F\u00f6r min del \u00e4r jag faktiskt mest besviken \u00f6ver att han f\u00f6ll f\u00f6r medietrycket och donerade sin statsr\u00e5dsl\u00f6n till Olof Palmes minnesfond. N\u00e4r RFSL et consortes arbetat i decennier f\u00f6r att g\u00f6ra&#8230;<\/p>\n","protected":false},"author":1,"featured_media":0,"comment_status":"closed","ping_status":"closed","sticky":false,"template":"","format":"standard","meta":{"_monsterinsights_skip_tracking":false,"_monsterinsights_sitenote_active":false,"_monsterinsights_sitenote_note":"","_monsterinsights_sitenote_category":0,"footnotes":""},"categories":[7,8],"tags":[],"class_list":["post-671","post","type-post","status-publish","format-standard","hentry","category-politik","category-samhalle"],"yoast_head":"<!-- This site is optimized with the Yoast SEO plugin v27.5 - https:\/\/yoast.com\/product\/yoast-seo-wordpress\/ -->\n<title>Ett j***a gn\u00e4ll - F\u00f6rvetet<\/title>\n<meta name=\"robots\" content=\"index, follow, max-snippet:-1, max-image-preview:large, max-video-preview:-1\" \/>\n<link rel=\"canonical\" href=\"https:\/\/www.freiholtz.se\/forvetet\/2003\/09\/25\/ett-ja-gnall\/\" \/>\n<meta property=\"og:locale\" content=\"sv_SE\" \/>\n<meta property=\"og:type\" content=\"article\" \/>\n<meta property=\"og:title\" content=\"Ett j***a gn\u00e4ll - F\u00f6rvetet\" \/>\n<meta property=\"og:description\" content=\"Jag st\u00e4mmer inte in i det allm\u00e4nna gn\u00e4llet p\u00e5 Jan O. Karlsson. Han \u00e4r en frisk fl\u00e4kt i det unket korrekta politiska etablissemanget. F\u00f6r min del \u00e4r jag faktiskt mest besviken \u00f6ver att han f\u00f6ll f\u00f6r medietrycket och donerade sin statsr\u00e5dsl\u00f6n till Olof Palmes minnesfond. N\u00e4r RFSL et consortes arbetat i decennier f\u00f6r att g\u00f6ra...\" \/>\n<meta property=\"og:url\" content=\"https:\/\/www.freiholtz.se\/forvetet\/2003\/09\/25\/ett-ja-gnall\/\" \/>\n<meta property=\"og:site_name\" content=\"F\u00f6rvetet\" \/>\n<meta property=\"article:published_time\" content=\"2003-09-25T14:20:32+00:00\" \/>\n<meta name=\"author\" content=\"Thorvald\" \/>\n<meta name=\"twitter:card\" content=\"summary_large_image\" \/>\n<meta name=\"twitter:label1\" content=\"Skriven av\" \/>\n\t<meta name=\"twitter:data1\" content=\"Thorvald\" \/>\n\t<meta name=\"twitter:label2\" content=\"Ber\u00e4knad l\u00e4stid\" \/>\n\t<meta name=\"twitter:data2\" content=\"1 minut\" \/>\n<script type=\"application\/ld+json\" class=\"yoast-schema-graph\">{\"@context\":\"https:\\\/\\\/schema.org\",\"@graph\":[{\"@type\":\"Article\",\"@id\":\"https:\\\/\\\/www.freiholtz.se\\\/forvetet\\\/2003\\\/09\\\/25\\\/ett-ja-gnall\\\/#article\",\"isPartOf\":{\"@id\":\"https:\\\/\\\/www.freiholtz.se\\\/forvetet\\\/2003\\\/09\\\/25\\\/ett-ja-gnall\\\/\"},\"author\":{\"name\":\"Thorvald\",\"@id\":\"https:\\\/\\\/www.freiholtz.se\\\/forvetet\\\/#\\\/schema\\\/person\\\/f8eba858e89d86da3e8f4131644d7c72\"},\"headline\":\"Ett j***a gn\u00e4ll\",\"datePublished\":\"2003-09-25T14:20:32+00:00\",\"mainEntityOfPage\":{\"@id\":\"https:\\\/\\\/www.freiholtz.se\\\/forvetet\\\/2003\\\/09\\\/25\\\/ett-ja-gnall\\\/\"},\"wordCount\":118,\"articleSection\":[\"Politik\",\"Samh\u00e4lle\"],\"inLanguage\":\"sv-SE\"},{\"@type\":\"WebPage\",\"@id\":\"https:\\\/\\\/www.freiholtz.se\\\/forvetet\\\/2003\\\/09\\\/25\\\/ett-ja-gnall\\\/\",\"url\":\"https:\\\/\\\/www.freiholtz.se\\\/forvetet\\\/2003\\\/09\\\/25\\\/ett-ja-gnall\\\/\",\"name\":\"Ett j***a gn\u00e4ll - F\u00f6rvetet\",\"isPartOf\":{\"@id\":\"https:\\\/\\\/www.freiholtz.se\\\/forvetet\\\/#website\"},\"datePublished\":\"2003-09-25T14:20:32+00:00\",\"author\":{\"@id\":\"https:\\\/\\\/www.freiholtz.se\\\/forvetet\\\/#\\\/schema\\\/person\\\/f8eba858e89d86da3e8f4131644d7c72\"},\"breadcrumb\":{\"@id\":\"https:\\\/\\\/www.freiholtz.se\\\/forvetet\\\/2003\\\/09\\\/25\\\/ett-ja-gnall\\\/#breadcrumb\"},\"inLanguage\":\"sv-SE\",\"potentialAction\":[{\"@type\":\"ReadAction\",\"target\":[\"https:\\\/\\\/www.freiholtz.se\\\/forvetet\\\/2003\\\/09\\\/25\\\/ett-ja-gnall\\\/\"]}]},{\"@type\":\"BreadcrumbList\",\"@id\":\"https:\\\/\\\/www.freiholtz.se\\\/forvetet\\\/2003\\\/09\\\/25\\\/ett-ja-gnall\\\/#breadcrumb\",\"itemListElement\":[{\"@type\":\"ListItem\",\"position\":1,\"name\":\"Hem\",\"item\":\"https:\\\/\\\/www.freiholtz.se\\\/forvetet\\\/\"},{\"@type\":\"ListItem\",\"position\":2,\"name\":\"Ett j***a gn\u00e4ll\"}]},{\"@type\":\"WebSite\",\"@id\":\"https:\\\/\\\/www.freiholtz.se\\\/forvetet\\\/#website\",\"url\":\"https:\\\/\\\/www.freiholtz.se\\\/forvetet\\\/\",\"name\":\"F\u00f6rvetet\",\"description\":\"en blogg fr\u00e5n freiholtz.se!\",\"potentialAction\":[{\"@type\":\"SearchAction\",\"target\":{\"@type\":\"EntryPoint\",\"urlTemplate\":\"https:\\\/\\\/www.freiholtz.se\\\/forvetet\\\/?s={search_term_string}\"},\"query-input\":{\"@type\":\"PropertyValueSpecification\",\"valueRequired\":true,\"valueName\":\"search_term_string\"}}],\"inLanguage\":\"sv-SE\"},{\"@type\":\"Person\",\"@id\":\"https:\\\/\\\/www.freiholtz.se\\\/forvetet\\\/#\\\/schema\\\/person\\\/f8eba858e89d86da3e8f4131644d7c72\",\"name\":\"Thorvald\",\"image\":{\"@type\":\"ImageObject\",\"inLanguage\":\"sv-SE\",\"@id\":\"https:\\\/\\\/secure.gravatar.com\\\/avatar\\\/8328a4c14b3a439f4c0cf3cf4af03cee061e00c35ed80000610d03c204796578?s=96&d=mm&r=g\",\"url\":\"https:\\\/\\\/secure.gravatar.com\\\/avatar\\\/8328a4c14b3a439f4c0cf3cf4af03cee061e00c35ed80000610d03c204796578?s=96&d=mm&r=g\",\"contentUrl\":\"https:\\\/\\\/secure.gravatar.com\\\/avatar\\\/8328a4c14b3a439f4c0cf3cf4af03cee061e00c35ed80000610d03c204796578?s=96&d=mm&r=g\",\"caption\":\"Thorvald\"},\"sameAs\":[\"https:\\\/\\\/www.freiholtz.se\"],\"url\":\"https:\\\/\\\/www.freiholtz.se\\\/forvetet\\\/author\\\/thorvald\\\/\"}]}<\/script>\n<!-- \/ Yoast SEO plugin. -->","yoast_head_json":{"title":"Ett j***a gn\u00e4ll - F\u00f6rvetet","robots":{"index":"index","follow":"follow","max-snippet":"max-snippet:-1","max-image-preview":"max-image-preview:large","max-video-preview":"max-video-preview:-1"},"canonical":"https:\/\/www.freiholtz.se\/forvetet\/2003\/09\/25\/ett-ja-gnall\/","og_locale":"sv_SE","og_type":"article","og_title":"Ett j***a gn\u00e4ll - F\u00f6rvetet","og_description":"Jag st\u00e4mmer inte in i det allm\u00e4nna gn\u00e4llet p\u00e5 Jan O. Karlsson. Han \u00e4r en frisk fl\u00e4kt i det unket korrekta politiska etablissemanget. F\u00f6r min del \u00e4r jag faktiskt mest besviken \u00f6ver att han f\u00f6ll f\u00f6r medietrycket och donerade sin statsr\u00e5dsl\u00f6n till Olof Palmes minnesfond. N\u00e4r RFSL et consortes arbetat i decennier f\u00f6r att g\u00f6ra...","og_url":"https:\/\/www.freiholtz.se\/forvetet\/2003\/09\/25\/ett-ja-gnall\/","og_site_name":"F\u00f6rvetet","article_published_time":"2003-09-25T14:20:32+00:00","author":"Thorvald","twitter_card":"summary_large_image","twitter_misc":{"Skriven av":"Thorvald","Ber\u00e4knad l\u00e4stid":"1 minut"},"schema":{"@context":"https:\/\/schema.org","@graph":[{"@type":"Article","@id":"https:\/\/www.freiholtz.se\/forvetet\/2003\/09\/25\/ett-ja-gnall\/#article","isPartOf":{"@id":"https:\/\/www.freiholtz.se\/forvetet\/2003\/09\/25\/ett-ja-gnall\/"},"author":{"name":"Thorvald","@id":"https:\/\/www.freiholtz.se\/forvetet\/#\/schema\/person\/f8eba858e89d86da3e8f4131644d7c72"},"headline":"Ett j***a gn\u00e4ll","datePublished":"2003-09-25T14:20:32+00:00","mainEntityOfPage":{"@id":"https:\/\/www.freiholtz.se\/forvetet\/2003\/09\/25\/ett-ja-gnall\/"},"wordCount":118,"articleSection":["Politik","Samh\u00e4lle"],"inLanguage":"sv-SE"},{"@type":"WebPage","@id":"https:\/\/www.freiholtz.se\/forvetet\/2003\/09\/25\/ett-ja-gnall\/","url":"https:\/\/www.freiholtz.se\/forvetet\/2003\/09\/25\/ett-ja-gnall\/","name":"Ett j***a gn\u00e4ll - F\u00f6rvetet","isPartOf":{"@id":"https:\/\/www.freiholtz.se\/forvetet\/#website"},"datePublished":"2003-09-25T14:20:32+00:00","author":{"@id":"https:\/\/www.freiholtz.se\/forvetet\/#\/schema\/person\/f8eba858e89d86da3e8f4131644d7c72"},"breadcrumb":{"@id":"https:\/\/www.freiholtz.se\/forvetet\/2003\/09\/25\/ett-ja-gnall\/#breadcrumb"},"inLanguage":"sv-SE","potentialAction":[{"@type":"ReadAction","target":["https:\/\/www.freiholtz.se\/forvetet\/2003\/09\/25\/ett-ja-gnall\/"]}]},{"@type":"BreadcrumbList","@id":"https:\/\/www.freiholtz.se\/forvetet\/2003\/09\/25\/ett-ja-gnall\/#breadcrumb","itemListElement":[{"@type":"ListItem","position":1,"name":"Hem","item":"https:\/\/www.freiholtz.se\/forvetet\/"},{"@type":"ListItem","position":2,"name":"Ett j***a gn\u00e4ll"}]},{"@type":"WebSite","@id":"https:\/\/www.freiholtz.se\/forvetet\/#website","url":"https:\/\/www.freiholtz.se\/forvetet\/","name":"F\u00f6rvetet","description":"en blogg fr\u00e5n freiholtz.se!","potentialAction":[{"@type":"SearchAction","target":{"@type":"EntryPoint","urlTemplate":"https:\/\/www.freiholtz.se\/forvetet\/?s={search_term_string}"},"query-input":{"@type":"PropertyValueSpecification","valueRequired":true,"valueName":"search_term_string"}}],"inLanguage":"sv-SE"},{"@type":"Person","@id":"https:\/\/www.freiholtz.se\/forvetet\/#\/schema\/person\/f8eba858e89d86da3e8f4131644d7c72","name":"Thorvald","image":{"@type":"ImageObject","inLanguage":"sv-SE","@id":"https:\/\/secure.gravatar.com\/avatar\/8328a4c14b3a439f4c0cf3cf4af03cee061e00c35ed80000610d03c204796578?s=96&d=mm&r=g","url":"https:\/\/secure.gravatar.com\/avatar\/8328a4c14b3a439f4c0cf3cf4af03cee061e00c35ed80000610d03c204796578?s=96&d=mm&r=g","contentUrl":"https:\/\/secure.gravatar.com\/avatar\/8328a4c14b3a439f4c0cf3cf4af03cee061e00c35ed80000610d03c204796578?s=96&d=mm&r=g","caption":"Thorvald"},"sameAs":["https:\/\/www.freiholtz.se"],"url":"https:\/\/www.freiholtz.se\/forvetet\/author\/thorvald\/"}]}},"_links":{"self":[{"href":"https:\/\/www.freiholtz.se\/forvetet\/wp-json\/wp\/v2\/posts\/671","targetHints":{"allow":["GET"]}}],"collection":[{"href":"https:\/\/www.freiholtz.se\/forvetet\/wp-json\/wp\/v2\/posts"}],"about":[{"href":"https:\/\/www.freiholtz.se\/forvetet\/wp-json\/wp\/v2\/types\/post"}],"author":[{"embeddable":true,"href":"https:\/\/www.freiholtz.se\/forvetet\/wp-json\/wp\/v2\/users\/1"}],"replies":[{"embeddable":true,"href":"https:\/\/www.freiholtz.se\/forvetet\/wp-json\/wp\/v2\/comments?post=671"}],"version-history":[{"count":0,"href":"https:\/\/www.freiholtz.se\/forvetet\/wp-json\/wp\/v2\/posts\/671\/revisions"}],"wp:attachment":[{"href":"https:\/\/www.freiholtz.se\/forvetet\/wp-json\/wp\/v2\/media?parent=671"}],"wp:term":[{"taxonomy":"category","embeddable":true,"href":"https:\/\/www.freiholtz.se\/forvetet\/wp-json\/wp\/v2\/categories?post=671"},{"taxonomy":"post_tag","embeddable":true,"href":"https:\/\/www.freiholtz.se\/forvetet\/wp-json\/wp\/v2\/tags?post=671"}],"curies":[{"name":"wp","href":"https:\/\/api.w.org\/{rel}","templated":true}]}}