{"id":661,"date":"2003-08-06T21:29:35","date_gmt":"2003-08-06T19:29:35","guid":{"rendered":"http:\/\/www.freiholtz.se\/forvetet\/?p=661"},"modified":"2003-08-06T21:29:35","modified_gmt":"2003-08-06T19:29:35","slug":"demokratiskt-overskott","status":"publish","type":"post","link":"https:\/\/www.freiholtz.se\/forvetet\/2003\/08\/06\/demokratiskt-overskott\/","title":{"rendered":"Demokratiskt \u00f6verskott"},"content":{"rendered":"<p><!--106019817516602084--><\/p>\n<p>Ordf\u00f6randen i f\u00f6rsvarsberedningen H\u00e5kan Juholt f\u00f6rsitter ingen tid n\u00e4r \u00d6B sjabblar med \u00e4n <a class=\"text\" href=\"http:\/\/www.aftonbladet.se\/vss\/telegram\/0,1082,62094713_852__o,00.html\">det ena<\/a> \u00e4n <a class=\"text\" href=\"http:\/\/www.aftonbladet.se\/vss\/nyheter\/story\/0,2789,339644,00.html\">det andra<\/a>. Han vill ha <a class=\"text\" href=\"http:\/\/www.gp.se\/gp\/jsp\/Crosslink.jsp?d=119&amp;a=134347\">en helt ny nationell krisledning, med b\u00e4ttre styrning och \u00f6kad civil kompetens<\/a>.<\/p>\n<p>Civil kompetens ska naturligtvis l\u00e4sas politisk bakgrund. Vad som menas med b\u00e4ttre styrning s\u00e4ger sig sj\u00e4lvt.<\/p>\n<p>Det har s\u00e4kert varit en nagel i \u00f6gat p\u00e5 partig\u00e4ngare av olika kul\u00f6rer att det fortfarande finns en myndighet d\u00e4r det b\u00e5de kr\u00e4vs en relevant utbildning och m\u00e5ng\u00e5rig erfarenhet innan man kan bli dess chef. I synnerhet som det finns ett stort &#8221;demokratiskt \u00f6verskott&#8221; att ta hand om.<\/p>\n<p>Hittills har man lyckats placera <a class=\"text\" href=\"http:\/\/www.aftonbladet.se\/vss\/telegram\/0,1082,61138392_852__o,00.html\">Ing-Britt Irhammar<\/a>, <a class=\"text\" href=\"http:\/\/www.polisen.se\">Sten Heckscher<\/a>, <a class=\"text\" href=\"http:\/\/www.integrationsverket.se\/\">Andreas Carlgren<\/a> och <a class=\"text\" href=\"http:\/\/www.boverket.se\/\">Ines Uusmann<\/a> (vars framfart f.\u00f6. nyligen kommenterats p\u00e5 <a class=\"text\" href=\"http:\/\/www.karlsson.at\/ordet.htm#boverket\">en annan webblogg<\/a>) med flera i spetsen f\u00f6r statliga verk. Men behovet av retr\u00e4ttposter f\u00f6r sparkade ministrar, partibyr\u00e5krater och RRB (riksdagsr\u00f6stboskap) \u00f6kar kontinuerligt. Det g\u00e5r f\u00f6rmodligen att uppfinna ytterligare n\u00e5gra myndigheter, t.ex. inom diskriminerings-\/j\u00e4mst\u00e4lldhetsomr\u00e5det, eller dela upp befintliga myndigheter i flera. Men framsynta politiker som Juholt ser naturligtvis att denna strategi b\u00f6rjar n\u00e4rma sig v\u00e4gs \u00e4nde. Vad \u00e4r d\u00e5 naturligare \u00e4n att man b\u00f6rjar kasta \u00f6gonen p\u00e5 f\u00f6rsvaret (<a class=\"text\" href=\"http:\/\/www.fhs.mil.se\/about\/sv\/index.html\">ett <em>n\u00e4stan<\/em> jungfruligt omr\u00e5de<\/a> med stor potential)?<\/p>\n<p>Intresset ljuger aldrig.<\/p>\n","protected":false},"excerpt":{"rendered":"<p>Ordf\u00f6randen i f\u00f6rsvarsberedningen H\u00e5kan Juholt f\u00f6rsitter ingen tid n\u00e4r \u00d6B sjabblar med \u00e4n det ena \u00e4n det andra. Han vill ha en helt ny nationell krisledning, med b\u00e4ttre styrning och \u00f6kad civil kompetens. Civil kompetens ska naturligtvis l\u00e4sas politisk bakgrund. Vad som menas med b\u00e4ttre styrning s\u00e4ger sig sj\u00e4lvt. Det har s\u00e4kert varit en nagel&#8230;<\/p>\n","protected":false},"author":1,"featured_media":0,"comment_status":"closed","ping_status":"closed","sticky":false,"template":"","format":"standard","meta":{"_monsterinsights_skip_tracking":false,"_monsterinsights_sitenote_active":false,"_monsterinsights_sitenote_note":"","_monsterinsights_sitenote_category":0,"footnotes":""},"categories":[7],"tags":[],"class_list":["post-661","post","type-post","status-publish","format-standard","hentry","category-politik"],"yoast_head":"<!-- This site is optimized with the Yoast SEO plugin v27.5 - https:\/\/yoast.com\/product\/yoast-seo-wordpress\/ -->\n<title>Demokratiskt \u00f6verskott - F\u00f6rvetet<\/title>\n<meta name=\"robots\" content=\"index, follow, max-snippet:-1, max-image-preview:large, max-video-preview:-1\" \/>\n<link rel=\"canonical\" href=\"https:\/\/www.freiholtz.se\/forvetet\/2003\/08\/06\/demokratiskt-overskott\/\" \/>\n<meta property=\"og:locale\" content=\"sv_SE\" \/>\n<meta property=\"og:type\" content=\"article\" \/>\n<meta property=\"og:title\" content=\"Demokratiskt \u00f6verskott - F\u00f6rvetet\" \/>\n<meta property=\"og:description\" content=\"Ordf\u00f6randen i f\u00f6rsvarsberedningen H\u00e5kan Juholt f\u00f6rsitter ingen tid n\u00e4r \u00d6B sjabblar med \u00e4n det ena \u00e4n det andra. Han vill ha en helt ny nationell krisledning, med b\u00e4ttre styrning och \u00f6kad civil kompetens. Civil kompetens ska naturligtvis l\u00e4sas politisk bakgrund. Vad som menas med b\u00e4ttre styrning s\u00e4ger sig sj\u00e4lvt. Det har s\u00e4kert varit en nagel...\" \/>\n<meta property=\"og:url\" content=\"https:\/\/www.freiholtz.se\/forvetet\/2003\/08\/06\/demokratiskt-overskott\/\" \/>\n<meta property=\"og:site_name\" content=\"F\u00f6rvetet\" \/>\n<meta property=\"article:published_time\" content=\"2003-08-06T19:29:35+00:00\" \/>\n<meta name=\"author\" content=\"Thorvald\" \/>\n<meta name=\"twitter:card\" content=\"summary_large_image\" \/>\n<meta name=\"twitter:label1\" content=\"Skriven av\" \/>\n\t<meta name=\"twitter:data1\" content=\"Thorvald\" \/>\n\t<meta name=\"twitter:label2\" content=\"Ber\u00e4knad l\u00e4stid\" \/>\n\t<meta name=\"twitter:data2\" content=\"1 minut\" \/>\n<script type=\"application\/ld+json\" class=\"yoast-schema-graph\">{\"@context\":\"https:\\\/\\\/schema.org\",\"@graph\":[{\"@type\":\"Article\",\"@id\":\"https:\\\/\\\/www.freiholtz.se\\\/forvetet\\\/2003\\\/08\\\/06\\\/demokratiskt-overskott\\\/#article\",\"isPartOf\":{\"@id\":\"https:\\\/\\\/www.freiholtz.se\\\/forvetet\\\/2003\\\/08\\\/06\\\/demokratiskt-overskott\\\/\"},\"author\":{\"name\":\"Thorvald\",\"@id\":\"https:\\\/\\\/www.freiholtz.se\\\/forvetet\\\/#\\\/schema\\\/person\\\/f8eba858e89d86da3e8f4131644d7c72\"},\"headline\":\"Demokratiskt \u00f6verskott\",\"datePublished\":\"2003-08-06T19:29:35+00:00\",\"mainEntityOfPage\":{\"@id\":\"https:\\\/\\\/www.freiholtz.se\\\/forvetet\\\/2003\\\/08\\\/06\\\/demokratiskt-overskott\\\/\"},\"wordCount\":235,\"articleSection\":[\"Politik\"],\"inLanguage\":\"sv-SE\"},{\"@type\":\"WebPage\",\"@id\":\"https:\\\/\\\/www.freiholtz.se\\\/forvetet\\\/2003\\\/08\\\/06\\\/demokratiskt-overskott\\\/\",\"url\":\"https:\\\/\\\/www.freiholtz.se\\\/forvetet\\\/2003\\\/08\\\/06\\\/demokratiskt-overskott\\\/\",\"name\":\"Demokratiskt \u00f6verskott - F\u00f6rvetet\",\"isPartOf\":{\"@id\":\"https:\\\/\\\/www.freiholtz.se\\\/forvetet\\\/#website\"},\"datePublished\":\"2003-08-06T19:29:35+00:00\",\"author\":{\"@id\":\"https:\\\/\\\/www.freiholtz.se\\\/forvetet\\\/#\\\/schema\\\/person\\\/f8eba858e89d86da3e8f4131644d7c72\"},\"breadcrumb\":{\"@id\":\"https:\\\/\\\/www.freiholtz.se\\\/forvetet\\\/2003\\\/08\\\/06\\\/demokratiskt-overskott\\\/#breadcrumb\"},\"inLanguage\":\"sv-SE\",\"potentialAction\":[{\"@type\":\"ReadAction\",\"target\":[\"https:\\\/\\\/www.freiholtz.se\\\/forvetet\\\/2003\\\/08\\\/06\\\/demokratiskt-overskott\\\/\"]}]},{\"@type\":\"BreadcrumbList\",\"@id\":\"https:\\\/\\\/www.freiholtz.se\\\/forvetet\\\/2003\\\/08\\\/06\\\/demokratiskt-overskott\\\/#breadcrumb\",\"itemListElement\":[{\"@type\":\"ListItem\",\"position\":1,\"name\":\"Hem\",\"item\":\"https:\\\/\\\/www.freiholtz.se\\\/forvetet\\\/\"},{\"@type\":\"ListItem\",\"position\":2,\"name\":\"Demokratiskt \u00f6verskott\"}]},{\"@type\":\"WebSite\",\"@id\":\"https:\\\/\\\/www.freiholtz.se\\\/forvetet\\\/#website\",\"url\":\"https:\\\/\\\/www.freiholtz.se\\\/forvetet\\\/\",\"name\":\"F\u00f6rvetet\",\"description\":\"en blogg fr\u00e5n freiholtz.se!\",\"potentialAction\":[{\"@type\":\"SearchAction\",\"target\":{\"@type\":\"EntryPoint\",\"urlTemplate\":\"https:\\\/\\\/www.freiholtz.se\\\/forvetet\\\/?s={search_term_string}\"},\"query-input\":{\"@type\":\"PropertyValueSpecification\",\"valueRequired\":true,\"valueName\":\"search_term_string\"}}],\"inLanguage\":\"sv-SE\"},{\"@type\":\"Person\",\"@id\":\"https:\\\/\\\/www.freiholtz.se\\\/forvetet\\\/#\\\/schema\\\/person\\\/f8eba858e89d86da3e8f4131644d7c72\",\"name\":\"Thorvald\",\"image\":{\"@type\":\"ImageObject\",\"inLanguage\":\"sv-SE\",\"@id\":\"https:\\\/\\\/secure.gravatar.com\\\/avatar\\\/8328a4c14b3a439f4c0cf3cf4af03cee061e00c35ed80000610d03c204796578?s=96&d=mm&r=g\",\"url\":\"https:\\\/\\\/secure.gravatar.com\\\/avatar\\\/8328a4c14b3a439f4c0cf3cf4af03cee061e00c35ed80000610d03c204796578?s=96&d=mm&r=g\",\"contentUrl\":\"https:\\\/\\\/secure.gravatar.com\\\/avatar\\\/8328a4c14b3a439f4c0cf3cf4af03cee061e00c35ed80000610d03c204796578?s=96&d=mm&r=g\",\"caption\":\"Thorvald\"},\"sameAs\":[\"https:\\\/\\\/www.freiholtz.se\"],\"url\":\"https:\\\/\\\/www.freiholtz.se\\\/forvetet\\\/author\\\/thorvald\\\/\"}]}<\/script>\n<!-- \/ Yoast SEO plugin. -->","yoast_head_json":{"title":"Demokratiskt \u00f6verskott - F\u00f6rvetet","robots":{"index":"index","follow":"follow","max-snippet":"max-snippet:-1","max-image-preview":"max-image-preview:large","max-video-preview":"max-video-preview:-1"},"canonical":"https:\/\/www.freiholtz.se\/forvetet\/2003\/08\/06\/demokratiskt-overskott\/","og_locale":"sv_SE","og_type":"article","og_title":"Demokratiskt \u00f6verskott - F\u00f6rvetet","og_description":"Ordf\u00f6randen i f\u00f6rsvarsberedningen H\u00e5kan Juholt f\u00f6rsitter ingen tid n\u00e4r \u00d6B sjabblar med \u00e4n det ena \u00e4n det andra. Han vill ha en helt ny nationell krisledning, med b\u00e4ttre styrning och \u00f6kad civil kompetens. Civil kompetens ska naturligtvis l\u00e4sas politisk bakgrund. Vad som menas med b\u00e4ttre styrning s\u00e4ger sig sj\u00e4lvt. Det har s\u00e4kert varit en nagel...","og_url":"https:\/\/www.freiholtz.se\/forvetet\/2003\/08\/06\/demokratiskt-overskott\/","og_site_name":"F\u00f6rvetet","article_published_time":"2003-08-06T19:29:35+00:00","author":"Thorvald","twitter_card":"summary_large_image","twitter_misc":{"Skriven av":"Thorvald","Ber\u00e4knad l\u00e4stid":"1 minut"},"schema":{"@context":"https:\/\/schema.org","@graph":[{"@type":"Article","@id":"https:\/\/www.freiholtz.se\/forvetet\/2003\/08\/06\/demokratiskt-overskott\/#article","isPartOf":{"@id":"https:\/\/www.freiholtz.se\/forvetet\/2003\/08\/06\/demokratiskt-overskott\/"},"author":{"name":"Thorvald","@id":"https:\/\/www.freiholtz.se\/forvetet\/#\/schema\/person\/f8eba858e89d86da3e8f4131644d7c72"},"headline":"Demokratiskt \u00f6verskott","datePublished":"2003-08-06T19:29:35+00:00","mainEntityOfPage":{"@id":"https:\/\/www.freiholtz.se\/forvetet\/2003\/08\/06\/demokratiskt-overskott\/"},"wordCount":235,"articleSection":["Politik"],"inLanguage":"sv-SE"},{"@type":"WebPage","@id":"https:\/\/www.freiholtz.se\/forvetet\/2003\/08\/06\/demokratiskt-overskott\/","url":"https:\/\/www.freiholtz.se\/forvetet\/2003\/08\/06\/demokratiskt-overskott\/","name":"Demokratiskt \u00f6verskott - F\u00f6rvetet","isPartOf":{"@id":"https:\/\/www.freiholtz.se\/forvetet\/#website"},"datePublished":"2003-08-06T19:29:35+00:00","author":{"@id":"https:\/\/www.freiholtz.se\/forvetet\/#\/schema\/person\/f8eba858e89d86da3e8f4131644d7c72"},"breadcrumb":{"@id":"https:\/\/www.freiholtz.se\/forvetet\/2003\/08\/06\/demokratiskt-overskott\/#breadcrumb"},"inLanguage":"sv-SE","potentialAction":[{"@type":"ReadAction","target":["https:\/\/www.freiholtz.se\/forvetet\/2003\/08\/06\/demokratiskt-overskott\/"]}]},{"@type":"BreadcrumbList","@id":"https:\/\/www.freiholtz.se\/forvetet\/2003\/08\/06\/demokratiskt-overskott\/#breadcrumb","itemListElement":[{"@type":"ListItem","position":1,"name":"Hem","item":"https:\/\/www.freiholtz.se\/forvetet\/"},{"@type":"ListItem","position":2,"name":"Demokratiskt \u00f6verskott"}]},{"@type":"WebSite","@id":"https:\/\/www.freiholtz.se\/forvetet\/#website","url":"https:\/\/www.freiholtz.se\/forvetet\/","name":"F\u00f6rvetet","description":"en blogg fr\u00e5n freiholtz.se!","potentialAction":[{"@type":"SearchAction","target":{"@type":"EntryPoint","urlTemplate":"https:\/\/www.freiholtz.se\/forvetet\/?s={search_term_string}"},"query-input":{"@type":"PropertyValueSpecification","valueRequired":true,"valueName":"search_term_string"}}],"inLanguage":"sv-SE"},{"@type":"Person","@id":"https:\/\/www.freiholtz.se\/forvetet\/#\/schema\/person\/f8eba858e89d86da3e8f4131644d7c72","name":"Thorvald","image":{"@type":"ImageObject","inLanguage":"sv-SE","@id":"https:\/\/secure.gravatar.com\/avatar\/8328a4c14b3a439f4c0cf3cf4af03cee061e00c35ed80000610d03c204796578?s=96&d=mm&r=g","url":"https:\/\/secure.gravatar.com\/avatar\/8328a4c14b3a439f4c0cf3cf4af03cee061e00c35ed80000610d03c204796578?s=96&d=mm&r=g","contentUrl":"https:\/\/secure.gravatar.com\/avatar\/8328a4c14b3a439f4c0cf3cf4af03cee061e00c35ed80000610d03c204796578?s=96&d=mm&r=g","caption":"Thorvald"},"sameAs":["https:\/\/www.freiholtz.se"],"url":"https:\/\/www.freiholtz.se\/forvetet\/author\/thorvald\/"}]}},"_links":{"self":[{"href":"https:\/\/www.freiholtz.se\/forvetet\/wp-json\/wp\/v2\/posts\/661","targetHints":{"allow":["GET"]}}],"collection":[{"href":"https:\/\/www.freiholtz.se\/forvetet\/wp-json\/wp\/v2\/posts"}],"about":[{"href":"https:\/\/www.freiholtz.se\/forvetet\/wp-json\/wp\/v2\/types\/post"}],"author":[{"embeddable":true,"href":"https:\/\/www.freiholtz.se\/forvetet\/wp-json\/wp\/v2\/users\/1"}],"replies":[{"embeddable":true,"href":"https:\/\/www.freiholtz.se\/forvetet\/wp-json\/wp\/v2\/comments?post=661"}],"version-history":[{"count":0,"href":"https:\/\/www.freiholtz.se\/forvetet\/wp-json\/wp\/v2\/posts\/661\/revisions"}],"wp:attachment":[{"href":"https:\/\/www.freiholtz.se\/forvetet\/wp-json\/wp\/v2\/media?parent=661"}],"wp:term":[{"taxonomy":"category","embeddable":true,"href":"https:\/\/www.freiholtz.se\/forvetet\/wp-json\/wp\/v2\/categories?post=661"},{"taxonomy":"post_tag","embeddable":true,"href":"https:\/\/www.freiholtz.se\/forvetet\/wp-json\/wp\/v2\/tags?post=661"}],"curies":[{"name":"wp","href":"https:\/\/api.w.org\/{rel}","templated":true}]}}