{"id":644,"date":"2003-08-29T18:07:49","date_gmt":"2003-08-29T17:07:49","guid":{"rendered":"http:\/\/www.freiholtz.se\/forvetet\/?p=644"},"modified":"2003-08-29T18:07:49","modified_gmt":"2003-08-29T17:07:49","slug":"vanta-och-se-del-ii","status":"publish","type":"post","link":"https:\/\/www.freiholtz.se\/forvetet\/2003\/08\/29\/vanta-och-se-del-ii\/","title":{"rendered":"V\u00e4nta och se, del II"},"content":{"rendered":"<p><!--106217326991142112-->Som mina l\u00e4sare s\u00e4kert redan f\u00f6rst\u00e5tt var f\u00f6reg\u00e5ende inl\u00e4gg ett EMU-inl\u00e4gg, \u00e4ven om jag inte klart skrev ut det. Det var inspirerat av EMU-motst\u00e5ndarnas budskap att vi b\u00f6r v\u00e4nta och se hur euro-projektet utvecklar sig och g\u00e5 med om det blir en framg\u00e5ng (n\u00e4r de nuvarande eurol\u00e4nderna gjort jobbet).<\/p>\n<p>Jag tycker visserligen att det \u00e4r ett argument av och f\u00f6r ynkryggar, men det jag i allegorins form f\u00f6rs\u00f6kte visa var att \u00e4ven en &#8221;v\u00e4nta och se&#8221;-taktik kommer att f\u00e5 konsekvenser. Att ge sken av att vi om n\u00e5gra \u00e5r &#8211; efter ett nej den 14 september &#8211; kommer att kunna g\u00e5 med i eurosamarbetet som om inget har h\u00e4nt \u00e4r p\u00e5 gr\u00e4nsen till bedr\u00e4geri.<\/p>\n<p>Organisationen <a class=\"text\" href=\"http:\/\/www.euronej.nu\/\"><strong>europa ja &#8211; euro nej<\/strong><\/a> har gett ut en folder med <a class=\"text\" href=\"http:\/\/www.euronej.nu\/pdf\/euronej\/euronej-foldern.pdf\">nio argument mot euron<\/a> (pdf) som i allt v\u00e4sentligt sammanfattar nej-sidans budskap. Jag har t\u00e4nkt att fram till den 14 september syna nej-argumenten. Det blir en granskning p\u00e5 mitt s\u00e4tt &#8211; illvilliga personangrepp kommer att blandas med ironi och sarkasmer och n\u00e5got enstaka f\u00f6rs\u00f6k till seri\u00f6s analys.<\/p>\n<p>Kommer jag att, f\u00f6r en g\u00e5ngs skull, uppfylla mina l\u00e5ga m\u00e5l? Ni f\u00e5r v\u00e4l v\u00e4nta och se!<\/p>\n","protected":false},"excerpt":{"rendered":"<p>Som mina l\u00e4sare s\u00e4kert redan f\u00f6rst\u00e5tt var f\u00f6reg\u00e5ende inl\u00e4gg ett EMU-inl\u00e4gg, \u00e4ven om jag inte klart skrev ut det. Det var inspirerat av EMU-motst\u00e5ndarnas budskap att vi b\u00f6r v\u00e4nta och se hur euro-projektet utvecklar sig och g\u00e5 med om det blir en framg\u00e5ng (n\u00e4r de nuvarande eurol\u00e4nderna gjort jobbet). Jag tycker visserligen att det \u00e4r&#8230;<\/p>\n","protected":false},"author":1,"featured_media":0,"comment_status":"closed","ping_status":"closed","sticky":false,"template":"","format":"standard","meta":{"_monsterinsights_skip_tracking":false,"_monsterinsights_sitenote_active":false,"_monsterinsights_sitenote_note":"","_monsterinsights_sitenote_category":0,"footnotes":""},"categories":[7],"tags":[45,47,56,188],"class_list":["post-644","post","type-post","status-publish","format-standard","hentry","category-politik","tag-emu","tag-euro","tag-folkomrostning","tag-vanta-och-se"],"yoast_head":"<!-- This site is optimized with the Yoast SEO plugin v27.5 - https:\/\/yoast.com\/product\/yoast-seo-wordpress\/ -->\n<title>V\u00e4nta och se, del II - F\u00f6rvetet<\/title>\n<meta name=\"robots\" content=\"index, follow, max-snippet:-1, max-image-preview:large, max-video-preview:-1\" \/>\n<link rel=\"canonical\" href=\"https:\/\/www.freiholtz.se\/forvetet\/2003\/08\/29\/vanta-och-se-del-ii\/\" \/>\n<meta property=\"og:locale\" content=\"sv_SE\" \/>\n<meta property=\"og:type\" content=\"article\" \/>\n<meta property=\"og:title\" content=\"V\u00e4nta och se, del II - F\u00f6rvetet\" \/>\n<meta property=\"og:description\" content=\"Som mina l\u00e4sare s\u00e4kert redan f\u00f6rst\u00e5tt var f\u00f6reg\u00e5ende inl\u00e4gg ett EMU-inl\u00e4gg, \u00e4ven om jag inte klart skrev ut det. Det var inspirerat av EMU-motst\u00e5ndarnas budskap att vi b\u00f6r v\u00e4nta och se hur euro-projektet utvecklar sig och g\u00e5 med om det blir en framg\u00e5ng (n\u00e4r de nuvarande eurol\u00e4nderna gjort jobbet). Jag tycker visserligen att det \u00e4r...\" \/>\n<meta property=\"og:url\" content=\"https:\/\/www.freiholtz.se\/forvetet\/2003\/08\/29\/vanta-och-se-del-ii\/\" \/>\n<meta property=\"og:site_name\" content=\"F\u00f6rvetet\" \/>\n<meta property=\"article:published_time\" content=\"2003-08-29T17:07:49+00:00\" \/>\n<meta name=\"author\" content=\"Thorvald\" \/>\n<meta name=\"twitter:card\" content=\"summary_large_image\" \/>\n<meta name=\"twitter:label1\" content=\"Skriven av\" \/>\n\t<meta name=\"twitter:data1\" content=\"Thorvald\" \/>\n\t<meta name=\"twitter:label2\" content=\"Ber\u00e4knad l\u00e4stid\" \/>\n\t<meta name=\"twitter:data2\" content=\"1 minut\" \/>\n<script type=\"application\/ld+json\" class=\"yoast-schema-graph\">{\"@context\":\"https:\\\/\\\/schema.org\",\"@graph\":[{\"@type\":\"Article\",\"@id\":\"https:\\\/\\\/www.freiholtz.se\\\/forvetet\\\/2003\\\/08\\\/29\\\/vanta-och-se-del-ii\\\/#article\",\"isPartOf\":{\"@id\":\"https:\\\/\\\/www.freiholtz.se\\\/forvetet\\\/2003\\\/08\\\/29\\\/vanta-och-se-del-ii\\\/\"},\"author\":{\"name\":\"Thorvald\",\"@id\":\"https:\\\/\\\/www.freiholtz.se\\\/forvetet\\\/#\\\/schema\\\/person\\\/f8eba858e89d86da3e8f4131644d7c72\"},\"headline\":\"V\u00e4nta och se, del II\",\"datePublished\":\"2003-08-29T17:07:49+00:00\",\"mainEntityOfPage\":{\"@id\":\"https:\\\/\\\/www.freiholtz.se\\\/forvetet\\\/2003\\\/08\\\/29\\\/vanta-och-se-del-ii\\\/\"},\"wordCount\":231,\"keywords\":[\"emu\",\"euro\",\"folkomr\u00f6stning\",\"v\u00e4nta och se\"],\"articleSection\":[\"Politik\"],\"inLanguage\":\"sv-SE\"},{\"@type\":\"WebPage\",\"@id\":\"https:\\\/\\\/www.freiholtz.se\\\/forvetet\\\/2003\\\/08\\\/29\\\/vanta-och-se-del-ii\\\/\",\"url\":\"https:\\\/\\\/www.freiholtz.se\\\/forvetet\\\/2003\\\/08\\\/29\\\/vanta-och-se-del-ii\\\/\",\"name\":\"V\u00e4nta och se, del II - F\u00f6rvetet\",\"isPartOf\":{\"@id\":\"https:\\\/\\\/www.freiholtz.se\\\/forvetet\\\/#website\"},\"datePublished\":\"2003-08-29T17:07:49+00:00\",\"author\":{\"@id\":\"https:\\\/\\\/www.freiholtz.se\\\/forvetet\\\/#\\\/schema\\\/person\\\/f8eba858e89d86da3e8f4131644d7c72\"},\"breadcrumb\":{\"@id\":\"https:\\\/\\\/www.freiholtz.se\\\/forvetet\\\/2003\\\/08\\\/29\\\/vanta-och-se-del-ii\\\/#breadcrumb\"},\"inLanguage\":\"sv-SE\",\"potentialAction\":[{\"@type\":\"ReadAction\",\"target\":[\"https:\\\/\\\/www.freiholtz.se\\\/forvetet\\\/2003\\\/08\\\/29\\\/vanta-och-se-del-ii\\\/\"]}]},{\"@type\":\"BreadcrumbList\",\"@id\":\"https:\\\/\\\/www.freiholtz.se\\\/forvetet\\\/2003\\\/08\\\/29\\\/vanta-och-se-del-ii\\\/#breadcrumb\",\"itemListElement\":[{\"@type\":\"ListItem\",\"position\":1,\"name\":\"Hem\",\"item\":\"https:\\\/\\\/www.freiholtz.se\\\/forvetet\\\/\"},{\"@type\":\"ListItem\",\"position\":2,\"name\":\"V\u00e4nta och se, del II\"}]},{\"@type\":\"WebSite\",\"@id\":\"https:\\\/\\\/www.freiholtz.se\\\/forvetet\\\/#website\",\"url\":\"https:\\\/\\\/www.freiholtz.se\\\/forvetet\\\/\",\"name\":\"F\u00f6rvetet\",\"description\":\"en blogg fr\u00e5n freiholtz.se!\",\"potentialAction\":[{\"@type\":\"SearchAction\",\"target\":{\"@type\":\"EntryPoint\",\"urlTemplate\":\"https:\\\/\\\/www.freiholtz.se\\\/forvetet\\\/?s={search_term_string}\"},\"query-input\":{\"@type\":\"PropertyValueSpecification\",\"valueRequired\":true,\"valueName\":\"search_term_string\"}}],\"inLanguage\":\"sv-SE\"},{\"@type\":\"Person\",\"@id\":\"https:\\\/\\\/www.freiholtz.se\\\/forvetet\\\/#\\\/schema\\\/person\\\/f8eba858e89d86da3e8f4131644d7c72\",\"name\":\"Thorvald\",\"image\":{\"@type\":\"ImageObject\",\"inLanguage\":\"sv-SE\",\"@id\":\"https:\\\/\\\/secure.gravatar.com\\\/avatar\\\/8328a4c14b3a439f4c0cf3cf4af03cee061e00c35ed80000610d03c204796578?s=96&d=mm&r=g\",\"url\":\"https:\\\/\\\/secure.gravatar.com\\\/avatar\\\/8328a4c14b3a439f4c0cf3cf4af03cee061e00c35ed80000610d03c204796578?s=96&d=mm&r=g\",\"contentUrl\":\"https:\\\/\\\/secure.gravatar.com\\\/avatar\\\/8328a4c14b3a439f4c0cf3cf4af03cee061e00c35ed80000610d03c204796578?s=96&d=mm&r=g\",\"caption\":\"Thorvald\"},\"sameAs\":[\"https:\\\/\\\/www.freiholtz.se\"],\"url\":\"https:\\\/\\\/www.freiholtz.se\\\/forvetet\\\/author\\\/thorvald\\\/\"}]}<\/script>\n<!-- \/ Yoast SEO plugin. -->","yoast_head_json":{"title":"V\u00e4nta och se, del II - F\u00f6rvetet","robots":{"index":"index","follow":"follow","max-snippet":"max-snippet:-1","max-image-preview":"max-image-preview:large","max-video-preview":"max-video-preview:-1"},"canonical":"https:\/\/www.freiholtz.se\/forvetet\/2003\/08\/29\/vanta-och-se-del-ii\/","og_locale":"sv_SE","og_type":"article","og_title":"V\u00e4nta och se, del II - F\u00f6rvetet","og_description":"Som mina l\u00e4sare s\u00e4kert redan f\u00f6rst\u00e5tt var f\u00f6reg\u00e5ende inl\u00e4gg ett EMU-inl\u00e4gg, \u00e4ven om jag inte klart skrev ut det. Det var inspirerat av EMU-motst\u00e5ndarnas budskap att vi b\u00f6r v\u00e4nta och se hur euro-projektet utvecklar sig och g\u00e5 med om det blir en framg\u00e5ng (n\u00e4r de nuvarande eurol\u00e4nderna gjort jobbet). Jag tycker visserligen att det \u00e4r...","og_url":"https:\/\/www.freiholtz.se\/forvetet\/2003\/08\/29\/vanta-och-se-del-ii\/","og_site_name":"F\u00f6rvetet","article_published_time":"2003-08-29T17:07:49+00:00","author":"Thorvald","twitter_card":"summary_large_image","twitter_misc":{"Skriven av":"Thorvald","Ber\u00e4knad l\u00e4stid":"1 minut"},"schema":{"@context":"https:\/\/schema.org","@graph":[{"@type":"Article","@id":"https:\/\/www.freiholtz.se\/forvetet\/2003\/08\/29\/vanta-och-se-del-ii\/#article","isPartOf":{"@id":"https:\/\/www.freiholtz.se\/forvetet\/2003\/08\/29\/vanta-och-se-del-ii\/"},"author":{"name":"Thorvald","@id":"https:\/\/www.freiholtz.se\/forvetet\/#\/schema\/person\/f8eba858e89d86da3e8f4131644d7c72"},"headline":"V\u00e4nta och se, del II","datePublished":"2003-08-29T17:07:49+00:00","mainEntityOfPage":{"@id":"https:\/\/www.freiholtz.se\/forvetet\/2003\/08\/29\/vanta-och-se-del-ii\/"},"wordCount":231,"keywords":["emu","euro","folkomr\u00f6stning","v\u00e4nta och se"],"articleSection":["Politik"],"inLanguage":"sv-SE"},{"@type":"WebPage","@id":"https:\/\/www.freiholtz.se\/forvetet\/2003\/08\/29\/vanta-och-se-del-ii\/","url":"https:\/\/www.freiholtz.se\/forvetet\/2003\/08\/29\/vanta-och-se-del-ii\/","name":"V\u00e4nta och se, del II - F\u00f6rvetet","isPartOf":{"@id":"https:\/\/www.freiholtz.se\/forvetet\/#website"},"datePublished":"2003-08-29T17:07:49+00:00","author":{"@id":"https:\/\/www.freiholtz.se\/forvetet\/#\/schema\/person\/f8eba858e89d86da3e8f4131644d7c72"},"breadcrumb":{"@id":"https:\/\/www.freiholtz.se\/forvetet\/2003\/08\/29\/vanta-och-se-del-ii\/#breadcrumb"},"inLanguage":"sv-SE","potentialAction":[{"@type":"ReadAction","target":["https:\/\/www.freiholtz.se\/forvetet\/2003\/08\/29\/vanta-och-se-del-ii\/"]}]},{"@type":"BreadcrumbList","@id":"https:\/\/www.freiholtz.se\/forvetet\/2003\/08\/29\/vanta-och-se-del-ii\/#breadcrumb","itemListElement":[{"@type":"ListItem","position":1,"name":"Hem","item":"https:\/\/www.freiholtz.se\/forvetet\/"},{"@type":"ListItem","position":2,"name":"V\u00e4nta och se, del II"}]},{"@type":"WebSite","@id":"https:\/\/www.freiholtz.se\/forvetet\/#website","url":"https:\/\/www.freiholtz.se\/forvetet\/","name":"F\u00f6rvetet","description":"en blogg fr\u00e5n freiholtz.se!","potentialAction":[{"@type":"SearchAction","target":{"@type":"EntryPoint","urlTemplate":"https:\/\/www.freiholtz.se\/forvetet\/?s={search_term_string}"},"query-input":{"@type":"PropertyValueSpecification","valueRequired":true,"valueName":"search_term_string"}}],"inLanguage":"sv-SE"},{"@type":"Person","@id":"https:\/\/www.freiholtz.se\/forvetet\/#\/schema\/person\/f8eba858e89d86da3e8f4131644d7c72","name":"Thorvald","image":{"@type":"ImageObject","inLanguage":"sv-SE","@id":"https:\/\/secure.gravatar.com\/avatar\/8328a4c14b3a439f4c0cf3cf4af03cee061e00c35ed80000610d03c204796578?s=96&d=mm&r=g","url":"https:\/\/secure.gravatar.com\/avatar\/8328a4c14b3a439f4c0cf3cf4af03cee061e00c35ed80000610d03c204796578?s=96&d=mm&r=g","contentUrl":"https:\/\/secure.gravatar.com\/avatar\/8328a4c14b3a439f4c0cf3cf4af03cee061e00c35ed80000610d03c204796578?s=96&d=mm&r=g","caption":"Thorvald"},"sameAs":["https:\/\/www.freiholtz.se"],"url":"https:\/\/www.freiholtz.se\/forvetet\/author\/thorvald\/"}]}},"_links":{"self":[{"href":"https:\/\/www.freiholtz.se\/forvetet\/wp-json\/wp\/v2\/posts\/644","targetHints":{"allow":["GET"]}}],"collection":[{"href":"https:\/\/www.freiholtz.se\/forvetet\/wp-json\/wp\/v2\/posts"}],"about":[{"href":"https:\/\/www.freiholtz.se\/forvetet\/wp-json\/wp\/v2\/types\/post"}],"author":[{"embeddable":true,"href":"https:\/\/www.freiholtz.se\/forvetet\/wp-json\/wp\/v2\/users\/1"}],"replies":[{"embeddable":true,"href":"https:\/\/www.freiholtz.se\/forvetet\/wp-json\/wp\/v2\/comments?post=644"}],"version-history":[{"count":0,"href":"https:\/\/www.freiholtz.se\/forvetet\/wp-json\/wp\/v2\/posts\/644\/revisions"}],"wp:attachment":[{"href":"https:\/\/www.freiholtz.se\/forvetet\/wp-json\/wp\/v2\/media?parent=644"}],"wp:term":[{"taxonomy":"category","embeddable":true,"href":"https:\/\/www.freiholtz.se\/forvetet\/wp-json\/wp\/v2\/categories?post=644"},{"taxonomy":"post_tag","embeddable":true,"href":"https:\/\/www.freiholtz.se\/forvetet\/wp-json\/wp\/v2\/tags?post=644"}],"curies":[{"name":"wp","href":"https:\/\/api.w.org\/{rel}","templated":true}]}}