{"id":637,"date":"2003-07-06T19:43:51","date_gmt":"2003-07-06T18:43:51","guid":{"rendered":"http:\/\/www.freiholtz.se\/forvetet\/?p=637"},"modified":"2003-07-06T19:43:51","modified_gmt":"2003-07-06T18:43:51","slug":"nar-temperaturen-stiger","status":"publish","type":"post","link":"https:\/\/www.freiholtz.se\/forvetet\/2003\/07\/06\/nar-temperaturen-stiger\/","title":{"rendered":"N\u00e4r temperaturen stiger"},"content":{"rendered":"<p><!--105751343146350761-->I f\u00f6reg\u00e5ende inl\u00e4gg utlovade jag en del kommentarer till EMU-fr\u00e5gan. De genomt\u00e4nkta inl\u00e4ggen (\u00e5tminstone med mina m\u00e5tt) sparar jag till efter semestern d\u00e5 debatten b\u00f6r komma ig\u00e5ng p\u00e5 allvar. Det kan m\u00f6jligen bli ett eller annat spontant inl\u00e4gg under juli om nej-sidan kommer med n\u00e5got extra dumt utspel.<\/p>\n<p>I n\u00e5gra tidigare inl\u00e4gg har jag varit starkt kritisk mot sjukv\u00e5rden i V\u00e4stra G\u00f6talandsregionen. I <a class=\"text\" href=\"http:\/\/www.freiholtz.se\/forvetet\/2003_06_01_arkiv.shtml#95344577\">det senaste<\/a> utlovade jag ett avslutande inl\u00e4gg i \u00e4mnet. I detta fall beh\u00f6ver jag lite mer br\u00e4nsle f\u00f6r att elda upp mig till den ilska som \u00e4r n\u00f6dv\u00e4ndig f\u00f6r att ge serien en v\u00e4rdig final. V\u00e4ntan b\u00f6r inte bli alltf\u00f6r l\u00e5ng, det kommer s\u00e4kert ett larm om ov\u00e4ntade miljardunderskott efter halv\u00e5rsbokslutet, \u00e4nnu l\u00e4ngre v\u00e5rdk\u00f6er eller n\u00e5got annat.<\/p>\n","protected":false},"excerpt":{"rendered":"<p>I f\u00f6reg\u00e5ende inl\u00e4gg utlovade jag en del kommentarer till EMU-fr\u00e5gan. De genomt\u00e4nkta inl\u00e4ggen (\u00e5tminstone med mina m\u00e5tt) sparar jag till efter semestern d\u00e5 debatten b\u00f6r komma ig\u00e5ng p\u00e5 allvar. Det kan m\u00f6jligen bli ett eller annat spontant inl\u00e4gg under juli om nej-sidan kommer med n\u00e5got extra dumt utspel. I n\u00e5gra tidigare inl\u00e4gg har jag varit&#8230;<\/p>\n","protected":false},"author":1,"featured_media":0,"comment_status":"closed","ping_status":"closed","sticky":false,"template":"","format":"standard","meta":{"_monsterinsights_skip_tracking":false,"_monsterinsights_sitenote_active":false,"_monsterinsights_sitenote_note":"","_monsterinsights_sitenote_category":0,"footnotes":""},"categories":[7],"tags":[45,56,155,195],"class_list":["post-637","post","type-post","status-publish","format-standard","hentry","category-politik","tag-emu","tag-folkomrostning","tag-sjuk-vard","tag-vg-region"],"yoast_head":"<!-- This site is optimized with the Yoast SEO plugin v27.5 - https:\/\/yoast.com\/product\/yoast-seo-wordpress\/ -->\n<title>N\u00e4r temperaturen stiger - F\u00f6rvetet<\/title>\n<meta name=\"robots\" content=\"index, follow, max-snippet:-1, max-image-preview:large, max-video-preview:-1\" \/>\n<link rel=\"canonical\" href=\"https:\/\/www.freiholtz.se\/forvetet\/2003\/07\/06\/nar-temperaturen-stiger\/\" \/>\n<meta property=\"og:locale\" content=\"sv_SE\" \/>\n<meta property=\"og:type\" content=\"article\" \/>\n<meta property=\"og:title\" content=\"N\u00e4r temperaturen stiger - F\u00f6rvetet\" \/>\n<meta property=\"og:description\" content=\"I f\u00f6reg\u00e5ende inl\u00e4gg utlovade jag en del kommentarer till EMU-fr\u00e5gan. De genomt\u00e4nkta inl\u00e4ggen (\u00e5tminstone med mina m\u00e5tt) sparar jag till efter semestern d\u00e5 debatten b\u00f6r komma ig\u00e5ng p\u00e5 allvar. Det kan m\u00f6jligen bli ett eller annat spontant inl\u00e4gg under juli om nej-sidan kommer med n\u00e5got extra dumt utspel. I n\u00e5gra tidigare inl\u00e4gg har jag varit...\" \/>\n<meta property=\"og:url\" content=\"https:\/\/www.freiholtz.se\/forvetet\/2003\/07\/06\/nar-temperaturen-stiger\/\" \/>\n<meta property=\"og:site_name\" content=\"F\u00f6rvetet\" \/>\n<meta property=\"article:published_time\" content=\"2003-07-06T18:43:51+00:00\" \/>\n<meta name=\"author\" content=\"Thorvald\" \/>\n<meta name=\"twitter:card\" content=\"summary_large_image\" \/>\n<meta name=\"twitter:label1\" content=\"Skriven av\" \/>\n\t<meta name=\"twitter:data1\" content=\"Thorvald\" \/>\n\t<meta name=\"twitter:label2\" content=\"Ber\u00e4knad l\u00e4stid\" \/>\n\t<meta name=\"twitter:data2\" content=\"1 minut\" \/>\n<script type=\"application\/ld+json\" class=\"yoast-schema-graph\">{\"@context\":\"https:\\\/\\\/schema.org\",\"@graph\":[{\"@type\":\"Article\",\"@id\":\"https:\\\/\\\/www.freiholtz.se\\\/forvetet\\\/2003\\\/07\\\/06\\\/nar-temperaturen-stiger\\\/#article\",\"isPartOf\":{\"@id\":\"https:\\\/\\\/www.freiholtz.se\\\/forvetet\\\/2003\\\/07\\\/06\\\/nar-temperaturen-stiger\\\/\"},\"author\":{\"name\":\"Thorvald\",\"@id\":\"https:\\\/\\\/www.freiholtz.se\\\/forvetet\\\/#\\\/schema\\\/person\\\/f8eba858e89d86da3e8f4131644d7c72\"},\"headline\":\"N\u00e4r temperaturen stiger\",\"datePublished\":\"2003-07-06T18:43:51+00:00\",\"mainEntityOfPage\":{\"@id\":\"https:\\\/\\\/www.freiholtz.se\\\/forvetet\\\/2003\\\/07\\\/06\\\/nar-temperaturen-stiger\\\/\"},\"wordCount\":160,\"keywords\":[\"emu\",\"folkomr\u00f6stning\",\"sjuk v\u00e5rd\",\"vg-region\"],\"articleSection\":[\"Politik\"],\"inLanguage\":\"sv-SE\"},{\"@type\":\"WebPage\",\"@id\":\"https:\\\/\\\/www.freiholtz.se\\\/forvetet\\\/2003\\\/07\\\/06\\\/nar-temperaturen-stiger\\\/\",\"url\":\"https:\\\/\\\/www.freiholtz.se\\\/forvetet\\\/2003\\\/07\\\/06\\\/nar-temperaturen-stiger\\\/\",\"name\":\"N\u00e4r temperaturen stiger - F\u00f6rvetet\",\"isPartOf\":{\"@id\":\"https:\\\/\\\/www.freiholtz.se\\\/forvetet\\\/#website\"},\"datePublished\":\"2003-07-06T18:43:51+00:00\",\"author\":{\"@id\":\"https:\\\/\\\/www.freiholtz.se\\\/forvetet\\\/#\\\/schema\\\/person\\\/f8eba858e89d86da3e8f4131644d7c72\"},\"breadcrumb\":{\"@id\":\"https:\\\/\\\/www.freiholtz.se\\\/forvetet\\\/2003\\\/07\\\/06\\\/nar-temperaturen-stiger\\\/#breadcrumb\"},\"inLanguage\":\"sv-SE\",\"potentialAction\":[{\"@type\":\"ReadAction\",\"target\":[\"https:\\\/\\\/www.freiholtz.se\\\/forvetet\\\/2003\\\/07\\\/06\\\/nar-temperaturen-stiger\\\/\"]}]},{\"@type\":\"BreadcrumbList\",\"@id\":\"https:\\\/\\\/www.freiholtz.se\\\/forvetet\\\/2003\\\/07\\\/06\\\/nar-temperaturen-stiger\\\/#breadcrumb\",\"itemListElement\":[{\"@type\":\"ListItem\",\"position\":1,\"name\":\"Hem\",\"item\":\"https:\\\/\\\/www.freiholtz.se\\\/forvetet\\\/\"},{\"@type\":\"ListItem\",\"position\":2,\"name\":\"N\u00e4r temperaturen stiger\"}]},{\"@type\":\"WebSite\",\"@id\":\"https:\\\/\\\/www.freiholtz.se\\\/forvetet\\\/#website\",\"url\":\"https:\\\/\\\/www.freiholtz.se\\\/forvetet\\\/\",\"name\":\"F\u00f6rvetet\",\"description\":\"en blogg fr\u00e5n freiholtz.se!\",\"potentialAction\":[{\"@type\":\"SearchAction\",\"target\":{\"@type\":\"EntryPoint\",\"urlTemplate\":\"https:\\\/\\\/www.freiholtz.se\\\/forvetet\\\/?s={search_term_string}\"},\"query-input\":{\"@type\":\"PropertyValueSpecification\",\"valueRequired\":true,\"valueName\":\"search_term_string\"}}],\"inLanguage\":\"sv-SE\"},{\"@type\":\"Person\",\"@id\":\"https:\\\/\\\/www.freiholtz.se\\\/forvetet\\\/#\\\/schema\\\/person\\\/f8eba858e89d86da3e8f4131644d7c72\",\"name\":\"Thorvald\",\"image\":{\"@type\":\"ImageObject\",\"inLanguage\":\"sv-SE\",\"@id\":\"https:\\\/\\\/secure.gravatar.com\\\/avatar\\\/8328a4c14b3a439f4c0cf3cf4af03cee061e00c35ed80000610d03c204796578?s=96&d=mm&r=g\",\"url\":\"https:\\\/\\\/secure.gravatar.com\\\/avatar\\\/8328a4c14b3a439f4c0cf3cf4af03cee061e00c35ed80000610d03c204796578?s=96&d=mm&r=g\",\"contentUrl\":\"https:\\\/\\\/secure.gravatar.com\\\/avatar\\\/8328a4c14b3a439f4c0cf3cf4af03cee061e00c35ed80000610d03c204796578?s=96&d=mm&r=g\",\"caption\":\"Thorvald\"},\"sameAs\":[\"https:\\\/\\\/www.freiholtz.se\"],\"url\":\"https:\\\/\\\/www.freiholtz.se\\\/forvetet\\\/author\\\/thorvald\\\/\"}]}<\/script>\n<!-- \/ Yoast SEO plugin. -->","yoast_head_json":{"title":"N\u00e4r temperaturen stiger - F\u00f6rvetet","robots":{"index":"index","follow":"follow","max-snippet":"max-snippet:-1","max-image-preview":"max-image-preview:large","max-video-preview":"max-video-preview:-1"},"canonical":"https:\/\/www.freiholtz.se\/forvetet\/2003\/07\/06\/nar-temperaturen-stiger\/","og_locale":"sv_SE","og_type":"article","og_title":"N\u00e4r temperaturen stiger - F\u00f6rvetet","og_description":"I f\u00f6reg\u00e5ende inl\u00e4gg utlovade jag en del kommentarer till EMU-fr\u00e5gan. De genomt\u00e4nkta inl\u00e4ggen (\u00e5tminstone med mina m\u00e5tt) sparar jag till efter semestern d\u00e5 debatten b\u00f6r komma ig\u00e5ng p\u00e5 allvar. Det kan m\u00f6jligen bli ett eller annat spontant inl\u00e4gg under juli om nej-sidan kommer med n\u00e5got extra dumt utspel. I n\u00e5gra tidigare inl\u00e4gg har jag varit...","og_url":"https:\/\/www.freiholtz.se\/forvetet\/2003\/07\/06\/nar-temperaturen-stiger\/","og_site_name":"F\u00f6rvetet","article_published_time":"2003-07-06T18:43:51+00:00","author":"Thorvald","twitter_card":"summary_large_image","twitter_misc":{"Skriven av":"Thorvald","Ber\u00e4knad l\u00e4stid":"1 minut"},"schema":{"@context":"https:\/\/schema.org","@graph":[{"@type":"Article","@id":"https:\/\/www.freiholtz.se\/forvetet\/2003\/07\/06\/nar-temperaturen-stiger\/#article","isPartOf":{"@id":"https:\/\/www.freiholtz.se\/forvetet\/2003\/07\/06\/nar-temperaturen-stiger\/"},"author":{"name":"Thorvald","@id":"https:\/\/www.freiholtz.se\/forvetet\/#\/schema\/person\/f8eba858e89d86da3e8f4131644d7c72"},"headline":"N\u00e4r temperaturen stiger","datePublished":"2003-07-06T18:43:51+00:00","mainEntityOfPage":{"@id":"https:\/\/www.freiholtz.se\/forvetet\/2003\/07\/06\/nar-temperaturen-stiger\/"},"wordCount":160,"keywords":["emu","folkomr\u00f6stning","sjuk v\u00e5rd","vg-region"],"articleSection":["Politik"],"inLanguage":"sv-SE"},{"@type":"WebPage","@id":"https:\/\/www.freiholtz.se\/forvetet\/2003\/07\/06\/nar-temperaturen-stiger\/","url":"https:\/\/www.freiholtz.se\/forvetet\/2003\/07\/06\/nar-temperaturen-stiger\/","name":"N\u00e4r temperaturen stiger - F\u00f6rvetet","isPartOf":{"@id":"https:\/\/www.freiholtz.se\/forvetet\/#website"},"datePublished":"2003-07-06T18:43:51+00:00","author":{"@id":"https:\/\/www.freiholtz.se\/forvetet\/#\/schema\/person\/f8eba858e89d86da3e8f4131644d7c72"},"breadcrumb":{"@id":"https:\/\/www.freiholtz.se\/forvetet\/2003\/07\/06\/nar-temperaturen-stiger\/#breadcrumb"},"inLanguage":"sv-SE","potentialAction":[{"@type":"ReadAction","target":["https:\/\/www.freiholtz.se\/forvetet\/2003\/07\/06\/nar-temperaturen-stiger\/"]}]},{"@type":"BreadcrumbList","@id":"https:\/\/www.freiholtz.se\/forvetet\/2003\/07\/06\/nar-temperaturen-stiger\/#breadcrumb","itemListElement":[{"@type":"ListItem","position":1,"name":"Hem","item":"https:\/\/www.freiholtz.se\/forvetet\/"},{"@type":"ListItem","position":2,"name":"N\u00e4r temperaturen stiger"}]},{"@type":"WebSite","@id":"https:\/\/www.freiholtz.se\/forvetet\/#website","url":"https:\/\/www.freiholtz.se\/forvetet\/","name":"F\u00f6rvetet","description":"en blogg fr\u00e5n freiholtz.se!","potentialAction":[{"@type":"SearchAction","target":{"@type":"EntryPoint","urlTemplate":"https:\/\/www.freiholtz.se\/forvetet\/?s={search_term_string}"},"query-input":{"@type":"PropertyValueSpecification","valueRequired":true,"valueName":"search_term_string"}}],"inLanguage":"sv-SE"},{"@type":"Person","@id":"https:\/\/www.freiholtz.se\/forvetet\/#\/schema\/person\/f8eba858e89d86da3e8f4131644d7c72","name":"Thorvald","image":{"@type":"ImageObject","inLanguage":"sv-SE","@id":"https:\/\/secure.gravatar.com\/avatar\/8328a4c14b3a439f4c0cf3cf4af03cee061e00c35ed80000610d03c204796578?s=96&d=mm&r=g","url":"https:\/\/secure.gravatar.com\/avatar\/8328a4c14b3a439f4c0cf3cf4af03cee061e00c35ed80000610d03c204796578?s=96&d=mm&r=g","contentUrl":"https:\/\/secure.gravatar.com\/avatar\/8328a4c14b3a439f4c0cf3cf4af03cee061e00c35ed80000610d03c204796578?s=96&d=mm&r=g","caption":"Thorvald"},"sameAs":["https:\/\/www.freiholtz.se"],"url":"https:\/\/www.freiholtz.se\/forvetet\/author\/thorvald\/"}]}},"_links":{"self":[{"href":"https:\/\/www.freiholtz.se\/forvetet\/wp-json\/wp\/v2\/posts\/637","targetHints":{"allow":["GET"]}}],"collection":[{"href":"https:\/\/www.freiholtz.se\/forvetet\/wp-json\/wp\/v2\/posts"}],"about":[{"href":"https:\/\/www.freiholtz.se\/forvetet\/wp-json\/wp\/v2\/types\/post"}],"author":[{"embeddable":true,"href":"https:\/\/www.freiholtz.se\/forvetet\/wp-json\/wp\/v2\/users\/1"}],"replies":[{"embeddable":true,"href":"https:\/\/www.freiholtz.se\/forvetet\/wp-json\/wp\/v2\/comments?post=637"}],"version-history":[{"count":0,"href":"https:\/\/www.freiholtz.se\/forvetet\/wp-json\/wp\/v2\/posts\/637\/revisions"}],"wp:attachment":[{"href":"https:\/\/www.freiholtz.se\/forvetet\/wp-json\/wp\/v2\/media?parent=637"}],"wp:term":[{"taxonomy":"category","embeddable":true,"href":"https:\/\/www.freiholtz.se\/forvetet\/wp-json\/wp\/v2\/categories?post=637"},{"taxonomy":"post_tag","embeddable":true,"href":"https:\/\/www.freiholtz.se\/forvetet\/wp-json\/wp\/v2\/tags?post=637"}],"curies":[{"name":"wp","href":"https:\/\/api.w.org\/{rel}","templated":true}]}}