{"id":633,"date":"2003-07-11T17:39:00","date_gmt":"2003-07-11T16:39:00","guid":{"rendered":"http:\/\/www.freiholtz.se\/forvetet\/?p=633"},"modified":"2003-07-11T17:39:00","modified_gmt":"2003-07-11T16:39:00","slug":"vadan-av-att-vara-maud","status":"publish","type":"post","link":"https:\/\/www.freiholtz.se\/forvetet\/2003\/07\/11\/vadan-av-att-vara-maud\/","title":{"rendered":"V\u00e5dan av att vara Maud"},"content":{"rendered":"<p><!--105793794061578684-->Maud Olofsson f\u00f6rs\u00f6ker nu slingra sig ur fad\u00e4sen av att j\u00e4mf\u00f6ra tolv demokratiska staters samarbete om en gemensam valuta med &#8221;de tokiga saker&#8221; Hitler gjorde. Hon p\u00e5st\u00e5r nu att &#8221;<a class=\"text\" href=\"http:\/\/www.gp.se\/gp\/jsp\/Crosslink.jsp?d=119&amp;a=132207\"><em>hon aldrig haft f\u00f6r avsikt att j\u00e4mf\u00f6ra EMU-projektet med Hitlertyskland<\/em><\/a>&#8221;. Sj\u00e4lv tycker jag att det \u00e4r ganska tydligt att hon gjorde just det i g\u00e5rdagens Eko-inslag, trots att reportern gav henne flera chanser att besinna sig. Lyssna till inslaget p\u00e5 <a class=\"text\" href=\"http:\/\/www.sr.se\/cgi-bin\/nyheter\/tema\/index.asp?ProgramID=750\">SR:s EMU-sida<\/a> och d\u00f6m sj\u00e4lva.<\/p>\n<p>Maud s\u00e4ger att det \u00e4r viktigt att dra l\u00e4rdom av historien. F\u00f6r att kunna g\u00f6ra det beh\u00f6vs element\u00e4ra historiekunskaper och en gnutta sunt f\u00f6rnuft. Det \u00e4r inte utan att man \u00f6nskar att Maud \u00e4gnat <a class=\"text\" href=\"http:\/\/www.centerpartiet.se\/templates\/InfosidaLocal____10973.asp\">lite mindre tid \u00e5t CUF och lite mer \u00e5t historieundervisningen i gymnasiet<\/a>. D\u00e5 hade hon \u00e5tminstone skaffat sig kunskaperna.<\/p>\n","protected":false},"excerpt":{"rendered":"<p>Maud Olofsson f\u00f6rs\u00f6ker nu slingra sig ur fad\u00e4sen av att j\u00e4mf\u00f6ra tolv demokratiska staters samarbete om en gemensam valuta med &#8221;de tokiga saker&#8221; Hitler gjorde. Hon p\u00e5st\u00e5r nu att &#8221;hon aldrig haft f\u00f6r avsikt att j\u00e4mf\u00f6ra EMU-projektet med Hitlertyskland&#8221;. Sj\u00e4lv tycker jag att det \u00e4r ganska tydligt att hon gjorde just det i g\u00e5rdagens Eko-inslag,&#8230;<\/p>\n","protected":false},"author":1,"featured_media":0,"comment_status":"closed","ping_status":"closed","sticky":false,"template":"","format":"standard","meta":{"_monsterinsights_skip_tracking":false,"_monsterinsights_sitenote_active":false,"_monsterinsights_sitenote_note":"","_monsterinsights_sitenote_category":0,"footnotes":""},"categories":[7],"tags":[45,47,56,107],"class_list":["post-633","post","type-post","status-publish","format-standard","hentry","category-politik","tag-emu","tag-euro","tag-folkomrostning","tag-maud"],"yoast_head":"<!-- This site is optimized with the Yoast SEO plugin v27.5 - https:\/\/yoast.com\/product\/yoast-seo-wordpress\/ -->\n<title>V\u00e5dan av att vara Maud - F\u00f6rvetet<\/title>\n<meta name=\"robots\" content=\"index, follow, max-snippet:-1, max-image-preview:large, max-video-preview:-1\" \/>\n<link rel=\"canonical\" href=\"https:\/\/www.freiholtz.se\/forvetet\/2003\/07\/11\/vadan-av-att-vara-maud\/\" \/>\n<meta property=\"og:locale\" content=\"sv_SE\" \/>\n<meta property=\"og:type\" content=\"article\" \/>\n<meta property=\"og:title\" content=\"V\u00e5dan av att vara Maud - F\u00f6rvetet\" \/>\n<meta property=\"og:description\" content=\"Maud Olofsson f\u00f6rs\u00f6ker nu slingra sig ur fad\u00e4sen av att j\u00e4mf\u00f6ra tolv demokratiska staters samarbete om en gemensam valuta med &#8221;de tokiga saker&#8221; Hitler gjorde. Hon p\u00e5st\u00e5r nu att &#8221;hon aldrig haft f\u00f6r avsikt att j\u00e4mf\u00f6ra EMU-projektet med Hitlertyskland&#8221;. Sj\u00e4lv tycker jag att det \u00e4r ganska tydligt att hon gjorde just det i g\u00e5rdagens Eko-inslag,...\" \/>\n<meta property=\"og:url\" content=\"https:\/\/www.freiholtz.se\/forvetet\/2003\/07\/11\/vadan-av-att-vara-maud\/\" \/>\n<meta property=\"og:site_name\" content=\"F\u00f6rvetet\" \/>\n<meta property=\"article:published_time\" content=\"2003-07-11T16:39:00+00:00\" \/>\n<meta name=\"author\" content=\"Thorvald\" \/>\n<meta name=\"twitter:card\" content=\"summary_large_image\" \/>\n<meta name=\"twitter:label1\" content=\"Skriven av\" \/>\n\t<meta name=\"twitter:data1\" content=\"Thorvald\" \/>\n\t<meta name=\"twitter:label2\" content=\"Ber\u00e4knad l\u00e4stid\" \/>\n\t<meta name=\"twitter:data2\" content=\"1 minut\" \/>\n<script type=\"application\/ld+json\" class=\"yoast-schema-graph\">{\"@context\":\"https:\\\/\\\/schema.org\",\"@graph\":[{\"@type\":\"Article\",\"@id\":\"https:\\\/\\\/www.freiholtz.se\\\/forvetet\\\/2003\\\/07\\\/11\\\/vadan-av-att-vara-maud\\\/#article\",\"isPartOf\":{\"@id\":\"https:\\\/\\\/www.freiholtz.se\\\/forvetet\\\/2003\\\/07\\\/11\\\/vadan-av-att-vara-maud\\\/\"},\"author\":{\"name\":\"Thorvald\",\"@id\":\"https:\\\/\\\/www.freiholtz.se\\\/forvetet\\\/#\\\/schema\\\/person\\\/f8eba858e89d86da3e8f4131644d7c72\"},\"headline\":\"V\u00e5dan av att vara Maud\",\"datePublished\":\"2003-07-11T16:39:00+00:00\",\"mainEntityOfPage\":{\"@id\":\"https:\\\/\\\/www.freiholtz.se\\\/forvetet\\\/2003\\\/07\\\/11\\\/vadan-av-att-vara-maud\\\/\"},\"wordCount\":155,\"keywords\":[\"emu\",\"euro\",\"folkomr\u00f6stning\",\"maud\"],\"articleSection\":[\"Politik\"],\"inLanguage\":\"sv-SE\"},{\"@type\":\"WebPage\",\"@id\":\"https:\\\/\\\/www.freiholtz.se\\\/forvetet\\\/2003\\\/07\\\/11\\\/vadan-av-att-vara-maud\\\/\",\"url\":\"https:\\\/\\\/www.freiholtz.se\\\/forvetet\\\/2003\\\/07\\\/11\\\/vadan-av-att-vara-maud\\\/\",\"name\":\"V\u00e5dan av att vara Maud - F\u00f6rvetet\",\"isPartOf\":{\"@id\":\"https:\\\/\\\/www.freiholtz.se\\\/forvetet\\\/#website\"},\"datePublished\":\"2003-07-11T16:39:00+00:00\",\"author\":{\"@id\":\"https:\\\/\\\/www.freiholtz.se\\\/forvetet\\\/#\\\/schema\\\/person\\\/f8eba858e89d86da3e8f4131644d7c72\"},\"breadcrumb\":{\"@id\":\"https:\\\/\\\/www.freiholtz.se\\\/forvetet\\\/2003\\\/07\\\/11\\\/vadan-av-att-vara-maud\\\/#breadcrumb\"},\"inLanguage\":\"sv-SE\",\"potentialAction\":[{\"@type\":\"ReadAction\",\"target\":[\"https:\\\/\\\/www.freiholtz.se\\\/forvetet\\\/2003\\\/07\\\/11\\\/vadan-av-att-vara-maud\\\/\"]}]},{\"@type\":\"BreadcrumbList\",\"@id\":\"https:\\\/\\\/www.freiholtz.se\\\/forvetet\\\/2003\\\/07\\\/11\\\/vadan-av-att-vara-maud\\\/#breadcrumb\",\"itemListElement\":[{\"@type\":\"ListItem\",\"position\":1,\"name\":\"Hem\",\"item\":\"https:\\\/\\\/www.freiholtz.se\\\/forvetet\\\/\"},{\"@type\":\"ListItem\",\"position\":2,\"name\":\"V\u00e5dan av att vara Maud\"}]},{\"@type\":\"WebSite\",\"@id\":\"https:\\\/\\\/www.freiholtz.se\\\/forvetet\\\/#website\",\"url\":\"https:\\\/\\\/www.freiholtz.se\\\/forvetet\\\/\",\"name\":\"F\u00f6rvetet\",\"description\":\"en blogg fr\u00e5n freiholtz.se!\",\"potentialAction\":[{\"@type\":\"SearchAction\",\"target\":{\"@type\":\"EntryPoint\",\"urlTemplate\":\"https:\\\/\\\/www.freiholtz.se\\\/forvetet\\\/?s={search_term_string}\"},\"query-input\":{\"@type\":\"PropertyValueSpecification\",\"valueRequired\":true,\"valueName\":\"search_term_string\"}}],\"inLanguage\":\"sv-SE\"},{\"@type\":\"Person\",\"@id\":\"https:\\\/\\\/www.freiholtz.se\\\/forvetet\\\/#\\\/schema\\\/person\\\/f8eba858e89d86da3e8f4131644d7c72\",\"name\":\"Thorvald\",\"image\":{\"@type\":\"ImageObject\",\"inLanguage\":\"sv-SE\",\"@id\":\"https:\\\/\\\/secure.gravatar.com\\\/avatar\\\/8328a4c14b3a439f4c0cf3cf4af03cee061e00c35ed80000610d03c204796578?s=96&d=mm&r=g\",\"url\":\"https:\\\/\\\/secure.gravatar.com\\\/avatar\\\/8328a4c14b3a439f4c0cf3cf4af03cee061e00c35ed80000610d03c204796578?s=96&d=mm&r=g\",\"contentUrl\":\"https:\\\/\\\/secure.gravatar.com\\\/avatar\\\/8328a4c14b3a439f4c0cf3cf4af03cee061e00c35ed80000610d03c204796578?s=96&d=mm&r=g\",\"caption\":\"Thorvald\"},\"sameAs\":[\"https:\\\/\\\/www.freiholtz.se\"],\"url\":\"https:\\\/\\\/www.freiholtz.se\\\/forvetet\\\/author\\\/thorvald\\\/\"}]}<\/script>\n<!-- \/ Yoast SEO plugin. -->","yoast_head_json":{"title":"V\u00e5dan av att vara Maud - F\u00f6rvetet","robots":{"index":"index","follow":"follow","max-snippet":"max-snippet:-1","max-image-preview":"max-image-preview:large","max-video-preview":"max-video-preview:-1"},"canonical":"https:\/\/www.freiholtz.se\/forvetet\/2003\/07\/11\/vadan-av-att-vara-maud\/","og_locale":"sv_SE","og_type":"article","og_title":"V\u00e5dan av att vara Maud - F\u00f6rvetet","og_description":"Maud Olofsson f\u00f6rs\u00f6ker nu slingra sig ur fad\u00e4sen av att j\u00e4mf\u00f6ra tolv demokratiska staters samarbete om en gemensam valuta med &#8221;de tokiga saker&#8221; Hitler gjorde. Hon p\u00e5st\u00e5r nu att &#8221;hon aldrig haft f\u00f6r avsikt att j\u00e4mf\u00f6ra EMU-projektet med Hitlertyskland&#8221;. Sj\u00e4lv tycker jag att det \u00e4r ganska tydligt att hon gjorde just det i g\u00e5rdagens Eko-inslag,...","og_url":"https:\/\/www.freiholtz.se\/forvetet\/2003\/07\/11\/vadan-av-att-vara-maud\/","og_site_name":"F\u00f6rvetet","article_published_time":"2003-07-11T16:39:00+00:00","author":"Thorvald","twitter_card":"summary_large_image","twitter_misc":{"Skriven av":"Thorvald","Ber\u00e4knad l\u00e4stid":"1 minut"},"schema":{"@context":"https:\/\/schema.org","@graph":[{"@type":"Article","@id":"https:\/\/www.freiholtz.se\/forvetet\/2003\/07\/11\/vadan-av-att-vara-maud\/#article","isPartOf":{"@id":"https:\/\/www.freiholtz.se\/forvetet\/2003\/07\/11\/vadan-av-att-vara-maud\/"},"author":{"name":"Thorvald","@id":"https:\/\/www.freiholtz.se\/forvetet\/#\/schema\/person\/f8eba858e89d86da3e8f4131644d7c72"},"headline":"V\u00e5dan av att vara Maud","datePublished":"2003-07-11T16:39:00+00:00","mainEntityOfPage":{"@id":"https:\/\/www.freiholtz.se\/forvetet\/2003\/07\/11\/vadan-av-att-vara-maud\/"},"wordCount":155,"keywords":["emu","euro","folkomr\u00f6stning","maud"],"articleSection":["Politik"],"inLanguage":"sv-SE"},{"@type":"WebPage","@id":"https:\/\/www.freiholtz.se\/forvetet\/2003\/07\/11\/vadan-av-att-vara-maud\/","url":"https:\/\/www.freiholtz.se\/forvetet\/2003\/07\/11\/vadan-av-att-vara-maud\/","name":"V\u00e5dan av att vara Maud - F\u00f6rvetet","isPartOf":{"@id":"https:\/\/www.freiholtz.se\/forvetet\/#website"},"datePublished":"2003-07-11T16:39:00+00:00","author":{"@id":"https:\/\/www.freiholtz.se\/forvetet\/#\/schema\/person\/f8eba858e89d86da3e8f4131644d7c72"},"breadcrumb":{"@id":"https:\/\/www.freiholtz.se\/forvetet\/2003\/07\/11\/vadan-av-att-vara-maud\/#breadcrumb"},"inLanguage":"sv-SE","potentialAction":[{"@type":"ReadAction","target":["https:\/\/www.freiholtz.se\/forvetet\/2003\/07\/11\/vadan-av-att-vara-maud\/"]}]},{"@type":"BreadcrumbList","@id":"https:\/\/www.freiholtz.se\/forvetet\/2003\/07\/11\/vadan-av-att-vara-maud\/#breadcrumb","itemListElement":[{"@type":"ListItem","position":1,"name":"Hem","item":"https:\/\/www.freiholtz.se\/forvetet\/"},{"@type":"ListItem","position":2,"name":"V\u00e5dan av att vara Maud"}]},{"@type":"WebSite","@id":"https:\/\/www.freiholtz.se\/forvetet\/#website","url":"https:\/\/www.freiholtz.se\/forvetet\/","name":"F\u00f6rvetet","description":"en blogg fr\u00e5n freiholtz.se!","potentialAction":[{"@type":"SearchAction","target":{"@type":"EntryPoint","urlTemplate":"https:\/\/www.freiholtz.se\/forvetet\/?s={search_term_string}"},"query-input":{"@type":"PropertyValueSpecification","valueRequired":true,"valueName":"search_term_string"}}],"inLanguage":"sv-SE"},{"@type":"Person","@id":"https:\/\/www.freiholtz.se\/forvetet\/#\/schema\/person\/f8eba858e89d86da3e8f4131644d7c72","name":"Thorvald","image":{"@type":"ImageObject","inLanguage":"sv-SE","@id":"https:\/\/secure.gravatar.com\/avatar\/8328a4c14b3a439f4c0cf3cf4af03cee061e00c35ed80000610d03c204796578?s=96&d=mm&r=g","url":"https:\/\/secure.gravatar.com\/avatar\/8328a4c14b3a439f4c0cf3cf4af03cee061e00c35ed80000610d03c204796578?s=96&d=mm&r=g","contentUrl":"https:\/\/secure.gravatar.com\/avatar\/8328a4c14b3a439f4c0cf3cf4af03cee061e00c35ed80000610d03c204796578?s=96&d=mm&r=g","caption":"Thorvald"},"sameAs":["https:\/\/www.freiholtz.se"],"url":"https:\/\/www.freiholtz.se\/forvetet\/author\/thorvald\/"}]}},"_links":{"self":[{"href":"https:\/\/www.freiholtz.se\/forvetet\/wp-json\/wp\/v2\/posts\/633","targetHints":{"allow":["GET"]}}],"collection":[{"href":"https:\/\/www.freiholtz.se\/forvetet\/wp-json\/wp\/v2\/posts"}],"about":[{"href":"https:\/\/www.freiholtz.se\/forvetet\/wp-json\/wp\/v2\/types\/post"}],"author":[{"embeddable":true,"href":"https:\/\/www.freiholtz.se\/forvetet\/wp-json\/wp\/v2\/users\/1"}],"replies":[{"embeddable":true,"href":"https:\/\/www.freiholtz.se\/forvetet\/wp-json\/wp\/v2\/comments?post=633"}],"version-history":[{"count":0,"href":"https:\/\/www.freiholtz.se\/forvetet\/wp-json\/wp\/v2\/posts\/633\/revisions"}],"wp:attachment":[{"href":"https:\/\/www.freiholtz.se\/forvetet\/wp-json\/wp\/v2\/media?parent=633"}],"wp:term":[{"taxonomy":"category","embeddable":true,"href":"https:\/\/www.freiholtz.se\/forvetet\/wp-json\/wp\/v2\/categories?post=633"},{"taxonomy":"post_tag","embeddable":true,"href":"https:\/\/www.freiholtz.se\/forvetet\/wp-json\/wp\/v2\/tags?post=633"}],"curies":[{"name":"wp","href":"https:\/\/api.w.org\/{rel}","templated":true}]}}