{"id":629,"date":"2003-07-25T20:24:01","date_gmt":"2003-07-25T19:24:01","guid":{"rendered":"http:\/\/www.freiholtz.se\/forvetet\/?p=629"},"modified":"2003-07-25T20:24:01","modified_gmt":"2003-07-25T19:24:01","slug":"lev-som-jag-lar-inte-som-jag-lever","status":"publish","type":"post","link":"https:\/\/www.freiholtz.se\/forvetet\/2003\/07\/25\/lev-som-jag-lar-inte-som-jag-lever\/","title":{"rendered":"Lev som jag l\u00e4r, inte som jag lever"},"content":{"rendered":"<p><!--105915744160101196-->I <a class=\"text\" href=\"http:\/\/www.aftonbladet.se\/vss\/debatt\/story\/0,2789,335143,00.html\">en debattartikel i Aftonbladet<\/a> i g\u00e5r framf\u00f6rde milj\u00f6minister Lena Sommestad att hon kommer att r\u00f6sta nej till EMU d\u00e4rf\u00f6r att:<\/p>\n<p>&#8221;<em>Genom att EMU f\u00f6rsvagar m\u00f6jligheterna att uppr\u00e4tth\u00e5lla makroekonomisk balans, f\u00f6rsvagas enligt min uppfattning ocks\u00e5 m\u00f6jligheterna att v\u00e4rna tillv\u00e4xtens l\u00e5ngsiktiga drivkrafter &#8211; stabila och l\u00e5ngsiktiga investeringar i utbildning, h\u00e4lsa och barnaf\u00f6dande. Konkurrensen och marknaderna s\u00e4tts i centrum. Ett kvinnoperspektiv p\u00e5 tillv\u00e4xten saknas<\/em>.&#8221;<\/p>\n<p>N\u00e4r det g\u00e4ller den f\u00f6rsta delen har hon redan tillr\u00e4ttavisats av <a class=\"text\" href=\"http:\/\/www.gp.se\/gp\/jsp\/Crosslink.jsp?d=119&amp;a=133323\">en regeringskollega<\/a>: &#8221;<em>Lena Sommestad talar mot b\u00e4ttre vetande. Hon har fel i sak och har inga bevis f\u00f6r det hon s\u00e4ger<\/em>&#8221;.<\/p>\n<p>Jag vill d\u00e4rf\u00f6r upph\u00e5lla mig litet vid det enligt Sommestad s\u00e5 angel\u00e4gna kvinnoperspektivet. Om jag f\u00f6rst\u00e5r henne r\u00e4tt v\u00e4ger det faktum att ett s\u00e5dant perspektiv saknas s\u00e5 tungt att det \u00e4r sk\u00e4l att r\u00f6sta nej till EMU. Om kvinnoperspektivet \u00e4r s\u00e5 viktigt borde hon v\u00e4l ocks\u00e5 se till att det genomsyrar verksamheten inom hennes ansvarsomr\u00e5de &#8211; milj\u00f6politiken?<\/p>\n<p>Jag har s\u00f6kt p\u00e5 kvinnoperspektiv, j\u00e4mst\u00e4lld* och genus* i <a class=\"text\" href=\"http:\/\/www.notisum.se\/rnp\/sls\/lag\/19980808.HTM\">milj\u00f6balken<\/a>, <a class=\"text\" href=\"http:\/\/miljo.regeringen.se\/M-dep_fragor\/hallbarutveckling\/miljokvalitetsmal\/p200001_130.PDF\">regeringens milj\u00f6kvalitetsm\u00e5l<\/a> (pdf), Naturv\u00e5rdsverkets regleringsbrev (f\u00f6r jobbigt att l\u00e4nka) och p\u00e5 <a class=\"text\" href=\"http:\/\/www.naturvardsverket.se\/index.html\">Naturv\u00e5rdsverkets webbplats<\/a>. Inte n\u00e5gonstans har jag f\u00e5tt bekr\u00e4ftelse p\u00e5 att kvinnoperspektivet spelar n\u00e5gon framtr\u00e4dande roll i den svenska milj\u00f6politiken.<\/p>\n<p>Det borde det v\u00e4l g\u00f6ra?<\/p>\n","protected":false},"excerpt":{"rendered":"<p>I en debattartikel i Aftonbladet i g\u00e5r framf\u00f6rde milj\u00f6minister Lena Sommestad att hon kommer att r\u00f6sta nej till EMU d\u00e4rf\u00f6r att: &#8221;Genom att EMU f\u00f6rsvagar m\u00f6jligheterna att uppr\u00e4tth\u00e5lla makroekonomisk balans, f\u00f6rsvagas enligt min uppfattning ocks\u00e5 m\u00f6jligheterna att v\u00e4rna tillv\u00e4xtens l\u00e5ngsiktiga drivkrafter &#8211; stabila och l\u00e5ngsiktiga investeringar i utbildning, h\u00e4lsa och barnaf\u00f6dande. Konkurrensen och marknaderna s\u00e4tts&#8230;<\/p>\n","protected":false},"author":1,"featured_media":0,"comment_status":"closed","ping_status":"closed","sticky":false,"template":"","format":"standard","meta":{"_monsterinsights_skip_tracking":false,"_monsterinsights_sitenote_active":false,"_monsterinsights_sitenote_note":"","_monsterinsights_sitenote_category":0,"footnotes":""},"categories":[7],"tags":[45,47,56,61,79],"class_list":["post-629","post","type-post","status-publish","format-standard","hentry","category-politik","tag-emu","tag-euro","tag-folkomrostning","tag-genus","tag-jamstalldhet"],"yoast_head":"<!-- This site is optimized with the Yoast SEO plugin v27.5 - https:\/\/yoast.com\/product\/yoast-seo-wordpress\/ -->\n<title>Lev som jag l\u00e4r, inte som jag lever - F\u00f6rvetet<\/title>\n<meta name=\"robots\" content=\"index, follow, max-snippet:-1, max-image-preview:large, max-video-preview:-1\" \/>\n<link rel=\"canonical\" href=\"https:\/\/www.freiholtz.se\/forvetet\/2003\/07\/25\/lev-som-jag-lar-inte-som-jag-lever\/\" \/>\n<meta property=\"og:locale\" content=\"sv_SE\" \/>\n<meta property=\"og:type\" content=\"article\" \/>\n<meta property=\"og:title\" content=\"Lev som jag l\u00e4r, inte som jag lever - F\u00f6rvetet\" \/>\n<meta property=\"og:description\" content=\"I en debattartikel i Aftonbladet i g\u00e5r framf\u00f6rde milj\u00f6minister Lena Sommestad att hon kommer att r\u00f6sta nej till EMU d\u00e4rf\u00f6r att: &#8221;Genom att EMU f\u00f6rsvagar m\u00f6jligheterna att uppr\u00e4tth\u00e5lla makroekonomisk balans, f\u00f6rsvagas enligt min uppfattning ocks\u00e5 m\u00f6jligheterna att v\u00e4rna tillv\u00e4xtens l\u00e5ngsiktiga drivkrafter &#8211; stabila och l\u00e5ngsiktiga investeringar i utbildning, h\u00e4lsa och barnaf\u00f6dande. Konkurrensen och marknaderna s\u00e4tts...\" \/>\n<meta property=\"og:url\" content=\"https:\/\/www.freiholtz.se\/forvetet\/2003\/07\/25\/lev-som-jag-lar-inte-som-jag-lever\/\" \/>\n<meta property=\"og:site_name\" content=\"F\u00f6rvetet\" \/>\n<meta property=\"article:published_time\" content=\"2003-07-25T19:24:01+00:00\" \/>\n<meta name=\"author\" content=\"Thorvald\" \/>\n<meta name=\"twitter:card\" content=\"summary_large_image\" \/>\n<meta name=\"twitter:label1\" content=\"Skriven av\" \/>\n\t<meta name=\"twitter:data1\" content=\"Thorvald\" \/>\n\t<meta name=\"twitter:label2\" content=\"Ber\u00e4knad l\u00e4stid\" \/>\n\t<meta name=\"twitter:data2\" content=\"1 minut\" \/>\n<script type=\"application\/ld+json\" class=\"yoast-schema-graph\">{\"@context\":\"https:\\\/\\\/schema.org\",\"@graph\":[{\"@type\":\"Article\",\"@id\":\"https:\\\/\\\/www.freiholtz.se\\\/forvetet\\\/2003\\\/07\\\/25\\\/lev-som-jag-lar-inte-som-jag-lever\\\/#article\",\"isPartOf\":{\"@id\":\"https:\\\/\\\/www.freiholtz.se\\\/forvetet\\\/2003\\\/07\\\/25\\\/lev-som-jag-lar-inte-som-jag-lever\\\/\"},\"author\":{\"name\":\"Thorvald\",\"@id\":\"https:\\\/\\\/www.freiholtz.se\\\/forvetet\\\/#\\\/schema\\\/person\\\/f8eba858e89d86da3e8f4131644d7c72\"},\"headline\":\"Lev som jag l\u00e4r, inte som jag lever\",\"datePublished\":\"2003-07-25T19:24:01+00:00\",\"mainEntityOfPage\":{\"@id\":\"https:\\\/\\\/www.freiholtz.se\\\/forvetet\\\/2003\\\/07\\\/25\\\/lev-som-jag-lar-inte-som-jag-lever\\\/\"},\"wordCount\":264,\"keywords\":[\"emu\",\"euro\",\"folkomr\u00f6stning\",\"genus\",\"j\u00e4mst\u00e4lldhet\"],\"articleSection\":[\"Politik\"],\"inLanguage\":\"sv-SE\"},{\"@type\":\"WebPage\",\"@id\":\"https:\\\/\\\/www.freiholtz.se\\\/forvetet\\\/2003\\\/07\\\/25\\\/lev-som-jag-lar-inte-som-jag-lever\\\/\",\"url\":\"https:\\\/\\\/www.freiholtz.se\\\/forvetet\\\/2003\\\/07\\\/25\\\/lev-som-jag-lar-inte-som-jag-lever\\\/\",\"name\":\"Lev som jag l\u00e4r, inte som jag lever - F\u00f6rvetet\",\"isPartOf\":{\"@id\":\"https:\\\/\\\/www.freiholtz.se\\\/forvetet\\\/#website\"},\"datePublished\":\"2003-07-25T19:24:01+00:00\",\"author\":{\"@id\":\"https:\\\/\\\/www.freiholtz.se\\\/forvetet\\\/#\\\/schema\\\/person\\\/f8eba858e89d86da3e8f4131644d7c72\"},\"breadcrumb\":{\"@id\":\"https:\\\/\\\/www.freiholtz.se\\\/forvetet\\\/2003\\\/07\\\/25\\\/lev-som-jag-lar-inte-som-jag-lever\\\/#breadcrumb\"},\"inLanguage\":\"sv-SE\",\"potentialAction\":[{\"@type\":\"ReadAction\",\"target\":[\"https:\\\/\\\/www.freiholtz.se\\\/forvetet\\\/2003\\\/07\\\/25\\\/lev-som-jag-lar-inte-som-jag-lever\\\/\"]}]},{\"@type\":\"BreadcrumbList\",\"@id\":\"https:\\\/\\\/www.freiholtz.se\\\/forvetet\\\/2003\\\/07\\\/25\\\/lev-som-jag-lar-inte-som-jag-lever\\\/#breadcrumb\",\"itemListElement\":[{\"@type\":\"ListItem\",\"position\":1,\"name\":\"Hem\",\"item\":\"https:\\\/\\\/www.freiholtz.se\\\/forvetet\\\/\"},{\"@type\":\"ListItem\",\"position\":2,\"name\":\"Lev som jag l\u00e4r, inte som jag lever\"}]},{\"@type\":\"WebSite\",\"@id\":\"https:\\\/\\\/www.freiholtz.se\\\/forvetet\\\/#website\",\"url\":\"https:\\\/\\\/www.freiholtz.se\\\/forvetet\\\/\",\"name\":\"F\u00f6rvetet\",\"description\":\"en blogg fr\u00e5n freiholtz.se!\",\"potentialAction\":[{\"@type\":\"SearchAction\",\"target\":{\"@type\":\"EntryPoint\",\"urlTemplate\":\"https:\\\/\\\/www.freiholtz.se\\\/forvetet\\\/?s={search_term_string}\"},\"query-input\":{\"@type\":\"PropertyValueSpecification\",\"valueRequired\":true,\"valueName\":\"search_term_string\"}}],\"inLanguage\":\"sv-SE\"},{\"@type\":\"Person\",\"@id\":\"https:\\\/\\\/www.freiholtz.se\\\/forvetet\\\/#\\\/schema\\\/person\\\/f8eba858e89d86da3e8f4131644d7c72\",\"name\":\"Thorvald\",\"image\":{\"@type\":\"ImageObject\",\"inLanguage\":\"sv-SE\",\"@id\":\"https:\\\/\\\/secure.gravatar.com\\\/avatar\\\/8328a4c14b3a439f4c0cf3cf4af03cee061e00c35ed80000610d03c204796578?s=96&d=mm&r=g\",\"url\":\"https:\\\/\\\/secure.gravatar.com\\\/avatar\\\/8328a4c14b3a439f4c0cf3cf4af03cee061e00c35ed80000610d03c204796578?s=96&d=mm&r=g\",\"contentUrl\":\"https:\\\/\\\/secure.gravatar.com\\\/avatar\\\/8328a4c14b3a439f4c0cf3cf4af03cee061e00c35ed80000610d03c204796578?s=96&d=mm&r=g\",\"caption\":\"Thorvald\"},\"sameAs\":[\"https:\\\/\\\/www.freiholtz.se\"],\"url\":\"https:\\\/\\\/www.freiholtz.se\\\/forvetet\\\/author\\\/thorvald\\\/\"}]}<\/script>\n<!-- \/ Yoast SEO plugin. -->","yoast_head_json":{"title":"Lev som jag l\u00e4r, inte som jag lever - F\u00f6rvetet","robots":{"index":"index","follow":"follow","max-snippet":"max-snippet:-1","max-image-preview":"max-image-preview:large","max-video-preview":"max-video-preview:-1"},"canonical":"https:\/\/www.freiholtz.se\/forvetet\/2003\/07\/25\/lev-som-jag-lar-inte-som-jag-lever\/","og_locale":"sv_SE","og_type":"article","og_title":"Lev som jag l\u00e4r, inte som jag lever - F\u00f6rvetet","og_description":"I en debattartikel i Aftonbladet i g\u00e5r framf\u00f6rde milj\u00f6minister Lena Sommestad att hon kommer att r\u00f6sta nej till EMU d\u00e4rf\u00f6r att: &#8221;Genom att EMU f\u00f6rsvagar m\u00f6jligheterna att uppr\u00e4tth\u00e5lla makroekonomisk balans, f\u00f6rsvagas enligt min uppfattning ocks\u00e5 m\u00f6jligheterna att v\u00e4rna tillv\u00e4xtens l\u00e5ngsiktiga drivkrafter &#8211; stabila och l\u00e5ngsiktiga investeringar i utbildning, h\u00e4lsa och barnaf\u00f6dande. Konkurrensen och marknaderna s\u00e4tts...","og_url":"https:\/\/www.freiholtz.se\/forvetet\/2003\/07\/25\/lev-som-jag-lar-inte-som-jag-lever\/","og_site_name":"F\u00f6rvetet","article_published_time":"2003-07-25T19:24:01+00:00","author":"Thorvald","twitter_card":"summary_large_image","twitter_misc":{"Skriven av":"Thorvald","Ber\u00e4knad l\u00e4stid":"1 minut"},"schema":{"@context":"https:\/\/schema.org","@graph":[{"@type":"Article","@id":"https:\/\/www.freiholtz.se\/forvetet\/2003\/07\/25\/lev-som-jag-lar-inte-som-jag-lever\/#article","isPartOf":{"@id":"https:\/\/www.freiholtz.se\/forvetet\/2003\/07\/25\/lev-som-jag-lar-inte-som-jag-lever\/"},"author":{"name":"Thorvald","@id":"https:\/\/www.freiholtz.se\/forvetet\/#\/schema\/person\/f8eba858e89d86da3e8f4131644d7c72"},"headline":"Lev som jag l\u00e4r, inte som jag lever","datePublished":"2003-07-25T19:24:01+00:00","mainEntityOfPage":{"@id":"https:\/\/www.freiholtz.se\/forvetet\/2003\/07\/25\/lev-som-jag-lar-inte-som-jag-lever\/"},"wordCount":264,"keywords":["emu","euro","folkomr\u00f6stning","genus","j\u00e4mst\u00e4lldhet"],"articleSection":["Politik"],"inLanguage":"sv-SE"},{"@type":"WebPage","@id":"https:\/\/www.freiholtz.se\/forvetet\/2003\/07\/25\/lev-som-jag-lar-inte-som-jag-lever\/","url":"https:\/\/www.freiholtz.se\/forvetet\/2003\/07\/25\/lev-som-jag-lar-inte-som-jag-lever\/","name":"Lev som jag l\u00e4r, inte som jag lever - F\u00f6rvetet","isPartOf":{"@id":"https:\/\/www.freiholtz.se\/forvetet\/#website"},"datePublished":"2003-07-25T19:24:01+00:00","author":{"@id":"https:\/\/www.freiholtz.se\/forvetet\/#\/schema\/person\/f8eba858e89d86da3e8f4131644d7c72"},"breadcrumb":{"@id":"https:\/\/www.freiholtz.se\/forvetet\/2003\/07\/25\/lev-som-jag-lar-inte-som-jag-lever\/#breadcrumb"},"inLanguage":"sv-SE","potentialAction":[{"@type":"ReadAction","target":["https:\/\/www.freiholtz.se\/forvetet\/2003\/07\/25\/lev-som-jag-lar-inte-som-jag-lever\/"]}]},{"@type":"BreadcrumbList","@id":"https:\/\/www.freiholtz.se\/forvetet\/2003\/07\/25\/lev-som-jag-lar-inte-som-jag-lever\/#breadcrumb","itemListElement":[{"@type":"ListItem","position":1,"name":"Hem","item":"https:\/\/www.freiholtz.se\/forvetet\/"},{"@type":"ListItem","position":2,"name":"Lev som jag l\u00e4r, inte som jag lever"}]},{"@type":"WebSite","@id":"https:\/\/www.freiholtz.se\/forvetet\/#website","url":"https:\/\/www.freiholtz.se\/forvetet\/","name":"F\u00f6rvetet","description":"en blogg fr\u00e5n freiholtz.se!","potentialAction":[{"@type":"SearchAction","target":{"@type":"EntryPoint","urlTemplate":"https:\/\/www.freiholtz.se\/forvetet\/?s={search_term_string}"},"query-input":{"@type":"PropertyValueSpecification","valueRequired":true,"valueName":"search_term_string"}}],"inLanguage":"sv-SE"},{"@type":"Person","@id":"https:\/\/www.freiholtz.se\/forvetet\/#\/schema\/person\/f8eba858e89d86da3e8f4131644d7c72","name":"Thorvald","image":{"@type":"ImageObject","inLanguage":"sv-SE","@id":"https:\/\/secure.gravatar.com\/avatar\/8328a4c14b3a439f4c0cf3cf4af03cee061e00c35ed80000610d03c204796578?s=96&d=mm&r=g","url":"https:\/\/secure.gravatar.com\/avatar\/8328a4c14b3a439f4c0cf3cf4af03cee061e00c35ed80000610d03c204796578?s=96&d=mm&r=g","contentUrl":"https:\/\/secure.gravatar.com\/avatar\/8328a4c14b3a439f4c0cf3cf4af03cee061e00c35ed80000610d03c204796578?s=96&d=mm&r=g","caption":"Thorvald"},"sameAs":["https:\/\/www.freiholtz.se"],"url":"https:\/\/www.freiholtz.se\/forvetet\/author\/thorvald\/"}]}},"_links":{"self":[{"href":"https:\/\/www.freiholtz.se\/forvetet\/wp-json\/wp\/v2\/posts\/629","targetHints":{"allow":["GET"]}}],"collection":[{"href":"https:\/\/www.freiholtz.se\/forvetet\/wp-json\/wp\/v2\/posts"}],"about":[{"href":"https:\/\/www.freiholtz.se\/forvetet\/wp-json\/wp\/v2\/types\/post"}],"author":[{"embeddable":true,"href":"https:\/\/www.freiholtz.se\/forvetet\/wp-json\/wp\/v2\/users\/1"}],"replies":[{"embeddable":true,"href":"https:\/\/www.freiholtz.se\/forvetet\/wp-json\/wp\/v2\/comments?post=629"}],"version-history":[{"count":0,"href":"https:\/\/www.freiholtz.se\/forvetet\/wp-json\/wp\/v2\/posts\/629\/revisions"}],"wp:attachment":[{"href":"https:\/\/www.freiholtz.se\/forvetet\/wp-json\/wp\/v2\/media?parent=629"}],"wp:term":[{"taxonomy":"category","embeddable":true,"href":"https:\/\/www.freiholtz.se\/forvetet\/wp-json\/wp\/v2\/categories?post=629"},{"taxonomy":"post_tag","embeddable":true,"href":"https:\/\/www.freiholtz.se\/forvetet\/wp-json\/wp\/v2\/tags?post=629"}],"curies":[{"name":"wp","href":"https:\/\/api.w.org\/{rel}","templated":true}]}}