{"id":594,"date":"2003-05-04T19:02:54","date_gmt":"2003-05-04T17:02:54","guid":{"rendered":"http:\/\/www.freiholtz.se\/forvetet\/?p=594"},"modified":"2003-05-04T19:02:54","modified_gmt":"2003-05-04T17:02:54","slug":"pa-sig-sjalv-kanner-man-andra","status":"publish","type":"post","link":"https:\/\/www.freiholtz.se\/forvetet\/2003\/05\/04\/pa-sig-sjalv-kanner-man-andra\/","title":{"rendered":"P\u00e5 sig sj\u00e4lv k\u00e4nner man andra"},"content":{"rendered":"<p><!--93751322--><\/p>\n<p>Som trogen P1-lyssnare kunde jag inte undg\u00e5 att h\u00f6ra den alarmerande nyheten ett flertal g\u00e5nger i fredags &#8211; <a class=\"text\" href=\"http:\/\/www.sr.se\/cgi-bin\/P1\/program\/artikel.asp?ProgramID=478&amp;Nyheter=1&amp;artikel=225567\">svenska bilderb\u00f6cker \u00e4r etniskt rensade<\/a>!<\/p>\n<p>&#8221;<i>Bland vilda bebisar, rara elefanter, tr\u00e4dg\u00e5rdsnjutande major och Askungar finns inte m\u00e5nga figurer med ett utseende som avviker fr\u00e5n schablonbilden &#8211; ett ljushyat, blont och ursvenskt barn. En och annan &#8221;negerkung&#8221; i \u00e4ldre b\u00f6cker h\u00f6r till undantagen. Svenska barnb\u00f6cker \u00e4r en etniskt rensad zon<\/i>.&#8221;<\/p>\n<p>Detta \u00e4r ett stort och angel\u00e4get problem. Bilderb\u00f6cker v\u00e4nder sig till barn i f\u00f6rskole\u00e5ldern, en period som som \u00e4r av avg\u00f6rande betydelse f\u00f6r den fortsatta personlighetsutvecklingen. Om barnen d\u00e5 i bilderb\u00f6ckerna m\u00f6ter en v\u00e4rld som &#8221;<i>\u00e4r rensad fr\u00e5n allt som uppfattas som avvikande<\/i>&#8221; \u00e4r det klart att de &#8221;<i>f\u00e5r en ganska sn\u00e4v v\u00e4rldsbild<\/i>&#8221;. Jag antar att SR-journalisten, Barnboksinstitutets chef med flera ser detta som ett problem eftersom de sj\u00e4lva k\u00e4mpar f\u00f6r att h\u00e5lla de m\u00f6rkare sidorna i sin personlighet i schack, efter att i sp\u00e4d \u00e5lder ha pr\u00e4glats av, f\u00e5r man f\u00f6rmoda, \u00e4n mer etniskt likriktade bilderb\u00f6cker.<\/p>\n<p>Jag har <a class=\"text\" href=\"http:\/\/www.freiholtz.se\/forvetet\/2003_03_01_arkiv.shtml#90932341\">tidigare<\/a> uppm\u00e4rksammat <a class=\"text\" href=\"http:\/\/www.gp.se\/gp\/jsp\/Crosslink.jsp?d=119&amp;a=120888\">ett annat problem<\/a> som dagens f\u00f6rskolebarn k\u00e4mpar med. Sammantagna \u00e4r problemen av s\u00e5dan vikt att regeringen inte kan till\u00e5tas smita undan ansvaret. Det m\u00e5ste dessutom till ett helhetsgrepp p\u00e5 problemen. (Valet av ansvarig minister torde st\u00e5 mellan Marita Ulvskog och Mona Sahlin. B\u00e5da \u00e4r ju k\u00e4nda f\u00f6r att med stor iver och effektivitet ta sig an de mest angel\u00e4gna och komplexa fr\u00e5gorna.) Annars \u00e4r det stor risk att barnen som \u00e4r f\u00f6dda runt millennieskiftet kommer att v\u00e4xa upp till en generation av inkontinenta rasister.<\/p>\n","protected":false},"excerpt":{"rendered":"<p>Som trogen P1-lyssnare kunde jag inte undg\u00e5 att h\u00f6ra den alarmerande nyheten ett flertal g\u00e5nger i fredags &#8211; svenska bilderb\u00f6cker \u00e4r etniskt rensade! &#8221;Bland vilda bebisar, rara elefanter, tr\u00e4dg\u00e5rdsnjutande major och Askungar finns inte m\u00e5nga figurer med ett utseende som avviker fr\u00e5n schablonbilden &#8211; ett ljushyat, blont och ursvenskt barn. En och annan &#8221;negerkung&#8221; i&#8230;<\/p>\n","protected":false},"author":1,"featured_media":0,"comment_status":"closed","ping_status":"closed","sticky":false,"template":"","format":"standard","meta":{"_monsterinsights_skip_tracking":false,"_monsterinsights_sitenote_active":false,"_monsterinsights_sitenote_note":"","_monsterinsights_sitenote_category":0,"footnotes":""},"categories":[6,8],"tags":[],"class_list":["post-594","post","type-post","status-publish","format-standard","hentry","category-kultur","category-samhalle"],"yoast_head":"<!-- This site is optimized with the Yoast SEO plugin v27.5 - https:\/\/yoast.com\/product\/yoast-seo-wordpress\/ -->\n<title>P\u00e5 sig sj\u00e4lv k\u00e4nner man andra - F\u00f6rvetet<\/title>\n<meta name=\"robots\" content=\"index, follow, max-snippet:-1, max-image-preview:large, max-video-preview:-1\" \/>\n<link rel=\"canonical\" href=\"https:\/\/www.freiholtz.se\/forvetet\/2003\/05\/04\/pa-sig-sjalv-kanner-man-andra\/\" \/>\n<meta property=\"og:locale\" content=\"sv_SE\" \/>\n<meta property=\"og:type\" content=\"article\" \/>\n<meta property=\"og:title\" content=\"P\u00e5 sig sj\u00e4lv k\u00e4nner man andra - F\u00f6rvetet\" \/>\n<meta property=\"og:description\" content=\"Som trogen P1-lyssnare kunde jag inte undg\u00e5 att h\u00f6ra den alarmerande nyheten ett flertal g\u00e5nger i fredags &#8211; svenska bilderb\u00f6cker \u00e4r etniskt rensade! &#8221;Bland vilda bebisar, rara elefanter, tr\u00e4dg\u00e5rdsnjutande major och Askungar finns inte m\u00e5nga figurer med ett utseende som avviker fr\u00e5n schablonbilden &#8211; ett ljushyat, blont och ursvenskt barn. En och annan &#8221;negerkung&#8221; i...\" \/>\n<meta property=\"og:url\" content=\"https:\/\/www.freiholtz.se\/forvetet\/2003\/05\/04\/pa-sig-sjalv-kanner-man-andra\/\" \/>\n<meta property=\"og:site_name\" content=\"F\u00f6rvetet\" \/>\n<meta property=\"article:published_time\" content=\"2003-05-04T17:02:54+00:00\" \/>\n<meta name=\"author\" content=\"Thorvald\" \/>\n<meta name=\"twitter:card\" content=\"summary_large_image\" \/>\n<meta name=\"twitter:label1\" content=\"Skriven av\" \/>\n\t<meta name=\"twitter:data1\" content=\"Thorvald\" \/>\n\t<meta name=\"twitter:label2\" content=\"Ber\u00e4knad l\u00e4stid\" \/>\n\t<meta name=\"twitter:data2\" content=\"2 minuter\" \/>\n<script type=\"application\/ld+json\" class=\"yoast-schema-graph\">{\"@context\":\"https:\\\/\\\/schema.org\",\"@graph\":[{\"@type\":\"Article\",\"@id\":\"https:\\\/\\\/www.freiholtz.se\\\/forvetet\\\/2003\\\/05\\\/04\\\/pa-sig-sjalv-kanner-man-andra\\\/#article\",\"isPartOf\":{\"@id\":\"https:\\\/\\\/www.freiholtz.se\\\/forvetet\\\/2003\\\/05\\\/04\\\/pa-sig-sjalv-kanner-man-andra\\\/\"},\"author\":{\"name\":\"Thorvald\",\"@id\":\"https:\\\/\\\/www.freiholtz.se\\\/forvetet\\\/#\\\/schema\\\/person\\\/f8eba858e89d86da3e8f4131644d7c72\"},\"headline\":\"P\u00e5 sig sj\u00e4lv k\u00e4nner man andra\",\"datePublished\":\"2003-05-04T17:02:54+00:00\",\"mainEntityOfPage\":{\"@id\":\"https:\\\/\\\/www.freiholtz.se\\\/forvetet\\\/2003\\\/05\\\/04\\\/pa-sig-sjalv-kanner-man-andra\\\/\"},\"wordCount\":308,\"articleSection\":[\"Kultur\",\"Samh\u00e4lle\"],\"inLanguage\":\"sv-SE\"},{\"@type\":\"WebPage\",\"@id\":\"https:\\\/\\\/www.freiholtz.se\\\/forvetet\\\/2003\\\/05\\\/04\\\/pa-sig-sjalv-kanner-man-andra\\\/\",\"url\":\"https:\\\/\\\/www.freiholtz.se\\\/forvetet\\\/2003\\\/05\\\/04\\\/pa-sig-sjalv-kanner-man-andra\\\/\",\"name\":\"P\u00e5 sig sj\u00e4lv k\u00e4nner man andra - F\u00f6rvetet\",\"isPartOf\":{\"@id\":\"https:\\\/\\\/www.freiholtz.se\\\/forvetet\\\/#website\"},\"datePublished\":\"2003-05-04T17:02:54+00:00\",\"author\":{\"@id\":\"https:\\\/\\\/www.freiholtz.se\\\/forvetet\\\/#\\\/schema\\\/person\\\/f8eba858e89d86da3e8f4131644d7c72\"},\"breadcrumb\":{\"@id\":\"https:\\\/\\\/www.freiholtz.se\\\/forvetet\\\/2003\\\/05\\\/04\\\/pa-sig-sjalv-kanner-man-andra\\\/#breadcrumb\"},\"inLanguage\":\"sv-SE\",\"potentialAction\":[{\"@type\":\"ReadAction\",\"target\":[\"https:\\\/\\\/www.freiholtz.se\\\/forvetet\\\/2003\\\/05\\\/04\\\/pa-sig-sjalv-kanner-man-andra\\\/\"]}]},{\"@type\":\"BreadcrumbList\",\"@id\":\"https:\\\/\\\/www.freiholtz.se\\\/forvetet\\\/2003\\\/05\\\/04\\\/pa-sig-sjalv-kanner-man-andra\\\/#breadcrumb\",\"itemListElement\":[{\"@type\":\"ListItem\",\"position\":1,\"name\":\"Hem\",\"item\":\"https:\\\/\\\/www.freiholtz.se\\\/forvetet\\\/\"},{\"@type\":\"ListItem\",\"position\":2,\"name\":\"P\u00e5 sig sj\u00e4lv k\u00e4nner man andra\"}]},{\"@type\":\"WebSite\",\"@id\":\"https:\\\/\\\/www.freiholtz.se\\\/forvetet\\\/#website\",\"url\":\"https:\\\/\\\/www.freiholtz.se\\\/forvetet\\\/\",\"name\":\"F\u00f6rvetet\",\"description\":\"en blogg fr\u00e5n freiholtz.se!\",\"potentialAction\":[{\"@type\":\"SearchAction\",\"target\":{\"@type\":\"EntryPoint\",\"urlTemplate\":\"https:\\\/\\\/www.freiholtz.se\\\/forvetet\\\/?s={search_term_string}\"},\"query-input\":{\"@type\":\"PropertyValueSpecification\",\"valueRequired\":true,\"valueName\":\"search_term_string\"}}],\"inLanguage\":\"sv-SE\"},{\"@type\":\"Person\",\"@id\":\"https:\\\/\\\/www.freiholtz.se\\\/forvetet\\\/#\\\/schema\\\/person\\\/f8eba858e89d86da3e8f4131644d7c72\",\"name\":\"Thorvald\",\"image\":{\"@type\":\"ImageObject\",\"inLanguage\":\"sv-SE\",\"@id\":\"https:\\\/\\\/secure.gravatar.com\\\/avatar\\\/8328a4c14b3a439f4c0cf3cf4af03cee061e00c35ed80000610d03c204796578?s=96&d=mm&r=g\",\"url\":\"https:\\\/\\\/secure.gravatar.com\\\/avatar\\\/8328a4c14b3a439f4c0cf3cf4af03cee061e00c35ed80000610d03c204796578?s=96&d=mm&r=g\",\"contentUrl\":\"https:\\\/\\\/secure.gravatar.com\\\/avatar\\\/8328a4c14b3a439f4c0cf3cf4af03cee061e00c35ed80000610d03c204796578?s=96&d=mm&r=g\",\"caption\":\"Thorvald\"},\"sameAs\":[\"https:\\\/\\\/www.freiholtz.se\"],\"url\":\"https:\\\/\\\/www.freiholtz.se\\\/forvetet\\\/author\\\/thorvald\\\/\"}]}<\/script>\n<!-- \/ Yoast SEO plugin. -->","yoast_head_json":{"title":"P\u00e5 sig sj\u00e4lv k\u00e4nner man andra - F\u00f6rvetet","robots":{"index":"index","follow":"follow","max-snippet":"max-snippet:-1","max-image-preview":"max-image-preview:large","max-video-preview":"max-video-preview:-1"},"canonical":"https:\/\/www.freiholtz.se\/forvetet\/2003\/05\/04\/pa-sig-sjalv-kanner-man-andra\/","og_locale":"sv_SE","og_type":"article","og_title":"P\u00e5 sig sj\u00e4lv k\u00e4nner man andra - F\u00f6rvetet","og_description":"Som trogen P1-lyssnare kunde jag inte undg\u00e5 att h\u00f6ra den alarmerande nyheten ett flertal g\u00e5nger i fredags &#8211; svenska bilderb\u00f6cker \u00e4r etniskt rensade! &#8221;Bland vilda bebisar, rara elefanter, tr\u00e4dg\u00e5rdsnjutande major och Askungar finns inte m\u00e5nga figurer med ett utseende som avviker fr\u00e5n schablonbilden &#8211; ett ljushyat, blont och ursvenskt barn. En och annan &#8221;negerkung&#8221; i...","og_url":"https:\/\/www.freiholtz.se\/forvetet\/2003\/05\/04\/pa-sig-sjalv-kanner-man-andra\/","og_site_name":"F\u00f6rvetet","article_published_time":"2003-05-04T17:02:54+00:00","author":"Thorvald","twitter_card":"summary_large_image","twitter_misc":{"Skriven av":"Thorvald","Ber\u00e4knad l\u00e4stid":"2 minuter"},"schema":{"@context":"https:\/\/schema.org","@graph":[{"@type":"Article","@id":"https:\/\/www.freiholtz.se\/forvetet\/2003\/05\/04\/pa-sig-sjalv-kanner-man-andra\/#article","isPartOf":{"@id":"https:\/\/www.freiholtz.se\/forvetet\/2003\/05\/04\/pa-sig-sjalv-kanner-man-andra\/"},"author":{"name":"Thorvald","@id":"https:\/\/www.freiholtz.se\/forvetet\/#\/schema\/person\/f8eba858e89d86da3e8f4131644d7c72"},"headline":"P\u00e5 sig sj\u00e4lv k\u00e4nner man andra","datePublished":"2003-05-04T17:02:54+00:00","mainEntityOfPage":{"@id":"https:\/\/www.freiholtz.se\/forvetet\/2003\/05\/04\/pa-sig-sjalv-kanner-man-andra\/"},"wordCount":308,"articleSection":["Kultur","Samh\u00e4lle"],"inLanguage":"sv-SE"},{"@type":"WebPage","@id":"https:\/\/www.freiholtz.se\/forvetet\/2003\/05\/04\/pa-sig-sjalv-kanner-man-andra\/","url":"https:\/\/www.freiholtz.se\/forvetet\/2003\/05\/04\/pa-sig-sjalv-kanner-man-andra\/","name":"P\u00e5 sig sj\u00e4lv k\u00e4nner man andra - F\u00f6rvetet","isPartOf":{"@id":"https:\/\/www.freiholtz.se\/forvetet\/#website"},"datePublished":"2003-05-04T17:02:54+00:00","author":{"@id":"https:\/\/www.freiholtz.se\/forvetet\/#\/schema\/person\/f8eba858e89d86da3e8f4131644d7c72"},"breadcrumb":{"@id":"https:\/\/www.freiholtz.se\/forvetet\/2003\/05\/04\/pa-sig-sjalv-kanner-man-andra\/#breadcrumb"},"inLanguage":"sv-SE","potentialAction":[{"@type":"ReadAction","target":["https:\/\/www.freiholtz.se\/forvetet\/2003\/05\/04\/pa-sig-sjalv-kanner-man-andra\/"]}]},{"@type":"BreadcrumbList","@id":"https:\/\/www.freiholtz.se\/forvetet\/2003\/05\/04\/pa-sig-sjalv-kanner-man-andra\/#breadcrumb","itemListElement":[{"@type":"ListItem","position":1,"name":"Hem","item":"https:\/\/www.freiholtz.se\/forvetet\/"},{"@type":"ListItem","position":2,"name":"P\u00e5 sig sj\u00e4lv k\u00e4nner man andra"}]},{"@type":"WebSite","@id":"https:\/\/www.freiholtz.se\/forvetet\/#website","url":"https:\/\/www.freiholtz.se\/forvetet\/","name":"F\u00f6rvetet","description":"en blogg fr\u00e5n freiholtz.se!","potentialAction":[{"@type":"SearchAction","target":{"@type":"EntryPoint","urlTemplate":"https:\/\/www.freiholtz.se\/forvetet\/?s={search_term_string}"},"query-input":{"@type":"PropertyValueSpecification","valueRequired":true,"valueName":"search_term_string"}}],"inLanguage":"sv-SE"},{"@type":"Person","@id":"https:\/\/www.freiholtz.se\/forvetet\/#\/schema\/person\/f8eba858e89d86da3e8f4131644d7c72","name":"Thorvald","image":{"@type":"ImageObject","inLanguage":"sv-SE","@id":"https:\/\/secure.gravatar.com\/avatar\/8328a4c14b3a439f4c0cf3cf4af03cee061e00c35ed80000610d03c204796578?s=96&d=mm&r=g","url":"https:\/\/secure.gravatar.com\/avatar\/8328a4c14b3a439f4c0cf3cf4af03cee061e00c35ed80000610d03c204796578?s=96&d=mm&r=g","contentUrl":"https:\/\/secure.gravatar.com\/avatar\/8328a4c14b3a439f4c0cf3cf4af03cee061e00c35ed80000610d03c204796578?s=96&d=mm&r=g","caption":"Thorvald"},"sameAs":["https:\/\/www.freiholtz.se"],"url":"https:\/\/www.freiholtz.se\/forvetet\/author\/thorvald\/"}]}},"_links":{"self":[{"href":"https:\/\/www.freiholtz.se\/forvetet\/wp-json\/wp\/v2\/posts\/594","targetHints":{"allow":["GET"]}}],"collection":[{"href":"https:\/\/www.freiholtz.se\/forvetet\/wp-json\/wp\/v2\/posts"}],"about":[{"href":"https:\/\/www.freiholtz.se\/forvetet\/wp-json\/wp\/v2\/types\/post"}],"author":[{"embeddable":true,"href":"https:\/\/www.freiholtz.se\/forvetet\/wp-json\/wp\/v2\/users\/1"}],"replies":[{"embeddable":true,"href":"https:\/\/www.freiholtz.se\/forvetet\/wp-json\/wp\/v2\/comments?post=594"}],"version-history":[{"count":0,"href":"https:\/\/www.freiholtz.se\/forvetet\/wp-json\/wp\/v2\/posts\/594\/revisions"}],"wp:attachment":[{"href":"https:\/\/www.freiholtz.se\/forvetet\/wp-json\/wp\/v2\/media?parent=594"}],"wp:term":[{"taxonomy":"category","embeddable":true,"href":"https:\/\/www.freiholtz.se\/forvetet\/wp-json\/wp\/v2\/categories?post=594"},{"taxonomy":"post_tag","embeddable":true,"href":"https:\/\/www.freiholtz.se\/forvetet\/wp-json\/wp\/v2\/tags?post=594"}],"curies":[{"name":"wp","href":"https:\/\/api.w.org\/{rel}","templated":true}]}}