{"id":579,"date":"2003-05-27T23:54:43","date_gmt":"2003-05-27T22:54:43","guid":{"rendered":"http:\/\/www.freiholtz.se\/forvetet\/?p=579"},"modified":"2003-05-27T23:54:43","modified_gmt":"2003-05-27T22:54:43","slug":"tankte-inte-pa-det","status":"publish","type":"post","link":"https:\/\/www.freiholtz.se\/forvetet\/2003\/05\/27\/tankte-inte-pa-det\/","title":{"rendered":"T\u00e4nkte inte p\u00e5 det"},"content":{"rendered":"<p><!--94958864--><\/p>\n<p>F\u00f6r att klara \u00e5rets budget har V\u00e4stra G\u00f6talandsregionen lagt ett sparbeting p\u00e5 sjukv\u00e5rden. I G\u00f6teborg har man bl.a. valt att spara genom att s\u00e4ga upp v\u00e5rdavtalen med ett antal frist\u00e5ende ortopedkliniker. Detta i ett l\u00e4ge n\u00e4r <a class=\"text\" href=\"http:\/\/www.freiholtz.se\/forvetet\/2003_05_01_arkiv.shtml#94545321\">v\u00e4ntetiden m\u00e4ts i \u00e5r<\/a>. F\u00f6rmodligen hade man t\u00e4nkt sig att klinikerna skulle avvecklas och att regionen skulle kunna plocka in personalen i sin verksamhet och utf\u00f6ra v\u00e5rden till en l\u00e4gre kostnad.<\/p>\n<p>Nu visar det sig att personal och ledning p\u00e5 de ber\u00f6rda klinikerna inte alls har lust att slukas av landstingets grottekvarn. De planerar att bli ett helt privat alternativ, utan bidrag fr\u00e5n regionen. Det inneb\u00e4r att &#8221;<a class=\"text\" href=\"http:\/\/www.gp.se\/gp\/jsp\/Crosslink.jsp?d=113&amp;a=127583\"><em>G\u00f6teborgare med ortopediska \u00e5kommor st\u00e4lls nu inf\u00f6r ett tufft val &#8211; o\u00e4ndlig k\u00f6 eller dyrk\u00f6pt plats i gr\u00e4ddfilen<\/em><\/a>.&#8221; De som har pengar (eller \u00e4r kreditv\u00e4rdiga) kan allts\u00e5 k\u00f6pa en snabb behandling, \u00f6vriga f\u00e5r k\u00f6a i \u00e5ratal. Dessa konsekvenser kommer som en fullst\u00e4ndig \u00f6verraskning f\u00f6r den ansvariga (s) politikern: &#8221;<em>Vi har inte reflekterat \u00f6ver det. Den tankeg\u00e5ngen fanns inte<\/em>&#8221;<\/p>\n<p>S\u00e5 s\u00e4nker man den offentliga sjukv\u00e5rden och eroderar allm\u00e4nhetens vilja att betala skatt, inte genom en borgerlig politik (vilket m\u00e5nga p\u00e5 v\u00e4nsterkanten anklagar s f\u00f6r) utan av ren tankl\u00f6shet.<\/p>\n","protected":false},"excerpt":{"rendered":"<p>F\u00f6r att klara \u00e5rets budget har V\u00e4stra G\u00f6talandsregionen lagt ett sparbeting p\u00e5 sjukv\u00e5rden. I G\u00f6teborg har man bl.a. valt att spara genom att s\u00e4ga upp v\u00e5rdavtalen med ett antal frist\u00e5ende ortopedkliniker. Detta i ett l\u00e4ge n\u00e4r v\u00e4ntetiden m\u00e4ts i \u00e5r. F\u00f6rmodligen hade man t\u00e4nkt sig att klinikerna skulle avvecklas och att regionen skulle kunna plocka&#8230;<\/p>\n","protected":false},"author":1,"featured_media":0,"comment_status":"closed","ping_status":"closed","sticky":false,"template":"","format":"standard","meta":{"_monsterinsights_skip_tracking":false,"_monsterinsights_sitenote_active":false,"_monsterinsights_sitenote_note":"","_monsterinsights_sitenote_category":0,"footnotes":""},"categories":[7,8],"tags":[155,158,195],"class_list":["post-579","post","type-post","status-publish","format-standard","hentry","category-politik","category-samhalle","tag-sjuk-vard","tag-skatter","tag-vg-region"],"yoast_head":"<!-- This site is optimized with the Yoast SEO plugin v27.5 - https:\/\/yoast.com\/product\/yoast-seo-wordpress\/ -->\n<title>T\u00e4nkte inte p\u00e5 det - F\u00f6rvetet<\/title>\n<meta name=\"robots\" content=\"index, follow, max-snippet:-1, max-image-preview:large, max-video-preview:-1\" \/>\n<link rel=\"canonical\" href=\"https:\/\/www.freiholtz.se\/forvetet\/2003\/05\/27\/tankte-inte-pa-det\/\" \/>\n<meta property=\"og:locale\" content=\"sv_SE\" \/>\n<meta property=\"og:type\" content=\"article\" \/>\n<meta property=\"og:title\" content=\"T\u00e4nkte inte p\u00e5 det - F\u00f6rvetet\" \/>\n<meta property=\"og:description\" content=\"F\u00f6r att klara \u00e5rets budget har V\u00e4stra G\u00f6talandsregionen lagt ett sparbeting p\u00e5 sjukv\u00e5rden. I G\u00f6teborg har man bl.a. valt att spara genom att s\u00e4ga upp v\u00e5rdavtalen med ett antal frist\u00e5ende ortopedkliniker. Detta i ett l\u00e4ge n\u00e4r v\u00e4ntetiden m\u00e4ts i \u00e5r. F\u00f6rmodligen hade man t\u00e4nkt sig att klinikerna skulle avvecklas och att regionen skulle kunna plocka...\" \/>\n<meta property=\"og:url\" content=\"https:\/\/www.freiholtz.se\/forvetet\/2003\/05\/27\/tankte-inte-pa-det\/\" \/>\n<meta property=\"og:site_name\" content=\"F\u00f6rvetet\" \/>\n<meta property=\"article:published_time\" content=\"2003-05-27T22:54:43+00:00\" \/>\n<meta name=\"author\" content=\"Thorvald\" \/>\n<meta name=\"twitter:card\" content=\"summary_large_image\" \/>\n<meta name=\"twitter:label1\" content=\"Skriven av\" \/>\n\t<meta name=\"twitter:data1\" content=\"Thorvald\" \/>\n\t<meta name=\"twitter:label2\" content=\"Ber\u00e4knad l\u00e4stid\" \/>\n\t<meta name=\"twitter:data2\" content=\"1 minut\" \/>\n<script type=\"application\/ld+json\" class=\"yoast-schema-graph\">{\"@context\":\"https:\\\/\\\/schema.org\",\"@graph\":[{\"@type\":\"Article\",\"@id\":\"https:\\\/\\\/www.freiholtz.se\\\/forvetet\\\/2003\\\/05\\\/27\\\/tankte-inte-pa-det\\\/#article\",\"isPartOf\":{\"@id\":\"https:\\\/\\\/www.freiholtz.se\\\/forvetet\\\/2003\\\/05\\\/27\\\/tankte-inte-pa-det\\\/\"},\"author\":{\"name\":\"Thorvald\",\"@id\":\"https:\\\/\\\/www.freiholtz.se\\\/forvetet\\\/#\\\/schema\\\/person\\\/f8eba858e89d86da3e8f4131644d7c72\"},\"headline\":\"T\u00e4nkte inte p\u00e5 det\",\"datePublished\":\"2003-05-27T22:54:43+00:00\",\"mainEntityOfPage\":{\"@id\":\"https:\\\/\\\/www.freiholtz.se\\\/forvetet\\\/2003\\\/05\\\/27\\\/tankte-inte-pa-det\\\/\"},\"wordCount\":236,\"keywords\":[\"sjuk v\u00e5rd\",\"skatter\",\"vg-region\"],\"articleSection\":[\"Politik\",\"Samh\u00e4lle\"],\"inLanguage\":\"sv-SE\"},{\"@type\":\"WebPage\",\"@id\":\"https:\\\/\\\/www.freiholtz.se\\\/forvetet\\\/2003\\\/05\\\/27\\\/tankte-inte-pa-det\\\/\",\"url\":\"https:\\\/\\\/www.freiholtz.se\\\/forvetet\\\/2003\\\/05\\\/27\\\/tankte-inte-pa-det\\\/\",\"name\":\"T\u00e4nkte inte p\u00e5 det - F\u00f6rvetet\",\"isPartOf\":{\"@id\":\"https:\\\/\\\/www.freiholtz.se\\\/forvetet\\\/#website\"},\"datePublished\":\"2003-05-27T22:54:43+00:00\",\"author\":{\"@id\":\"https:\\\/\\\/www.freiholtz.se\\\/forvetet\\\/#\\\/schema\\\/person\\\/f8eba858e89d86da3e8f4131644d7c72\"},\"breadcrumb\":{\"@id\":\"https:\\\/\\\/www.freiholtz.se\\\/forvetet\\\/2003\\\/05\\\/27\\\/tankte-inte-pa-det\\\/#breadcrumb\"},\"inLanguage\":\"sv-SE\",\"potentialAction\":[{\"@type\":\"ReadAction\",\"target\":[\"https:\\\/\\\/www.freiholtz.se\\\/forvetet\\\/2003\\\/05\\\/27\\\/tankte-inte-pa-det\\\/\"]}]},{\"@type\":\"BreadcrumbList\",\"@id\":\"https:\\\/\\\/www.freiholtz.se\\\/forvetet\\\/2003\\\/05\\\/27\\\/tankte-inte-pa-det\\\/#breadcrumb\",\"itemListElement\":[{\"@type\":\"ListItem\",\"position\":1,\"name\":\"Hem\",\"item\":\"https:\\\/\\\/www.freiholtz.se\\\/forvetet\\\/\"},{\"@type\":\"ListItem\",\"position\":2,\"name\":\"T\u00e4nkte inte p\u00e5 det\"}]},{\"@type\":\"WebSite\",\"@id\":\"https:\\\/\\\/www.freiholtz.se\\\/forvetet\\\/#website\",\"url\":\"https:\\\/\\\/www.freiholtz.se\\\/forvetet\\\/\",\"name\":\"F\u00f6rvetet\",\"description\":\"en blogg fr\u00e5n freiholtz.se!\",\"potentialAction\":[{\"@type\":\"SearchAction\",\"target\":{\"@type\":\"EntryPoint\",\"urlTemplate\":\"https:\\\/\\\/www.freiholtz.se\\\/forvetet\\\/?s={search_term_string}\"},\"query-input\":{\"@type\":\"PropertyValueSpecification\",\"valueRequired\":true,\"valueName\":\"search_term_string\"}}],\"inLanguage\":\"sv-SE\"},{\"@type\":\"Person\",\"@id\":\"https:\\\/\\\/www.freiholtz.se\\\/forvetet\\\/#\\\/schema\\\/person\\\/f8eba858e89d86da3e8f4131644d7c72\",\"name\":\"Thorvald\",\"image\":{\"@type\":\"ImageObject\",\"inLanguage\":\"sv-SE\",\"@id\":\"https:\\\/\\\/secure.gravatar.com\\\/avatar\\\/8328a4c14b3a439f4c0cf3cf4af03cee061e00c35ed80000610d03c204796578?s=96&d=mm&r=g\",\"url\":\"https:\\\/\\\/secure.gravatar.com\\\/avatar\\\/8328a4c14b3a439f4c0cf3cf4af03cee061e00c35ed80000610d03c204796578?s=96&d=mm&r=g\",\"contentUrl\":\"https:\\\/\\\/secure.gravatar.com\\\/avatar\\\/8328a4c14b3a439f4c0cf3cf4af03cee061e00c35ed80000610d03c204796578?s=96&d=mm&r=g\",\"caption\":\"Thorvald\"},\"sameAs\":[\"https:\\\/\\\/www.freiholtz.se\"],\"url\":\"https:\\\/\\\/www.freiholtz.se\\\/forvetet\\\/author\\\/thorvald\\\/\"}]}<\/script>\n<!-- \/ Yoast SEO plugin. -->","yoast_head_json":{"title":"T\u00e4nkte inte p\u00e5 det - F\u00f6rvetet","robots":{"index":"index","follow":"follow","max-snippet":"max-snippet:-1","max-image-preview":"max-image-preview:large","max-video-preview":"max-video-preview:-1"},"canonical":"https:\/\/www.freiholtz.se\/forvetet\/2003\/05\/27\/tankte-inte-pa-det\/","og_locale":"sv_SE","og_type":"article","og_title":"T\u00e4nkte inte p\u00e5 det - F\u00f6rvetet","og_description":"F\u00f6r att klara \u00e5rets budget har V\u00e4stra G\u00f6talandsregionen lagt ett sparbeting p\u00e5 sjukv\u00e5rden. I G\u00f6teborg har man bl.a. valt att spara genom att s\u00e4ga upp v\u00e5rdavtalen med ett antal frist\u00e5ende ortopedkliniker. Detta i ett l\u00e4ge n\u00e4r v\u00e4ntetiden m\u00e4ts i \u00e5r. F\u00f6rmodligen hade man t\u00e4nkt sig att klinikerna skulle avvecklas och att regionen skulle kunna plocka...","og_url":"https:\/\/www.freiholtz.se\/forvetet\/2003\/05\/27\/tankte-inte-pa-det\/","og_site_name":"F\u00f6rvetet","article_published_time":"2003-05-27T22:54:43+00:00","author":"Thorvald","twitter_card":"summary_large_image","twitter_misc":{"Skriven av":"Thorvald","Ber\u00e4knad l\u00e4stid":"1 minut"},"schema":{"@context":"https:\/\/schema.org","@graph":[{"@type":"Article","@id":"https:\/\/www.freiholtz.se\/forvetet\/2003\/05\/27\/tankte-inte-pa-det\/#article","isPartOf":{"@id":"https:\/\/www.freiholtz.se\/forvetet\/2003\/05\/27\/tankte-inte-pa-det\/"},"author":{"name":"Thorvald","@id":"https:\/\/www.freiholtz.se\/forvetet\/#\/schema\/person\/f8eba858e89d86da3e8f4131644d7c72"},"headline":"T\u00e4nkte inte p\u00e5 det","datePublished":"2003-05-27T22:54:43+00:00","mainEntityOfPage":{"@id":"https:\/\/www.freiholtz.se\/forvetet\/2003\/05\/27\/tankte-inte-pa-det\/"},"wordCount":236,"keywords":["sjuk v\u00e5rd","skatter","vg-region"],"articleSection":["Politik","Samh\u00e4lle"],"inLanguage":"sv-SE"},{"@type":"WebPage","@id":"https:\/\/www.freiholtz.se\/forvetet\/2003\/05\/27\/tankte-inte-pa-det\/","url":"https:\/\/www.freiholtz.se\/forvetet\/2003\/05\/27\/tankte-inte-pa-det\/","name":"T\u00e4nkte inte p\u00e5 det - F\u00f6rvetet","isPartOf":{"@id":"https:\/\/www.freiholtz.se\/forvetet\/#website"},"datePublished":"2003-05-27T22:54:43+00:00","author":{"@id":"https:\/\/www.freiholtz.se\/forvetet\/#\/schema\/person\/f8eba858e89d86da3e8f4131644d7c72"},"breadcrumb":{"@id":"https:\/\/www.freiholtz.se\/forvetet\/2003\/05\/27\/tankte-inte-pa-det\/#breadcrumb"},"inLanguage":"sv-SE","potentialAction":[{"@type":"ReadAction","target":["https:\/\/www.freiholtz.se\/forvetet\/2003\/05\/27\/tankte-inte-pa-det\/"]}]},{"@type":"BreadcrumbList","@id":"https:\/\/www.freiholtz.se\/forvetet\/2003\/05\/27\/tankte-inte-pa-det\/#breadcrumb","itemListElement":[{"@type":"ListItem","position":1,"name":"Hem","item":"https:\/\/www.freiholtz.se\/forvetet\/"},{"@type":"ListItem","position":2,"name":"T\u00e4nkte inte p\u00e5 det"}]},{"@type":"WebSite","@id":"https:\/\/www.freiholtz.se\/forvetet\/#website","url":"https:\/\/www.freiholtz.se\/forvetet\/","name":"F\u00f6rvetet","description":"en blogg fr\u00e5n freiholtz.se!","potentialAction":[{"@type":"SearchAction","target":{"@type":"EntryPoint","urlTemplate":"https:\/\/www.freiholtz.se\/forvetet\/?s={search_term_string}"},"query-input":{"@type":"PropertyValueSpecification","valueRequired":true,"valueName":"search_term_string"}}],"inLanguage":"sv-SE"},{"@type":"Person","@id":"https:\/\/www.freiholtz.se\/forvetet\/#\/schema\/person\/f8eba858e89d86da3e8f4131644d7c72","name":"Thorvald","image":{"@type":"ImageObject","inLanguage":"sv-SE","@id":"https:\/\/secure.gravatar.com\/avatar\/8328a4c14b3a439f4c0cf3cf4af03cee061e00c35ed80000610d03c204796578?s=96&d=mm&r=g","url":"https:\/\/secure.gravatar.com\/avatar\/8328a4c14b3a439f4c0cf3cf4af03cee061e00c35ed80000610d03c204796578?s=96&d=mm&r=g","contentUrl":"https:\/\/secure.gravatar.com\/avatar\/8328a4c14b3a439f4c0cf3cf4af03cee061e00c35ed80000610d03c204796578?s=96&d=mm&r=g","caption":"Thorvald"},"sameAs":["https:\/\/www.freiholtz.se"],"url":"https:\/\/www.freiholtz.se\/forvetet\/author\/thorvald\/"}]}},"_links":{"self":[{"href":"https:\/\/www.freiholtz.se\/forvetet\/wp-json\/wp\/v2\/posts\/579","targetHints":{"allow":["GET"]}}],"collection":[{"href":"https:\/\/www.freiholtz.se\/forvetet\/wp-json\/wp\/v2\/posts"}],"about":[{"href":"https:\/\/www.freiholtz.se\/forvetet\/wp-json\/wp\/v2\/types\/post"}],"author":[{"embeddable":true,"href":"https:\/\/www.freiholtz.se\/forvetet\/wp-json\/wp\/v2\/users\/1"}],"replies":[{"embeddable":true,"href":"https:\/\/www.freiholtz.se\/forvetet\/wp-json\/wp\/v2\/comments?post=579"}],"version-history":[{"count":0,"href":"https:\/\/www.freiholtz.se\/forvetet\/wp-json\/wp\/v2\/posts\/579\/revisions"}],"wp:attachment":[{"href":"https:\/\/www.freiholtz.se\/forvetet\/wp-json\/wp\/v2\/media?parent=579"}],"wp:term":[{"taxonomy":"category","embeddable":true,"href":"https:\/\/www.freiholtz.se\/forvetet\/wp-json\/wp\/v2\/categories?post=579"},{"taxonomy":"post_tag","embeddable":true,"href":"https:\/\/www.freiholtz.se\/forvetet\/wp-json\/wp\/v2\/tags?post=579"}],"curies":[{"name":"wp","href":"https:\/\/api.w.org\/{rel}","templated":true}]}}