{"id":568,"date":"2003-04-08T23:26:01","date_gmt":"2003-04-08T21:26:01","guid":{"rendered":"http:\/\/www.freiholtz.se\/forvetet\/?p=568"},"modified":"2003-04-08T23:26:01","modified_gmt":"2003-04-08T21:26:01","slug":"undantaget-som-bekraftar","status":"publish","type":"post","link":"https:\/\/www.freiholtz.se\/forvetet\/2003\/04\/08\/undantaget-som-bekraftar\/","title":{"rendered":"Undantaget som bekr\u00e4ftar"},"content":{"rendered":"<p><!--92245816--><b>eller<\/b><\/p>\n<h3>Det som inte \u00e4r \u00e4r<\/h3>\n<p><a class=\"text\" href=\"http:\/\/www.karlsson.at\/#virvlat\">Klipspringer p\u00e5pekar<\/a>, aprop\u00e5 mitt inl\u00e4gg <a class=\"text\" href=\"http:\/\/www.freiholtz.se\/forvetet\/?p=571\"><b>Folkbildning i f\u00f6rfall<\/b><\/a> h\u00e4romdagen, att han ocks\u00e5 behandlat \u00e4mnet virvlat vatten. Det gjorde han p\u00e5 den tiden jag bara &#8221;torrbloggade&#8221;. Jag hade l\u00e4st K.-:s vassa och underh\u00e5llande artikel <a class=\"text\" href=\"http:\/\/www.karlsson.at\/Main%20site\/Stories\/valfrihet.htm\"><b>Valfrihet som ingen vill ha<\/b><\/a>, men gl\u00f6mt avsnittet om virvlat vatten. Det \u00e4r emllertid bra att K.- p\u00e5minner om artikeln, det g\u00f6r det m\u00f6jligt f\u00f6r mig att anm\u00e4la skiljaktig mening n\u00e4r det g\u00e4ller valfriheten<sup><b>1<\/b><\/sup>.<\/p>\n<p>Det vore en \u00f6verdrift att p\u00e5st\u00e5 att jag \u00e4r glad och tacksam, men jag k\u00e4nner mig \u00e5tminstone tillfreds med att ha f\u00e5tt m\u00f6jlighet att v\u00e4lja el- och teleleverant\u00f6r och vem som ska f\u00f6rvalta (en del av) mina pensionspengar. Sedan \u00e4r det en annan sak att jag har kvar Telia som teleoperat\u00f6r och min gamla elleverant\u00f6r. Att inte byta kan, trots vad m\u00e5nga kritiker av valfrihetsreformerna p\u00e5st\u00e5r, ocks\u00e5 vara ett val. Jag skulle till och med kunna str\u00e4cka mig till att s\u00e4ga att &#8221;<i>Ett uteblivet val \u00e4r ocks\u00e5 ett val<\/i>&#8221;, vilket f\u00f6r in mig p\u00e5 den mer filosofiska avdelningen av det h\u00e4r inl\u00e4gget. \u00c4ven det som inte \u00e4r, \u00e4r n\u00e5got:<\/p>\n<p>Ulf Lundell p\u00e5stod en g\u00e5ng i tiden att &#8221;<i>En inst\u00e4lld spelning \u00e4r ocks\u00e5 en spelning<\/i>&#8221;.<\/p>\n<p>Sj\u00e4lv har f\u00e5tt l\u00e4ra mig, och emellan\u00e5t haft anledning att l\u00e4ra ut, att &#8221;<i>Ett icke-beslut \u00e4r ocks\u00e5 ett beslut<\/i>&#8221;.<\/p>\n<p>Det kanske vore bra om n\u00e5gon kunde f\u00f6rklara f\u00f6r G\u00f6ran Persson et consortes att &#8221;<i>Ett brutet l\u00f6fte \u00e4r ocks\u00e5 ett l\u00f6fte<\/i>&#8221;.<\/p>\n<p><b>Fotnot 1<\/b>: Jag ber dessutom att f\u00e5 \u00e5terkomma betr\u00e4ffande konkurrens vid produktion av &#8221;public goods&#8221;. Att kommentera K.-:s synpunkter p\u00e5 detta kr\u00e4ver mer tid och eftertanke \u00e4n vad jag har m\u00f6jlighet att \u00e4gna det just nu.<\/p>\n","protected":false},"excerpt":{"rendered":"<p>eller Det som inte \u00e4r \u00e4r Klipspringer p\u00e5pekar, aprop\u00e5 mitt inl\u00e4gg Folkbildning i f\u00f6rfall h\u00e4romdagen, att han ocks\u00e5 behandlat \u00e4mnet virvlat vatten. Det gjorde han p\u00e5 den tiden jag bara &#8221;torrbloggade&#8221;. Jag hade l\u00e4st K.-:s vassa och underh\u00e5llande artikel Valfrihet som ingen vill ha, men gl\u00f6mt avsnittet om virvlat vatten. Det \u00e4r emllertid bra att&#8230;<\/p>\n","protected":false},"author":1,"featured_media":0,"comment_status":"closed","ping_status":"closed","sticky":false,"template":"","format":"standard","meta":{"_monsterinsights_skip_tracking":false,"_monsterinsights_sitenote_active":false,"_monsterinsights_sitenote_note":"","_monsterinsights_sitenote_category":0,"footnotes":""},"categories":[7],"tags":[],"class_list":["post-568","post","type-post","status-publish","format-standard","hentry","category-politik"],"yoast_head":"<!-- This site is optimized with the Yoast SEO plugin v27.5 - https:\/\/yoast.com\/product\/yoast-seo-wordpress\/ -->\n<title>Undantaget som bekr\u00e4ftar - F\u00f6rvetet<\/title>\n<meta name=\"robots\" content=\"index, follow, max-snippet:-1, max-image-preview:large, max-video-preview:-1\" \/>\n<link rel=\"canonical\" href=\"https:\/\/www.freiholtz.se\/forvetet\/2003\/04\/08\/undantaget-som-bekraftar\/\" \/>\n<meta property=\"og:locale\" content=\"sv_SE\" \/>\n<meta property=\"og:type\" content=\"article\" \/>\n<meta property=\"og:title\" content=\"Undantaget som bekr\u00e4ftar - F\u00f6rvetet\" \/>\n<meta property=\"og:description\" content=\"eller Det som inte \u00e4r \u00e4r Klipspringer p\u00e5pekar, aprop\u00e5 mitt inl\u00e4gg Folkbildning i f\u00f6rfall h\u00e4romdagen, att han ocks\u00e5 behandlat \u00e4mnet virvlat vatten. Det gjorde han p\u00e5 den tiden jag bara &#8221;torrbloggade&#8221;. Jag hade l\u00e4st K.-:s vassa och underh\u00e5llande artikel Valfrihet som ingen vill ha, men gl\u00f6mt avsnittet om virvlat vatten. Det \u00e4r emllertid bra att...\" \/>\n<meta property=\"og:url\" content=\"https:\/\/www.freiholtz.se\/forvetet\/2003\/04\/08\/undantaget-som-bekraftar\/\" \/>\n<meta property=\"og:site_name\" content=\"F\u00f6rvetet\" \/>\n<meta property=\"article:published_time\" content=\"2003-04-08T21:26:01+00:00\" \/>\n<meta name=\"author\" content=\"Thorvald\" \/>\n<meta name=\"twitter:card\" content=\"summary_large_image\" \/>\n<meta name=\"twitter:label1\" content=\"Skriven av\" \/>\n\t<meta name=\"twitter:data1\" content=\"Thorvald\" \/>\n\t<meta name=\"twitter:label2\" content=\"Ber\u00e4knad l\u00e4stid\" \/>\n\t<meta name=\"twitter:data2\" content=\"2 minuter\" \/>\n<script type=\"application\/ld+json\" class=\"yoast-schema-graph\">{\"@context\":\"https:\\\/\\\/schema.org\",\"@graph\":[{\"@type\":\"Article\",\"@id\":\"https:\\\/\\\/www.freiholtz.se\\\/forvetet\\\/2003\\\/04\\\/08\\\/undantaget-som-bekraftar\\\/#article\",\"isPartOf\":{\"@id\":\"https:\\\/\\\/www.freiholtz.se\\\/forvetet\\\/2003\\\/04\\\/08\\\/undantaget-som-bekraftar\\\/\"},\"author\":{\"name\":\"Thorvald\",\"@id\":\"https:\\\/\\\/www.freiholtz.se\\\/forvetet\\\/#\\\/schema\\\/person\\\/f8eba858e89d86da3e8f4131644d7c72\"},\"headline\":\"Undantaget som bekr\u00e4ftar\",\"datePublished\":\"2003-04-08T21:26:01+00:00\",\"mainEntityOfPage\":{\"@id\":\"https:\\\/\\\/www.freiholtz.se\\\/forvetet\\\/2003\\\/04\\\/08\\\/undantaget-som-bekraftar\\\/\"},\"wordCount\":330,\"articleSection\":[\"Politik\"],\"inLanguage\":\"sv-SE\"},{\"@type\":\"WebPage\",\"@id\":\"https:\\\/\\\/www.freiholtz.se\\\/forvetet\\\/2003\\\/04\\\/08\\\/undantaget-som-bekraftar\\\/\",\"url\":\"https:\\\/\\\/www.freiholtz.se\\\/forvetet\\\/2003\\\/04\\\/08\\\/undantaget-som-bekraftar\\\/\",\"name\":\"Undantaget som bekr\u00e4ftar - F\u00f6rvetet\",\"isPartOf\":{\"@id\":\"https:\\\/\\\/www.freiholtz.se\\\/forvetet\\\/#website\"},\"datePublished\":\"2003-04-08T21:26:01+00:00\",\"author\":{\"@id\":\"https:\\\/\\\/www.freiholtz.se\\\/forvetet\\\/#\\\/schema\\\/person\\\/f8eba858e89d86da3e8f4131644d7c72\"},\"breadcrumb\":{\"@id\":\"https:\\\/\\\/www.freiholtz.se\\\/forvetet\\\/2003\\\/04\\\/08\\\/undantaget-som-bekraftar\\\/#breadcrumb\"},\"inLanguage\":\"sv-SE\",\"potentialAction\":[{\"@type\":\"ReadAction\",\"target\":[\"https:\\\/\\\/www.freiholtz.se\\\/forvetet\\\/2003\\\/04\\\/08\\\/undantaget-som-bekraftar\\\/\"]}]},{\"@type\":\"BreadcrumbList\",\"@id\":\"https:\\\/\\\/www.freiholtz.se\\\/forvetet\\\/2003\\\/04\\\/08\\\/undantaget-som-bekraftar\\\/#breadcrumb\",\"itemListElement\":[{\"@type\":\"ListItem\",\"position\":1,\"name\":\"Hem\",\"item\":\"https:\\\/\\\/www.freiholtz.se\\\/forvetet\\\/\"},{\"@type\":\"ListItem\",\"position\":2,\"name\":\"Undantaget som bekr\u00e4ftar\"}]},{\"@type\":\"WebSite\",\"@id\":\"https:\\\/\\\/www.freiholtz.se\\\/forvetet\\\/#website\",\"url\":\"https:\\\/\\\/www.freiholtz.se\\\/forvetet\\\/\",\"name\":\"F\u00f6rvetet\",\"description\":\"en blogg fr\u00e5n freiholtz.se!\",\"potentialAction\":[{\"@type\":\"SearchAction\",\"target\":{\"@type\":\"EntryPoint\",\"urlTemplate\":\"https:\\\/\\\/www.freiholtz.se\\\/forvetet\\\/?s={search_term_string}\"},\"query-input\":{\"@type\":\"PropertyValueSpecification\",\"valueRequired\":true,\"valueName\":\"search_term_string\"}}],\"inLanguage\":\"sv-SE\"},{\"@type\":\"Person\",\"@id\":\"https:\\\/\\\/www.freiholtz.se\\\/forvetet\\\/#\\\/schema\\\/person\\\/f8eba858e89d86da3e8f4131644d7c72\",\"name\":\"Thorvald\",\"image\":{\"@type\":\"ImageObject\",\"inLanguage\":\"sv-SE\",\"@id\":\"https:\\\/\\\/secure.gravatar.com\\\/avatar\\\/8328a4c14b3a439f4c0cf3cf4af03cee061e00c35ed80000610d03c204796578?s=96&d=mm&r=g\",\"url\":\"https:\\\/\\\/secure.gravatar.com\\\/avatar\\\/8328a4c14b3a439f4c0cf3cf4af03cee061e00c35ed80000610d03c204796578?s=96&d=mm&r=g\",\"contentUrl\":\"https:\\\/\\\/secure.gravatar.com\\\/avatar\\\/8328a4c14b3a439f4c0cf3cf4af03cee061e00c35ed80000610d03c204796578?s=96&d=mm&r=g\",\"caption\":\"Thorvald\"},\"sameAs\":[\"https:\\\/\\\/www.freiholtz.se\"],\"url\":\"https:\\\/\\\/www.freiholtz.se\\\/forvetet\\\/author\\\/thorvald\\\/\"}]}<\/script>\n<!-- \/ Yoast SEO plugin. -->","yoast_head_json":{"title":"Undantaget som bekr\u00e4ftar - F\u00f6rvetet","robots":{"index":"index","follow":"follow","max-snippet":"max-snippet:-1","max-image-preview":"max-image-preview:large","max-video-preview":"max-video-preview:-1"},"canonical":"https:\/\/www.freiholtz.se\/forvetet\/2003\/04\/08\/undantaget-som-bekraftar\/","og_locale":"sv_SE","og_type":"article","og_title":"Undantaget som bekr\u00e4ftar - F\u00f6rvetet","og_description":"eller Det som inte \u00e4r \u00e4r Klipspringer p\u00e5pekar, aprop\u00e5 mitt inl\u00e4gg Folkbildning i f\u00f6rfall h\u00e4romdagen, att han ocks\u00e5 behandlat \u00e4mnet virvlat vatten. Det gjorde han p\u00e5 den tiden jag bara &#8221;torrbloggade&#8221;. Jag hade l\u00e4st K.-:s vassa och underh\u00e5llande artikel Valfrihet som ingen vill ha, men gl\u00f6mt avsnittet om virvlat vatten. Det \u00e4r emllertid bra att...","og_url":"https:\/\/www.freiholtz.se\/forvetet\/2003\/04\/08\/undantaget-som-bekraftar\/","og_site_name":"F\u00f6rvetet","article_published_time":"2003-04-08T21:26:01+00:00","author":"Thorvald","twitter_card":"summary_large_image","twitter_misc":{"Skriven av":"Thorvald","Ber\u00e4knad l\u00e4stid":"2 minuter"},"schema":{"@context":"https:\/\/schema.org","@graph":[{"@type":"Article","@id":"https:\/\/www.freiholtz.se\/forvetet\/2003\/04\/08\/undantaget-som-bekraftar\/#article","isPartOf":{"@id":"https:\/\/www.freiholtz.se\/forvetet\/2003\/04\/08\/undantaget-som-bekraftar\/"},"author":{"name":"Thorvald","@id":"https:\/\/www.freiholtz.se\/forvetet\/#\/schema\/person\/f8eba858e89d86da3e8f4131644d7c72"},"headline":"Undantaget som bekr\u00e4ftar","datePublished":"2003-04-08T21:26:01+00:00","mainEntityOfPage":{"@id":"https:\/\/www.freiholtz.se\/forvetet\/2003\/04\/08\/undantaget-som-bekraftar\/"},"wordCount":330,"articleSection":["Politik"],"inLanguage":"sv-SE"},{"@type":"WebPage","@id":"https:\/\/www.freiholtz.se\/forvetet\/2003\/04\/08\/undantaget-som-bekraftar\/","url":"https:\/\/www.freiholtz.se\/forvetet\/2003\/04\/08\/undantaget-som-bekraftar\/","name":"Undantaget som bekr\u00e4ftar - F\u00f6rvetet","isPartOf":{"@id":"https:\/\/www.freiholtz.se\/forvetet\/#website"},"datePublished":"2003-04-08T21:26:01+00:00","author":{"@id":"https:\/\/www.freiholtz.se\/forvetet\/#\/schema\/person\/f8eba858e89d86da3e8f4131644d7c72"},"breadcrumb":{"@id":"https:\/\/www.freiholtz.se\/forvetet\/2003\/04\/08\/undantaget-som-bekraftar\/#breadcrumb"},"inLanguage":"sv-SE","potentialAction":[{"@type":"ReadAction","target":["https:\/\/www.freiholtz.se\/forvetet\/2003\/04\/08\/undantaget-som-bekraftar\/"]}]},{"@type":"BreadcrumbList","@id":"https:\/\/www.freiholtz.se\/forvetet\/2003\/04\/08\/undantaget-som-bekraftar\/#breadcrumb","itemListElement":[{"@type":"ListItem","position":1,"name":"Hem","item":"https:\/\/www.freiholtz.se\/forvetet\/"},{"@type":"ListItem","position":2,"name":"Undantaget som bekr\u00e4ftar"}]},{"@type":"WebSite","@id":"https:\/\/www.freiholtz.se\/forvetet\/#website","url":"https:\/\/www.freiholtz.se\/forvetet\/","name":"F\u00f6rvetet","description":"en blogg fr\u00e5n freiholtz.se!","potentialAction":[{"@type":"SearchAction","target":{"@type":"EntryPoint","urlTemplate":"https:\/\/www.freiholtz.se\/forvetet\/?s={search_term_string}"},"query-input":{"@type":"PropertyValueSpecification","valueRequired":true,"valueName":"search_term_string"}}],"inLanguage":"sv-SE"},{"@type":"Person","@id":"https:\/\/www.freiholtz.se\/forvetet\/#\/schema\/person\/f8eba858e89d86da3e8f4131644d7c72","name":"Thorvald","image":{"@type":"ImageObject","inLanguage":"sv-SE","@id":"https:\/\/secure.gravatar.com\/avatar\/8328a4c14b3a439f4c0cf3cf4af03cee061e00c35ed80000610d03c204796578?s=96&d=mm&r=g","url":"https:\/\/secure.gravatar.com\/avatar\/8328a4c14b3a439f4c0cf3cf4af03cee061e00c35ed80000610d03c204796578?s=96&d=mm&r=g","contentUrl":"https:\/\/secure.gravatar.com\/avatar\/8328a4c14b3a439f4c0cf3cf4af03cee061e00c35ed80000610d03c204796578?s=96&d=mm&r=g","caption":"Thorvald"},"sameAs":["https:\/\/www.freiholtz.se"],"url":"https:\/\/www.freiholtz.se\/forvetet\/author\/thorvald\/"}]}},"_links":{"self":[{"href":"https:\/\/www.freiholtz.se\/forvetet\/wp-json\/wp\/v2\/posts\/568","targetHints":{"allow":["GET"]}}],"collection":[{"href":"https:\/\/www.freiholtz.se\/forvetet\/wp-json\/wp\/v2\/posts"}],"about":[{"href":"https:\/\/www.freiholtz.se\/forvetet\/wp-json\/wp\/v2\/types\/post"}],"author":[{"embeddable":true,"href":"https:\/\/www.freiholtz.se\/forvetet\/wp-json\/wp\/v2\/users\/1"}],"replies":[{"embeddable":true,"href":"https:\/\/www.freiholtz.se\/forvetet\/wp-json\/wp\/v2\/comments?post=568"}],"version-history":[{"count":0,"href":"https:\/\/www.freiholtz.se\/forvetet\/wp-json\/wp\/v2\/posts\/568\/revisions"}],"wp:attachment":[{"href":"https:\/\/www.freiholtz.se\/forvetet\/wp-json\/wp\/v2\/media?parent=568"}],"wp:term":[{"taxonomy":"category","embeddable":true,"href":"https:\/\/www.freiholtz.se\/forvetet\/wp-json\/wp\/v2\/categories?post=568"},{"taxonomy":"post_tag","embeddable":true,"href":"https:\/\/www.freiholtz.se\/forvetet\/wp-json\/wp\/v2\/tags?post=568"}],"curies":[{"name":"wp","href":"https:\/\/api.w.org\/{rel}","templated":true}]}}