{"id":557,"date":"2003-04-25T19:52:06","date_gmt":"2003-04-25T18:52:06","guid":{"rendered":"http:\/\/www.freiholtz.se\/forvetet\/?p=557"},"modified":"2003-04-25T19:52:06","modified_gmt":"2003-04-25T18:52:06","slug":"tryckkokare-europa","status":"publish","type":"post","link":"https:\/\/www.freiholtz.se\/forvetet\/2003\/04\/25\/tryckkokare-europa\/","title":{"rendered":"Tryckkokare Europa"},"content":{"rendered":"<p><!--93252006--><\/p>\n<p>P\u00e5 webbplatsen <a class=\"text\" href=\"http:\/\/www.emutorget.com\/command\/index.php\">EMU-torget<\/a>, framst\u00e4lld av <a class=\"text\" href=\"http:\/\/www.abf.se\/\">ABF<\/a> f\u00f6r <a class=\"text\" href=\"http:\/\/www.socialdemokraterna.se\/\">Socialdemokraterna<\/a> kan man under rubriken <strong>Nej-sidans b\u00e4sta argument<\/strong> bland annat hitta <a class=\"text\" href=\"http:\/\/www.emutorget.com\/command\/showarg_nej_sidan.php?id=23&amp;page=no\">denna tryckkokarrysare<\/a>:<\/p>\n<p>&#8221;<em>Institutioner och regler p\u00e5 arbetsmarknaden &#8211; till exempel de fackliga organisationernas makt &#8211; skall kokas mjuka eller till mos. Borgerliga EMU-f\u00f6respr\u00e5kare brukar med f\u00f6rtjusning beskriva denna effekt. Man pratar om att EMU kommer att tvinga fram \u00f6nskv\u00e4rda eller \u201dn\u00f6dv\u00e4ndiga\u201d avregleringar av arbetsr\u00e4tten, decentralisering av l\u00f6nebildningen och f\u00f6rsvaga l\u00f6ntagarnas fackliga organisationer. Allts\u00e5, allt det som Moderaterna och Svenskt N\u00e4ringsliv \u00e4nnu inte f\u00e5tt svenska folket att vilja r\u00f6sta fram, ska nu EMU tvinga p\u00e5 oss. Vi delar denna analys av tryckkokareffekten. D\u00e4rf\u00f6r s\u00e4ger vi nej<\/em>.&#8221;<\/p>\n<p>Jag har visserligen inte h\u00f6rt n\u00e5gon tongivande borgerlig politiker tillskriva EMU denna effekt, men det \u00e4r \u00e4nd\u00e5 l\u00e4tt att f\u00f6rst\u00e5 oron. Om Sverige g\u00e5r med i EMU \u00e4r det ju troligt reglerna p\u00e5 arbetsmarknaden p\u00e5 sikt kommer att harmoniseras. Det vore ju hemskt om vi skulle n\u00e4rma oss den decentraliserade, n\u00e4rmast anarkistiska l\u00f6nebildningen i Tyskland eller om den n\u00e4st intill obefintliga arbetsr\u00e4tten i Spanien skulle s\u00e4tta m\u00f6nster f\u00f6r Sverige. Men mest f\u00f6r\u00f6dande skulle effekterna av en harmonisering bli f\u00f6r v\u00e4lf\u00e4rden.<\/p>\n<p>Under resor p\u00e5 kontinenten har jag observerat i vilken mis\u00e4r innev\u00e5narna i BeNeLux, Tyskland, \u00d6sterrike med flera euro-l\u00e4nder tillbringar sina \u00f6mkliga liv. Jag lider med de tyska verkstadsarbetarna och sjukv\u00e5rdsbitr\u00e4dena som endast har r\u00e5d att \u00e5ka p\u00e5 semester till villaggios vid Adriatiska havet. Till r\u00e5ga p\u00e5 allt n\u00f6dgas de \u00e5ka i VW Passater, Opel Vectror och liknande, av fjol\u00e5rsmodell!!! De \u00e4r tvungna att bo i spartanskt utrustade l\u00e4genheter eller bungalows, ibland finns det inte ens mikrov\u00e5gsugn!!! F\u00f6r att inte tala om tj\u00e4nstem\u00e4nnen! De \u00e4r ofta tvungna att bo i luftkonditionerade hotell med strandl\u00e4ge och med en stor klorerad bass\u00e4ng. T\u00e4nk er sj\u00e4lva att beh\u00f6va st\u00e5 ut med detta efter en tr\u00f6ttande resa i en BMW 730 eller Mercedes-Benz S 600, de st\u00f6rs av folklivet, blir f\u00f6rkylda av luftkonditioneringen och f\u00e5r klorallergi. Vad \u00e4r detta j\u00e4mf\u00f6rt med en restresa till <a class=\"text\" href=\"http:\/\/www.bulgaria.com\/varna\/\">Varna<\/a>, <a class=\"text\" href=\"http:\/\/translate.google.com\/translate?hl=en&amp;u=http:\/\/www.bulgaria-italia.com\/bg\/info\/burgas\/default.asp\">Burgas<\/a> eller <a class=\"text\" href=\"http:\/\/svt.se\/svt\/jsp\/Crosslink.jsp?d=149&amp;a=6665\">Kas<\/a>? D\u00e4r r\u00e4cker den svenska kronan l\u00e5ngt.<\/p>\n<p>R\u00e4dda svenska arbetare och tj\u00e4nstem\u00e4n fr\u00e5n deras  kontinentala br\u00f6ders och systrars olycks\u00f6de &#8211; R\u00f6sta nej till Euron den 14 september!<\/p>\n","protected":false},"excerpt":{"rendered":"<p>P\u00e5 webbplatsen EMU-torget, framst\u00e4lld av ABF f\u00f6r Socialdemokraterna kan man under rubriken Nej-sidans b\u00e4sta argument bland annat hitta denna tryckkokarrysare: &#8221;Institutioner och regler p\u00e5 arbetsmarknaden &#8211; till exempel de fackliga organisationernas makt &#8211; skall kokas mjuka eller till mos. Borgerliga EMU-f\u00f6respr\u00e5kare brukar med f\u00f6rtjusning beskriva denna effekt. Man pratar om att EMU kommer att tvinga&#8230;<\/p>\n","protected":false},"author":1,"featured_media":0,"comment_status":"closed","ping_status":"closed","sticky":false,"template":"","format":"standard","meta":{"_monsterinsights_skip_tracking":false,"_monsterinsights_sitenote_active":false,"_monsterinsights_sitenote_note":"","_monsterinsights_sitenote_category":0,"footnotes":""},"categories":[7],"tags":[45,47,56],"class_list":["post-557","post","type-post","status-publish","format-standard","hentry","category-politik","tag-emu","tag-euro","tag-folkomrostning"],"yoast_head":"<!-- This site is optimized with the Yoast SEO plugin v27.5 - https:\/\/yoast.com\/product\/yoast-seo-wordpress\/ -->\n<title>Tryckkokare Europa - F\u00f6rvetet<\/title>\n<meta name=\"robots\" content=\"index, follow, max-snippet:-1, max-image-preview:large, max-video-preview:-1\" \/>\n<link rel=\"canonical\" href=\"https:\/\/www.freiholtz.se\/forvetet\/2003\/04\/25\/tryckkokare-europa\/\" \/>\n<meta property=\"og:locale\" content=\"sv_SE\" \/>\n<meta property=\"og:type\" content=\"article\" \/>\n<meta property=\"og:title\" content=\"Tryckkokare Europa - F\u00f6rvetet\" \/>\n<meta property=\"og:description\" content=\"P\u00e5 webbplatsen EMU-torget, framst\u00e4lld av ABF f\u00f6r Socialdemokraterna kan man under rubriken Nej-sidans b\u00e4sta argument bland annat hitta denna tryckkokarrysare: &#8221;Institutioner och regler p\u00e5 arbetsmarknaden &#8211; till exempel de fackliga organisationernas makt &#8211; skall kokas mjuka eller till mos. Borgerliga EMU-f\u00f6respr\u00e5kare brukar med f\u00f6rtjusning beskriva denna effekt. Man pratar om att EMU kommer att tvinga...\" \/>\n<meta property=\"og:url\" content=\"https:\/\/www.freiholtz.se\/forvetet\/2003\/04\/25\/tryckkokare-europa\/\" \/>\n<meta property=\"og:site_name\" content=\"F\u00f6rvetet\" \/>\n<meta property=\"article:published_time\" content=\"2003-04-25T18:52:06+00:00\" \/>\n<meta name=\"author\" content=\"Thorvald\" \/>\n<meta name=\"twitter:card\" content=\"summary_large_image\" \/>\n<meta name=\"twitter:label1\" content=\"Skriven av\" \/>\n\t<meta name=\"twitter:data1\" content=\"Thorvald\" \/>\n\t<meta name=\"twitter:label2\" content=\"Ber\u00e4knad l\u00e4stid\" \/>\n\t<meta name=\"twitter:data2\" content=\"2 minuter\" \/>\n<script type=\"application\/ld+json\" class=\"yoast-schema-graph\">{\"@context\":\"https:\\\/\\\/schema.org\",\"@graph\":[{\"@type\":\"Article\",\"@id\":\"https:\\\/\\\/www.freiholtz.se\\\/forvetet\\\/2003\\\/04\\\/25\\\/tryckkokare-europa\\\/#article\",\"isPartOf\":{\"@id\":\"https:\\\/\\\/www.freiholtz.se\\\/forvetet\\\/2003\\\/04\\\/25\\\/tryckkokare-europa\\\/\"},\"author\":{\"name\":\"Thorvald\",\"@id\":\"https:\\\/\\\/www.freiholtz.se\\\/forvetet\\\/#\\\/schema\\\/person\\\/f8eba858e89d86da3e8f4131644d7c72\"},\"headline\":\"Tryckkokare Europa\",\"datePublished\":\"2003-04-25T18:52:06+00:00\",\"mainEntityOfPage\":{\"@id\":\"https:\\\/\\\/www.freiholtz.se\\\/forvetet\\\/2003\\\/04\\\/25\\\/tryckkokare-europa\\\/\"},\"wordCount\":423,\"keywords\":[\"emu\",\"euro\",\"folkomr\u00f6stning\"],\"articleSection\":[\"Politik\"],\"inLanguage\":\"sv-SE\"},{\"@type\":\"WebPage\",\"@id\":\"https:\\\/\\\/www.freiholtz.se\\\/forvetet\\\/2003\\\/04\\\/25\\\/tryckkokare-europa\\\/\",\"url\":\"https:\\\/\\\/www.freiholtz.se\\\/forvetet\\\/2003\\\/04\\\/25\\\/tryckkokare-europa\\\/\",\"name\":\"Tryckkokare Europa - F\u00f6rvetet\",\"isPartOf\":{\"@id\":\"https:\\\/\\\/www.freiholtz.se\\\/forvetet\\\/#website\"},\"datePublished\":\"2003-04-25T18:52:06+00:00\",\"author\":{\"@id\":\"https:\\\/\\\/www.freiholtz.se\\\/forvetet\\\/#\\\/schema\\\/person\\\/f8eba858e89d86da3e8f4131644d7c72\"},\"breadcrumb\":{\"@id\":\"https:\\\/\\\/www.freiholtz.se\\\/forvetet\\\/2003\\\/04\\\/25\\\/tryckkokare-europa\\\/#breadcrumb\"},\"inLanguage\":\"sv-SE\",\"potentialAction\":[{\"@type\":\"ReadAction\",\"target\":[\"https:\\\/\\\/www.freiholtz.se\\\/forvetet\\\/2003\\\/04\\\/25\\\/tryckkokare-europa\\\/\"]}]},{\"@type\":\"BreadcrumbList\",\"@id\":\"https:\\\/\\\/www.freiholtz.se\\\/forvetet\\\/2003\\\/04\\\/25\\\/tryckkokare-europa\\\/#breadcrumb\",\"itemListElement\":[{\"@type\":\"ListItem\",\"position\":1,\"name\":\"Hem\",\"item\":\"https:\\\/\\\/www.freiholtz.se\\\/forvetet\\\/\"},{\"@type\":\"ListItem\",\"position\":2,\"name\":\"Tryckkokare Europa\"}]},{\"@type\":\"WebSite\",\"@id\":\"https:\\\/\\\/www.freiholtz.se\\\/forvetet\\\/#website\",\"url\":\"https:\\\/\\\/www.freiholtz.se\\\/forvetet\\\/\",\"name\":\"F\u00f6rvetet\",\"description\":\"en blogg fr\u00e5n freiholtz.se!\",\"potentialAction\":[{\"@type\":\"SearchAction\",\"target\":{\"@type\":\"EntryPoint\",\"urlTemplate\":\"https:\\\/\\\/www.freiholtz.se\\\/forvetet\\\/?s={search_term_string}\"},\"query-input\":{\"@type\":\"PropertyValueSpecification\",\"valueRequired\":true,\"valueName\":\"search_term_string\"}}],\"inLanguage\":\"sv-SE\"},{\"@type\":\"Person\",\"@id\":\"https:\\\/\\\/www.freiholtz.se\\\/forvetet\\\/#\\\/schema\\\/person\\\/f8eba858e89d86da3e8f4131644d7c72\",\"name\":\"Thorvald\",\"image\":{\"@type\":\"ImageObject\",\"inLanguage\":\"sv-SE\",\"@id\":\"https:\\\/\\\/secure.gravatar.com\\\/avatar\\\/8328a4c14b3a439f4c0cf3cf4af03cee061e00c35ed80000610d03c204796578?s=96&d=mm&r=g\",\"url\":\"https:\\\/\\\/secure.gravatar.com\\\/avatar\\\/8328a4c14b3a439f4c0cf3cf4af03cee061e00c35ed80000610d03c204796578?s=96&d=mm&r=g\",\"contentUrl\":\"https:\\\/\\\/secure.gravatar.com\\\/avatar\\\/8328a4c14b3a439f4c0cf3cf4af03cee061e00c35ed80000610d03c204796578?s=96&d=mm&r=g\",\"caption\":\"Thorvald\"},\"sameAs\":[\"https:\\\/\\\/www.freiholtz.se\"],\"url\":\"https:\\\/\\\/www.freiholtz.se\\\/forvetet\\\/author\\\/thorvald\\\/\"}]}<\/script>\n<!-- \/ Yoast SEO plugin. -->","yoast_head_json":{"title":"Tryckkokare Europa - F\u00f6rvetet","robots":{"index":"index","follow":"follow","max-snippet":"max-snippet:-1","max-image-preview":"max-image-preview:large","max-video-preview":"max-video-preview:-1"},"canonical":"https:\/\/www.freiholtz.se\/forvetet\/2003\/04\/25\/tryckkokare-europa\/","og_locale":"sv_SE","og_type":"article","og_title":"Tryckkokare Europa - F\u00f6rvetet","og_description":"P\u00e5 webbplatsen EMU-torget, framst\u00e4lld av ABF f\u00f6r Socialdemokraterna kan man under rubriken Nej-sidans b\u00e4sta argument bland annat hitta denna tryckkokarrysare: &#8221;Institutioner och regler p\u00e5 arbetsmarknaden &#8211; till exempel de fackliga organisationernas makt &#8211; skall kokas mjuka eller till mos. Borgerliga EMU-f\u00f6respr\u00e5kare brukar med f\u00f6rtjusning beskriva denna effekt. Man pratar om att EMU kommer att tvinga...","og_url":"https:\/\/www.freiholtz.se\/forvetet\/2003\/04\/25\/tryckkokare-europa\/","og_site_name":"F\u00f6rvetet","article_published_time":"2003-04-25T18:52:06+00:00","author":"Thorvald","twitter_card":"summary_large_image","twitter_misc":{"Skriven av":"Thorvald","Ber\u00e4knad l\u00e4stid":"2 minuter"},"schema":{"@context":"https:\/\/schema.org","@graph":[{"@type":"Article","@id":"https:\/\/www.freiholtz.se\/forvetet\/2003\/04\/25\/tryckkokare-europa\/#article","isPartOf":{"@id":"https:\/\/www.freiholtz.se\/forvetet\/2003\/04\/25\/tryckkokare-europa\/"},"author":{"name":"Thorvald","@id":"https:\/\/www.freiholtz.se\/forvetet\/#\/schema\/person\/f8eba858e89d86da3e8f4131644d7c72"},"headline":"Tryckkokare Europa","datePublished":"2003-04-25T18:52:06+00:00","mainEntityOfPage":{"@id":"https:\/\/www.freiholtz.se\/forvetet\/2003\/04\/25\/tryckkokare-europa\/"},"wordCount":423,"keywords":["emu","euro","folkomr\u00f6stning"],"articleSection":["Politik"],"inLanguage":"sv-SE"},{"@type":"WebPage","@id":"https:\/\/www.freiholtz.se\/forvetet\/2003\/04\/25\/tryckkokare-europa\/","url":"https:\/\/www.freiholtz.se\/forvetet\/2003\/04\/25\/tryckkokare-europa\/","name":"Tryckkokare Europa - F\u00f6rvetet","isPartOf":{"@id":"https:\/\/www.freiholtz.se\/forvetet\/#website"},"datePublished":"2003-04-25T18:52:06+00:00","author":{"@id":"https:\/\/www.freiholtz.se\/forvetet\/#\/schema\/person\/f8eba858e89d86da3e8f4131644d7c72"},"breadcrumb":{"@id":"https:\/\/www.freiholtz.se\/forvetet\/2003\/04\/25\/tryckkokare-europa\/#breadcrumb"},"inLanguage":"sv-SE","potentialAction":[{"@type":"ReadAction","target":["https:\/\/www.freiholtz.se\/forvetet\/2003\/04\/25\/tryckkokare-europa\/"]}]},{"@type":"BreadcrumbList","@id":"https:\/\/www.freiholtz.se\/forvetet\/2003\/04\/25\/tryckkokare-europa\/#breadcrumb","itemListElement":[{"@type":"ListItem","position":1,"name":"Hem","item":"https:\/\/www.freiholtz.se\/forvetet\/"},{"@type":"ListItem","position":2,"name":"Tryckkokare Europa"}]},{"@type":"WebSite","@id":"https:\/\/www.freiholtz.se\/forvetet\/#website","url":"https:\/\/www.freiholtz.se\/forvetet\/","name":"F\u00f6rvetet","description":"en blogg fr\u00e5n freiholtz.se!","potentialAction":[{"@type":"SearchAction","target":{"@type":"EntryPoint","urlTemplate":"https:\/\/www.freiholtz.se\/forvetet\/?s={search_term_string}"},"query-input":{"@type":"PropertyValueSpecification","valueRequired":true,"valueName":"search_term_string"}}],"inLanguage":"sv-SE"},{"@type":"Person","@id":"https:\/\/www.freiholtz.se\/forvetet\/#\/schema\/person\/f8eba858e89d86da3e8f4131644d7c72","name":"Thorvald","image":{"@type":"ImageObject","inLanguage":"sv-SE","@id":"https:\/\/secure.gravatar.com\/avatar\/8328a4c14b3a439f4c0cf3cf4af03cee061e00c35ed80000610d03c204796578?s=96&d=mm&r=g","url":"https:\/\/secure.gravatar.com\/avatar\/8328a4c14b3a439f4c0cf3cf4af03cee061e00c35ed80000610d03c204796578?s=96&d=mm&r=g","contentUrl":"https:\/\/secure.gravatar.com\/avatar\/8328a4c14b3a439f4c0cf3cf4af03cee061e00c35ed80000610d03c204796578?s=96&d=mm&r=g","caption":"Thorvald"},"sameAs":["https:\/\/www.freiholtz.se"],"url":"https:\/\/www.freiholtz.se\/forvetet\/author\/thorvald\/"}]}},"_links":{"self":[{"href":"https:\/\/www.freiholtz.se\/forvetet\/wp-json\/wp\/v2\/posts\/557","targetHints":{"allow":["GET"]}}],"collection":[{"href":"https:\/\/www.freiholtz.se\/forvetet\/wp-json\/wp\/v2\/posts"}],"about":[{"href":"https:\/\/www.freiholtz.se\/forvetet\/wp-json\/wp\/v2\/types\/post"}],"author":[{"embeddable":true,"href":"https:\/\/www.freiholtz.se\/forvetet\/wp-json\/wp\/v2\/users\/1"}],"replies":[{"embeddable":true,"href":"https:\/\/www.freiholtz.se\/forvetet\/wp-json\/wp\/v2\/comments?post=557"}],"version-history":[{"count":0,"href":"https:\/\/www.freiholtz.se\/forvetet\/wp-json\/wp\/v2\/posts\/557\/revisions"}],"wp:attachment":[{"href":"https:\/\/www.freiholtz.se\/forvetet\/wp-json\/wp\/v2\/media?parent=557"}],"wp:term":[{"taxonomy":"category","embeddable":true,"href":"https:\/\/www.freiholtz.se\/forvetet\/wp-json\/wp\/v2\/categories?post=557"},{"taxonomy":"post_tag","embeddable":true,"href":"https:\/\/www.freiholtz.se\/forvetet\/wp-json\/wp\/v2\/tags?post=557"}],"curies":[{"name":"wp","href":"https:\/\/api.w.org\/{rel}","templated":true}]}}