{"id":551,"date":"2003-03-02T19:50:57","date_gmt":"2003-03-02T18:50:57","guid":{"rendered":"http:\/\/www.freiholtz.se\/forvetet\/?p=551"},"modified":"2003-03-02T19:50:57","modified_gmt":"2003-03-02T18:50:57","slug":"en-mer-nyanserad-och-detaljerad-asikt","status":"publish","type":"post","link":"https:\/\/www.freiholtz.se\/forvetet\/2003\/03\/02\/en-mer-nyanserad-och-detaljerad-asikt\/","title":{"rendered":"En mer nyanserad och detaljerad \u00e5sikt"},"content":{"rendered":"<p><!--90007142--><a class=\"text\" href=\"http:\/\/www.wwd.se\/forfattare\/oz.htm\">Amos Oz<\/a> \u00e4r <a class=\"text\" href=\"http:\/\/www.gp.se\/gp\/jsp\/Crosslink.jsp?d=121&amp;a=118652\">inte f\u00f6r ett Irak-krig och mot krigsmotst\u00e5ndare<\/a>. \u00c5tminstone vissa, han buntar inte ihop alla under rubriken USA-hatare. Han \u00e4r mer nyanserad \u00e4n s\u00e5. Han redog\u00f6r ocks\u00e5 (relativt) detaljerat varf\u00f6r han inte \u00e4r f\u00f6r krig.<\/p>\n","protected":false},"excerpt":{"rendered":"<p>Amos Oz \u00e4r inte f\u00f6r ett Irak-krig och mot krigsmotst\u00e5ndare. \u00c5tminstone vissa, han buntar inte ihop alla under rubriken USA-hatare. Han \u00e4r mer nyanserad \u00e4n s\u00e5. Han redog\u00f6r ocks\u00e5 (relativt) detaljerat varf\u00f6r han inte \u00e4r f\u00f6r krig.<\/p>\n","protected":false},"author":1,"featured_media":0,"comment_status":"closed","ping_status":"closed","sticky":false,"template":"","format":"standard","meta":{"_monsterinsights_skip_tracking":false,"_monsterinsights_sitenote_active":false,"_monsterinsights_sitenote_note":"","_monsterinsights_sitenote_category":0,"footnotes":""},"categories":[7],"tags":[],"class_list":["post-551","post","type-post","status-publish","format-standard","hentry","category-politik"],"yoast_head":"<!-- This site is optimized with the Yoast SEO plugin v27.5 - https:\/\/yoast.com\/product\/yoast-seo-wordpress\/ -->\n<title>En mer nyanserad och detaljerad \u00e5sikt - F\u00f6rvetet<\/title>\n<meta name=\"robots\" content=\"index, follow, max-snippet:-1, max-image-preview:large, max-video-preview:-1\" \/>\n<link rel=\"canonical\" href=\"https:\/\/www.freiholtz.se\/forvetet\/2003\/03\/02\/en-mer-nyanserad-och-detaljerad-asikt\/\" \/>\n<meta property=\"og:locale\" content=\"sv_SE\" \/>\n<meta property=\"og:type\" content=\"article\" \/>\n<meta property=\"og:title\" content=\"En mer nyanserad och detaljerad \u00e5sikt - F\u00f6rvetet\" \/>\n<meta property=\"og:description\" content=\"Amos Oz \u00e4r inte f\u00f6r ett Irak-krig och mot krigsmotst\u00e5ndare. \u00c5tminstone vissa, han buntar inte ihop alla under rubriken USA-hatare. Han \u00e4r mer nyanserad \u00e4n s\u00e5. Han redog\u00f6r ocks\u00e5 (relativt) detaljerat varf\u00f6r han inte \u00e4r f\u00f6r krig.\" \/>\n<meta property=\"og:url\" content=\"https:\/\/www.freiholtz.se\/forvetet\/2003\/03\/02\/en-mer-nyanserad-och-detaljerad-asikt\/\" \/>\n<meta property=\"og:site_name\" content=\"F\u00f6rvetet\" \/>\n<meta property=\"article:published_time\" content=\"2003-03-02T18:50:57+00:00\" \/>\n<meta name=\"author\" content=\"Thorvald\" \/>\n<meta name=\"twitter:card\" content=\"summary_large_image\" \/>\n<meta name=\"twitter:label1\" content=\"Skriven av\" \/>\n\t<meta name=\"twitter:data1\" content=\"Thorvald\" \/>\n<script type=\"application\/ld+json\" class=\"yoast-schema-graph\">{\"@context\":\"https:\\\/\\\/schema.org\",\"@graph\":[{\"@type\":\"Article\",\"@id\":\"https:\\\/\\\/www.freiholtz.se\\\/forvetet\\\/2003\\\/03\\\/02\\\/en-mer-nyanserad-och-detaljerad-asikt\\\/#article\",\"isPartOf\":{\"@id\":\"https:\\\/\\\/www.freiholtz.se\\\/forvetet\\\/2003\\\/03\\\/02\\\/en-mer-nyanserad-och-detaljerad-asikt\\\/\"},\"author\":{\"name\":\"Thorvald\",\"@id\":\"https:\\\/\\\/www.freiholtz.se\\\/forvetet\\\/#\\\/schema\\\/person\\\/f8eba858e89d86da3e8f4131644d7c72\"},\"headline\":\"En mer nyanserad och detaljerad \u00e5sikt\",\"datePublished\":\"2003-03-02T18:50:57+00:00\",\"mainEntityOfPage\":{\"@id\":\"https:\\\/\\\/www.freiholtz.se\\\/forvetet\\\/2003\\\/03\\\/02\\\/en-mer-nyanserad-och-detaljerad-asikt\\\/\"},\"wordCount\":48,\"articleSection\":[\"Politik\"],\"inLanguage\":\"sv-SE\"},{\"@type\":\"WebPage\",\"@id\":\"https:\\\/\\\/www.freiholtz.se\\\/forvetet\\\/2003\\\/03\\\/02\\\/en-mer-nyanserad-och-detaljerad-asikt\\\/\",\"url\":\"https:\\\/\\\/www.freiholtz.se\\\/forvetet\\\/2003\\\/03\\\/02\\\/en-mer-nyanserad-och-detaljerad-asikt\\\/\",\"name\":\"En mer nyanserad och detaljerad \u00e5sikt - F\u00f6rvetet\",\"isPartOf\":{\"@id\":\"https:\\\/\\\/www.freiholtz.se\\\/forvetet\\\/#website\"},\"datePublished\":\"2003-03-02T18:50:57+00:00\",\"author\":{\"@id\":\"https:\\\/\\\/www.freiholtz.se\\\/forvetet\\\/#\\\/schema\\\/person\\\/f8eba858e89d86da3e8f4131644d7c72\"},\"breadcrumb\":{\"@id\":\"https:\\\/\\\/www.freiholtz.se\\\/forvetet\\\/2003\\\/03\\\/02\\\/en-mer-nyanserad-och-detaljerad-asikt\\\/#breadcrumb\"},\"inLanguage\":\"sv-SE\",\"potentialAction\":[{\"@type\":\"ReadAction\",\"target\":[\"https:\\\/\\\/www.freiholtz.se\\\/forvetet\\\/2003\\\/03\\\/02\\\/en-mer-nyanserad-och-detaljerad-asikt\\\/\"]}]},{\"@type\":\"BreadcrumbList\",\"@id\":\"https:\\\/\\\/www.freiholtz.se\\\/forvetet\\\/2003\\\/03\\\/02\\\/en-mer-nyanserad-och-detaljerad-asikt\\\/#breadcrumb\",\"itemListElement\":[{\"@type\":\"ListItem\",\"position\":1,\"name\":\"Hem\",\"item\":\"https:\\\/\\\/www.freiholtz.se\\\/forvetet\\\/\"},{\"@type\":\"ListItem\",\"position\":2,\"name\":\"En mer nyanserad och detaljerad \u00e5sikt\"}]},{\"@type\":\"WebSite\",\"@id\":\"https:\\\/\\\/www.freiholtz.se\\\/forvetet\\\/#website\",\"url\":\"https:\\\/\\\/www.freiholtz.se\\\/forvetet\\\/\",\"name\":\"F\u00f6rvetet\",\"description\":\"en blogg fr\u00e5n freiholtz.se!\",\"potentialAction\":[{\"@type\":\"SearchAction\",\"target\":{\"@type\":\"EntryPoint\",\"urlTemplate\":\"https:\\\/\\\/www.freiholtz.se\\\/forvetet\\\/?s={search_term_string}\"},\"query-input\":{\"@type\":\"PropertyValueSpecification\",\"valueRequired\":true,\"valueName\":\"search_term_string\"}}],\"inLanguage\":\"sv-SE\"},{\"@type\":\"Person\",\"@id\":\"https:\\\/\\\/www.freiholtz.se\\\/forvetet\\\/#\\\/schema\\\/person\\\/f8eba858e89d86da3e8f4131644d7c72\",\"name\":\"Thorvald\",\"image\":{\"@type\":\"ImageObject\",\"inLanguage\":\"sv-SE\",\"@id\":\"https:\\\/\\\/secure.gravatar.com\\\/avatar\\\/8328a4c14b3a439f4c0cf3cf4af03cee061e00c35ed80000610d03c204796578?s=96&d=mm&r=g\",\"url\":\"https:\\\/\\\/secure.gravatar.com\\\/avatar\\\/8328a4c14b3a439f4c0cf3cf4af03cee061e00c35ed80000610d03c204796578?s=96&d=mm&r=g\",\"contentUrl\":\"https:\\\/\\\/secure.gravatar.com\\\/avatar\\\/8328a4c14b3a439f4c0cf3cf4af03cee061e00c35ed80000610d03c204796578?s=96&d=mm&r=g\",\"caption\":\"Thorvald\"},\"sameAs\":[\"https:\\\/\\\/www.freiholtz.se\"],\"url\":\"https:\\\/\\\/www.freiholtz.se\\\/forvetet\\\/author\\\/thorvald\\\/\"}]}<\/script>\n<!-- \/ Yoast SEO plugin. -->","yoast_head_json":{"title":"En mer nyanserad och detaljerad \u00e5sikt - F\u00f6rvetet","robots":{"index":"index","follow":"follow","max-snippet":"max-snippet:-1","max-image-preview":"max-image-preview:large","max-video-preview":"max-video-preview:-1"},"canonical":"https:\/\/www.freiholtz.se\/forvetet\/2003\/03\/02\/en-mer-nyanserad-och-detaljerad-asikt\/","og_locale":"sv_SE","og_type":"article","og_title":"En mer nyanserad och detaljerad \u00e5sikt - F\u00f6rvetet","og_description":"Amos Oz \u00e4r inte f\u00f6r ett Irak-krig och mot krigsmotst\u00e5ndare. \u00c5tminstone vissa, han buntar inte ihop alla under rubriken USA-hatare. Han \u00e4r mer nyanserad \u00e4n s\u00e5. Han redog\u00f6r ocks\u00e5 (relativt) detaljerat varf\u00f6r han inte \u00e4r f\u00f6r krig.","og_url":"https:\/\/www.freiholtz.se\/forvetet\/2003\/03\/02\/en-mer-nyanserad-och-detaljerad-asikt\/","og_site_name":"F\u00f6rvetet","article_published_time":"2003-03-02T18:50:57+00:00","author":"Thorvald","twitter_card":"summary_large_image","twitter_misc":{"Skriven av":"Thorvald"},"schema":{"@context":"https:\/\/schema.org","@graph":[{"@type":"Article","@id":"https:\/\/www.freiholtz.se\/forvetet\/2003\/03\/02\/en-mer-nyanserad-och-detaljerad-asikt\/#article","isPartOf":{"@id":"https:\/\/www.freiholtz.se\/forvetet\/2003\/03\/02\/en-mer-nyanserad-och-detaljerad-asikt\/"},"author":{"name":"Thorvald","@id":"https:\/\/www.freiholtz.se\/forvetet\/#\/schema\/person\/f8eba858e89d86da3e8f4131644d7c72"},"headline":"En mer nyanserad och detaljerad \u00e5sikt","datePublished":"2003-03-02T18:50:57+00:00","mainEntityOfPage":{"@id":"https:\/\/www.freiholtz.se\/forvetet\/2003\/03\/02\/en-mer-nyanserad-och-detaljerad-asikt\/"},"wordCount":48,"articleSection":["Politik"],"inLanguage":"sv-SE"},{"@type":"WebPage","@id":"https:\/\/www.freiholtz.se\/forvetet\/2003\/03\/02\/en-mer-nyanserad-och-detaljerad-asikt\/","url":"https:\/\/www.freiholtz.se\/forvetet\/2003\/03\/02\/en-mer-nyanserad-och-detaljerad-asikt\/","name":"En mer nyanserad och detaljerad \u00e5sikt - F\u00f6rvetet","isPartOf":{"@id":"https:\/\/www.freiholtz.se\/forvetet\/#website"},"datePublished":"2003-03-02T18:50:57+00:00","author":{"@id":"https:\/\/www.freiholtz.se\/forvetet\/#\/schema\/person\/f8eba858e89d86da3e8f4131644d7c72"},"breadcrumb":{"@id":"https:\/\/www.freiholtz.se\/forvetet\/2003\/03\/02\/en-mer-nyanserad-och-detaljerad-asikt\/#breadcrumb"},"inLanguage":"sv-SE","potentialAction":[{"@type":"ReadAction","target":["https:\/\/www.freiholtz.se\/forvetet\/2003\/03\/02\/en-mer-nyanserad-och-detaljerad-asikt\/"]}]},{"@type":"BreadcrumbList","@id":"https:\/\/www.freiholtz.se\/forvetet\/2003\/03\/02\/en-mer-nyanserad-och-detaljerad-asikt\/#breadcrumb","itemListElement":[{"@type":"ListItem","position":1,"name":"Hem","item":"https:\/\/www.freiholtz.se\/forvetet\/"},{"@type":"ListItem","position":2,"name":"En mer nyanserad och detaljerad \u00e5sikt"}]},{"@type":"WebSite","@id":"https:\/\/www.freiholtz.se\/forvetet\/#website","url":"https:\/\/www.freiholtz.se\/forvetet\/","name":"F\u00f6rvetet","description":"en blogg fr\u00e5n freiholtz.se!","potentialAction":[{"@type":"SearchAction","target":{"@type":"EntryPoint","urlTemplate":"https:\/\/www.freiholtz.se\/forvetet\/?s={search_term_string}"},"query-input":{"@type":"PropertyValueSpecification","valueRequired":true,"valueName":"search_term_string"}}],"inLanguage":"sv-SE"},{"@type":"Person","@id":"https:\/\/www.freiholtz.se\/forvetet\/#\/schema\/person\/f8eba858e89d86da3e8f4131644d7c72","name":"Thorvald","image":{"@type":"ImageObject","inLanguage":"sv-SE","@id":"https:\/\/secure.gravatar.com\/avatar\/8328a4c14b3a439f4c0cf3cf4af03cee061e00c35ed80000610d03c204796578?s=96&d=mm&r=g","url":"https:\/\/secure.gravatar.com\/avatar\/8328a4c14b3a439f4c0cf3cf4af03cee061e00c35ed80000610d03c204796578?s=96&d=mm&r=g","contentUrl":"https:\/\/secure.gravatar.com\/avatar\/8328a4c14b3a439f4c0cf3cf4af03cee061e00c35ed80000610d03c204796578?s=96&d=mm&r=g","caption":"Thorvald"},"sameAs":["https:\/\/www.freiholtz.se"],"url":"https:\/\/www.freiholtz.se\/forvetet\/author\/thorvald\/"}]}},"_links":{"self":[{"href":"https:\/\/www.freiholtz.se\/forvetet\/wp-json\/wp\/v2\/posts\/551","targetHints":{"allow":["GET"]}}],"collection":[{"href":"https:\/\/www.freiholtz.se\/forvetet\/wp-json\/wp\/v2\/posts"}],"about":[{"href":"https:\/\/www.freiholtz.se\/forvetet\/wp-json\/wp\/v2\/types\/post"}],"author":[{"embeddable":true,"href":"https:\/\/www.freiholtz.se\/forvetet\/wp-json\/wp\/v2\/users\/1"}],"replies":[{"embeddable":true,"href":"https:\/\/www.freiholtz.se\/forvetet\/wp-json\/wp\/v2\/comments?post=551"}],"version-history":[{"count":0,"href":"https:\/\/www.freiholtz.se\/forvetet\/wp-json\/wp\/v2\/posts\/551\/revisions"}],"wp:attachment":[{"href":"https:\/\/www.freiholtz.se\/forvetet\/wp-json\/wp\/v2\/media?parent=551"}],"wp:term":[{"taxonomy":"category","embeddable":true,"href":"https:\/\/www.freiholtz.se\/forvetet\/wp-json\/wp\/v2\/categories?post=551"},{"taxonomy":"post_tag","embeddable":true,"href":"https:\/\/www.freiholtz.se\/forvetet\/wp-json\/wp\/v2\/tags?post=551"}],"curies":[{"name":"wp","href":"https:\/\/api.w.org\/{rel}","templated":true}]}}