{"id":524,"date":"2003-03-27T19:03:36","date_gmt":"2003-03-27T18:03:36","guid":{"rendered":"http:\/\/www.freiholtz.se\/forvetet\/?p=524"},"modified":"2003-03-27T19:03:36","modified_gmt":"2003-03-27T18:03:36","slug":"positiv-pragmatism","status":"publish","type":"post","link":"https:\/\/www.freiholtz.se\/forvetet\/2003\/03\/27\/positiv-pragmatism\/","title":{"rendered":"Positiv pragmatism"},"content":{"rendered":"<p><!--91492611--><\/p>\n<p>Konjunkturen har f\u00f6rs\u00e4mrats p\u00e5 ett, f\u00f6r G\u00f6ran Persson och Bosse Ringholm, helt outf\u00f6rs\u00e4gbart s\u00e4tt. De reformer som herrarna utlovade s\u00e5v\u00e4l f\u00f6re som efter valet m\u00e5ste skjutas p\u00e5 framtiden och de m\u00e5ste i st\u00e4llet dra ner p\u00e5 de statliga utgifterna.<\/p>\n<p>Det \u00e4r positivt att de kommit p\u00e5 ett s\u00e4tt att spara utan att det drabbar n\u00e5gon av de &#8221;<a class=\"text\" href=\"http:\/\/www.forskningsstation.com\/utsatt.htm\"><i>utsatta grupperna<\/i><\/a>&#8221; i det svenska samh\u00e4llet (d.v.s alla <a class=\"text\" href=\"http:\/\/www.aftonbladet.se\/vss\/halsa\/story\/0,2789,200730,00.html\">utom medel\u00e5lders m\u00e4n<\/a> med arbete och gymnasie- eller h\u00f6gre utbildning). Det \u00e4r ju genialiskt att <a class=\"text\" href=\"http:\/\/www.sr.se\/ekot\/artikel.asp?artikel=207266\"><b>spara p\u00e5 bist\u00e5ndet<\/b><\/a>! Ingen svekdebatt och inga efterr\u00e4kningar i n\u00e4sta val. <a class=\"text\" href=\"http:\/\/www.sida.se\/Sida\/jsp\/polopoly.jsp?d=1575&amp;a=16110\">De fattiga i Burkina Faso<\/a>, <a class=\"text\" href=\"http:\/\/www.sida.se\/Sida\/jsp\/polopoly.jsp?d=700&amp;a=16880\">urbefolkningen i Bolivia<\/a> och <a class=\"text\" href=\"http:\/\/www.sida.se\/Sida\/jsp\/polopoly.jsp?d=591\">de arbetsl\u00f6sa i Moldavien<\/a> har ju inte r\u00f6str\u00e4tt i Sverige.<\/p>\n","protected":false},"excerpt":{"rendered":"<p>Konjunkturen har f\u00f6rs\u00e4mrats p\u00e5 ett, f\u00f6r G\u00f6ran Persson och Bosse Ringholm, helt outf\u00f6rs\u00e4gbart s\u00e4tt. De reformer som herrarna utlovade s\u00e5v\u00e4l f\u00f6re som efter valet m\u00e5ste skjutas p\u00e5 framtiden och de m\u00e5ste i st\u00e4llet dra ner p\u00e5 de statliga utgifterna. Det \u00e4r positivt att de kommit p\u00e5 ett s\u00e4tt att spara utan att det drabbar n\u00e5gon&#8230;<\/p>\n","protected":false},"author":1,"featured_media":0,"comment_status":"closed","ping_status":"closed","sticky":false,"template":"","format":"standard","meta":{"_monsterinsights_skip_tracking":false,"_monsterinsights_sitenote_active":false,"_monsterinsights_sitenote_note":"","_monsterinsights_sitenote_category":0,"footnotes":""},"categories":[7],"tags":[],"class_list":["post-524","post","type-post","status-publish","format-standard","hentry","category-politik"],"yoast_head":"<!-- This site is optimized with the Yoast SEO plugin v27.5 - https:\/\/yoast.com\/product\/yoast-seo-wordpress\/ -->\n<title>Positiv pragmatism - F\u00f6rvetet<\/title>\n<meta name=\"robots\" content=\"index, follow, max-snippet:-1, max-image-preview:large, max-video-preview:-1\" \/>\n<link rel=\"canonical\" href=\"https:\/\/www.freiholtz.se\/forvetet\/2003\/03\/27\/positiv-pragmatism\/\" \/>\n<meta property=\"og:locale\" content=\"sv_SE\" \/>\n<meta property=\"og:type\" content=\"article\" \/>\n<meta property=\"og:title\" content=\"Positiv pragmatism - F\u00f6rvetet\" \/>\n<meta property=\"og:description\" content=\"Konjunkturen har f\u00f6rs\u00e4mrats p\u00e5 ett, f\u00f6r G\u00f6ran Persson och Bosse Ringholm, helt outf\u00f6rs\u00e4gbart s\u00e4tt. De reformer som herrarna utlovade s\u00e5v\u00e4l f\u00f6re som efter valet m\u00e5ste skjutas p\u00e5 framtiden och de m\u00e5ste i st\u00e4llet dra ner p\u00e5 de statliga utgifterna. Det \u00e4r positivt att de kommit p\u00e5 ett s\u00e4tt att spara utan att det drabbar n\u00e5gon...\" \/>\n<meta property=\"og:url\" content=\"https:\/\/www.freiholtz.se\/forvetet\/2003\/03\/27\/positiv-pragmatism\/\" \/>\n<meta property=\"og:site_name\" content=\"F\u00f6rvetet\" \/>\n<meta property=\"article:published_time\" content=\"2003-03-27T18:03:36+00:00\" \/>\n<meta name=\"author\" content=\"Thorvald\" \/>\n<meta name=\"twitter:card\" content=\"summary_large_image\" \/>\n<meta name=\"twitter:label1\" content=\"Skriven av\" \/>\n\t<meta name=\"twitter:data1\" content=\"Thorvald\" \/>\n\t<meta name=\"twitter:label2\" content=\"Ber\u00e4knad l\u00e4stid\" \/>\n\t<meta name=\"twitter:data2\" content=\"1 minut\" \/>\n<script type=\"application\/ld+json\" class=\"yoast-schema-graph\">{\"@context\":\"https:\\\/\\\/schema.org\",\"@graph\":[{\"@type\":\"Article\",\"@id\":\"https:\\\/\\\/www.freiholtz.se\\\/forvetet\\\/2003\\\/03\\\/27\\\/positiv-pragmatism\\\/#article\",\"isPartOf\":{\"@id\":\"https:\\\/\\\/www.freiholtz.se\\\/forvetet\\\/2003\\\/03\\\/27\\\/positiv-pragmatism\\\/\"},\"author\":{\"name\":\"Thorvald\",\"@id\":\"https:\\\/\\\/www.freiholtz.se\\\/forvetet\\\/#\\\/schema\\\/person\\\/f8eba858e89d86da3e8f4131644d7c72\"},\"headline\":\"Positiv pragmatism\",\"datePublished\":\"2003-03-27T18:03:36+00:00\",\"mainEntityOfPage\":{\"@id\":\"https:\\\/\\\/www.freiholtz.se\\\/forvetet\\\/2003\\\/03\\\/27\\\/positiv-pragmatism\\\/\"},\"wordCount\":139,\"articleSection\":[\"Politik\"],\"inLanguage\":\"sv-SE\"},{\"@type\":\"WebPage\",\"@id\":\"https:\\\/\\\/www.freiholtz.se\\\/forvetet\\\/2003\\\/03\\\/27\\\/positiv-pragmatism\\\/\",\"url\":\"https:\\\/\\\/www.freiholtz.se\\\/forvetet\\\/2003\\\/03\\\/27\\\/positiv-pragmatism\\\/\",\"name\":\"Positiv pragmatism - F\u00f6rvetet\",\"isPartOf\":{\"@id\":\"https:\\\/\\\/www.freiholtz.se\\\/forvetet\\\/#website\"},\"datePublished\":\"2003-03-27T18:03:36+00:00\",\"author\":{\"@id\":\"https:\\\/\\\/www.freiholtz.se\\\/forvetet\\\/#\\\/schema\\\/person\\\/f8eba858e89d86da3e8f4131644d7c72\"},\"breadcrumb\":{\"@id\":\"https:\\\/\\\/www.freiholtz.se\\\/forvetet\\\/2003\\\/03\\\/27\\\/positiv-pragmatism\\\/#breadcrumb\"},\"inLanguage\":\"sv-SE\",\"potentialAction\":[{\"@type\":\"ReadAction\",\"target\":[\"https:\\\/\\\/www.freiholtz.se\\\/forvetet\\\/2003\\\/03\\\/27\\\/positiv-pragmatism\\\/\"]}]},{\"@type\":\"BreadcrumbList\",\"@id\":\"https:\\\/\\\/www.freiholtz.se\\\/forvetet\\\/2003\\\/03\\\/27\\\/positiv-pragmatism\\\/#breadcrumb\",\"itemListElement\":[{\"@type\":\"ListItem\",\"position\":1,\"name\":\"Hem\",\"item\":\"https:\\\/\\\/www.freiholtz.se\\\/forvetet\\\/\"},{\"@type\":\"ListItem\",\"position\":2,\"name\":\"Positiv pragmatism\"}]},{\"@type\":\"WebSite\",\"@id\":\"https:\\\/\\\/www.freiholtz.se\\\/forvetet\\\/#website\",\"url\":\"https:\\\/\\\/www.freiholtz.se\\\/forvetet\\\/\",\"name\":\"F\u00f6rvetet\",\"description\":\"en blogg fr\u00e5n freiholtz.se!\",\"potentialAction\":[{\"@type\":\"SearchAction\",\"target\":{\"@type\":\"EntryPoint\",\"urlTemplate\":\"https:\\\/\\\/www.freiholtz.se\\\/forvetet\\\/?s={search_term_string}\"},\"query-input\":{\"@type\":\"PropertyValueSpecification\",\"valueRequired\":true,\"valueName\":\"search_term_string\"}}],\"inLanguage\":\"sv-SE\"},{\"@type\":\"Person\",\"@id\":\"https:\\\/\\\/www.freiholtz.se\\\/forvetet\\\/#\\\/schema\\\/person\\\/f8eba858e89d86da3e8f4131644d7c72\",\"name\":\"Thorvald\",\"image\":{\"@type\":\"ImageObject\",\"inLanguage\":\"sv-SE\",\"@id\":\"https:\\\/\\\/secure.gravatar.com\\\/avatar\\\/8328a4c14b3a439f4c0cf3cf4af03cee061e00c35ed80000610d03c204796578?s=96&d=mm&r=g\",\"url\":\"https:\\\/\\\/secure.gravatar.com\\\/avatar\\\/8328a4c14b3a439f4c0cf3cf4af03cee061e00c35ed80000610d03c204796578?s=96&d=mm&r=g\",\"contentUrl\":\"https:\\\/\\\/secure.gravatar.com\\\/avatar\\\/8328a4c14b3a439f4c0cf3cf4af03cee061e00c35ed80000610d03c204796578?s=96&d=mm&r=g\",\"caption\":\"Thorvald\"},\"sameAs\":[\"https:\\\/\\\/www.freiholtz.se\"],\"url\":\"https:\\\/\\\/www.freiholtz.se\\\/forvetet\\\/author\\\/thorvald\\\/\"}]}<\/script>\n<!-- \/ Yoast SEO plugin. -->","yoast_head_json":{"title":"Positiv pragmatism - F\u00f6rvetet","robots":{"index":"index","follow":"follow","max-snippet":"max-snippet:-1","max-image-preview":"max-image-preview:large","max-video-preview":"max-video-preview:-1"},"canonical":"https:\/\/www.freiholtz.se\/forvetet\/2003\/03\/27\/positiv-pragmatism\/","og_locale":"sv_SE","og_type":"article","og_title":"Positiv pragmatism - F\u00f6rvetet","og_description":"Konjunkturen har f\u00f6rs\u00e4mrats p\u00e5 ett, f\u00f6r G\u00f6ran Persson och Bosse Ringholm, helt outf\u00f6rs\u00e4gbart s\u00e4tt. De reformer som herrarna utlovade s\u00e5v\u00e4l f\u00f6re som efter valet m\u00e5ste skjutas p\u00e5 framtiden och de m\u00e5ste i st\u00e4llet dra ner p\u00e5 de statliga utgifterna. Det \u00e4r positivt att de kommit p\u00e5 ett s\u00e4tt att spara utan att det drabbar n\u00e5gon...","og_url":"https:\/\/www.freiholtz.se\/forvetet\/2003\/03\/27\/positiv-pragmatism\/","og_site_name":"F\u00f6rvetet","article_published_time":"2003-03-27T18:03:36+00:00","author":"Thorvald","twitter_card":"summary_large_image","twitter_misc":{"Skriven av":"Thorvald","Ber\u00e4knad l\u00e4stid":"1 minut"},"schema":{"@context":"https:\/\/schema.org","@graph":[{"@type":"Article","@id":"https:\/\/www.freiholtz.se\/forvetet\/2003\/03\/27\/positiv-pragmatism\/#article","isPartOf":{"@id":"https:\/\/www.freiholtz.se\/forvetet\/2003\/03\/27\/positiv-pragmatism\/"},"author":{"name":"Thorvald","@id":"https:\/\/www.freiholtz.se\/forvetet\/#\/schema\/person\/f8eba858e89d86da3e8f4131644d7c72"},"headline":"Positiv pragmatism","datePublished":"2003-03-27T18:03:36+00:00","mainEntityOfPage":{"@id":"https:\/\/www.freiholtz.se\/forvetet\/2003\/03\/27\/positiv-pragmatism\/"},"wordCount":139,"articleSection":["Politik"],"inLanguage":"sv-SE"},{"@type":"WebPage","@id":"https:\/\/www.freiholtz.se\/forvetet\/2003\/03\/27\/positiv-pragmatism\/","url":"https:\/\/www.freiholtz.se\/forvetet\/2003\/03\/27\/positiv-pragmatism\/","name":"Positiv pragmatism - F\u00f6rvetet","isPartOf":{"@id":"https:\/\/www.freiholtz.se\/forvetet\/#website"},"datePublished":"2003-03-27T18:03:36+00:00","author":{"@id":"https:\/\/www.freiholtz.se\/forvetet\/#\/schema\/person\/f8eba858e89d86da3e8f4131644d7c72"},"breadcrumb":{"@id":"https:\/\/www.freiholtz.se\/forvetet\/2003\/03\/27\/positiv-pragmatism\/#breadcrumb"},"inLanguage":"sv-SE","potentialAction":[{"@type":"ReadAction","target":["https:\/\/www.freiholtz.se\/forvetet\/2003\/03\/27\/positiv-pragmatism\/"]}]},{"@type":"BreadcrumbList","@id":"https:\/\/www.freiholtz.se\/forvetet\/2003\/03\/27\/positiv-pragmatism\/#breadcrumb","itemListElement":[{"@type":"ListItem","position":1,"name":"Hem","item":"https:\/\/www.freiholtz.se\/forvetet\/"},{"@type":"ListItem","position":2,"name":"Positiv pragmatism"}]},{"@type":"WebSite","@id":"https:\/\/www.freiholtz.se\/forvetet\/#website","url":"https:\/\/www.freiholtz.se\/forvetet\/","name":"F\u00f6rvetet","description":"en blogg fr\u00e5n freiholtz.se!","potentialAction":[{"@type":"SearchAction","target":{"@type":"EntryPoint","urlTemplate":"https:\/\/www.freiholtz.se\/forvetet\/?s={search_term_string}"},"query-input":{"@type":"PropertyValueSpecification","valueRequired":true,"valueName":"search_term_string"}}],"inLanguage":"sv-SE"},{"@type":"Person","@id":"https:\/\/www.freiholtz.se\/forvetet\/#\/schema\/person\/f8eba858e89d86da3e8f4131644d7c72","name":"Thorvald","image":{"@type":"ImageObject","inLanguage":"sv-SE","@id":"https:\/\/secure.gravatar.com\/avatar\/8328a4c14b3a439f4c0cf3cf4af03cee061e00c35ed80000610d03c204796578?s=96&d=mm&r=g","url":"https:\/\/secure.gravatar.com\/avatar\/8328a4c14b3a439f4c0cf3cf4af03cee061e00c35ed80000610d03c204796578?s=96&d=mm&r=g","contentUrl":"https:\/\/secure.gravatar.com\/avatar\/8328a4c14b3a439f4c0cf3cf4af03cee061e00c35ed80000610d03c204796578?s=96&d=mm&r=g","caption":"Thorvald"},"sameAs":["https:\/\/www.freiholtz.se"],"url":"https:\/\/www.freiholtz.se\/forvetet\/author\/thorvald\/"}]}},"_links":{"self":[{"href":"https:\/\/www.freiholtz.se\/forvetet\/wp-json\/wp\/v2\/posts\/524","targetHints":{"allow":["GET"]}}],"collection":[{"href":"https:\/\/www.freiholtz.se\/forvetet\/wp-json\/wp\/v2\/posts"}],"about":[{"href":"https:\/\/www.freiholtz.se\/forvetet\/wp-json\/wp\/v2\/types\/post"}],"author":[{"embeddable":true,"href":"https:\/\/www.freiholtz.se\/forvetet\/wp-json\/wp\/v2\/users\/1"}],"replies":[{"embeddable":true,"href":"https:\/\/www.freiholtz.se\/forvetet\/wp-json\/wp\/v2\/comments?post=524"}],"version-history":[{"count":0,"href":"https:\/\/www.freiholtz.se\/forvetet\/wp-json\/wp\/v2\/posts\/524\/revisions"}],"wp:attachment":[{"href":"https:\/\/www.freiholtz.se\/forvetet\/wp-json\/wp\/v2\/media?parent=524"}],"wp:term":[{"taxonomy":"category","embeddable":true,"href":"https:\/\/www.freiholtz.se\/forvetet\/wp-json\/wp\/v2\/categories?post=524"},{"taxonomy":"post_tag","embeddable":true,"href":"https:\/\/www.freiholtz.se\/forvetet\/wp-json\/wp\/v2\/tags?post=524"}],"curies":[{"name":"wp","href":"https:\/\/api.w.org\/{rel}","templated":true}]}}