{"id":509,"date":"2003-02-17T18:25:01","date_gmt":"2003-02-17T17:25:01","guid":{"rendered":"http:\/\/www.freiholtz.se\/forvetet\/?p=509"},"modified":"2003-02-17T18:25:01","modified_gmt":"2003-02-17T17:25:01","slug":"exkommunicera-mera","status":"publish","type":"post","link":"https:\/\/www.freiholtz.se\/forvetet\/2003\/02\/17\/exkommunicera-mera\/","title":{"rendered":"Exkommunicera mera"},"content":{"rendered":"<p><!--89248455--> Ohoj, Margareta! Hall\u00e5, Thomas!<\/p>\n<p>Jan Wallander tycker att uppfattningen att kvinnor diskrimineras vid tills\u00e4ttning av styrelseledam\u00f6ter och ledande befattningshavare i n\u00e4ringslivet &#8221;<i>\u00e4r r\u00e4tt s\u00e5 \u00f6verdriven och till viss del en myt<\/i>&#8221;. Det \u00e4r ju oerh\u00f6rt! Han har dessutom offentliggjort sin \u00e5sikt p\u00e5 <a class=\"text\" href=\"http:\/\/www.dn.se\/DNet\/jsp\/polopoly.jsp?d=572&amp;a=108567\">PK Debatt<\/a>!<\/p>\n<p>Ni m\u00e5ste g\u00f6ra n\u00e5got \u00e5t detta! Det g\u00e5r tyv\u00e4rr inte att f\u00f6rbjuda m\u00e4nniskor t\u00e4nka s\u00e5 ni f\u00e5r utnyttja PK Debatt ist\u00e4llet. PK Debatt har ju sedan l\u00e4nge kunnat r\u00e4kna med vara den kanal d\u00e4r regeringsmedlemmarna f\u00f6rst presenterar sina id\u00e9er (oftast som hugskott, innan de utsatts f\u00f6r n\u00e5gon tramsig granskning). G\u00f6r klart f\u00f6r redaktionsledningen att det \u00e4r slut med den priviligierade st\u00e4llningen om de forts\u00e4tter att bereda plats f\u00f6r j\u00e4mst\u00e4lldhetsblasfemier. Blir det stopp d\u00e4r s\u00e5 uppm\u00e4rksammas fr\u00e5gan inte heller i radio eller teve.<\/p>\n<p>Tig sedan ihj\u00e4l Wallanders utspel. Strunta i hans f\u00f6rs\u00e5tliga ifr\u00e5gas\u00e4ttande om SJ, Apoteksbolaget, Posten och \u00f6vriga statliga bolag \u00e4r &#8221;<i>b\u00e4ttre sk\u00f6tta \u00e4n likartade privata f\u00f6retag<\/i>&#8221; eftersom de statliga f\u00f6retagen ju kan &#8221;<i>dra nytta av att ha en h\u00f6gre andel kvinnor i styrelserna<\/i>&#8221;. D\u00e4rmed \u00e5terst\u00e4lls tingens ordning och vi slipper en massa on\u00f6dig debatt om saker som alla SKA vara \u00f6verens om!<\/p>\n","protected":false},"excerpt":{"rendered":"<p>Ohoj, Margareta! Hall\u00e5, Thomas! Jan Wallander tycker att uppfattningen att kvinnor diskrimineras vid tills\u00e4ttning av styrelseledam\u00f6ter och ledande befattningshavare i n\u00e4ringslivet &#8221;\u00e4r r\u00e4tt s\u00e5 \u00f6verdriven och till viss del en myt&#8221;. Det \u00e4r ju oerh\u00f6rt! Han har dessutom offentliggjort sin \u00e5sikt p\u00e5 PK Debatt! Ni m\u00e5ste g\u00f6ra n\u00e5got \u00e5t detta! Det g\u00e5r tyv\u00e4rr inte att&#8230;<\/p>\n","protected":false},"author":1,"featured_media":0,"comment_status":"closed","ping_status":"closed","sticky":false,"template":"","format":"standard","meta":{"_monsterinsights_skip_tracking":false,"_monsterinsights_sitenote_active":false,"_monsterinsights_sitenote_note":"","_monsterinsights_sitenote_category":0,"footnotes":""},"categories":[7],"tags":[],"class_list":["post-509","post","type-post","status-publish","format-standard","hentry","category-politik"],"yoast_head":"<!-- This site is optimized with the Yoast SEO plugin v27.5 - https:\/\/yoast.com\/product\/yoast-seo-wordpress\/ -->\n<title>Exkommunicera mera - F\u00f6rvetet<\/title>\n<meta name=\"robots\" content=\"index, follow, max-snippet:-1, max-image-preview:large, max-video-preview:-1\" \/>\n<link rel=\"canonical\" href=\"https:\/\/www.freiholtz.se\/forvetet\/2003\/02\/17\/exkommunicera-mera\/\" \/>\n<meta property=\"og:locale\" content=\"sv_SE\" \/>\n<meta property=\"og:type\" content=\"article\" \/>\n<meta property=\"og:title\" content=\"Exkommunicera mera - F\u00f6rvetet\" \/>\n<meta property=\"og:description\" content=\"Ohoj, Margareta! Hall\u00e5, Thomas! Jan Wallander tycker att uppfattningen att kvinnor diskrimineras vid tills\u00e4ttning av styrelseledam\u00f6ter och ledande befattningshavare i n\u00e4ringslivet &#8221;\u00e4r r\u00e4tt s\u00e5 \u00f6verdriven och till viss del en myt&#8221;. Det \u00e4r ju oerh\u00f6rt! Han har dessutom offentliggjort sin \u00e5sikt p\u00e5 PK Debatt! Ni m\u00e5ste g\u00f6ra n\u00e5got \u00e5t detta! Det g\u00e5r tyv\u00e4rr inte att...\" \/>\n<meta property=\"og:url\" content=\"https:\/\/www.freiholtz.se\/forvetet\/2003\/02\/17\/exkommunicera-mera\/\" \/>\n<meta property=\"og:site_name\" content=\"F\u00f6rvetet\" \/>\n<meta property=\"article:published_time\" content=\"2003-02-17T17:25:01+00:00\" \/>\n<meta name=\"author\" content=\"Thorvald\" \/>\n<meta name=\"twitter:card\" content=\"summary_large_image\" \/>\n<meta name=\"twitter:label1\" content=\"Skriven av\" \/>\n\t<meta name=\"twitter:data1\" content=\"Thorvald\" \/>\n\t<meta name=\"twitter:label2\" content=\"Ber\u00e4knad l\u00e4stid\" \/>\n\t<meta name=\"twitter:data2\" content=\"1 minut\" \/>\n<script type=\"application\/ld+json\" class=\"yoast-schema-graph\">{\"@context\":\"https:\\\/\\\/schema.org\",\"@graph\":[{\"@type\":\"Article\",\"@id\":\"https:\\\/\\\/www.freiholtz.se\\\/forvetet\\\/2003\\\/02\\\/17\\\/exkommunicera-mera\\\/#article\",\"isPartOf\":{\"@id\":\"https:\\\/\\\/www.freiholtz.se\\\/forvetet\\\/2003\\\/02\\\/17\\\/exkommunicera-mera\\\/\"},\"author\":{\"name\":\"Thorvald\",\"@id\":\"https:\\\/\\\/www.freiholtz.se\\\/forvetet\\\/#\\\/schema\\\/person\\\/f8eba858e89d86da3e8f4131644d7c72\"},\"headline\":\"Exkommunicera mera\",\"datePublished\":\"2003-02-17T17:25:01+00:00\",\"mainEntityOfPage\":{\"@id\":\"https:\\\/\\\/www.freiholtz.se\\\/forvetet\\\/2003\\\/02\\\/17\\\/exkommunicera-mera\\\/\"},\"wordCount\":234,\"articleSection\":[\"Politik\"],\"inLanguage\":\"sv-SE\"},{\"@type\":\"WebPage\",\"@id\":\"https:\\\/\\\/www.freiholtz.se\\\/forvetet\\\/2003\\\/02\\\/17\\\/exkommunicera-mera\\\/\",\"url\":\"https:\\\/\\\/www.freiholtz.se\\\/forvetet\\\/2003\\\/02\\\/17\\\/exkommunicera-mera\\\/\",\"name\":\"Exkommunicera mera - F\u00f6rvetet\",\"isPartOf\":{\"@id\":\"https:\\\/\\\/www.freiholtz.se\\\/forvetet\\\/#website\"},\"datePublished\":\"2003-02-17T17:25:01+00:00\",\"author\":{\"@id\":\"https:\\\/\\\/www.freiholtz.se\\\/forvetet\\\/#\\\/schema\\\/person\\\/f8eba858e89d86da3e8f4131644d7c72\"},\"breadcrumb\":{\"@id\":\"https:\\\/\\\/www.freiholtz.se\\\/forvetet\\\/2003\\\/02\\\/17\\\/exkommunicera-mera\\\/#breadcrumb\"},\"inLanguage\":\"sv-SE\",\"potentialAction\":[{\"@type\":\"ReadAction\",\"target\":[\"https:\\\/\\\/www.freiholtz.se\\\/forvetet\\\/2003\\\/02\\\/17\\\/exkommunicera-mera\\\/\"]}]},{\"@type\":\"BreadcrumbList\",\"@id\":\"https:\\\/\\\/www.freiholtz.se\\\/forvetet\\\/2003\\\/02\\\/17\\\/exkommunicera-mera\\\/#breadcrumb\",\"itemListElement\":[{\"@type\":\"ListItem\",\"position\":1,\"name\":\"Hem\",\"item\":\"https:\\\/\\\/www.freiholtz.se\\\/forvetet\\\/\"},{\"@type\":\"ListItem\",\"position\":2,\"name\":\"Exkommunicera mera\"}]},{\"@type\":\"WebSite\",\"@id\":\"https:\\\/\\\/www.freiholtz.se\\\/forvetet\\\/#website\",\"url\":\"https:\\\/\\\/www.freiholtz.se\\\/forvetet\\\/\",\"name\":\"F\u00f6rvetet\",\"description\":\"en blogg fr\u00e5n freiholtz.se!\",\"potentialAction\":[{\"@type\":\"SearchAction\",\"target\":{\"@type\":\"EntryPoint\",\"urlTemplate\":\"https:\\\/\\\/www.freiholtz.se\\\/forvetet\\\/?s={search_term_string}\"},\"query-input\":{\"@type\":\"PropertyValueSpecification\",\"valueRequired\":true,\"valueName\":\"search_term_string\"}}],\"inLanguage\":\"sv-SE\"},{\"@type\":\"Person\",\"@id\":\"https:\\\/\\\/www.freiholtz.se\\\/forvetet\\\/#\\\/schema\\\/person\\\/f8eba858e89d86da3e8f4131644d7c72\",\"name\":\"Thorvald\",\"image\":{\"@type\":\"ImageObject\",\"inLanguage\":\"sv-SE\",\"@id\":\"https:\\\/\\\/secure.gravatar.com\\\/avatar\\\/8328a4c14b3a439f4c0cf3cf4af03cee061e00c35ed80000610d03c204796578?s=96&d=mm&r=g\",\"url\":\"https:\\\/\\\/secure.gravatar.com\\\/avatar\\\/8328a4c14b3a439f4c0cf3cf4af03cee061e00c35ed80000610d03c204796578?s=96&d=mm&r=g\",\"contentUrl\":\"https:\\\/\\\/secure.gravatar.com\\\/avatar\\\/8328a4c14b3a439f4c0cf3cf4af03cee061e00c35ed80000610d03c204796578?s=96&d=mm&r=g\",\"caption\":\"Thorvald\"},\"sameAs\":[\"https:\\\/\\\/www.freiholtz.se\"],\"url\":\"https:\\\/\\\/www.freiholtz.se\\\/forvetet\\\/author\\\/thorvald\\\/\"}]}<\/script>\n<!-- \/ Yoast SEO plugin. -->","yoast_head_json":{"title":"Exkommunicera mera - F\u00f6rvetet","robots":{"index":"index","follow":"follow","max-snippet":"max-snippet:-1","max-image-preview":"max-image-preview:large","max-video-preview":"max-video-preview:-1"},"canonical":"https:\/\/www.freiholtz.se\/forvetet\/2003\/02\/17\/exkommunicera-mera\/","og_locale":"sv_SE","og_type":"article","og_title":"Exkommunicera mera - F\u00f6rvetet","og_description":"Ohoj, Margareta! Hall\u00e5, Thomas! Jan Wallander tycker att uppfattningen att kvinnor diskrimineras vid tills\u00e4ttning av styrelseledam\u00f6ter och ledande befattningshavare i n\u00e4ringslivet &#8221;\u00e4r r\u00e4tt s\u00e5 \u00f6verdriven och till viss del en myt&#8221;. Det \u00e4r ju oerh\u00f6rt! Han har dessutom offentliggjort sin \u00e5sikt p\u00e5 PK Debatt! Ni m\u00e5ste g\u00f6ra n\u00e5got \u00e5t detta! Det g\u00e5r tyv\u00e4rr inte att...","og_url":"https:\/\/www.freiholtz.se\/forvetet\/2003\/02\/17\/exkommunicera-mera\/","og_site_name":"F\u00f6rvetet","article_published_time":"2003-02-17T17:25:01+00:00","author":"Thorvald","twitter_card":"summary_large_image","twitter_misc":{"Skriven av":"Thorvald","Ber\u00e4knad l\u00e4stid":"1 minut"},"schema":{"@context":"https:\/\/schema.org","@graph":[{"@type":"Article","@id":"https:\/\/www.freiholtz.se\/forvetet\/2003\/02\/17\/exkommunicera-mera\/#article","isPartOf":{"@id":"https:\/\/www.freiholtz.se\/forvetet\/2003\/02\/17\/exkommunicera-mera\/"},"author":{"name":"Thorvald","@id":"https:\/\/www.freiholtz.se\/forvetet\/#\/schema\/person\/f8eba858e89d86da3e8f4131644d7c72"},"headline":"Exkommunicera mera","datePublished":"2003-02-17T17:25:01+00:00","mainEntityOfPage":{"@id":"https:\/\/www.freiholtz.se\/forvetet\/2003\/02\/17\/exkommunicera-mera\/"},"wordCount":234,"articleSection":["Politik"],"inLanguage":"sv-SE"},{"@type":"WebPage","@id":"https:\/\/www.freiholtz.se\/forvetet\/2003\/02\/17\/exkommunicera-mera\/","url":"https:\/\/www.freiholtz.se\/forvetet\/2003\/02\/17\/exkommunicera-mera\/","name":"Exkommunicera mera - F\u00f6rvetet","isPartOf":{"@id":"https:\/\/www.freiholtz.se\/forvetet\/#website"},"datePublished":"2003-02-17T17:25:01+00:00","author":{"@id":"https:\/\/www.freiholtz.se\/forvetet\/#\/schema\/person\/f8eba858e89d86da3e8f4131644d7c72"},"breadcrumb":{"@id":"https:\/\/www.freiholtz.se\/forvetet\/2003\/02\/17\/exkommunicera-mera\/#breadcrumb"},"inLanguage":"sv-SE","potentialAction":[{"@type":"ReadAction","target":["https:\/\/www.freiholtz.se\/forvetet\/2003\/02\/17\/exkommunicera-mera\/"]}]},{"@type":"BreadcrumbList","@id":"https:\/\/www.freiholtz.se\/forvetet\/2003\/02\/17\/exkommunicera-mera\/#breadcrumb","itemListElement":[{"@type":"ListItem","position":1,"name":"Hem","item":"https:\/\/www.freiholtz.se\/forvetet\/"},{"@type":"ListItem","position":2,"name":"Exkommunicera mera"}]},{"@type":"WebSite","@id":"https:\/\/www.freiholtz.se\/forvetet\/#website","url":"https:\/\/www.freiholtz.se\/forvetet\/","name":"F\u00f6rvetet","description":"en blogg fr\u00e5n freiholtz.se!","potentialAction":[{"@type":"SearchAction","target":{"@type":"EntryPoint","urlTemplate":"https:\/\/www.freiholtz.se\/forvetet\/?s={search_term_string}"},"query-input":{"@type":"PropertyValueSpecification","valueRequired":true,"valueName":"search_term_string"}}],"inLanguage":"sv-SE"},{"@type":"Person","@id":"https:\/\/www.freiholtz.se\/forvetet\/#\/schema\/person\/f8eba858e89d86da3e8f4131644d7c72","name":"Thorvald","image":{"@type":"ImageObject","inLanguage":"sv-SE","@id":"https:\/\/secure.gravatar.com\/avatar\/8328a4c14b3a439f4c0cf3cf4af03cee061e00c35ed80000610d03c204796578?s=96&d=mm&r=g","url":"https:\/\/secure.gravatar.com\/avatar\/8328a4c14b3a439f4c0cf3cf4af03cee061e00c35ed80000610d03c204796578?s=96&d=mm&r=g","contentUrl":"https:\/\/secure.gravatar.com\/avatar\/8328a4c14b3a439f4c0cf3cf4af03cee061e00c35ed80000610d03c204796578?s=96&d=mm&r=g","caption":"Thorvald"},"sameAs":["https:\/\/www.freiholtz.se"],"url":"https:\/\/www.freiholtz.se\/forvetet\/author\/thorvald\/"}]}},"_links":{"self":[{"href":"https:\/\/www.freiholtz.se\/forvetet\/wp-json\/wp\/v2\/posts\/509","targetHints":{"allow":["GET"]}}],"collection":[{"href":"https:\/\/www.freiholtz.se\/forvetet\/wp-json\/wp\/v2\/posts"}],"about":[{"href":"https:\/\/www.freiholtz.se\/forvetet\/wp-json\/wp\/v2\/types\/post"}],"author":[{"embeddable":true,"href":"https:\/\/www.freiholtz.se\/forvetet\/wp-json\/wp\/v2\/users\/1"}],"replies":[{"embeddable":true,"href":"https:\/\/www.freiholtz.se\/forvetet\/wp-json\/wp\/v2\/comments?post=509"}],"version-history":[{"count":0,"href":"https:\/\/www.freiholtz.se\/forvetet\/wp-json\/wp\/v2\/posts\/509\/revisions"}],"wp:attachment":[{"href":"https:\/\/www.freiholtz.se\/forvetet\/wp-json\/wp\/v2\/media?parent=509"}],"wp:term":[{"taxonomy":"category","embeddable":true,"href":"https:\/\/www.freiholtz.se\/forvetet\/wp-json\/wp\/v2\/categories?post=509"},{"taxonomy":"post_tag","embeddable":true,"href":"https:\/\/www.freiholtz.se\/forvetet\/wp-json\/wp\/v2\/tags?post=509"}],"curies":[{"name":"wp","href":"https:\/\/api.w.org\/{rel}","templated":true}]}}