{"id":498,"date":"2003-02-26T18:49:55","date_gmt":"2003-02-26T17:49:55","guid":{"rendered":"http:\/\/www.freiholtz.se\/forvetet\/?p=498"},"modified":"2003-02-26T18:49:55","modified_gmt":"2003-02-26T17:49:55","slug":"demokratikomparation","status":"publish","type":"post","link":"https:\/\/www.freiholtz.se\/forvetet\/2003\/02\/26\/demokratikomparation\/","title":{"rendered":"Demokratikomparation"},"content":{"rendered":"<p><!--89784135-->Den 16 februari skrev Jan Wallander p\u00e5 PK Debatt om hur &#8221;<a class=\"text\" href=\"http:\/\/www.dn.se\/DNet\/jsp\/polopoly.jsp?d=572&amp;a=108567\">Fega direkt\u00f6rer diskriminerar m\u00e4n<\/a>&#8221; (Jag kanske b\u00f6r till\u00e4gga att jag tror att Wallander har r\u00e4tt n\u00e4r han s\u00e4ger att &#8221;<i>Jag har allts\u00e5 i styrelsesammanhang eller vid utseende av f\u00f6retagens ledningar inte upplevt n\u00e5gon diskriminering av kvinnor, men v\u00e4l motsatsen.<\/i>&#8221;, men att han har fel i allt annat.)<\/p>\n<p>Hur som helst, Wallander redovisar ocks\u00e5 en demokratisyn som jag inte kunnat sl\u00e5 ur tankarna sedan dess. Han skriver om &#8221;<i>&#8230; grupper, som anses vara diskriminerade, exempelvis invandrare eller l\u00e5ginkomsttagare. Dessa borde allts\u00e5 ocks\u00e5 vara representerade i f\u00f6rh\u00e5llande till sin andel av befolkningen. Detta \u00e4r rimliga resonemang p\u00e5 de omr\u00e5den d\u00e4r vi till\u00e4mpar styrsystem som har karakt\u00e4ren av representativ demokrati<\/i>.&#8221;<\/p>\n<p>Wallander \u00e4r inte ensam om denna syn p\u00e5 demokratin, t.ex s\u00e5 ser s\u00e5v\u00e4l <a class=\"text\" href=\"http:\/\/www.lf.svekom.se\/demos\/medborgarinflytande\/demokratiresan\/lansungdomsting.asp\">Kommun- och Landstingsf\u00f6rbunden<\/a> som <a class=\"text\" href=\"http:\/\/www.integration.nu\/press\/pressmeddelanden\/press_makten_20020208.pdf\">Stockholms Stad<\/a> (pdf) problem i att vissa grupper \u00e4r underrepresenterade i politiken. Jag vill ocks\u00e5 minnas att jag sett flera ledare, debattinl\u00e4gg och ins\u00e4ndare i samma \u00e4mne de senaste \u00e5ren. Wallanders inl\u00e4gg blev den droppe som fick min inspiration att sv\u00e4mma \u00f6ver i f\u00f6ljande komparations\u00f6vning:<\/p>\n<p><b>Demokratiskt<\/b> \u00e4r v\u00e5rt representativa, parlamentariska system.<\/p>\n<p><b>Demokatiskare<\/b> blir det om partierna nominerar kvinnor, invandrare, l\u00e5ginkomsttagare, pension\u00e4rer, unga, sexuella minoriteter o.s.v i paritet med deras andel av befolkningen.<\/p>\n<p><b>Demokratiskast<\/b> b\u00f6r det f\u00f6ljaktligen bli om vi l\u00e5ter SCB eller n\u00e5got opinionsinstitut v\u00e4lja ut v\u00e5ra representanter till riksdag, landstings- och kommunfullm\u00e4ktige. De (SCB m.fl) har ju under m\u00e5nga valr\u00f6relser visat att de kan g\u00f6ra ett s\u00e5 representativt urval av den svenska befolkningen att de med stor precision kan f\u00f6ruts\u00e4ga valutg\u00e5ngen, n\u00e4stan innan valr\u00f6relsen startat. Vilka \u00e4r v\u00e4l b\u00e4ttre l\u00e4mpade att se till att de politiska organen speglar befolkningssammans\u00e4ttningen s\u00e5 r\u00e4ttvist som m\u00f6jligt? Och t\u00e4nk s\u00e5 mycket pengar vi kommer att spara n\u00e4r vi inte beh\u00f6ver ha n\u00e5gra val och n\u00e5gra valr\u00f6relser l\u00e4ngre. Vi kommer visserligen inte att veta vilken politik som riksdag, regering och de olika fullm\u00e4ktige-f\u00f6rsamlingarna kommer att f\u00f6ra, men det g\u00f6r vi ju \u00e5 andra sidan <a class=\"text\" href=\"http:\/\/www.aftonbladet.se\/vss\/ledare\/story\/0,2789,268303,00.html\">inte nu heller<\/a>.<\/p>\n<p> <b>\u00c5siktsrepresentativiteten \u00e4r d\u00f6d! L\u00e4nge leve (den r\u00e4ttvisa) grupprepresentativiteten!<\/b><\/p>\n","protected":false},"excerpt":{"rendered":"<p>Den 16 februari skrev Jan Wallander p\u00e5 PK Debatt om hur &#8221;Fega direkt\u00f6rer diskriminerar m\u00e4n&#8221; (Jag kanske b\u00f6r till\u00e4gga att jag tror att Wallander har r\u00e4tt n\u00e4r han s\u00e4ger att &#8221;Jag har allts\u00e5 i styrelsesammanhang eller vid utseende av f\u00f6retagens ledningar inte upplevt n\u00e5gon diskriminering av kvinnor, men v\u00e4l motsatsen.&#8221;, men att han har fel&#8230;<\/p>\n","protected":false},"author":1,"featured_media":0,"comment_status":"closed","ping_status":"closed","sticky":false,"template":"","format":"standard","meta":{"_monsterinsights_skip_tracking":false,"_monsterinsights_sitenote_active":false,"_monsterinsights_sitenote_note":"","_monsterinsights_sitenote_category":0,"footnotes":""},"categories":[7],"tags":[],"class_list":["post-498","post","type-post","status-publish","format-standard","hentry","category-politik"],"yoast_head":"<!-- This site is optimized with the Yoast SEO plugin v27.5 - https:\/\/yoast.com\/product\/yoast-seo-wordpress\/ -->\n<title>Demokratikomparation - F\u00f6rvetet<\/title>\n<meta name=\"robots\" content=\"index, follow, max-snippet:-1, max-image-preview:large, max-video-preview:-1\" \/>\n<link rel=\"canonical\" href=\"https:\/\/www.freiholtz.se\/forvetet\/2003\/02\/26\/demokratikomparation\/\" \/>\n<meta property=\"og:locale\" content=\"sv_SE\" \/>\n<meta property=\"og:type\" content=\"article\" \/>\n<meta property=\"og:title\" content=\"Demokratikomparation - F\u00f6rvetet\" \/>\n<meta property=\"og:description\" content=\"Den 16 februari skrev Jan Wallander p\u00e5 PK Debatt om hur &#8221;Fega direkt\u00f6rer diskriminerar m\u00e4n&#8221; (Jag kanske b\u00f6r till\u00e4gga att jag tror att Wallander har r\u00e4tt n\u00e4r han s\u00e4ger att &#8221;Jag har allts\u00e5 i styrelsesammanhang eller vid utseende av f\u00f6retagens ledningar inte upplevt n\u00e5gon diskriminering av kvinnor, men v\u00e4l motsatsen.&#8221;, men att han har fel...\" \/>\n<meta property=\"og:url\" content=\"https:\/\/www.freiholtz.se\/forvetet\/2003\/02\/26\/demokratikomparation\/\" \/>\n<meta property=\"og:site_name\" content=\"F\u00f6rvetet\" \/>\n<meta property=\"article:published_time\" content=\"2003-02-26T17:49:55+00:00\" \/>\n<meta name=\"author\" content=\"Thorvald\" \/>\n<meta name=\"twitter:card\" content=\"summary_large_image\" \/>\n<meta name=\"twitter:label1\" content=\"Skriven av\" \/>\n\t<meta name=\"twitter:data1\" content=\"Thorvald\" \/>\n\t<meta name=\"twitter:label2\" content=\"Ber\u00e4knad l\u00e4stid\" \/>\n\t<meta name=\"twitter:data2\" content=\"2 minuter\" \/>\n<script type=\"application\/ld+json\" class=\"yoast-schema-graph\">{\"@context\":\"https:\\\/\\\/schema.org\",\"@graph\":[{\"@type\":\"Article\",\"@id\":\"https:\\\/\\\/www.freiholtz.se\\\/forvetet\\\/2003\\\/02\\\/26\\\/demokratikomparation\\\/#article\",\"isPartOf\":{\"@id\":\"https:\\\/\\\/www.freiholtz.se\\\/forvetet\\\/2003\\\/02\\\/26\\\/demokratikomparation\\\/\"},\"author\":{\"name\":\"Thorvald\",\"@id\":\"https:\\\/\\\/www.freiholtz.se\\\/forvetet\\\/#\\\/schema\\\/person\\\/f8eba858e89d86da3e8f4131644d7c72\"},\"headline\":\"Demokratikomparation\",\"datePublished\":\"2003-02-26T17:49:55+00:00\",\"mainEntityOfPage\":{\"@id\":\"https:\\\/\\\/www.freiholtz.se\\\/forvetet\\\/2003\\\/02\\\/26\\\/demokratikomparation\\\/\"},\"wordCount\":402,\"articleSection\":[\"Politik\"],\"inLanguage\":\"sv-SE\"},{\"@type\":\"WebPage\",\"@id\":\"https:\\\/\\\/www.freiholtz.se\\\/forvetet\\\/2003\\\/02\\\/26\\\/demokratikomparation\\\/\",\"url\":\"https:\\\/\\\/www.freiholtz.se\\\/forvetet\\\/2003\\\/02\\\/26\\\/demokratikomparation\\\/\",\"name\":\"Demokratikomparation - F\u00f6rvetet\",\"isPartOf\":{\"@id\":\"https:\\\/\\\/www.freiholtz.se\\\/forvetet\\\/#website\"},\"datePublished\":\"2003-02-26T17:49:55+00:00\",\"author\":{\"@id\":\"https:\\\/\\\/www.freiholtz.se\\\/forvetet\\\/#\\\/schema\\\/person\\\/f8eba858e89d86da3e8f4131644d7c72\"},\"breadcrumb\":{\"@id\":\"https:\\\/\\\/www.freiholtz.se\\\/forvetet\\\/2003\\\/02\\\/26\\\/demokratikomparation\\\/#breadcrumb\"},\"inLanguage\":\"sv-SE\",\"potentialAction\":[{\"@type\":\"ReadAction\",\"target\":[\"https:\\\/\\\/www.freiholtz.se\\\/forvetet\\\/2003\\\/02\\\/26\\\/demokratikomparation\\\/\"]}]},{\"@type\":\"BreadcrumbList\",\"@id\":\"https:\\\/\\\/www.freiholtz.se\\\/forvetet\\\/2003\\\/02\\\/26\\\/demokratikomparation\\\/#breadcrumb\",\"itemListElement\":[{\"@type\":\"ListItem\",\"position\":1,\"name\":\"Hem\",\"item\":\"https:\\\/\\\/www.freiholtz.se\\\/forvetet\\\/\"},{\"@type\":\"ListItem\",\"position\":2,\"name\":\"Demokratikomparation\"}]},{\"@type\":\"WebSite\",\"@id\":\"https:\\\/\\\/www.freiholtz.se\\\/forvetet\\\/#website\",\"url\":\"https:\\\/\\\/www.freiholtz.se\\\/forvetet\\\/\",\"name\":\"F\u00f6rvetet\",\"description\":\"en blogg fr\u00e5n freiholtz.se!\",\"potentialAction\":[{\"@type\":\"SearchAction\",\"target\":{\"@type\":\"EntryPoint\",\"urlTemplate\":\"https:\\\/\\\/www.freiholtz.se\\\/forvetet\\\/?s={search_term_string}\"},\"query-input\":{\"@type\":\"PropertyValueSpecification\",\"valueRequired\":true,\"valueName\":\"search_term_string\"}}],\"inLanguage\":\"sv-SE\"},{\"@type\":\"Person\",\"@id\":\"https:\\\/\\\/www.freiholtz.se\\\/forvetet\\\/#\\\/schema\\\/person\\\/f8eba858e89d86da3e8f4131644d7c72\",\"name\":\"Thorvald\",\"image\":{\"@type\":\"ImageObject\",\"inLanguage\":\"sv-SE\",\"@id\":\"https:\\\/\\\/secure.gravatar.com\\\/avatar\\\/8328a4c14b3a439f4c0cf3cf4af03cee061e00c35ed80000610d03c204796578?s=96&d=mm&r=g\",\"url\":\"https:\\\/\\\/secure.gravatar.com\\\/avatar\\\/8328a4c14b3a439f4c0cf3cf4af03cee061e00c35ed80000610d03c204796578?s=96&d=mm&r=g\",\"contentUrl\":\"https:\\\/\\\/secure.gravatar.com\\\/avatar\\\/8328a4c14b3a439f4c0cf3cf4af03cee061e00c35ed80000610d03c204796578?s=96&d=mm&r=g\",\"caption\":\"Thorvald\"},\"sameAs\":[\"https:\\\/\\\/www.freiholtz.se\"],\"url\":\"https:\\\/\\\/www.freiholtz.se\\\/forvetet\\\/author\\\/thorvald\\\/\"}]}<\/script>\n<!-- \/ Yoast SEO plugin. -->","yoast_head_json":{"title":"Demokratikomparation - F\u00f6rvetet","robots":{"index":"index","follow":"follow","max-snippet":"max-snippet:-1","max-image-preview":"max-image-preview:large","max-video-preview":"max-video-preview:-1"},"canonical":"https:\/\/www.freiholtz.se\/forvetet\/2003\/02\/26\/demokratikomparation\/","og_locale":"sv_SE","og_type":"article","og_title":"Demokratikomparation - F\u00f6rvetet","og_description":"Den 16 februari skrev Jan Wallander p\u00e5 PK Debatt om hur &#8221;Fega direkt\u00f6rer diskriminerar m\u00e4n&#8221; (Jag kanske b\u00f6r till\u00e4gga att jag tror att Wallander har r\u00e4tt n\u00e4r han s\u00e4ger att &#8221;Jag har allts\u00e5 i styrelsesammanhang eller vid utseende av f\u00f6retagens ledningar inte upplevt n\u00e5gon diskriminering av kvinnor, men v\u00e4l motsatsen.&#8221;, men att han har fel...","og_url":"https:\/\/www.freiholtz.se\/forvetet\/2003\/02\/26\/demokratikomparation\/","og_site_name":"F\u00f6rvetet","article_published_time":"2003-02-26T17:49:55+00:00","author":"Thorvald","twitter_card":"summary_large_image","twitter_misc":{"Skriven av":"Thorvald","Ber\u00e4knad l\u00e4stid":"2 minuter"},"schema":{"@context":"https:\/\/schema.org","@graph":[{"@type":"Article","@id":"https:\/\/www.freiholtz.se\/forvetet\/2003\/02\/26\/demokratikomparation\/#article","isPartOf":{"@id":"https:\/\/www.freiholtz.se\/forvetet\/2003\/02\/26\/demokratikomparation\/"},"author":{"name":"Thorvald","@id":"https:\/\/www.freiholtz.se\/forvetet\/#\/schema\/person\/f8eba858e89d86da3e8f4131644d7c72"},"headline":"Demokratikomparation","datePublished":"2003-02-26T17:49:55+00:00","mainEntityOfPage":{"@id":"https:\/\/www.freiholtz.se\/forvetet\/2003\/02\/26\/demokratikomparation\/"},"wordCount":402,"articleSection":["Politik"],"inLanguage":"sv-SE"},{"@type":"WebPage","@id":"https:\/\/www.freiholtz.se\/forvetet\/2003\/02\/26\/demokratikomparation\/","url":"https:\/\/www.freiholtz.se\/forvetet\/2003\/02\/26\/demokratikomparation\/","name":"Demokratikomparation - F\u00f6rvetet","isPartOf":{"@id":"https:\/\/www.freiholtz.se\/forvetet\/#website"},"datePublished":"2003-02-26T17:49:55+00:00","author":{"@id":"https:\/\/www.freiholtz.se\/forvetet\/#\/schema\/person\/f8eba858e89d86da3e8f4131644d7c72"},"breadcrumb":{"@id":"https:\/\/www.freiholtz.se\/forvetet\/2003\/02\/26\/demokratikomparation\/#breadcrumb"},"inLanguage":"sv-SE","potentialAction":[{"@type":"ReadAction","target":["https:\/\/www.freiholtz.se\/forvetet\/2003\/02\/26\/demokratikomparation\/"]}]},{"@type":"BreadcrumbList","@id":"https:\/\/www.freiholtz.se\/forvetet\/2003\/02\/26\/demokratikomparation\/#breadcrumb","itemListElement":[{"@type":"ListItem","position":1,"name":"Hem","item":"https:\/\/www.freiholtz.se\/forvetet\/"},{"@type":"ListItem","position":2,"name":"Demokratikomparation"}]},{"@type":"WebSite","@id":"https:\/\/www.freiholtz.se\/forvetet\/#website","url":"https:\/\/www.freiholtz.se\/forvetet\/","name":"F\u00f6rvetet","description":"en blogg fr\u00e5n freiholtz.se!","potentialAction":[{"@type":"SearchAction","target":{"@type":"EntryPoint","urlTemplate":"https:\/\/www.freiholtz.se\/forvetet\/?s={search_term_string}"},"query-input":{"@type":"PropertyValueSpecification","valueRequired":true,"valueName":"search_term_string"}}],"inLanguage":"sv-SE"},{"@type":"Person","@id":"https:\/\/www.freiholtz.se\/forvetet\/#\/schema\/person\/f8eba858e89d86da3e8f4131644d7c72","name":"Thorvald","image":{"@type":"ImageObject","inLanguage":"sv-SE","@id":"https:\/\/secure.gravatar.com\/avatar\/8328a4c14b3a439f4c0cf3cf4af03cee061e00c35ed80000610d03c204796578?s=96&d=mm&r=g","url":"https:\/\/secure.gravatar.com\/avatar\/8328a4c14b3a439f4c0cf3cf4af03cee061e00c35ed80000610d03c204796578?s=96&d=mm&r=g","contentUrl":"https:\/\/secure.gravatar.com\/avatar\/8328a4c14b3a439f4c0cf3cf4af03cee061e00c35ed80000610d03c204796578?s=96&d=mm&r=g","caption":"Thorvald"},"sameAs":["https:\/\/www.freiholtz.se"],"url":"https:\/\/www.freiholtz.se\/forvetet\/author\/thorvald\/"}]}},"_links":{"self":[{"href":"https:\/\/www.freiholtz.se\/forvetet\/wp-json\/wp\/v2\/posts\/498","targetHints":{"allow":["GET"]}}],"collection":[{"href":"https:\/\/www.freiholtz.se\/forvetet\/wp-json\/wp\/v2\/posts"}],"about":[{"href":"https:\/\/www.freiholtz.se\/forvetet\/wp-json\/wp\/v2\/types\/post"}],"author":[{"embeddable":true,"href":"https:\/\/www.freiholtz.se\/forvetet\/wp-json\/wp\/v2\/users\/1"}],"replies":[{"embeddable":true,"href":"https:\/\/www.freiholtz.se\/forvetet\/wp-json\/wp\/v2\/comments?post=498"}],"version-history":[{"count":0,"href":"https:\/\/www.freiholtz.se\/forvetet\/wp-json\/wp\/v2\/posts\/498\/revisions"}],"wp:attachment":[{"href":"https:\/\/www.freiholtz.se\/forvetet\/wp-json\/wp\/v2\/media?parent=498"}],"wp:term":[{"taxonomy":"category","embeddable":true,"href":"https:\/\/www.freiholtz.se\/forvetet\/wp-json\/wp\/v2\/categories?post=498"},{"taxonomy":"post_tag","embeddable":true,"href":"https:\/\/www.freiholtz.se\/forvetet\/wp-json\/wp\/v2\/tags?post=498"}],"curies":[{"name":"wp","href":"https:\/\/api.w.org\/{rel}","templated":true}]}}