{"id":496,"date":"2003-02-28T19:53:57","date_gmt":"2003-02-28T18:53:57","guid":{"rendered":"http:\/\/www.freiholtz.se\/forvetet\/?p=496"},"modified":"2003-02-28T19:53:57","modified_gmt":"2003-02-28T18:53:57","slug":"odefinierad-standpunkt","status":"publish","type":"post","link":"https:\/\/www.freiholtz.se\/forvetet\/2003\/02\/28\/odefinierad-standpunkt\/","title":{"rendered":"Odefinierad st\u00e5ndpunkt"},"content":{"rendered":"<p><!--89914818-->Vad vill <a class=\"text\" href=\"http:\/\/drullestigen.blogspot.com\/\">Karon M\u00f6red\u00f6sk<\/a>?<\/p>\n<p>I inl\u00e4gget <i>F\u00f6r och emot<\/i> (030224) skriver Karon: &#8221;<i>Jag kr\u00e4ver inte krig, jag f\u00f6respr\u00e5kar inte krig. Jag hoppas innerligt att Saddam viker sig innan det g\u00f6r s\u00e5 l\u00e5ngt.<\/i>&#8221; Likv\u00e4l har Karon i en l\u00e5ng rad kommentarer visat sin antipati mot krigsmotst\u00e5ndare.<\/p>\n<p>Om jag f\u00f6rst\u00e5tt Karon r\u00e4tt s\u00e5 kan man inte vara krigsmotst\u00e5ndare d\u00e4rf\u00f6r att:<\/p>\n<p>Karon \u00e4r imponerad av att Tony Blair, som \u00e4r f\u00f6r ett krig, visar ett &#8221;<i>lugnt statsmannaskap<\/i>&#8221; (<i>Blair st\u00e5r fast<\/i>, 030219 och <i>That&#8217;s all we ask<\/i>, 030228). Det \u00e4r Karons uppfattning, som l\u00e5ngt ifr\u00e5n alla delar, och d\u00e4rf\u00f6r inget argument.<\/p>\n<p>Jacques Chirac har, tror <a class=\"text\" href=\"http:\/\/www.metro.se\/site\/metro\/discuss\/?entry_type=kolumn&amp;entry_id=17427\">Ulf Nilsson<\/a>, dolda sk\u00e4l f\u00f6r sitt krigsmotst\u00e5nd (<i>Frankrikes m\u00e5l<\/i>&#8230;, 030219). Vad Ulf Nilsson tror \u00e4r irrelevant, s\u00e5 l\u00e4nge han inte kan bevisa det. Dessutom \u00e4r det ett f\u00f6rs\u00f6k till &#8221;guilt by association&#8221;, inget argument.<\/p>\n<p>De &#8221;<i>fredliga v\u00e4garna<\/i>&#8221; har inte lett till n\u00e5gonting p\u00e5 \u00f6ver ett decennium (<i>V\u00e4nster eller inte<\/i>, 030221). Det \u00e4r uppenbart osant, allts\u00e5 inte acceptabelt som argument.<\/p>\n<p>&#8221;&#8230;<i>Irak m\u00e5ste f\u00f6rm\u00e5s att avrusta innan Saddam l\u00e4gger vantarna p\u00e5 en bomb!<\/i>&#8221; (<i>Vem s\u00e4ger mest nej<\/i>, 030221) Har Karon n\u00e5gra bel\u00e4gg f\u00f6r att detta \u00e4r ett reellt hot? Om inte, s\u00e5 kan det inte accepteras som ett argument.<\/p>\n<p>Att g\u00f6ra stipulativa definitioner av meningsmotst\u00e5ndarnas argument mot en sak, eller att att tillskriva dem andra st\u00e5ndpunkter \u00e4n de som de framf\u00f6r (<i>Valet mellan Krig och Skam<\/i>, 030221), \u00e4r inte argument <b>f\u00f6r<\/b> saken.<\/p>\n<p>Vi vet allts\u00e5 att Karon <b>inte \u00e4r f\u00f6r<\/b> krig och <b>mot<\/b> krigsmotst\u00e5nd. Jag \u00e4r os\u00e4ker p\u00e5 om Karons inst\u00e4llning s\u00e5 h\u00e4r l\u00e5ngt ska kallas odefinierad eller m\u00f6jligen negativt definierad. F\u00f6r att l\u00e5na Karons egna ord (l\u00e4tt modifierade) &#8211; <i>Tala om vad du \u00e4r f\u00f6r, inte bara vad du \u00e4r emot!<\/i> Redovisa g\u00e4rna dina argument ocks\u00e5!<\/p>\n<p>I vad m\u00e5n Karons \u00e5sikt att mina tankar om monarkins framtid bottnar i &#8221;<i>konventionell visdom<\/i>&#8221; &#8211; och om jag \u00e4r &#8221;<i>negativt definierad<\/i>&#8221; &#8211; \u00e4r ber\u00e4ttigad avsl\u00f6jas inom kort, n\u00e4r jag postar det avslutande inl\u00e4gget. Dock kommer jag inte att servera de argument f\u00f6r \u00e4rftlig monarki som Karon efterlyser. Det \u00e4r inte vad mina inl\u00e4gg handlar om.<\/p>\n","protected":false},"excerpt":{"rendered":"<p>Vad vill Karon M\u00f6red\u00f6sk? I inl\u00e4gget F\u00f6r och emot (030224) skriver Karon: &#8221;Jag kr\u00e4ver inte krig, jag f\u00f6respr\u00e5kar inte krig. Jag hoppas innerligt att Saddam viker sig innan det g\u00f6r s\u00e5 l\u00e5ngt.&#8221; Likv\u00e4l har Karon i en l\u00e5ng rad kommentarer visat sin antipati mot krigsmotst\u00e5ndare. Om jag f\u00f6rst\u00e5tt Karon r\u00e4tt s\u00e5 kan man inte vara&#8230;<\/p>\n","protected":false},"author":1,"featured_media":0,"comment_status":"closed","ping_status":"closed","sticky":false,"template":"","format":"standard","meta":{"_monsterinsights_skip_tracking":false,"_monsterinsights_sitenote_active":false,"_monsterinsights_sitenote_note":"","_monsterinsights_sitenote_category":0,"footnotes":""},"categories":[7],"tags":[],"class_list":["post-496","post","type-post","status-publish","format-standard","hentry","category-politik"],"yoast_head":"<!-- This site is optimized with the Yoast SEO plugin v27.5 - https:\/\/yoast.com\/product\/yoast-seo-wordpress\/ -->\n<title>Odefinierad st\u00e5ndpunkt - F\u00f6rvetet<\/title>\n<meta name=\"robots\" content=\"index, follow, max-snippet:-1, max-image-preview:large, max-video-preview:-1\" \/>\n<link rel=\"canonical\" href=\"https:\/\/www.freiholtz.se\/forvetet\/2003\/02\/28\/odefinierad-standpunkt\/\" \/>\n<meta property=\"og:locale\" content=\"sv_SE\" \/>\n<meta property=\"og:type\" content=\"article\" \/>\n<meta property=\"og:title\" content=\"Odefinierad st\u00e5ndpunkt - F\u00f6rvetet\" \/>\n<meta property=\"og:description\" content=\"Vad vill Karon M\u00f6red\u00f6sk? I inl\u00e4gget F\u00f6r och emot (030224) skriver Karon: &#8221;Jag kr\u00e4ver inte krig, jag f\u00f6respr\u00e5kar inte krig. Jag hoppas innerligt att Saddam viker sig innan det g\u00f6r s\u00e5 l\u00e5ngt.&#8221; Likv\u00e4l har Karon i en l\u00e5ng rad kommentarer visat sin antipati mot krigsmotst\u00e5ndare. Om jag f\u00f6rst\u00e5tt Karon r\u00e4tt s\u00e5 kan man inte vara...\" \/>\n<meta property=\"og:url\" content=\"https:\/\/www.freiholtz.se\/forvetet\/2003\/02\/28\/odefinierad-standpunkt\/\" \/>\n<meta property=\"og:site_name\" content=\"F\u00f6rvetet\" \/>\n<meta property=\"article:published_time\" content=\"2003-02-28T18:53:57+00:00\" \/>\n<meta name=\"author\" content=\"Thorvald\" \/>\n<meta name=\"twitter:card\" content=\"summary_large_image\" \/>\n<meta name=\"twitter:label1\" content=\"Skriven av\" \/>\n\t<meta name=\"twitter:data1\" content=\"Thorvald\" \/>\n\t<meta name=\"twitter:label2\" content=\"Ber\u00e4knad l\u00e4stid\" \/>\n\t<meta name=\"twitter:data2\" content=\"2 minuter\" \/>\n<script type=\"application\/ld+json\" class=\"yoast-schema-graph\">{\"@context\":\"https:\\\/\\\/schema.org\",\"@graph\":[{\"@type\":\"Article\",\"@id\":\"https:\\\/\\\/www.freiholtz.se\\\/forvetet\\\/2003\\\/02\\\/28\\\/odefinierad-standpunkt\\\/#article\",\"isPartOf\":{\"@id\":\"https:\\\/\\\/www.freiholtz.se\\\/forvetet\\\/2003\\\/02\\\/28\\\/odefinierad-standpunkt\\\/\"},\"author\":{\"name\":\"Thorvald\",\"@id\":\"https:\\\/\\\/www.freiholtz.se\\\/forvetet\\\/#\\\/schema\\\/person\\\/f8eba858e89d86da3e8f4131644d7c72\"},\"headline\":\"Odefinierad st\u00e5ndpunkt\",\"datePublished\":\"2003-02-28T18:53:57+00:00\",\"mainEntityOfPage\":{\"@id\":\"https:\\\/\\\/www.freiholtz.se\\\/forvetet\\\/2003\\\/02\\\/28\\\/odefinierad-standpunkt\\\/\"},\"wordCount\":405,\"articleSection\":[\"Politik\"],\"inLanguage\":\"sv-SE\"},{\"@type\":\"WebPage\",\"@id\":\"https:\\\/\\\/www.freiholtz.se\\\/forvetet\\\/2003\\\/02\\\/28\\\/odefinierad-standpunkt\\\/\",\"url\":\"https:\\\/\\\/www.freiholtz.se\\\/forvetet\\\/2003\\\/02\\\/28\\\/odefinierad-standpunkt\\\/\",\"name\":\"Odefinierad st\u00e5ndpunkt - F\u00f6rvetet\",\"isPartOf\":{\"@id\":\"https:\\\/\\\/www.freiholtz.se\\\/forvetet\\\/#website\"},\"datePublished\":\"2003-02-28T18:53:57+00:00\",\"author\":{\"@id\":\"https:\\\/\\\/www.freiholtz.se\\\/forvetet\\\/#\\\/schema\\\/person\\\/f8eba858e89d86da3e8f4131644d7c72\"},\"breadcrumb\":{\"@id\":\"https:\\\/\\\/www.freiholtz.se\\\/forvetet\\\/2003\\\/02\\\/28\\\/odefinierad-standpunkt\\\/#breadcrumb\"},\"inLanguage\":\"sv-SE\",\"potentialAction\":[{\"@type\":\"ReadAction\",\"target\":[\"https:\\\/\\\/www.freiholtz.se\\\/forvetet\\\/2003\\\/02\\\/28\\\/odefinierad-standpunkt\\\/\"]}]},{\"@type\":\"BreadcrumbList\",\"@id\":\"https:\\\/\\\/www.freiholtz.se\\\/forvetet\\\/2003\\\/02\\\/28\\\/odefinierad-standpunkt\\\/#breadcrumb\",\"itemListElement\":[{\"@type\":\"ListItem\",\"position\":1,\"name\":\"Hem\",\"item\":\"https:\\\/\\\/www.freiholtz.se\\\/forvetet\\\/\"},{\"@type\":\"ListItem\",\"position\":2,\"name\":\"Odefinierad st\u00e5ndpunkt\"}]},{\"@type\":\"WebSite\",\"@id\":\"https:\\\/\\\/www.freiholtz.se\\\/forvetet\\\/#website\",\"url\":\"https:\\\/\\\/www.freiholtz.se\\\/forvetet\\\/\",\"name\":\"F\u00f6rvetet\",\"description\":\"en blogg fr\u00e5n freiholtz.se!\",\"potentialAction\":[{\"@type\":\"SearchAction\",\"target\":{\"@type\":\"EntryPoint\",\"urlTemplate\":\"https:\\\/\\\/www.freiholtz.se\\\/forvetet\\\/?s={search_term_string}\"},\"query-input\":{\"@type\":\"PropertyValueSpecification\",\"valueRequired\":true,\"valueName\":\"search_term_string\"}}],\"inLanguage\":\"sv-SE\"},{\"@type\":\"Person\",\"@id\":\"https:\\\/\\\/www.freiholtz.se\\\/forvetet\\\/#\\\/schema\\\/person\\\/f8eba858e89d86da3e8f4131644d7c72\",\"name\":\"Thorvald\",\"image\":{\"@type\":\"ImageObject\",\"inLanguage\":\"sv-SE\",\"@id\":\"https:\\\/\\\/secure.gravatar.com\\\/avatar\\\/8328a4c14b3a439f4c0cf3cf4af03cee061e00c35ed80000610d03c204796578?s=96&d=mm&r=g\",\"url\":\"https:\\\/\\\/secure.gravatar.com\\\/avatar\\\/8328a4c14b3a439f4c0cf3cf4af03cee061e00c35ed80000610d03c204796578?s=96&d=mm&r=g\",\"contentUrl\":\"https:\\\/\\\/secure.gravatar.com\\\/avatar\\\/8328a4c14b3a439f4c0cf3cf4af03cee061e00c35ed80000610d03c204796578?s=96&d=mm&r=g\",\"caption\":\"Thorvald\"},\"sameAs\":[\"https:\\\/\\\/www.freiholtz.se\"],\"url\":\"https:\\\/\\\/www.freiholtz.se\\\/forvetet\\\/author\\\/thorvald\\\/\"}]}<\/script>\n<!-- \/ Yoast SEO plugin. -->","yoast_head_json":{"title":"Odefinierad st\u00e5ndpunkt - F\u00f6rvetet","robots":{"index":"index","follow":"follow","max-snippet":"max-snippet:-1","max-image-preview":"max-image-preview:large","max-video-preview":"max-video-preview:-1"},"canonical":"https:\/\/www.freiholtz.se\/forvetet\/2003\/02\/28\/odefinierad-standpunkt\/","og_locale":"sv_SE","og_type":"article","og_title":"Odefinierad st\u00e5ndpunkt - F\u00f6rvetet","og_description":"Vad vill Karon M\u00f6red\u00f6sk? I inl\u00e4gget F\u00f6r och emot (030224) skriver Karon: &#8221;Jag kr\u00e4ver inte krig, jag f\u00f6respr\u00e5kar inte krig. Jag hoppas innerligt att Saddam viker sig innan det g\u00f6r s\u00e5 l\u00e5ngt.&#8221; Likv\u00e4l har Karon i en l\u00e5ng rad kommentarer visat sin antipati mot krigsmotst\u00e5ndare. Om jag f\u00f6rst\u00e5tt Karon r\u00e4tt s\u00e5 kan man inte vara...","og_url":"https:\/\/www.freiholtz.se\/forvetet\/2003\/02\/28\/odefinierad-standpunkt\/","og_site_name":"F\u00f6rvetet","article_published_time":"2003-02-28T18:53:57+00:00","author":"Thorvald","twitter_card":"summary_large_image","twitter_misc":{"Skriven av":"Thorvald","Ber\u00e4knad l\u00e4stid":"2 minuter"},"schema":{"@context":"https:\/\/schema.org","@graph":[{"@type":"Article","@id":"https:\/\/www.freiholtz.se\/forvetet\/2003\/02\/28\/odefinierad-standpunkt\/#article","isPartOf":{"@id":"https:\/\/www.freiholtz.se\/forvetet\/2003\/02\/28\/odefinierad-standpunkt\/"},"author":{"name":"Thorvald","@id":"https:\/\/www.freiholtz.se\/forvetet\/#\/schema\/person\/f8eba858e89d86da3e8f4131644d7c72"},"headline":"Odefinierad st\u00e5ndpunkt","datePublished":"2003-02-28T18:53:57+00:00","mainEntityOfPage":{"@id":"https:\/\/www.freiholtz.se\/forvetet\/2003\/02\/28\/odefinierad-standpunkt\/"},"wordCount":405,"articleSection":["Politik"],"inLanguage":"sv-SE"},{"@type":"WebPage","@id":"https:\/\/www.freiholtz.se\/forvetet\/2003\/02\/28\/odefinierad-standpunkt\/","url":"https:\/\/www.freiholtz.se\/forvetet\/2003\/02\/28\/odefinierad-standpunkt\/","name":"Odefinierad st\u00e5ndpunkt - F\u00f6rvetet","isPartOf":{"@id":"https:\/\/www.freiholtz.se\/forvetet\/#website"},"datePublished":"2003-02-28T18:53:57+00:00","author":{"@id":"https:\/\/www.freiholtz.se\/forvetet\/#\/schema\/person\/f8eba858e89d86da3e8f4131644d7c72"},"breadcrumb":{"@id":"https:\/\/www.freiholtz.se\/forvetet\/2003\/02\/28\/odefinierad-standpunkt\/#breadcrumb"},"inLanguage":"sv-SE","potentialAction":[{"@type":"ReadAction","target":["https:\/\/www.freiholtz.se\/forvetet\/2003\/02\/28\/odefinierad-standpunkt\/"]}]},{"@type":"BreadcrumbList","@id":"https:\/\/www.freiholtz.se\/forvetet\/2003\/02\/28\/odefinierad-standpunkt\/#breadcrumb","itemListElement":[{"@type":"ListItem","position":1,"name":"Hem","item":"https:\/\/www.freiholtz.se\/forvetet\/"},{"@type":"ListItem","position":2,"name":"Odefinierad st\u00e5ndpunkt"}]},{"@type":"WebSite","@id":"https:\/\/www.freiholtz.se\/forvetet\/#website","url":"https:\/\/www.freiholtz.se\/forvetet\/","name":"F\u00f6rvetet","description":"en blogg fr\u00e5n freiholtz.se!","potentialAction":[{"@type":"SearchAction","target":{"@type":"EntryPoint","urlTemplate":"https:\/\/www.freiholtz.se\/forvetet\/?s={search_term_string}"},"query-input":{"@type":"PropertyValueSpecification","valueRequired":true,"valueName":"search_term_string"}}],"inLanguage":"sv-SE"},{"@type":"Person","@id":"https:\/\/www.freiholtz.se\/forvetet\/#\/schema\/person\/f8eba858e89d86da3e8f4131644d7c72","name":"Thorvald","image":{"@type":"ImageObject","inLanguage":"sv-SE","@id":"https:\/\/secure.gravatar.com\/avatar\/8328a4c14b3a439f4c0cf3cf4af03cee061e00c35ed80000610d03c204796578?s=96&d=mm&r=g","url":"https:\/\/secure.gravatar.com\/avatar\/8328a4c14b3a439f4c0cf3cf4af03cee061e00c35ed80000610d03c204796578?s=96&d=mm&r=g","contentUrl":"https:\/\/secure.gravatar.com\/avatar\/8328a4c14b3a439f4c0cf3cf4af03cee061e00c35ed80000610d03c204796578?s=96&d=mm&r=g","caption":"Thorvald"},"sameAs":["https:\/\/www.freiholtz.se"],"url":"https:\/\/www.freiholtz.se\/forvetet\/author\/thorvald\/"}]}},"_links":{"self":[{"href":"https:\/\/www.freiholtz.se\/forvetet\/wp-json\/wp\/v2\/posts\/496","targetHints":{"allow":["GET"]}}],"collection":[{"href":"https:\/\/www.freiholtz.se\/forvetet\/wp-json\/wp\/v2\/posts"}],"about":[{"href":"https:\/\/www.freiholtz.se\/forvetet\/wp-json\/wp\/v2\/types\/post"}],"author":[{"embeddable":true,"href":"https:\/\/www.freiholtz.se\/forvetet\/wp-json\/wp\/v2\/users\/1"}],"replies":[{"embeddable":true,"href":"https:\/\/www.freiholtz.se\/forvetet\/wp-json\/wp\/v2\/comments?post=496"}],"version-history":[{"count":0,"href":"https:\/\/www.freiholtz.se\/forvetet\/wp-json\/wp\/v2\/posts\/496\/revisions"}],"wp:attachment":[{"href":"https:\/\/www.freiholtz.se\/forvetet\/wp-json\/wp\/v2\/media?parent=496"}],"wp:term":[{"taxonomy":"category","embeddable":true,"href":"https:\/\/www.freiholtz.se\/forvetet\/wp-json\/wp\/v2\/categories?post=496"},{"taxonomy":"post_tag","embeddable":true,"href":"https:\/\/www.freiholtz.se\/forvetet\/wp-json\/wp\/v2\/tags?post=496"}],"curies":[{"name":"wp","href":"https:\/\/api.w.org\/{rel}","templated":true}]}}