{"id":490,"date":"2003-01-16T20:02:33","date_gmt":"2003-01-16T19:02:33","guid":{"rendered":"http:\/\/www.freiholtz.se\/forvetet\/?p=490"},"modified":"2003-01-16T20:02:33","modified_gmt":"2003-01-16T19:02:33","slug":"var-ar-stormen","status":"publish","type":"post","link":"https:\/\/www.freiholtz.se\/forvetet\/2003\/01\/16\/var-ar-stormen\/","title":{"rendered":"Var \u00e4r stormen?"},"content":{"rendered":"<p>Studief\u00f6rbundet N\u00e4ringsliv och Samh\u00e4lle, SNS, har inte bara haft fr\u00e4ckheten att, tillsammans med Handelns Utredningsinstitut och Svenskt N\u00e4ringsliv, publicera en <a href=\"http:\/\/sn.svensktnaringsliv.se\/sn\/publi.nsf\/Publikationerview\/47D03A4F9A344304C1256CAA0045F024\/$File\/PUB200301-001-1.pdf\" target=\"_blank\" rel=\"noopener\">unders\u00f6kning<\/a> som visar att den offentliga sektorn \u00e4r mer oj\u00e4mlik (i l\u00f6neh\u00e4nseende) \u00e4n det privata n\u00e4ringslivet. I b\u00f6rjan av veckan h\u00f6ll man ocks\u00e5 en heldagskonferens om den svenska oh\u00e4lsan, d\u00e4r flera talare framf\u00f6rde den provocerande \u00e5sikten att inte alla sjukskrivna \u00e4r sjuka!!!<\/p>\n<p>Konferensen uppm\u00e4rksammades i G\u00f6teborgs-Posten. I <a href=\"http:\/\/www.gp.se\/gp\/jsp\/Crosslink.jsp?d=456&amp;a=114674\">en artikel av Margit Silberstein<\/a> kan man bl a l\u00e4sa: <i>Varf\u00f6r \u00e4r svenskar sjukare \u00e4n finl\u00e4ndare, tyskar och engelsm\u00e4n? Varf\u00f6r \u00e4r svenskar sjukare \u00e4n de flesta andra l\u00e4nder i Europa? vilket framkom av en unders\u00f6kning som professor Ed Palmers presenterade. &#8211; Vi \u00e4r inte s\u00e5 sjuka. R\u00e4tt fr\u00e5ga \u00e4r: varf\u00f6r \u00e4r s\u00e5 m\u00e5nga svenskar sjukskrivna? sa l\u00e4karen Eva Nilsson B\u00e5genholm<\/i>.&#8221; Vidare citeras Bo Hallqvist, distrikts- och f\u00f6rs\u00e4kringsl\u00e4kare i Norrbotten, som h\u00e4vdar att h\u00e4lften av alla sjukskrivna inte \u00e4r sjuka utan ist\u00e4llet har andra problem. &#8221;<i>Folk sjukskriver sig n\u00e4r de \u00e4r missn\u00f6jda med tillvaron, s\u00e4ger han.<\/i>&#8221;<\/p>\n<p>Upplivad slog jag mig till ro och v\u00e4ntade p\u00e5 den oundvikliga mediestormen. Jag f\u00f6rv\u00e4ntade mig flera veckor av ifr\u00e5gas\u00e4ttanden, verbala rallarsvingar och krypskytte fr\u00e5n de ideologiska skyttegravarna. N\u00e5got i stil med vad som utbr\u00f6t n\u00e4r Alf Svensson f\u00f6rra v\u00e5ren svarade ja p\u00e5 fr\u00e5gan: &#8221;<i>Tror du att det f\u00f6rekommer \u00f6verutnyttjande eller fusk i sjukf\u00f6rs\u00e4kringssystemet?<\/i>&#8221;. Men inget h\u00e4nde!<\/p>\n<p>Jag letade i huvudstadstidningarna, men hittade inte ens ett referat fr\u00e5n konferensen. \u00c4r m\u00e5nne alla samh\u00e4lls- och politikreportrar i Stockholmsdrakarna sjuka\/sjukskrivna? (stryk valfritt alternativ)<\/p>\n<p>Eftersom jag trivs b\u00e4st i h\u00e5rd vind (jag brukar st\u00e5 rak n\u00e4r det stormar, inte f\u00f6r att jag har s\u00e5 mycket till ryggrad utan f\u00f6r att jag \u00e4r ovanligt tjockhudad) passar jag p\u00e5 tillf\u00e4llet att sj\u00e4lv komma med ett h\u00e4diskt uttalande &#8211; &#8221;<i>Inte alla arbetsl\u00f6sa vill ha ett arbete!<\/i>&#8221;<\/p>\n<p>Nog borde v\u00e4l det \u00e5tminstone r\u00e4cka till en styv kuling?<\/p>\n","protected":false},"excerpt":{"rendered":"<p>Studief\u00f6rbundet N\u00e4ringsliv och Samh\u00e4lle, SNS, har inte bara haft fr\u00e4ckheten att, tillsammans med Handelns Utredningsinstitut och Svenskt N\u00e4ringsliv, publicera en unders\u00f6kning som visar att den offentliga sektorn \u00e4r mer oj\u00e4mlik (i l\u00f6neh\u00e4nseende) \u00e4n det privata n\u00e4ringslivet. I b\u00f6rjan av veckan h\u00f6ll man ocks\u00e5 en heldagskonferens om den svenska oh\u00e4lsan, d\u00e4r flera talare framf\u00f6rde den provocerande&#8230;<\/p>\n","protected":false},"author":1,"featured_media":0,"comment_status":"closed","ping_status":"closed","sticky":false,"template":"","format":"standard","meta":{"_monsterinsights_skip_tracking":false,"_monsterinsights_sitenote_active":false,"_monsterinsights_sitenote_note":"","_monsterinsights_sitenote_category":0,"footnotes":""},"categories":[7,8],"tags":[120,157],"class_list":["post-490","post","type-post","status-publish","format-standard","hentry","category-politik","category-samhalle","tag-ohalsa","tag-sjukskrivning"],"yoast_head":"<!-- This site is optimized with the Yoast SEO plugin v27.5 - https:\/\/yoast.com\/product\/yoast-seo-wordpress\/ -->\n<title>Var \u00e4r stormen? - F\u00f6rvetet<\/title>\n<meta name=\"robots\" content=\"index, follow, max-snippet:-1, max-image-preview:large, max-video-preview:-1\" \/>\n<link rel=\"canonical\" href=\"https:\/\/www.freiholtz.se\/forvetet\/2003\/01\/16\/var-ar-stormen\/\" \/>\n<meta property=\"og:locale\" content=\"sv_SE\" \/>\n<meta property=\"og:type\" content=\"article\" \/>\n<meta property=\"og:title\" content=\"Var \u00e4r stormen? - F\u00f6rvetet\" \/>\n<meta property=\"og:description\" content=\"Studief\u00f6rbundet N\u00e4ringsliv och Samh\u00e4lle, SNS, har inte bara haft fr\u00e4ckheten att, tillsammans med Handelns Utredningsinstitut och Svenskt N\u00e4ringsliv, publicera en unders\u00f6kning som visar att den offentliga sektorn \u00e4r mer oj\u00e4mlik (i l\u00f6neh\u00e4nseende) \u00e4n det privata n\u00e4ringslivet. I b\u00f6rjan av veckan h\u00f6ll man ocks\u00e5 en heldagskonferens om den svenska oh\u00e4lsan, d\u00e4r flera talare framf\u00f6rde den provocerande...\" \/>\n<meta property=\"og:url\" content=\"https:\/\/www.freiholtz.se\/forvetet\/2003\/01\/16\/var-ar-stormen\/\" \/>\n<meta property=\"og:site_name\" content=\"F\u00f6rvetet\" \/>\n<meta property=\"article:published_time\" content=\"2003-01-16T19:02:33+00:00\" \/>\n<meta name=\"author\" content=\"Thorvald\" \/>\n<meta name=\"twitter:card\" content=\"summary_large_image\" \/>\n<meta name=\"twitter:label1\" content=\"Skriven av\" \/>\n\t<meta name=\"twitter:data1\" content=\"Thorvald\" \/>\n\t<meta name=\"twitter:label2\" content=\"Ber\u00e4knad l\u00e4stid\" \/>\n\t<meta name=\"twitter:data2\" content=\"2 minuter\" \/>\n<script type=\"application\/ld+json\" class=\"yoast-schema-graph\">{\"@context\":\"https:\\\/\\\/schema.org\",\"@graph\":[{\"@type\":\"Article\",\"@id\":\"https:\\\/\\\/www.freiholtz.se\\\/forvetet\\\/2003\\\/01\\\/16\\\/var-ar-stormen\\\/#article\",\"isPartOf\":{\"@id\":\"https:\\\/\\\/www.freiholtz.se\\\/forvetet\\\/2003\\\/01\\\/16\\\/var-ar-stormen\\\/\"},\"author\":{\"name\":\"Thorvald\",\"@id\":\"https:\\\/\\\/www.freiholtz.se\\\/forvetet\\\/#\\\/schema\\\/person\\\/f8eba858e89d86da3e8f4131644d7c72\"},\"headline\":\"Var \u00e4r stormen?\",\"datePublished\":\"2003-01-16T19:02:33+00:00\",\"mainEntityOfPage\":{\"@id\":\"https:\\\/\\\/www.freiholtz.se\\\/forvetet\\\/2003\\\/01\\\/16\\\/var-ar-stormen\\\/\"},\"wordCount\":374,\"keywords\":[\"oh\u00e4lsa\",\"sjukskrivning\"],\"articleSection\":[\"Politik\",\"Samh\u00e4lle\"],\"inLanguage\":\"sv-SE\"},{\"@type\":\"WebPage\",\"@id\":\"https:\\\/\\\/www.freiholtz.se\\\/forvetet\\\/2003\\\/01\\\/16\\\/var-ar-stormen\\\/\",\"url\":\"https:\\\/\\\/www.freiholtz.se\\\/forvetet\\\/2003\\\/01\\\/16\\\/var-ar-stormen\\\/\",\"name\":\"Var \u00e4r stormen? - F\u00f6rvetet\",\"isPartOf\":{\"@id\":\"https:\\\/\\\/www.freiholtz.se\\\/forvetet\\\/#website\"},\"datePublished\":\"2003-01-16T19:02:33+00:00\",\"author\":{\"@id\":\"https:\\\/\\\/www.freiholtz.se\\\/forvetet\\\/#\\\/schema\\\/person\\\/f8eba858e89d86da3e8f4131644d7c72\"},\"breadcrumb\":{\"@id\":\"https:\\\/\\\/www.freiholtz.se\\\/forvetet\\\/2003\\\/01\\\/16\\\/var-ar-stormen\\\/#breadcrumb\"},\"inLanguage\":\"sv-SE\",\"potentialAction\":[{\"@type\":\"ReadAction\",\"target\":[\"https:\\\/\\\/www.freiholtz.se\\\/forvetet\\\/2003\\\/01\\\/16\\\/var-ar-stormen\\\/\"]}]},{\"@type\":\"BreadcrumbList\",\"@id\":\"https:\\\/\\\/www.freiholtz.se\\\/forvetet\\\/2003\\\/01\\\/16\\\/var-ar-stormen\\\/#breadcrumb\",\"itemListElement\":[{\"@type\":\"ListItem\",\"position\":1,\"name\":\"Hem\",\"item\":\"https:\\\/\\\/www.freiholtz.se\\\/forvetet\\\/\"},{\"@type\":\"ListItem\",\"position\":2,\"name\":\"Var \u00e4r stormen?\"}]},{\"@type\":\"WebSite\",\"@id\":\"https:\\\/\\\/www.freiholtz.se\\\/forvetet\\\/#website\",\"url\":\"https:\\\/\\\/www.freiholtz.se\\\/forvetet\\\/\",\"name\":\"F\u00f6rvetet\",\"description\":\"en blogg fr\u00e5n freiholtz.se!\",\"potentialAction\":[{\"@type\":\"SearchAction\",\"target\":{\"@type\":\"EntryPoint\",\"urlTemplate\":\"https:\\\/\\\/www.freiholtz.se\\\/forvetet\\\/?s={search_term_string}\"},\"query-input\":{\"@type\":\"PropertyValueSpecification\",\"valueRequired\":true,\"valueName\":\"search_term_string\"}}],\"inLanguage\":\"sv-SE\"},{\"@type\":\"Person\",\"@id\":\"https:\\\/\\\/www.freiholtz.se\\\/forvetet\\\/#\\\/schema\\\/person\\\/f8eba858e89d86da3e8f4131644d7c72\",\"name\":\"Thorvald\",\"image\":{\"@type\":\"ImageObject\",\"inLanguage\":\"sv-SE\",\"@id\":\"https:\\\/\\\/secure.gravatar.com\\\/avatar\\\/8328a4c14b3a439f4c0cf3cf4af03cee061e00c35ed80000610d03c204796578?s=96&d=mm&r=g\",\"url\":\"https:\\\/\\\/secure.gravatar.com\\\/avatar\\\/8328a4c14b3a439f4c0cf3cf4af03cee061e00c35ed80000610d03c204796578?s=96&d=mm&r=g\",\"contentUrl\":\"https:\\\/\\\/secure.gravatar.com\\\/avatar\\\/8328a4c14b3a439f4c0cf3cf4af03cee061e00c35ed80000610d03c204796578?s=96&d=mm&r=g\",\"caption\":\"Thorvald\"},\"sameAs\":[\"https:\\\/\\\/www.freiholtz.se\"],\"url\":\"https:\\\/\\\/www.freiholtz.se\\\/forvetet\\\/author\\\/thorvald\\\/\"}]}<\/script>\n<!-- \/ Yoast SEO plugin. -->","yoast_head_json":{"title":"Var \u00e4r stormen? - F\u00f6rvetet","robots":{"index":"index","follow":"follow","max-snippet":"max-snippet:-1","max-image-preview":"max-image-preview:large","max-video-preview":"max-video-preview:-1"},"canonical":"https:\/\/www.freiholtz.se\/forvetet\/2003\/01\/16\/var-ar-stormen\/","og_locale":"sv_SE","og_type":"article","og_title":"Var \u00e4r stormen? - F\u00f6rvetet","og_description":"Studief\u00f6rbundet N\u00e4ringsliv och Samh\u00e4lle, SNS, har inte bara haft fr\u00e4ckheten att, tillsammans med Handelns Utredningsinstitut och Svenskt N\u00e4ringsliv, publicera en unders\u00f6kning som visar att den offentliga sektorn \u00e4r mer oj\u00e4mlik (i l\u00f6neh\u00e4nseende) \u00e4n det privata n\u00e4ringslivet. I b\u00f6rjan av veckan h\u00f6ll man ocks\u00e5 en heldagskonferens om den svenska oh\u00e4lsan, d\u00e4r flera talare framf\u00f6rde den provocerande...","og_url":"https:\/\/www.freiholtz.se\/forvetet\/2003\/01\/16\/var-ar-stormen\/","og_site_name":"F\u00f6rvetet","article_published_time":"2003-01-16T19:02:33+00:00","author":"Thorvald","twitter_card":"summary_large_image","twitter_misc":{"Skriven av":"Thorvald","Ber\u00e4knad l\u00e4stid":"2 minuter"},"schema":{"@context":"https:\/\/schema.org","@graph":[{"@type":"Article","@id":"https:\/\/www.freiholtz.se\/forvetet\/2003\/01\/16\/var-ar-stormen\/#article","isPartOf":{"@id":"https:\/\/www.freiholtz.se\/forvetet\/2003\/01\/16\/var-ar-stormen\/"},"author":{"name":"Thorvald","@id":"https:\/\/www.freiholtz.se\/forvetet\/#\/schema\/person\/f8eba858e89d86da3e8f4131644d7c72"},"headline":"Var \u00e4r stormen?","datePublished":"2003-01-16T19:02:33+00:00","mainEntityOfPage":{"@id":"https:\/\/www.freiholtz.se\/forvetet\/2003\/01\/16\/var-ar-stormen\/"},"wordCount":374,"keywords":["oh\u00e4lsa","sjukskrivning"],"articleSection":["Politik","Samh\u00e4lle"],"inLanguage":"sv-SE"},{"@type":"WebPage","@id":"https:\/\/www.freiholtz.se\/forvetet\/2003\/01\/16\/var-ar-stormen\/","url":"https:\/\/www.freiholtz.se\/forvetet\/2003\/01\/16\/var-ar-stormen\/","name":"Var \u00e4r stormen? - F\u00f6rvetet","isPartOf":{"@id":"https:\/\/www.freiholtz.se\/forvetet\/#website"},"datePublished":"2003-01-16T19:02:33+00:00","author":{"@id":"https:\/\/www.freiholtz.se\/forvetet\/#\/schema\/person\/f8eba858e89d86da3e8f4131644d7c72"},"breadcrumb":{"@id":"https:\/\/www.freiholtz.se\/forvetet\/2003\/01\/16\/var-ar-stormen\/#breadcrumb"},"inLanguage":"sv-SE","potentialAction":[{"@type":"ReadAction","target":["https:\/\/www.freiholtz.se\/forvetet\/2003\/01\/16\/var-ar-stormen\/"]}]},{"@type":"BreadcrumbList","@id":"https:\/\/www.freiholtz.se\/forvetet\/2003\/01\/16\/var-ar-stormen\/#breadcrumb","itemListElement":[{"@type":"ListItem","position":1,"name":"Hem","item":"https:\/\/www.freiholtz.se\/forvetet\/"},{"@type":"ListItem","position":2,"name":"Var \u00e4r stormen?"}]},{"@type":"WebSite","@id":"https:\/\/www.freiholtz.se\/forvetet\/#website","url":"https:\/\/www.freiholtz.se\/forvetet\/","name":"F\u00f6rvetet","description":"en blogg fr\u00e5n freiholtz.se!","potentialAction":[{"@type":"SearchAction","target":{"@type":"EntryPoint","urlTemplate":"https:\/\/www.freiholtz.se\/forvetet\/?s={search_term_string}"},"query-input":{"@type":"PropertyValueSpecification","valueRequired":true,"valueName":"search_term_string"}}],"inLanguage":"sv-SE"},{"@type":"Person","@id":"https:\/\/www.freiholtz.se\/forvetet\/#\/schema\/person\/f8eba858e89d86da3e8f4131644d7c72","name":"Thorvald","image":{"@type":"ImageObject","inLanguage":"sv-SE","@id":"https:\/\/secure.gravatar.com\/avatar\/8328a4c14b3a439f4c0cf3cf4af03cee061e00c35ed80000610d03c204796578?s=96&d=mm&r=g","url":"https:\/\/secure.gravatar.com\/avatar\/8328a4c14b3a439f4c0cf3cf4af03cee061e00c35ed80000610d03c204796578?s=96&d=mm&r=g","contentUrl":"https:\/\/secure.gravatar.com\/avatar\/8328a4c14b3a439f4c0cf3cf4af03cee061e00c35ed80000610d03c204796578?s=96&d=mm&r=g","caption":"Thorvald"},"sameAs":["https:\/\/www.freiholtz.se"],"url":"https:\/\/www.freiholtz.se\/forvetet\/author\/thorvald\/"}]}},"_links":{"self":[{"href":"https:\/\/www.freiholtz.se\/forvetet\/wp-json\/wp\/v2\/posts\/490","targetHints":{"allow":["GET"]}}],"collection":[{"href":"https:\/\/www.freiholtz.se\/forvetet\/wp-json\/wp\/v2\/posts"}],"about":[{"href":"https:\/\/www.freiholtz.se\/forvetet\/wp-json\/wp\/v2\/types\/post"}],"author":[{"embeddable":true,"href":"https:\/\/www.freiholtz.se\/forvetet\/wp-json\/wp\/v2\/users\/1"}],"replies":[{"embeddable":true,"href":"https:\/\/www.freiholtz.se\/forvetet\/wp-json\/wp\/v2\/comments?post=490"}],"version-history":[{"count":0,"href":"https:\/\/www.freiholtz.se\/forvetet\/wp-json\/wp\/v2\/posts\/490\/revisions"}],"wp:attachment":[{"href":"https:\/\/www.freiholtz.se\/forvetet\/wp-json\/wp\/v2\/media?parent=490"}],"wp:term":[{"taxonomy":"category","embeddable":true,"href":"https:\/\/www.freiholtz.se\/forvetet\/wp-json\/wp\/v2\/categories?post=490"},{"taxonomy":"post_tag","embeddable":true,"href":"https:\/\/www.freiholtz.se\/forvetet\/wp-json\/wp\/v2\/tags?post=490"}],"curies":[{"name":"wp","href":"https:\/\/api.w.org\/{rel}","templated":true}]}}