{"id":479,"date":"2003-01-26T23:26:41","date_gmt":"2003-01-26T22:26:41","guid":{"rendered":"http:\/\/www.freiholtz.se\/forvetet\/?p=479"},"modified":"2003-01-26T23:26:41","modified_gmt":"2003-01-26T22:26:41","slug":"school-is-a-cabaret","status":"publish","type":"post","link":"https:\/\/www.freiholtz.se\/forvetet\/2003\/01\/26\/school-is-a-cabaret\/","title":{"rendered":"School is a Cabaret"},"content":{"rendered":"<p>N\u00e4r jag h\u00e4romdagen skrev att jag skulle \u00e5terkomma med ett positivt inl\u00e4gg var det \u00d6stlyckeskolans kabar\u00e9 jag hade i tankarna.<\/p>\n<p><a href=\"http:\/\/www.school.alingsas.se\/ostlyckan\/\">\u00d6stlyckeskolan<\/a> \u00e4r en kommunal h\u00f6gstadieskola i <a href=\"http:\/\/www.alingsas.se\/\">Alings\u00e5s<\/a>. Det som fr\u00e4mst skiljer den fr\u00e5n andra h\u00f6gstadieskolor \u00e4r den \u00e5rliga kabar\u00e9n: &#8221;<i>Under de senaste tolv \u00e5ren har elever, l\u00e4rare och f\u00f6r\u00e4ldrar p\u00e5 \u00d6stlyckeskolan producerat en kabar\u00e9, som har kommit att ta allt st\u00f6rre plats i skolans verksamhet. Det \u00e4r ett roligt arbete. Dessutom medf\u00f6r kabar\u00e9verksamheten st\u00f6rre trivsel i skolan och den motverkar mobbing.<\/i>&#8221; Av skolans ca 550 elever deltog i \u00e5r 330 i arbetet med kabar\u00e9n (f\u00f6rhoppningsvis uppdateras skolans webbplats med f\u00e4rsk information och bilder fr\u00e5n \u00e5rets kabar\u00e9 inom en snar framtid).<\/p>\n<p>Resultatet \u00e4r, ur alla aspekter, str\u00e5lande! Dels \u00e4r f\u00f6rest\u00e4llningarna som s\u00e5dana vanligtvis mycket bra (om \u00e4n l\u00e5nga, det blir de n\u00e4r alla som vill f\u00e5r vara med), dels \u00e4r arbetet med kabar\u00e9n ett ov\u00e4rderligt bidrag till elevernas utveckling. De tr\u00e4nar sin kreativitet. De samarbetar i ett STORT projekt, med alla krav det st\u00e4ller. Sist, men inte minst f\u00f6rv\u00e4rvar de (i f\u00f6rsta hand de som st\u00e5r p\u00e5 scenen) en otvungenhet och s\u00e4kerhet i offentliga sammanhang som \u00e4r avundsv\u00e4rd.<\/p>\n<p>Min yngsta dotter g\u00e5r nu p\u00e5 \u00d6stlyckeskolan, vilket ocks\u00e5 hennes b\u00e5da \u00e4ldre systrar gjort. Jag hade i veckan f\u00f6rm\u00e5nen att f\u00e5 se kabar\u00e9n f\u00f6r sj\u00e4tte g\u00e5ngen. Som vanligt var det en f\u00f6rest\u00e4llning med stor sp\u00e4nnvidd. Den rymde allt fr\u00e5n ren buskis till inslag om barnarbete samt m\u00e4ngder av dansnummer. Kabar\u00e9n skulle naturligtvis inte ha blivit av utan engagerade l\u00e4rare som g\u00f6r insatser &#8221;<i>far beyond duty<\/i>&#8221;, de \u00e4r v\u00e4rda all beundran!<\/p>\n<p>Det som m\u00f6jliggjort \u00d6stlyckeskolans kabar\u00e9 (och m\u00e5nga andra goda initiativ i den svenska skolan) \u00e4r den kommunalisering av skolan som G\u00f6ran Persson drev igenom 1989. Innan den genomf\u00f6rdes var skolv\u00e4rlden en i princip stillast\u00e5ende verksamhet, isolerad fr\u00e5n resten av samh\u00e4llet. Verksamheten i skolan reglerades i detalj av staten, men huvudmannaskapet var oklart. Ansvaret var delat mellan stat och kommun och i detta fall var tales\u00e4ttet &#8221;<i>Delat ansvar \u00e4r ingens ansvar<\/i>&#8221; verkligen sant. Skolan pr\u00e4glades av katederundervisning och f\u00f6rmedlingspedagogik. Samarbete mellan l\u00e4rarna f\u00f6rekom n\u00e4stan inte och den som hade antytt att man skulle kunna samarbeta \u00f6ver \u00e4mnesgr\u00e4nserna hade f\u00f6rmodligen betraktats som galen.<\/p>\n<p>Kommunaliseringen och \u00f6verg\u00e5ngen till m\u00e5lstyrning \u00e4ndrade p\u00e5 allt detta. Skolan blev en integrerad del i samh\u00e4llet och d\u00f6rren \u00f6ppnades f\u00f6r initiativ som \u00d6stlyckeskolans kabar\u00e9.<\/p>\n<p>Att reformen var underfinansierad och att G\u00f6ran Persson senare sanerat statens finanser p\u00e5 kommunernas bekostnad s\u00e5 att de tvingats till besparingar som skadar verksamheten inom skolan (och inom andra omr\u00e5den) kan ju inte kommunerna lastas f\u00f6r. Naturligtvis \u00e4r det inte enbart en fr\u00e5ga om resurser, en del problem i dagens skola beror p\u00e5 brister i den kommunala organisationen och kommunpolitikernas kompetens. Men att f\u00f6rstatliga skolan \u00e4r inte r\u00e4tt v\u00e4g att g\u00e5!<\/p>\n","protected":false},"excerpt":{"rendered":"<p>N\u00e4r jag h\u00e4romdagen skrev att jag skulle \u00e5terkomma med ett positivt inl\u00e4gg var det \u00d6stlyckeskolans kabar\u00e9 jag hade i tankarna. \u00d6stlyckeskolan \u00e4r en kommunal h\u00f6gstadieskola i Alings\u00e5s. Det som fr\u00e4mst skiljer den fr\u00e5n andra h\u00f6gstadieskolor \u00e4r den \u00e5rliga kabar\u00e9n: &#8221;Under de senaste tolv \u00e5ren har elever, l\u00e4rare och f\u00f6r\u00e4ldrar p\u00e5 \u00d6stlyckeskolan producerat en kabar\u00e9, som&#8230;<\/p>\n","protected":false},"author":1,"featured_media":0,"comment_status":"closed","ping_status":"closed","sticky":false,"template":"","format":"standard","meta":{"_monsterinsights_skip_tracking":false,"_monsterinsights_sitenote_active":false,"_monsterinsights_sitenote_note":"","_monsterinsights_sitenote_category":0,"footnotes":""},"categories":[6,7,8],"tags":[11,83,127,159],"class_list":["post-479","post","type-post","status-publish","format-standard","hentry","category-kultur","category-politik","category-samhalle","tag-alingsas","tag-kabaret","tag-pedagogik","tag-skola"],"yoast_head":"<!-- This site is optimized with the Yoast SEO plugin v27.5 - https:\/\/yoast.com\/product\/yoast-seo-wordpress\/ -->\n<title>School is a Cabaret - F\u00f6rvetet<\/title>\n<meta name=\"robots\" content=\"index, follow, max-snippet:-1, max-image-preview:large, max-video-preview:-1\" \/>\n<link rel=\"canonical\" href=\"https:\/\/www.freiholtz.se\/forvetet\/2003\/01\/26\/school-is-a-cabaret\/\" \/>\n<meta property=\"og:locale\" content=\"sv_SE\" \/>\n<meta property=\"og:type\" content=\"article\" \/>\n<meta property=\"og:title\" content=\"School is a Cabaret - F\u00f6rvetet\" \/>\n<meta property=\"og:description\" content=\"N\u00e4r jag h\u00e4romdagen skrev att jag skulle \u00e5terkomma med ett positivt inl\u00e4gg var det \u00d6stlyckeskolans kabar\u00e9 jag hade i tankarna. \u00d6stlyckeskolan \u00e4r en kommunal h\u00f6gstadieskola i Alings\u00e5s. Det som fr\u00e4mst skiljer den fr\u00e5n andra h\u00f6gstadieskolor \u00e4r den \u00e5rliga kabar\u00e9n: &#8221;Under de senaste tolv \u00e5ren har elever, l\u00e4rare och f\u00f6r\u00e4ldrar p\u00e5 \u00d6stlyckeskolan producerat en kabar\u00e9, som...\" \/>\n<meta property=\"og:url\" content=\"https:\/\/www.freiholtz.se\/forvetet\/2003\/01\/26\/school-is-a-cabaret\/\" \/>\n<meta property=\"og:site_name\" content=\"F\u00f6rvetet\" \/>\n<meta property=\"article:published_time\" content=\"2003-01-26T22:26:41+00:00\" \/>\n<meta name=\"author\" content=\"Thorvald\" \/>\n<meta name=\"twitter:card\" content=\"summary_large_image\" \/>\n<meta name=\"twitter:label1\" content=\"Skriven av\" \/>\n\t<meta name=\"twitter:data1\" content=\"Thorvald\" \/>\n\t<meta name=\"twitter:label2\" content=\"Ber\u00e4knad l\u00e4stid\" \/>\n\t<meta name=\"twitter:data2\" content=\"3 minuter\" \/>\n<script type=\"application\/ld+json\" class=\"yoast-schema-graph\">{\"@context\":\"https:\\\/\\\/schema.org\",\"@graph\":[{\"@type\":\"Article\",\"@id\":\"https:\\\/\\\/www.freiholtz.se\\\/forvetet\\\/2003\\\/01\\\/26\\\/school-is-a-cabaret\\\/#article\",\"isPartOf\":{\"@id\":\"https:\\\/\\\/www.freiholtz.se\\\/forvetet\\\/2003\\\/01\\\/26\\\/school-is-a-cabaret\\\/\"},\"author\":{\"name\":\"Thorvald\",\"@id\":\"https:\\\/\\\/www.freiholtz.se\\\/forvetet\\\/#\\\/schema\\\/person\\\/f8eba858e89d86da3e8f4131644d7c72\"},\"headline\":\"School is a Cabaret\",\"datePublished\":\"2003-01-26T22:26:41+00:00\",\"mainEntityOfPage\":{\"@id\":\"https:\\\/\\\/www.freiholtz.se\\\/forvetet\\\/2003\\\/01\\\/26\\\/school-is-a-cabaret\\\/\"},\"wordCount\":536,\"keywords\":[\"alings\u00e5s\",\"kabaret\",\"pedagogik\",\"skola\"],\"articleSection\":[\"Kultur\",\"Politik\",\"Samh\u00e4lle\"],\"inLanguage\":\"sv-SE\"},{\"@type\":\"WebPage\",\"@id\":\"https:\\\/\\\/www.freiholtz.se\\\/forvetet\\\/2003\\\/01\\\/26\\\/school-is-a-cabaret\\\/\",\"url\":\"https:\\\/\\\/www.freiholtz.se\\\/forvetet\\\/2003\\\/01\\\/26\\\/school-is-a-cabaret\\\/\",\"name\":\"School is a Cabaret - F\u00f6rvetet\",\"isPartOf\":{\"@id\":\"https:\\\/\\\/www.freiholtz.se\\\/forvetet\\\/#website\"},\"datePublished\":\"2003-01-26T22:26:41+00:00\",\"author\":{\"@id\":\"https:\\\/\\\/www.freiholtz.se\\\/forvetet\\\/#\\\/schema\\\/person\\\/f8eba858e89d86da3e8f4131644d7c72\"},\"breadcrumb\":{\"@id\":\"https:\\\/\\\/www.freiholtz.se\\\/forvetet\\\/2003\\\/01\\\/26\\\/school-is-a-cabaret\\\/#breadcrumb\"},\"inLanguage\":\"sv-SE\",\"potentialAction\":[{\"@type\":\"ReadAction\",\"target\":[\"https:\\\/\\\/www.freiholtz.se\\\/forvetet\\\/2003\\\/01\\\/26\\\/school-is-a-cabaret\\\/\"]}]},{\"@type\":\"BreadcrumbList\",\"@id\":\"https:\\\/\\\/www.freiholtz.se\\\/forvetet\\\/2003\\\/01\\\/26\\\/school-is-a-cabaret\\\/#breadcrumb\",\"itemListElement\":[{\"@type\":\"ListItem\",\"position\":1,\"name\":\"Hem\",\"item\":\"https:\\\/\\\/www.freiholtz.se\\\/forvetet\\\/\"},{\"@type\":\"ListItem\",\"position\":2,\"name\":\"School is a Cabaret\"}]},{\"@type\":\"WebSite\",\"@id\":\"https:\\\/\\\/www.freiholtz.se\\\/forvetet\\\/#website\",\"url\":\"https:\\\/\\\/www.freiholtz.se\\\/forvetet\\\/\",\"name\":\"F\u00f6rvetet\",\"description\":\"en blogg fr\u00e5n freiholtz.se!\",\"potentialAction\":[{\"@type\":\"SearchAction\",\"target\":{\"@type\":\"EntryPoint\",\"urlTemplate\":\"https:\\\/\\\/www.freiholtz.se\\\/forvetet\\\/?s={search_term_string}\"},\"query-input\":{\"@type\":\"PropertyValueSpecification\",\"valueRequired\":true,\"valueName\":\"search_term_string\"}}],\"inLanguage\":\"sv-SE\"},{\"@type\":\"Person\",\"@id\":\"https:\\\/\\\/www.freiholtz.se\\\/forvetet\\\/#\\\/schema\\\/person\\\/f8eba858e89d86da3e8f4131644d7c72\",\"name\":\"Thorvald\",\"image\":{\"@type\":\"ImageObject\",\"inLanguage\":\"sv-SE\",\"@id\":\"https:\\\/\\\/secure.gravatar.com\\\/avatar\\\/8328a4c14b3a439f4c0cf3cf4af03cee061e00c35ed80000610d03c204796578?s=96&d=mm&r=g\",\"url\":\"https:\\\/\\\/secure.gravatar.com\\\/avatar\\\/8328a4c14b3a439f4c0cf3cf4af03cee061e00c35ed80000610d03c204796578?s=96&d=mm&r=g\",\"contentUrl\":\"https:\\\/\\\/secure.gravatar.com\\\/avatar\\\/8328a4c14b3a439f4c0cf3cf4af03cee061e00c35ed80000610d03c204796578?s=96&d=mm&r=g\",\"caption\":\"Thorvald\"},\"sameAs\":[\"https:\\\/\\\/www.freiholtz.se\"],\"url\":\"https:\\\/\\\/www.freiholtz.se\\\/forvetet\\\/author\\\/thorvald\\\/\"}]}<\/script>\n<!-- \/ Yoast SEO plugin. -->","yoast_head_json":{"title":"School is a Cabaret - F\u00f6rvetet","robots":{"index":"index","follow":"follow","max-snippet":"max-snippet:-1","max-image-preview":"max-image-preview:large","max-video-preview":"max-video-preview:-1"},"canonical":"https:\/\/www.freiholtz.se\/forvetet\/2003\/01\/26\/school-is-a-cabaret\/","og_locale":"sv_SE","og_type":"article","og_title":"School is a Cabaret - F\u00f6rvetet","og_description":"N\u00e4r jag h\u00e4romdagen skrev att jag skulle \u00e5terkomma med ett positivt inl\u00e4gg var det \u00d6stlyckeskolans kabar\u00e9 jag hade i tankarna. \u00d6stlyckeskolan \u00e4r en kommunal h\u00f6gstadieskola i Alings\u00e5s. Det som fr\u00e4mst skiljer den fr\u00e5n andra h\u00f6gstadieskolor \u00e4r den \u00e5rliga kabar\u00e9n: &#8221;Under de senaste tolv \u00e5ren har elever, l\u00e4rare och f\u00f6r\u00e4ldrar p\u00e5 \u00d6stlyckeskolan producerat en kabar\u00e9, som...","og_url":"https:\/\/www.freiholtz.se\/forvetet\/2003\/01\/26\/school-is-a-cabaret\/","og_site_name":"F\u00f6rvetet","article_published_time":"2003-01-26T22:26:41+00:00","author":"Thorvald","twitter_card":"summary_large_image","twitter_misc":{"Skriven av":"Thorvald","Ber\u00e4knad l\u00e4stid":"3 minuter"},"schema":{"@context":"https:\/\/schema.org","@graph":[{"@type":"Article","@id":"https:\/\/www.freiholtz.se\/forvetet\/2003\/01\/26\/school-is-a-cabaret\/#article","isPartOf":{"@id":"https:\/\/www.freiholtz.se\/forvetet\/2003\/01\/26\/school-is-a-cabaret\/"},"author":{"name":"Thorvald","@id":"https:\/\/www.freiholtz.se\/forvetet\/#\/schema\/person\/f8eba858e89d86da3e8f4131644d7c72"},"headline":"School is a Cabaret","datePublished":"2003-01-26T22:26:41+00:00","mainEntityOfPage":{"@id":"https:\/\/www.freiholtz.se\/forvetet\/2003\/01\/26\/school-is-a-cabaret\/"},"wordCount":536,"keywords":["alings\u00e5s","kabaret","pedagogik","skola"],"articleSection":["Kultur","Politik","Samh\u00e4lle"],"inLanguage":"sv-SE"},{"@type":"WebPage","@id":"https:\/\/www.freiholtz.se\/forvetet\/2003\/01\/26\/school-is-a-cabaret\/","url":"https:\/\/www.freiholtz.se\/forvetet\/2003\/01\/26\/school-is-a-cabaret\/","name":"School is a Cabaret - F\u00f6rvetet","isPartOf":{"@id":"https:\/\/www.freiholtz.se\/forvetet\/#website"},"datePublished":"2003-01-26T22:26:41+00:00","author":{"@id":"https:\/\/www.freiholtz.se\/forvetet\/#\/schema\/person\/f8eba858e89d86da3e8f4131644d7c72"},"breadcrumb":{"@id":"https:\/\/www.freiholtz.se\/forvetet\/2003\/01\/26\/school-is-a-cabaret\/#breadcrumb"},"inLanguage":"sv-SE","potentialAction":[{"@type":"ReadAction","target":["https:\/\/www.freiholtz.se\/forvetet\/2003\/01\/26\/school-is-a-cabaret\/"]}]},{"@type":"BreadcrumbList","@id":"https:\/\/www.freiholtz.se\/forvetet\/2003\/01\/26\/school-is-a-cabaret\/#breadcrumb","itemListElement":[{"@type":"ListItem","position":1,"name":"Hem","item":"https:\/\/www.freiholtz.se\/forvetet\/"},{"@type":"ListItem","position":2,"name":"School is a Cabaret"}]},{"@type":"WebSite","@id":"https:\/\/www.freiholtz.se\/forvetet\/#website","url":"https:\/\/www.freiholtz.se\/forvetet\/","name":"F\u00f6rvetet","description":"en blogg fr\u00e5n freiholtz.se!","potentialAction":[{"@type":"SearchAction","target":{"@type":"EntryPoint","urlTemplate":"https:\/\/www.freiholtz.se\/forvetet\/?s={search_term_string}"},"query-input":{"@type":"PropertyValueSpecification","valueRequired":true,"valueName":"search_term_string"}}],"inLanguage":"sv-SE"},{"@type":"Person","@id":"https:\/\/www.freiholtz.se\/forvetet\/#\/schema\/person\/f8eba858e89d86da3e8f4131644d7c72","name":"Thorvald","image":{"@type":"ImageObject","inLanguage":"sv-SE","@id":"https:\/\/secure.gravatar.com\/avatar\/8328a4c14b3a439f4c0cf3cf4af03cee061e00c35ed80000610d03c204796578?s=96&d=mm&r=g","url":"https:\/\/secure.gravatar.com\/avatar\/8328a4c14b3a439f4c0cf3cf4af03cee061e00c35ed80000610d03c204796578?s=96&d=mm&r=g","contentUrl":"https:\/\/secure.gravatar.com\/avatar\/8328a4c14b3a439f4c0cf3cf4af03cee061e00c35ed80000610d03c204796578?s=96&d=mm&r=g","caption":"Thorvald"},"sameAs":["https:\/\/www.freiholtz.se"],"url":"https:\/\/www.freiholtz.se\/forvetet\/author\/thorvald\/"}]}},"_links":{"self":[{"href":"https:\/\/www.freiholtz.se\/forvetet\/wp-json\/wp\/v2\/posts\/479","targetHints":{"allow":["GET"]}}],"collection":[{"href":"https:\/\/www.freiholtz.se\/forvetet\/wp-json\/wp\/v2\/posts"}],"about":[{"href":"https:\/\/www.freiholtz.se\/forvetet\/wp-json\/wp\/v2\/types\/post"}],"author":[{"embeddable":true,"href":"https:\/\/www.freiholtz.se\/forvetet\/wp-json\/wp\/v2\/users\/1"}],"replies":[{"embeddable":true,"href":"https:\/\/www.freiholtz.se\/forvetet\/wp-json\/wp\/v2\/comments?post=479"}],"version-history":[{"count":0,"href":"https:\/\/www.freiholtz.se\/forvetet\/wp-json\/wp\/v2\/posts\/479\/revisions"}],"wp:attachment":[{"href":"https:\/\/www.freiholtz.se\/forvetet\/wp-json\/wp\/v2\/media?parent=479"}],"wp:term":[{"taxonomy":"category","embeddable":true,"href":"https:\/\/www.freiholtz.se\/forvetet\/wp-json\/wp\/v2\/categories?post=479"},{"taxonomy":"post_tag","embeddable":true,"href":"https:\/\/www.freiholtz.se\/forvetet\/wp-json\/wp\/v2\/tags?post=479"}],"curies":[{"name":"wp","href":"https:\/\/api.w.org\/{rel}","templated":true}]}}