{"id":467,"date":"2002-11-19T21:57:17","date_gmt":"2002-11-19T20:57:17","guid":{"rendered":"http:\/\/www.freiholtz.se\/forvetet\/?p=467"},"modified":"2002-11-19T21:57:17","modified_gmt":"2002-11-19T20:57:17","slug":"mona-overvager-som-vanligt","status":"publish","type":"post","link":"https:\/\/www.freiholtz.se\/forvetet\/2002\/11\/19\/mona-overvager-som-vanligt\/","title":{"rendered":"Mona \u00f6verv\u00e4ger &#8211; som vanligt"},"content":{"rendered":"<p>Rubrikminister Mona Sahlin reagerar p\u00e5 uppgifterna om att damidrotten bara f\u00e5r sju procent av det totala utbudet av tv-s\u00e4nd sport. Enligt G\u00f6teborgs-Posten \u00f6verv\u00e4ger hon att se \u00f6ver &#8221;<i>vilka regler och skyldigheter kanalerna har f\u00f6r att j\u00e4mna ut k\u00f6nsrollerna<\/i>&#8221;.<\/p>\n<p>Till och med om Mona f\u00f6r en g\u00e5ngs skull fullf\u00f6ljde n\u00e5gonting skulle \u00e4ndrade regler endast medf\u00f6ra en marginell f\u00f6r\u00e4ndring. Som det flesta av oss redan vet, men Mona tydligen sv\u00e4var i lycklig okunnighet om, finns det fler kanaler \u00e4n SVT och TV4 som s\u00e4nder sport. P\u00e5 dessa, t.ex. Canal+ och TV3, har \u00e4ndrade regler ingen effekt eftersom de \u00e4r utlandsbaserade.<\/p>\n<p>Jag har ett f\u00f6rslag som verkligen g\u00e5r till botten med problemet och som \u00e4r helt i regleringsvilliga Monas anda. K\u00f6nskvotera all idrott. Best\u00e4m att alla lag i lagidrotter ska vara mixade och inneh\u00e5lla minst 40% av det underrepresenterade k\u00f6net. Det \u00e4r lite sv\u00e5rare i de individuella sporterna, men med lite god vilja hittar ministern och hennes medarbetare s\u00e4kert en l\u00f6sning. F\u00f6r de idrotter som inte f\u00f6ljer kvoteringsreglerna dras alla former av statliga och kommunala bidrag in.<\/p>\n<p>Det \u00e4r f\u00f6rresten dumt att stoppa med k\u00f6nskvotering &#8211; \u00e4r det inte ett problem att invandrare och homosexuella med flera minoriteter \u00e4r underrepresenterade inom idrotten? L\u00f6s det med samma metod. Det sportsliga <b>m\u00e5ste<\/b> underordnas det politiskt korrekta!<\/p>\n","protected":false},"excerpt":{"rendered":"<p>Rubrikminister Mona Sahlin reagerar p\u00e5 uppgifterna om att damidrotten bara f\u00e5r sju procent av det totala utbudet av tv-s\u00e4nd sport. Enligt G\u00f6teborgs-Posten \u00f6verv\u00e4ger hon att se \u00f6ver &#8221;vilka regler och skyldigheter kanalerna har f\u00f6r att j\u00e4mna ut k\u00f6nsrollerna&#8221;. Till och med om Mona f\u00f6r en g\u00e5ngs skull fullf\u00f6ljde n\u00e5gonting skulle \u00e4ndrade regler endast medf\u00f6ra en&#8230;<\/p>\n","protected":false},"author":1,"featured_media":0,"comment_status":"closed","ping_status":"closed","sticky":false,"template":"","format":"standard","meta":{"_monsterinsights_skip_tracking":false,"_monsterinsights_sitenote_active":false,"_monsterinsights_sitenote_note":"","_monsterinsights_sitenote_category":0,"footnotes":""},"categories":[7,8],"tags":[51,67,79,100,110],"class_list":["post-467","post","type-post","status-publish","format-standard","hentry","category-politik","category-samhalle","tag-feminism","tag-idrott","tag-jamstalldhet","tag-kvotering","tag-media"],"yoast_head":"<!-- This site is optimized with the Yoast SEO plugin v27.5 - https:\/\/yoast.com\/product\/yoast-seo-wordpress\/ -->\n<title>Mona \u00f6verv\u00e4ger - som vanligt - F\u00f6rvetet<\/title>\n<meta name=\"robots\" content=\"index, follow, max-snippet:-1, max-image-preview:large, max-video-preview:-1\" \/>\n<link rel=\"canonical\" href=\"https:\/\/www.freiholtz.se\/forvetet\/2002\/11\/19\/mona-overvager-som-vanligt\/\" \/>\n<meta property=\"og:locale\" content=\"sv_SE\" \/>\n<meta property=\"og:type\" content=\"article\" \/>\n<meta property=\"og:title\" content=\"Mona \u00f6verv\u00e4ger - som vanligt - F\u00f6rvetet\" \/>\n<meta property=\"og:description\" content=\"Rubrikminister Mona Sahlin reagerar p\u00e5 uppgifterna om att damidrotten bara f\u00e5r sju procent av det totala utbudet av tv-s\u00e4nd sport. Enligt G\u00f6teborgs-Posten \u00f6verv\u00e4ger hon att se \u00f6ver &#8221;vilka regler och skyldigheter kanalerna har f\u00f6r att j\u00e4mna ut k\u00f6nsrollerna&#8221;. Till och med om Mona f\u00f6r en g\u00e5ngs skull fullf\u00f6ljde n\u00e5gonting skulle \u00e4ndrade regler endast medf\u00f6ra en...\" \/>\n<meta property=\"og:url\" content=\"https:\/\/www.freiholtz.se\/forvetet\/2002\/11\/19\/mona-overvager-som-vanligt\/\" \/>\n<meta property=\"og:site_name\" content=\"F\u00f6rvetet\" \/>\n<meta property=\"article:published_time\" content=\"2002-11-19T20:57:17+00:00\" \/>\n<meta name=\"author\" content=\"Thorvald\" \/>\n<meta name=\"twitter:card\" content=\"summary_large_image\" \/>\n<meta name=\"twitter:label1\" content=\"Skriven av\" \/>\n\t<meta name=\"twitter:data1\" content=\"Thorvald\" \/>\n\t<meta name=\"twitter:label2\" content=\"Ber\u00e4knad l\u00e4stid\" \/>\n\t<meta name=\"twitter:data2\" content=\"1 minut\" \/>\n<script type=\"application\/ld+json\" class=\"yoast-schema-graph\">{\"@context\":\"https:\\\/\\\/schema.org\",\"@graph\":[{\"@type\":\"Article\",\"@id\":\"https:\\\/\\\/www.freiholtz.se\\\/forvetet\\\/2002\\\/11\\\/19\\\/mona-overvager-som-vanligt\\\/#article\",\"isPartOf\":{\"@id\":\"https:\\\/\\\/www.freiholtz.se\\\/forvetet\\\/2002\\\/11\\\/19\\\/mona-overvager-som-vanligt\\\/\"},\"author\":{\"name\":\"Thorvald\",\"@id\":\"https:\\\/\\\/www.freiholtz.se\\\/forvetet\\\/#\\\/schema\\\/person\\\/f8eba858e89d86da3e8f4131644d7c72\"},\"headline\":\"Mona \u00f6verv\u00e4ger &#8211; som vanligt\",\"datePublished\":\"2002-11-19T20:57:17+00:00\",\"mainEntityOfPage\":{\"@id\":\"https:\\\/\\\/www.freiholtz.se\\\/forvetet\\\/2002\\\/11\\\/19\\\/mona-overvager-som-vanligt\\\/\"},\"wordCount\":248,\"keywords\":[\"feminism\",\"idrott\",\"j\u00e4mst\u00e4lldhet\",\"kvotering\",\"media\"],\"articleSection\":[\"Politik\",\"Samh\u00e4lle\"],\"inLanguage\":\"sv-SE\"},{\"@type\":\"WebPage\",\"@id\":\"https:\\\/\\\/www.freiholtz.se\\\/forvetet\\\/2002\\\/11\\\/19\\\/mona-overvager-som-vanligt\\\/\",\"url\":\"https:\\\/\\\/www.freiholtz.se\\\/forvetet\\\/2002\\\/11\\\/19\\\/mona-overvager-som-vanligt\\\/\",\"name\":\"Mona \u00f6verv\u00e4ger - som vanligt - F\u00f6rvetet\",\"isPartOf\":{\"@id\":\"https:\\\/\\\/www.freiholtz.se\\\/forvetet\\\/#website\"},\"datePublished\":\"2002-11-19T20:57:17+00:00\",\"author\":{\"@id\":\"https:\\\/\\\/www.freiholtz.se\\\/forvetet\\\/#\\\/schema\\\/person\\\/f8eba858e89d86da3e8f4131644d7c72\"},\"breadcrumb\":{\"@id\":\"https:\\\/\\\/www.freiholtz.se\\\/forvetet\\\/2002\\\/11\\\/19\\\/mona-overvager-som-vanligt\\\/#breadcrumb\"},\"inLanguage\":\"sv-SE\",\"potentialAction\":[{\"@type\":\"ReadAction\",\"target\":[\"https:\\\/\\\/www.freiholtz.se\\\/forvetet\\\/2002\\\/11\\\/19\\\/mona-overvager-som-vanligt\\\/\"]}]},{\"@type\":\"BreadcrumbList\",\"@id\":\"https:\\\/\\\/www.freiholtz.se\\\/forvetet\\\/2002\\\/11\\\/19\\\/mona-overvager-som-vanligt\\\/#breadcrumb\",\"itemListElement\":[{\"@type\":\"ListItem\",\"position\":1,\"name\":\"Hem\",\"item\":\"https:\\\/\\\/www.freiholtz.se\\\/forvetet\\\/\"},{\"@type\":\"ListItem\",\"position\":2,\"name\":\"Mona \u00f6verv\u00e4ger &#8211; som vanligt\"}]},{\"@type\":\"WebSite\",\"@id\":\"https:\\\/\\\/www.freiholtz.se\\\/forvetet\\\/#website\",\"url\":\"https:\\\/\\\/www.freiholtz.se\\\/forvetet\\\/\",\"name\":\"F\u00f6rvetet\",\"description\":\"en blogg fr\u00e5n freiholtz.se!\",\"potentialAction\":[{\"@type\":\"SearchAction\",\"target\":{\"@type\":\"EntryPoint\",\"urlTemplate\":\"https:\\\/\\\/www.freiholtz.se\\\/forvetet\\\/?s={search_term_string}\"},\"query-input\":{\"@type\":\"PropertyValueSpecification\",\"valueRequired\":true,\"valueName\":\"search_term_string\"}}],\"inLanguage\":\"sv-SE\"},{\"@type\":\"Person\",\"@id\":\"https:\\\/\\\/www.freiholtz.se\\\/forvetet\\\/#\\\/schema\\\/person\\\/f8eba858e89d86da3e8f4131644d7c72\",\"name\":\"Thorvald\",\"image\":{\"@type\":\"ImageObject\",\"inLanguage\":\"sv-SE\",\"@id\":\"https:\\\/\\\/secure.gravatar.com\\\/avatar\\\/8328a4c14b3a439f4c0cf3cf4af03cee061e00c35ed80000610d03c204796578?s=96&d=mm&r=g\",\"url\":\"https:\\\/\\\/secure.gravatar.com\\\/avatar\\\/8328a4c14b3a439f4c0cf3cf4af03cee061e00c35ed80000610d03c204796578?s=96&d=mm&r=g\",\"contentUrl\":\"https:\\\/\\\/secure.gravatar.com\\\/avatar\\\/8328a4c14b3a439f4c0cf3cf4af03cee061e00c35ed80000610d03c204796578?s=96&d=mm&r=g\",\"caption\":\"Thorvald\"},\"sameAs\":[\"https:\\\/\\\/www.freiholtz.se\"],\"url\":\"https:\\\/\\\/www.freiholtz.se\\\/forvetet\\\/author\\\/thorvald\\\/\"}]}<\/script>\n<!-- \/ Yoast SEO plugin. -->","yoast_head_json":{"title":"Mona \u00f6verv\u00e4ger - som vanligt - F\u00f6rvetet","robots":{"index":"index","follow":"follow","max-snippet":"max-snippet:-1","max-image-preview":"max-image-preview:large","max-video-preview":"max-video-preview:-1"},"canonical":"https:\/\/www.freiholtz.se\/forvetet\/2002\/11\/19\/mona-overvager-som-vanligt\/","og_locale":"sv_SE","og_type":"article","og_title":"Mona \u00f6verv\u00e4ger - som vanligt - F\u00f6rvetet","og_description":"Rubrikminister Mona Sahlin reagerar p\u00e5 uppgifterna om att damidrotten bara f\u00e5r sju procent av det totala utbudet av tv-s\u00e4nd sport. Enligt G\u00f6teborgs-Posten \u00f6verv\u00e4ger hon att se \u00f6ver &#8221;vilka regler och skyldigheter kanalerna har f\u00f6r att j\u00e4mna ut k\u00f6nsrollerna&#8221;. Till och med om Mona f\u00f6r en g\u00e5ngs skull fullf\u00f6ljde n\u00e5gonting skulle \u00e4ndrade regler endast medf\u00f6ra en...","og_url":"https:\/\/www.freiholtz.se\/forvetet\/2002\/11\/19\/mona-overvager-som-vanligt\/","og_site_name":"F\u00f6rvetet","article_published_time":"2002-11-19T20:57:17+00:00","author":"Thorvald","twitter_card":"summary_large_image","twitter_misc":{"Skriven av":"Thorvald","Ber\u00e4knad l\u00e4stid":"1 minut"},"schema":{"@context":"https:\/\/schema.org","@graph":[{"@type":"Article","@id":"https:\/\/www.freiholtz.se\/forvetet\/2002\/11\/19\/mona-overvager-som-vanligt\/#article","isPartOf":{"@id":"https:\/\/www.freiholtz.se\/forvetet\/2002\/11\/19\/mona-overvager-som-vanligt\/"},"author":{"name":"Thorvald","@id":"https:\/\/www.freiholtz.se\/forvetet\/#\/schema\/person\/f8eba858e89d86da3e8f4131644d7c72"},"headline":"Mona \u00f6verv\u00e4ger &#8211; som vanligt","datePublished":"2002-11-19T20:57:17+00:00","mainEntityOfPage":{"@id":"https:\/\/www.freiholtz.se\/forvetet\/2002\/11\/19\/mona-overvager-som-vanligt\/"},"wordCount":248,"keywords":["feminism","idrott","j\u00e4mst\u00e4lldhet","kvotering","media"],"articleSection":["Politik","Samh\u00e4lle"],"inLanguage":"sv-SE"},{"@type":"WebPage","@id":"https:\/\/www.freiholtz.se\/forvetet\/2002\/11\/19\/mona-overvager-som-vanligt\/","url":"https:\/\/www.freiholtz.se\/forvetet\/2002\/11\/19\/mona-overvager-som-vanligt\/","name":"Mona \u00f6verv\u00e4ger - som vanligt - F\u00f6rvetet","isPartOf":{"@id":"https:\/\/www.freiholtz.se\/forvetet\/#website"},"datePublished":"2002-11-19T20:57:17+00:00","author":{"@id":"https:\/\/www.freiholtz.se\/forvetet\/#\/schema\/person\/f8eba858e89d86da3e8f4131644d7c72"},"breadcrumb":{"@id":"https:\/\/www.freiholtz.se\/forvetet\/2002\/11\/19\/mona-overvager-som-vanligt\/#breadcrumb"},"inLanguage":"sv-SE","potentialAction":[{"@type":"ReadAction","target":["https:\/\/www.freiholtz.se\/forvetet\/2002\/11\/19\/mona-overvager-som-vanligt\/"]}]},{"@type":"BreadcrumbList","@id":"https:\/\/www.freiholtz.se\/forvetet\/2002\/11\/19\/mona-overvager-som-vanligt\/#breadcrumb","itemListElement":[{"@type":"ListItem","position":1,"name":"Hem","item":"https:\/\/www.freiholtz.se\/forvetet\/"},{"@type":"ListItem","position":2,"name":"Mona \u00f6verv\u00e4ger &#8211; som vanligt"}]},{"@type":"WebSite","@id":"https:\/\/www.freiholtz.se\/forvetet\/#website","url":"https:\/\/www.freiholtz.se\/forvetet\/","name":"F\u00f6rvetet","description":"en blogg fr\u00e5n freiholtz.se!","potentialAction":[{"@type":"SearchAction","target":{"@type":"EntryPoint","urlTemplate":"https:\/\/www.freiholtz.se\/forvetet\/?s={search_term_string}"},"query-input":{"@type":"PropertyValueSpecification","valueRequired":true,"valueName":"search_term_string"}}],"inLanguage":"sv-SE"},{"@type":"Person","@id":"https:\/\/www.freiholtz.se\/forvetet\/#\/schema\/person\/f8eba858e89d86da3e8f4131644d7c72","name":"Thorvald","image":{"@type":"ImageObject","inLanguage":"sv-SE","@id":"https:\/\/secure.gravatar.com\/avatar\/8328a4c14b3a439f4c0cf3cf4af03cee061e00c35ed80000610d03c204796578?s=96&d=mm&r=g","url":"https:\/\/secure.gravatar.com\/avatar\/8328a4c14b3a439f4c0cf3cf4af03cee061e00c35ed80000610d03c204796578?s=96&d=mm&r=g","contentUrl":"https:\/\/secure.gravatar.com\/avatar\/8328a4c14b3a439f4c0cf3cf4af03cee061e00c35ed80000610d03c204796578?s=96&d=mm&r=g","caption":"Thorvald"},"sameAs":["https:\/\/www.freiholtz.se"],"url":"https:\/\/www.freiholtz.se\/forvetet\/author\/thorvald\/"}]}},"_links":{"self":[{"href":"https:\/\/www.freiholtz.se\/forvetet\/wp-json\/wp\/v2\/posts\/467","targetHints":{"allow":["GET"]}}],"collection":[{"href":"https:\/\/www.freiholtz.se\/forvetet\/wp-json\/wp\/v2\/posts"}],"about":[{"href":"https:\/\/www.freiholtz.se\/forvetet\/wp-json\/wp\/v2\/types\/post"}],"author":[{"embeddable":true,"href":"https:\/\/www.freiholtz.se\/forvetet\/wp-json\/wp\/v2\/users\/1"}],"replies":[{"embeddable":true,"href":"https:\/\/www.freiholtz.se\/forvetet\/wp-json\/wp\/v2\/comments?post=467"}],"version-history":[{"count":0,"href":"https:\/\/www.freiholtz.se\/forvetet\/wp-json\/wp\/v2\/posts\/467\/revisions"}],"wp:attachment":[{"href":"https:\/\/www.freiholtz.se\/forvetet\/wp-json\/wp\/v2\/media?parent=467"}],"wp:term":[{"taxonomy":"category","embeddable":true,"href":"https:\/\/www.freiholtz.se\/forvetet\/wp-json\/wp\/v2\/categories?post=467"},{"taxonomy":"post_tag","embeddable":true,"href":"https:\/\/www.freiholtz.se\/forvetet\/wp-json\/wp\/v2\/tags?post=467"}],"curies":[{"name":"wp","href":"https:\/\/api.w.org\/{rel}","templated":true}]}}