{"id":45,"date":"2006-01-14T14:56:08","date_gmt":"2006-01-14T13:56:08","guid":{"rendered":"http:\/\/www.freiholtz.se\/forvetet\/?p=45"},"modified":"2006-01-14T14:56:08","modified_gmt":"2006-01-14T13:56:08","slug":"vilket-skulle-bevisas","status":"publish","type":"post","link":"https:\/\/www.freiholtz.se\/forvetet\/2006\/01\/14\/vilket-skulle-bevisas\/","title":{"rendered":"Pest eller kolera?"},"content":{"rendered":"<p><!--45-->I <a href=\"http:\/\/www.sr.se\/diverse\/AppData\/Ekot\/intervju\/Sounds\/20060107.ram\">Ekots l\u00f6rdagsintervju<\/a> f\u00f6rra veckan uttryckte sig justitiekansler G\u00f6ran Lambertz s\u00e5 h\u00e4r:<\/p>\n<blockquote><p><strong>GL:<\/strong> <em>Ibland<\/em> f\u00f6rekommer det ocks\u00e5 tyv\u00e4rr, tror jag att jag v\u00e5gar s\u00e4ga, att poliser ljuger.  Det finns ett s\u00e4rskilt motst\u00e5nd naturligtvis f\u00f6r domstolarna att s\u00e4ga att den h\u00e4r polismannen ljuger och det kan ibland leda till felaktiga domar, tror jag.<\/p>\n<p><strong>I:<\/strong> Har du st\u00f6tt p\u00e5 det h\u00e4r att det f\u00f6rekommer att poliser ljuger?<\/p>\n<p><strong>GL:<\/strong> Jag har st\u00f6tt p\u00e5 det p\u00e5 s\u00e5 att m\u00e4nniskor har ber\u00e4ttat f\u00f6r mig att att det har f\u00f6rekommit och jag har ocks\u00e5 sett exempel p\u00e5 det i enstaka domar. Och jag tror inte att n\u00e5gon s\u00e4ger emot mig om jag h\u00e4vdar att det finns <em>i vissa kretsar<\/em> bland poliserna en kultur som inneb\u00e4r att man ibland ljuger f\u00f6r att skydda varann och kanske ocks\u00e5 ibland f\u00f6r att f\u00e5 fast en person som man s\u00e4kert tror \u00e4r skyldig till ett brott.<\/p>\n<p>\/&#8212;\/<\/p>\n<p><strong>I:<\/strong> Hur kan man komma \u00e5t att poliser ljuger?<\/p>\n<p>GL: Ja, den h\u00e4r underkulturen som tycks finnas hos polisen &#8211; <em>i vissa, vissa kretsar bara<\/em>, tror jag man ska s\u00e4ga ocks\u00e5 &#8211; den \u00e4r sv\u00e5r att komma \u00e5t. Och den g\u00f6r nog polisledningen i landet s\u00e5 mycket den kan f\u00f6r att f\u00f6rs\u00f6ka komma \u00e5t, men det \u00e4r sv\u00e5rt. Det \u00e4r l\u00e4tt f\u00f6r en s\u00e5dan k\u00e5r att vilja vara v\u00e4ldigt solidarisk inom k\u00e5ren, mot varandra. Man jobbar, man har h\u00e5rda arbetspass, en sv\u00e5r arbetssituation ofta och det \u00e4r det \u00e4r l\u00e4tt att man vill vara v\u00e4ldigt solidarisk med varandra. Och man m\u00e5ste f\u00f6rs\u00f6ka bryta upp den kulturen s\u00e5 att man g\u00f6r sitt jobb p\u00e5 allra b\u00e4sta s\u00e4tt och alltid talar sanning.<\/p>\n<p><strong>I:<\/strong> Det \u00e4r ju v\u00e4ldigt allvarlig kritik som du f\u00f6r fram nu. D\u00e5 \u00e4r det ju inte s\u00e5 konstigt, kan man tycka, att det sitter oskyldigt d\u00f6mda m\u00e4nniskor i f\u00e4ngelserna.<\/p>\n<p><strong>GL:<\/strong> Nej, just det. Det har ju med det h\u00e4r att g\u00f6ra. Jag tror kanske att det h\u00e4r jag s\u00e4ger nu, om att poliser <em>ibland<\/em> ljuger i domstolar, att det mer handlar om att man vill skydda varandra n\u00e4r man anklagas f\u00f6r brott. Man kanske inte s\u00e4tter dit misst\u00e4nkta i s\u00e5 stor utstr\u00e4ckning genom att ljuga.<\/p>\n<p>\/&#8212;\/<\/p>\n<p><strong>I:<\/strong> Vad skulle du s\u00e4tta f\u00f6r betyg p\u00e5 r\u00e4ttsv\u00e4sendet? Har vi en kris, skulle du vilja g\u00e5 s\u00e5 l\u00e5ngt?<\/p>\n<p><strong>GL:<\/strong> Nej, det vill jag inte s\u00e4ga. Utan jag tror att vi har ett v\u00e4ldigt bra r\u00e4ttsv\u00e4sende, trots allt, i v\u00e5rt land.  Det finns till exempel ingen korruption i v\u00e5rt land, som det finns i v\u00e4ldigt m\u00e5nga andra l\u00e4nder som man kan resa runt till. <em>Alla \u00e4r i grund och botten hederliga<\/em> och vill g\u00f6ra sitt absolut b\u00e4sta.<\/p><\/blockquote>\n<p>Utskriften \u00e4r s\u00e5 gott som ordagrann. Jag har uteslutit en del stakningar och upprepningar och \u00f6versatt talspr\u00e5ket till skriftspr\u00e5k. F\u00f6r att visa att Lambertz avgr\u00e4nsar sina anklagelser till en mycket liten del av polisk\u00e5ren har jag kursiverat n\u00e5gra avsnitt i texten.<\/p>\n<p>I en <a href=\"http:\/\/www.gp.se\/gp\/jsp\/Crosslink.jsp?d=114&amp;a=252308\">debattartikel<\/a> i GP i veckan upprepar han att &#8221;<em>att polisen s\u00e5 gott som alltid g\u00f6r ett hederligt och mycket gott arbete<\/em>&#8221;.<\/p>\n<p>Trots detta <a href=\"http:\/\/www.gp.se\/gp\/jsp\/Crosslink.jsp?d=114&amp;a=252453\">skriver<\/a> Polisf\u00f6rbundets ordf\u00f6rande Jan Karlsen, \u00e4ven han i GP, att &#8221;<em>JK anklagar en hel yrkesk\u00e5r f\u00f6r att vara l\u00f6gnare<\/em>&#8221; och &#8221;<em>Det \u00e4r bekl\u00e4mmande att regeringens ombud anklagar en hel yrkesk\u00e5r f\u00f6r att vara l\u00f6gnare och inte veta vad som \u00e4r r\u00e4tt och fel<\/em>&#8221;.<\/p>\n<p>Karlsens kria \u00e4r bevis f\u00f6r ett av nedanst\u00e5ende alternativ:<\/p>\n<p><strong>a.<\/strong> JK:s tes \u00e4r riktig. Vissa poliser ljuger ibland.<\/p>\n<p><strong>b.<\/strong> Polisf\u00f6rbundets ordf\u00f6rande har grava brister i h\u00f6r- och l\u00e4sf\u00f6rst\u00e5else. (Man m\u00e5ste d\u00e5 fr\u00e5ga sig hur det st\u00e5r till med polisk\u00e5ren i \u00f6vrigt.)<\/p>\n<p>Det \u00e4r sv\u00e5rt att s\u00e4ga vilket som \u00e4r v\u00e4rst.<\/p>\n","protected":false},"excerpt":{"rendered":"<p>I Ekots l\u00f6rdagsintervju f\u00f6rra veckan uttryckte sig justitiekansler G\u00f6ran Lambertz s\u00e5 h\u00e4r: GL: Ibland f\u00f6rekommer det ocks\u00e5 tyv\u00e4rr, tror jag att jag v\u00e5gar s\u00e4ga, att poliser ljuger. Det finns ett s\u00e4rskilt motst\u00e5nd naturligtvis f\u00f6r domstolarna att s\u00e4ga att den h\u00e4r polismannen ljuger och det kan ibland leda till felaktiga domar, tror jag. I: Har du&#8230;<\/p>\n","protected":false},"author":2,"featured_media":0,"comment_status":"closed","ping_status":"closed","sticky":false,"template":"","format":"standard","meta":{"_monsterinsights_skip_tracking":false,"_monsterinsights_sitenote_active":false,"_monsterinsights_sitenote_note":"","_monsterinsights_sitenote_category":0,"footnotes":""},"categories":[8],"tags":[],"class_list":["post-45","post","type-post","status-publish","format-standard","hentry","category-samhalle"],"yoast_head":"<!-- This site is optimized with the Yoast SEO plugin v27.5 - https:\/\/yoast.com\/product\/yoast-seo-wordpress\/ -->\n<title>Pest eller kolera? - F\u00f6rvetet<\/title>\n<meta name=\"robots\" content=\"index, follow, max-snippet:-1, max-image-preview:large, max-video-preview:-1\" \/>\n<link rel=\"canonical\" href=\"https:\/\/www.freiholtz.se\/forvetet\/2006\/01\/14\/vilket-skulle-bevisas\/\" \/>\n<meta property=\"og:locale\" content=\"sv_SE\" \/>\n<meta property=\"og:type\" content=\"article\" \/>\n<meta property=\"og:title\" content=\"Pest eller kolera? - F\u00f6rvetet\" \/>\n<meta property=\"og:description\" content=\"I Ekots l\u00f6rdagsintervju f\u00f6rra veckan uttryckte sig justitiekansler G\u00f6ran Lambertz s\u00e5 h\u00e4r: GL: Ibland f\u00f6rekommer det ocks\u00e5 tyv\u00e4rr, tror jag att jag v\u00e5gar s\u00e4ga, att poliser ljuger. Det finns ett s\u00e4rskilt motst\u00e5nd naturligtvis f\u00f6r domstolarna att s\u00e4ga att den h\u00e4r polismannen ljuger och det kan ibland leda till felaktiga domar, tror jag. I: Har du...\" \/>\n<meta property=\"og:url\" content=\"https:\/\/www.freiholtz.se\/forvetet\/2006\/01\/14\/vilket-skulle-bevisas\/\" \/>\n<meta property=\"og:site_name\" content=\"F\u00f6rvetet\" \/>\n<meta property=\"article:published_time\" content=\"2006-01-14T13:56:08+00:00\" \/>\n<meta name=\"author\" content=\"Thorvald\" \/>\n<meta name=\"twitter:card\" content=\"summary_large_image\" \/>\n<meta name=\"twitter:label1\" content=\"Skriven av\" \/>\n\t<meta name=\"twitter:data1\" content=\"Thorvald\" \/>\n\t<meta name=\"twitter:label2\" content=\"Ber\u00e4knad l\u00e4stid\" \/>\n\t<meta name=\"twitter:data2\" content=\"4 minuter\" \/>\n<script type=\"application\/ld+json\" class=\"yoast-schema-graph\">{\"@context\":\"https:\\\/\\\/schema.org\",\"@graph\":[{\"@type\":\"Article\",\"@id\":\"https:\\\/\\\/www.freiholtz.se\\\/forvetet\\\/2006\\\/01\\\/14\\\/vilket-skulle-bevisas\\\/#article\",\"isPartOf\":{\"@id\":\"https:\\\/\\\/www.freiholtz.se\\\/forvetet\\\/2006\\\/01\\\/14\\\/vilket-skulle-bevisas\\\/\"},\"author\":{\"name\":\"Thorvald\",\"@id\":\"https:\\\/\\\/www.freiholtz.se\\\/forvetet\\\/#\\\/schema\\\/person\\\/06a25f58d70b8c24ee4eb6208c7c6291\"},\"headline\":\"Pest eller kolera?\",\"datePublished\":\"2006-01-14T13:56:08+00:00\",\"mainEntityOfPage\":{\"@id\":\"https:\\\/\\\/www.freiholtz.se\\\/forvetet\\\/2006\\\/01\\\/14\\\/vilket-skulle-bevisas\\\/\"},\"wordCount\":708,\"articleSection\":[\"Samh\u00e4lle\"],\"inLanguage\":\"sv-SE\"},{\"@type\":\"WebPage\",\"@id\":\"https:\\\/\\\/www.freiholtz.se\\\/forvetet\\\/2006\\\/01\\\/14\\\/vilket-skulle-bevisas\\\/\",\"url\":\"https:\\\/\\\/www.freiholtz.se\\\/forvetet\\\/2006\\\/01\\\/14\\\/vilket-skulle-bevisas\\\/\",\"name\":\"Pest eller kolera? - F\u00f6rvetet\",\"isPartOf\":{\"@id\":\"https:\\\/\\\/www.freiholtz.se\\\/forvetet\\\/#website\"},\"datePublished\":\"2006-01-14T13:56:08+00:00\",\"author\":{\"@id\":\"https:\\\/\\\/www.freiholtz.se\\\/forvetet\\\/#\\\/schema\\\/person\\\/06a25f58d70b8c24ee4eb6208c7c6291\"},\"breadcrumb\":{\"@id\":\"https:\\\/\\\/www.freiholtz.se\\\/forvetet\\\/2006\\\/01\\\/14\\\/vilket-skulle-bevisas\\\/#breadcrumb\"},\"inLanguage\":\"sv-SE\",\"potentialAction\":[{\"@type\":\"ReadAction\",\"target\":[\"https:\\\/\\\/www.freiholtz.se\\\/forvetet\\\/2006\\\/01\\\/14\\\/vilket-skulle-bevisas\\\/\"]}]},{\"@type\":\"BreadcrumbList\",\"@id\":\"https:\\\/\\\/www.freiholtz.se\\\/forvetet\\\/2006\\\/01\\\/14\\\/vilket-skulle-bevisas\\\/#breadcrumb\",\"itemListElement\":[{\"@type\":\"ListItem\",\"position\":1,\"name\":\"Hem\",\"item\":\"https:\\\/\\\/www.freiholtz.se\\\/forvetet\\\/\"},{\"@type\":\"ListItem\",\"position\":2,\"name\":\"Pest eller kolera?\"}]},{\"@type\":\"WebSite\",\"@id\":\"https:\\\/\\\/www.freiholtz.se\\\/forvetet\\\/#website\",\"url\":\"https:\\\/\\\/www.freiholtz.se\\\/forvetet\\\/\",\"name\":\"F\u00f6rvetet\",\"description\":\"en blogg fr\u00e5n freiholtz.se!\",\"potentialAction\":[{\"@type\":\"SearchAction\",\"target\":{\"@type\":\"EntryPoint\",\"urlTemplate\":\"https:\\\/\\\/www.freiholtz.se\\\/forvetet\\\/?s={search_term_string}\"},\"query-input\":{\"@type\":\"PropertyValueSpecification\",\"valueRequired\":true,\"valueName\":\"search_term_string\"}}],\"inLanguage\":\"sv-SE\"},{\"@type\":\"Person\",\"@id\":\"https:\\\/\\\/www.freiholtz.se\\\/forvetet\\\/#\\\/schema\\\/person\\\/06a25f58d70b8c24ee4eb6208c7c6291\",\"name\":\"Thorvald\",\"image\":{\"@type\":\"ImageObject\",\"inLanguage\":\"sv-SE\",\"@id\":\"https:\\\/\\\/secure.gravatar.com\\\/avatar\\\/8328a4c14b3a439f4c0cf3cf4af03cee061e00c35ed80000610d03c204796578?s=96&d=mm&r=g\",\"url\":\"https:\\\/\\\/secure.gravatar.com\\\/avatar\\\/8328a4c14b3a439f4c0cf3cf4af03cee061e00c35ed80000610d03c204796578?s=96&d=mm&r=g\",\"contentUrl\":\"https:\\\/\\\/secure.gravatar.com\\\/avatar\\\/8328a4c14b3a439f4c0cf3cf4af03cee061e00c35ed80000610d03c204796578?s=96&d=mm&r=g\",\"caption\":\"Thorvald\"},\"url\":\"https:\\\/\\\/www.freiholtz.se\\\/forvetet\\\/author\\\/admin\\\/\"}]}<\/script>\n<!-- \/ Yoast SEO plugin. -->","yoast_head_json":{"title":"Pest eller kolera? - F\u00f6rvetet","robots":{"index":"index","follow":"follow","max-snippet":"max-snippet:-1","max-image-preview":"max-image-preview:large","max-video-preview":"max-video-preview:-1"},"canonical":"https:\/\/www.freiholtz.se\/forvetet\/2006\/01\/14\/vilket-skulle-bevisas\/","og_locale":"sv_SE","og_type":"article","og_title":"Pest eller kolera? - F\u00f6rvetet","og_description":"I Ekots l\u00f6rdagsintervju f\u00f6rra veckan uttryckte sig justitiekansler G\u00f6ran Lambertz s\u00e5 h\u00e4r: GL: Ibland f\u00f6rekommer det ocks\u00e5 tyv\u00e4rr, tror jag att jag v\u00e5gar s\u00e4ga, att poliser ljuger. Det finns ett s\u00e4rskilt motst\u00e5nd naturligtvis f\u00f6r domstolarna att s\u00e4ga att den h\u00e4r polismannen ljuger och det kan ibland leda till felaktiga domar, tror jag. I: Har du...","og_url":"https:\/\/www.freiholtz.se\/forvetet\/2006\/01\/14\/vilket-skulle-bevisas\/","og_site_name":"F\u00f6rvetet","article_published_time":"2006-01-14T13:56:08+00:00","author":"Thorvald","twitter_card":"summary_large_image","twitter_misc":{"Skriven av":"Thorvald","Ber\u00e4knad l\u00e4stid":"4 minuter"},"schema":{"@context":"https:\/\/schema.org","@graph":[{"@type":"Article","@id":"https:\/\/www.freiholtz.se\/forvetet\/2006\/01\/14\/vilket-skulle-bevisas\/#article","isPartOf":{"@id":"https:\/\/www.freiholtz.se\/forvetet\/2006\/01\/14\/vilket-skulle-bevisas\/"},"author":{"name":"Thorvald","@id":"https:\/\/www.freiholtz.se\/forvetet\/#\/schema\/person\/06a25f58d70b8c24ee4eb6208c7c6291"},"headline":"Pest eller kolera?","datePublished":"2006-01-14T13:56:08+00:00","mainEntityOfPage":{"@id":"https:\/\/www.freiholtz.se\/forvetet\/2006\/01\/14\/vilket-skulle-bevisas\/"},"wordCount":708,"articleSection":["Samh\u00e4lle"],"inLanguage":"sv-SE"},{"@type":"WebPage","@id":"https:\/\/www.freiholtz.se\/forvetet\/2006\/01\/14\/vilket-skulle-bevisas\/","url":"https:\/\/www.freiholtz.se\/forvetet\/2006\/01\/14\/vilket-skulle-bevisas\/","name":"Pest eller kolera? - F\u00f6rvetet","isPartOf":{"@id":"https:\/\/www.freiholtz.se\/forvetet\/#website"},"datePublished":"2006-01-14T13:56:08+00:00","author":{"@id":"https:\/\/www.freiholtz.se\/forvetet\/#\/schema\/person\/06a25f58d70b8c24ee4eb6208c7c6291"},"breadcrumb":{"@id":"https:\/\/www.freiholtz.se\/forvetet\/2006\/01\/14\/vilket-skulle-bevisas\/#breadcrumb"},"inLanguage":"sv-SE","potentialAction":[{"@type":"ReadAction","target":["https:\/\/www.freiholtz.se\/forvetet\/2006\/01\/14\/vilket-skulle-bevisas\/"]}]},{"@type":"BreadcrumbList","@id":"https:\/\/www.freiholtz.se\/forvetet\/2006\/01\/14\/vilket-skulle-bevisas\/#breadcrumb","itemListElement":[{"@type":"ListItem","position":1,"name":"Hem","item":"https:\/\/www.freiholtz.se\/forvetet\/"},{"@type":"ListItem","position":2,"name":"Pest eller kolera?"}]},{"@type":"WebSite","@id":"https:\/\/www.freiholtz.se\/forvetet\/#website","url":"https:\/\/www.freiholtz.se\/forvetet\/","name":"F\u00f6rvetet","description":"en blogg fr\u00e5n freiholtz.se!","potentialAction":[{"@type":"SearchAction","target":{"@type":"EntryPoint","urlTemplate":"https:\/\/www.freiholtz.se\/forvetet\/?s={search_term_string}"},"query-input":{"@type":"PropertyValueSpecification","valueRequired":true,"valueName":"search_term_string"}}],"inLanguage":"sv-SE"},{"@type":"Person","@id":"https:\/\/www.freiholtz.se\/forvetet\/#\/schema\/person\/06a25f58d70b8c24ee4eb6208c7c6291","name":"Thorvald","image":{"@type":"ImageObject","inLanguage":"sv-SE","@id":"https:\/\/secure.gravatar.com\/avatar\/8328a4c14b3a439f4c0cf3cf4af03cee061e00c35ed80000610d03c204796578?s=96&d=mm&r=g","url":"https:\/\/secure.gravatar.com\/avatar\/8328a4c14b3a439f4c0cf3cf4af03cee061e00c35ed80000610d03c204796578?s=96&d=mm&r=g","contentUrl":"https:\/\/secure.gravatar.com\/avatar\/8328a4c14b3a439f4c0cf3cf4af03cee061e00c35ed80000610d03c204796578?s=96&d=mm&r=g","caption":"Thorvald"},"url":"https:\/\/www.freiholtz.se\/forvetet\/author\/admin\/"}]}},"_links":{"self":[{"href":"https:\/\/www.freiholtz.se\/forvetet\/wp-json\/wp\/v2\/posts\/45","targetHints":{"allow":["GET"]}}],"collection":[{"href":"https:\/\/www.freiholtz.se\/forvetet\/wp-json\/wp\/v2\/posts"}],"about":[{"href":"https:\/\/www.freiholtz.se\/forvetet\/wp-json\/wp\/v2\/types\/post"}],"author":[{"embeddable":true,"href":"https:\/\/www.freiholtz.se\/forvetet\/wp-json\/wp\/v2\/users\/2"}],"replies":[{"embeddable":true,"href":"https:\/\/www.freiholtz.se\/forvetet\/wp-json\/wp\/v2\/comments?post=45"}],"version-history":[{"count":0,"href":"https:\/\/www.freiholtz.se\/forvetet\/wp-json\/wp\/v2\/posts\/45\/revisions"}],"wp:attachment":[{"href":"https:\/\/www.freiholtz.se\/forvetet\/wp-json\/wp\/v2\/media?parent=45"}],"wp:term":[{"taxonomy":"category","embeddable":true,"href":"https:\/\/www.freiholtz.se\/forvetet\/wp-json\/wp\/v2\/categories?post=45"},{"taxonomy":"post_tag","embeddable":true,"href":"https:\/\/www.freiholtz.se\/forvetet\/wp-json\/wp\/v2\/tags?post=45"}],"curies":[{"name":"wp","href":"https:\/\/api.w.org\/{rel}","templated":true}]}}