{"id":29,"date":"2005-10-01T18:56:39","date_gmt":"2005-10-01T16:56:39","guid":{"rendered":"http:\/\/www.freiholtz.se\/forvetet\/?p=29"},"modified":"2005-10-01T18:56:39","modified_gmt":"2005-10-01T16:56:39","slug":"litterar-lordag-vi","status":"publish","type":"post","link":"https:\/\/www.freiholtz.se\/forvetet\/2005\/10\/01\/litterar-lordag-vi\/","title":{"rendered":"Litter\u00e4r l\u00f6rdag VI"},"content":{"rendered":"<p><!--29-->Dagens planerade bes\u00f6k p\u00e5 bokm\u00e4ssan blev inst\u00e4llt. Vi hade hade startat resan, men inte hunnit utanf\u00f6r stadsgr\u00e4nsen n\u00e4r det kom ett RDS-meddelande om l\u00e5nga k\u00f6er vid Lisebergs- och G\u00e5rdamoten. Det var inte sv\u00e5rt att f\u00f6rest\u00e4lla sig parkeringskaoset i G\u00e5rda och hur \u00f6verfull m\u00e4ssan skulle vara. Vi besl\u00f6t snabbt att skjuta p\u00e5 bes\u00f6ket till imorgon (och starta tidigare).<\/p>\n<p>F\u00f6r att i n\u00e5gon m\u00e5n kompensera mig f\u00f6r vad jag missat lyssnade jag p\u00e5 <a href=\"http:\/\/svt.se\/svt\/road\/Classic\/shared\/mediacenter\/player.jsp?d=29695&amp;a=455685\">ett samtal<\/a> som  <a href=\"http:\/\/nobelprize.org\/literature\/laureates\/1978\/singer-bio.html\">Isaac Bashevis Singer<\/a> och <a href=\"http:\/\/www.anthonyburgess.org\/html\/brief.htm\">Anthony Burgess<\/a> h\u00f6ll f\u00f6r tjugo \u00e5r sedan.  Det \u00e4r ett intressant och stimulerande samtal mellan tv\u00e5 religi\u00f6sa, men upproriska, f\u00f6rfattare om litteraturen och de stora fr\u00e5gorna. <\/p>\n<p>Man beh\u00f6ver inte sj\u00e4lv vara religi\u00f6s f\u00f6r att ha beh\u00e5llning av samtalet, mycket k\u00e4nns aktuellt ocks\u00e5 idag. Singer beskriver bland annat hur han ser att &#8221;<em>V\u00e4rdsliga m\u00e4nniskor f\u00f6rs\u00f6ker f\u00f6rvandla v\u00e4rldsligheten till religion f\u00f6r de talar s\u00e5 entusiastiskt om konstn\u00e4rer, om andra m\u00e4nniskor. Mina f\u00f6r\u00e4ldrar skulle ha kallat det f\u00f6r avgudadyrkan, och jag med kanske.<\/em>&#8221; Jag tycker att samma sak kan s\u00e4gas om m\u00e5nga p\u00e5 de politiska ytterkanterna, de g\u00f6r sin ideologi till religion. Det g\u00e4ller inte minst inom bloggosf\u00e4ren.<\/p>\n<p>Det finns m\u00e5nga andra intressanta avsnitt i samtalet, <a href=\"http:\/\/svt.se\/svt\/road\/Classic\/shared\/mediacenter\/player.jsp?d=29695&amp;a=455685\">se och lyssna<\/a> p\u00e5 det! Jag kanske \u00e4r den siste att uppt\u00e4cka det, men SVT:s <a href=\"http:\/\/svt.se\/svt\/jsp\/Crosslink.jsp?d=29768\">\u00d6ppet Arkiv<\/a> \u00e4r en guldgruva f\u00f6r den som \u00e4r intresserad av media, samh\u00e4lle, kultur och samtidshistoria.<\/p>\n","protected":false},"excerpt":{"rendered":"<p>Dagens planerade bes\u00f6k p\u00e5 bokm\u00e4ssan blev inst\u00e4llt. Vi hade hade startat resan, men inte hunnit utanf\u00f6r stadsgr\u00e4nsen n\u00e4r det kom ett RDS-meddelande om l\u00e5nga k\u00f6er vid Lisebergs- och G\u00e5rdamoten. Det var inte sv\u00e5rt att f\u00f6rest\u00e4lla sig parkeringskaoset i G\u00e5rda och hur \u00f6verfull m\u00e4ssan skulle vara. Vi besl\u00f6t snabbt att skjuta p\u00e5 bes\u00f6ket till imorgon (och&#8230;<\/p>\n","protected":false},"author":2,"featured_media":0,"comment_status":"closed","ping_status":"closed","sticky":false,"template":"","format":"standard","meta":{"_monsterinsights_skip_tracking":false,"_monsterinsights_sitenote_active":false,"_monsterinsights_sitenote_note":"","_monsterinsights_sitenote_category":0,"footnotes":""},"categories":[6],"tags":[],"class_list":["post-29","post","type-post","status-publish","format-standard","hentry","category-kultur"],"yoast_head":"<!-- This site is optimized with the Yoast SEO plugin v27.5 - https:\/\/yoast.com\/product\/yoast-seo-wordpress\/ -->\n<title>Litter\u00e4r l\u00f6rdag VI - F\u00f6rvetet<\/title>\n<meta name=\"robots\" content=\"index, follow, max-snippet:-1, max-image-preview:large, max-video-preview:-1\" \/>\n<link rel=\"canonical\" href=\"https:\/\/www.freiholtz.se\/forvetet\/2005\/10\/01\/litterar-lordag-vi\/\" \/>\n<meta property=\"og:locale\" content=\"sv_SE\" \/>\n<meta property=\"og:type\" content=\"article\" \/>\n<meta property=\"og:title\" content=\"Litter\u00e4r l\u00f6rdag VI - F\u00f6rvetet\" \/>\n<meta property=\"og:description\" content=\"Dagens planerade bes\u00f6k p\u00e5 bokm\u00e4ssan blev inst\u00e4llt. Vi hade hade startat resan, men inte hunnit utanf\u00f6r stadsgr\u00e4nsen n\u00e4r det kom ett RDS-meddelande om l\u00e5nga k\u00f6er vid Lisebergs- och G\u00e5rdamoten. Det var inte sv\u00e5rt att f\u00f6rest\u00e4lla sig parkeringskaoset i G\u00e5rda och hur \u00f6verfull m\u00e4ssan skulle vara. Vi besl\u00f6t snabbt att skjuta p\u00e5 bes\u00f6ket till imorgon (och...\" \/>\n<meta property=\"og:url\" content=\"https:\/\/www.freiholtz.se\/forvetet\/2005\/10\/01\/litterar-lordag-vi\/\" \/>\n<meta property=\"og:site_name\" content=\"F\u00f6rvetet\" \/>\n<meta property=\"article:published_time\" content=\"2005-10-01T16:56:39+00:00\" \/>\n<meta name=\"author\" content=\"Thorvald\" \/>\n<meta name=\"twitter:card\" content=\"summary_large_image\" \/>\n<meta name=\"twitter:label1\" content=\"Skriven av\" \/>\n\t<meta name=\"twitter:data1\" content=\"Thorvald\" \/>\n\t<meta name=\"twitter:label2\" content=\"Ber\u00e4knad l\u00e4stid\" \/>\n\t<meta name=\"twitter:data2\" content=\"1 minut\" \/>\n<script type=\"application\/ld+json\" class=\"yoast-schema-graph\">{\"@context\":\"https:\\\/\\\/schema.org\",\"@graph\":[{\"@type\":\"Article\",\"@id\":\"https:\\\/\\\/www.freiholtz.se\\\/forvetet\\\/2005\\\/10\\\/01\\\/litterar-lordag-vi\\\/#article\",\"isPartOf\":{\"@id\":\"https:\\\/\\\/www.freiholtz.se\\\/forvetet\\\/2005\\\/10\\\/01\\\/litterar-lordag-vi\\\/\"},\"author\":{\"name\":\"Thorvald\",\"@id\":\"https:\\\/\\\/www.freiholtz.se\\\/forvetet\\\/#\\\/schema\\\/person\\\/06a25f58d70b8c24ee4eb6208c7c6291\"},\"headline\":\"Litter\u00e4r l\u00f6rdag VI\",\"datePublished\":\"2005-10-01T16:56:39+00:00\",\"mainEntityOfPage\":{\"@id\":\"https:\\\/\\\/www.freiholtz.se\\\/forvetet\\\/2005\\\/10\\\/01\\\/litterar-lordag-vi\\\/\"},\"wordCount\":280,\"articleSection\":[\"Kultur\"],\"inLanguage\":\"sv-SE\"},{\"@type\":\"WebPage\",\"@id\":\"https:\\\/\\\/www.freiholtz.se\\\/forvetet\\\/2005\\\/10\\\/01\\\/litterar-lordag-vi\\\/\",\"url\":\"https:\\\/\\\/www.freiholtz.se\\\/forvetet\\\/2005\\\/10\\\/01\\\/litterar-lordag-vi\\\/\",\"name\":\"Litter\u00e4r l\u00f6rdag VI - F\u00f6rvetet\",\"isPartOf\":{\"@id\":\"https:\\\/\\\/www.freiholtz.se\\\/forvetet\\\/#website\"},\"datePublished\":\"2005-10-01T16:56:39+00:00\",\"author\":{\"@id\":\"https:\\\/\\\/www.freiholtz.se\\\/forvetet\\\/#\\\/schema\\\/person\\\/06a25f58d70b8c24ee4eb6208c7c6291\"},\"breadcrumb\":{\"@id\":\"https:\\\/\\\/www.freiholtz.se\\\/forvetet\\\/2005\\\/10\\\/01\\\/litterar-lordag-vi\\\/#breadcrumb\"},\"inLanguage\":\"sv-SE\",\"potentialAction\":[{\"@type\":\"ReadAction\",\"target\":[\"https:\\\/\\\/www.freiholtz.se\\\/forvetet\\\/2005\\\/10\\\/01\\\/litterar-lordag-vi\\\/\"]}]},{\"@type\":\"BreadcrumbList\",\"@id\":\"https:\\\/\\\/www.freiholtz.se\\\/forvetet\\\/2005\\\/10\\\/01\\\/litterar-lordag-vi\\\/#breadcrumb\",\"itemListElement\":[{\"@type\":\"ListItem\",\"position\":1,\"name\":\"Hem\",\"item\":\"https:\\\/\\\/www.freiholtz.se\\\/forvetet\\\/\"},{\"@type\":\"ListItem\",\"position\":2,\"name\":\"Litter\u00e4r l\u00f6rdag VI\"}]},{\"@type\":\"WebSite\",\"@id\":\"https:\\\/\\\/www.freiholtz.se\\\/forvetet\\\/#website\",\"url\":\"https:\\\/\\\/www.freiholtz.se\\\/forvetet\\\/\",\"name\":\"F\u00f6rvetet\",\"description\":\"en blogg fr\u00e5n freiholtz.se!\",\"potentialAction\":[{\"@type\":\"SearchAction\",\"target\":{\"@type\":\"EntryPoint\",\"urlTemplate\":\"https:\\\/\\\/www.freiholtz.se\\\/forvetet\\\/?s={search_term_string}\"},\"query-input\":{\"@type\":\"PropertyValueSpecification\",\"valueRequired\":true,\"valueName\":\"search_term_string\"}}],\"inLanguage\":\"sv-SE\"},{\"@type\":\"Person\",\"@id\":\"https:\\\/\\\/www.freiholtz.se\\\/forvetet\\\/#\\\/schema\\\/person\\\/06a25f58d70b8c24ee4eb6208c7c6291\",\"name\":\"Thorvald\",\"image\":{\"@type\":\"ImageObject\",\"inLanguage\":\"sv-SE\",\"@id\":\"https:\\\/\\\/secure.gravatar.com\\\/avatar\\\/8328a4c14b3a439f4c0cf3cf4af03cee061e00c35ed80000610d03c204796578?s=96&d=mm&r=g\",\"url\":\"https:\\\/\\\/secure.gravatar.com\\\/avatar\\\/8328a4c14b3a439f4c0cf3cf4af03cee061e00c35ed80000610d03c204796578?s=96&d=mm&r=g\",\"contentUrl\":\"https:\\\/\\\/secure.gravatar.com\\\/avatar\\\/8328a4c14b3a439f4c0cf3cf4af03cee061e00c35ed80000610d03c204796578?s=96&d=mm&r=g\",\"caption\":\"Thorvald\"},\"url\":\"https:\\\/\\\/www.freiholtz.se\\\/forvetet\\\/author\\\/admin\\\/\"}]}<\/script>\n<!-- \/ Yoast SEO plugin. -->","yoast_head_json":{"title":"Litter\u00e4r l\u00f6rdag VI - F\u00f6rvetet","robots":{"index":"index","follow":"follow","max-snippet":"max-snippet:-1","max-image-preview":"max-image-preview:large","max-video-preview":"max-video-preview:-1"},"canonical":"https:\/\/www.freiholtz.se\/forvetet\/2005\/10\/01\/litterar-lordag-vi\/","og_locale":"sv_SE","og_type":"article","og_title":"Litter\u00e4r l\u00f6rdag VI - F\u00f6rvetet","og_description":"Dagens planerade bes\u00f6k p\u00e5 bokm\u00e4ssan blev inst\u00e4llt. Vi hade hade startat resan, men inte hunnit utanf\u00f6r stadsgr\u00e4nsen n\u00e4r det kom ett RDS-meddelande om l\u00e5nga k\u00f6er vid Lisebergs- och G\u00e5rdamoten. Det var inte sv\u00e5rt att f\u00f6rest\u00e4lla sig parkeringskaoset i G\u00e5rda och hur \u00f6verfull m\u00e4ssan skulle vara. Vi besl\u00f6t snabbt att skjuta p\u00e5 bes\u00f6ket till imorgon (och...","og_url":"https:\/\/www.freiholtz.se\/forvetet\/2005\/10\/01\/litterar-lordag-vi\/","og_site_name":"F\u00f6rvetet","article_published_time":"2005-10-01T16:56:39+00:00","author":"Thorvald","twitter_card":"summary_large_image","twitter_misc":{"Skriven av":"Thorvald","Ber\u00e4knad l\u00e4stid":"1 minut"},"schema":{"@context":"https:\/\/schema.org","@graph":[{"@type":"Article","@id":"https:\/\/www.freiholtz.se\/forvetet\/2005\/10\/01\/litterar-lordag-vi\/#article","isPartOf":{"@id":"https:\/\/www.freiholtz.se\/forvetet\/2005\/10\/01\/litterar-lordag-vi\/"},"author":{"name":"Thorvald","@id":"https:\/\/www.freiholtz.se\/forvetet\/#\/schema\/person\/06a25f58d70b8c24ee4eb6208c7c6291"},"headline":"Litter\u00e4r l\u00f6rdag VI","datePublished":"2005-10-01T16:56:39+00:00","mainEntityOfPage":{"@id":"https:\/\/www.freiholtz.se\/forvetet\/2005\/10\/01\/litterar-lordag-vi\/"},"wordCount":280,"articleSection":["Kultur"],"inLanguage":"sv-SE"},{"@type":"WebPage","@id":"https:\/\/www.freiholtz.se\/forvetet\/2005\/10\/01\/litterar-lordag-vi\/","url":"https:\/\/www.freiholtz.se\/forvetet\/2005\/10\/01\/litterar-lordag-vi\/","name":"Litter\u00e4r l\u00f6rdag VI - F\u00f6rvetet","isPartOf":{"@id":"https:\/\/www.freiholtz.se\/forvetet\/#website"},"datePublished":"2005-10-01T16:56:39+00:00","author":{"@id":"https:\/\/www.freiholtz.se\/forvetet\/#\/schema\/person\/06a25f58d70b8c24ee4eb6208c7c6291"},"breadcrumb":{"@id":"https:\/\/www.freiholtz.se\/forvetet\/2005\/10\/01\/litterar-lordag-vi\/#breadcrumb"},"inLanguage":"sv-SE","potentialAction":[{"@type":"ReadAction","target":["https:\/\/www.freiholtz.se\/forvetet\/2005\/10\/01\/litterar-lordag-vi\/"]}]},{"@type":"BreadcrumbList","@id":"https:\/\/www.freiholtz.se\/forvetet\/2005\/10\/01\/litterar-lordag-vi\/#breadcrumb","itemListElement":[{"@type":"ListItem","position":1,"name":"Hem","item":"https:\/\/www.freiholtz.se\/forvetet\/"},{"@type":"ListItem","position":2,"name":"Litter\u00e4r l\u00f6rdag VI"}]},{"@type":"WebSite","@id":"https:\/\/www.freiholtz.se\/forvetet\/#website","url":"https:\/\/www.freiholtz.se\/forvetet\/","name":"F\u00f6rvetet","description":"en blogg fr\u00e5n freiholtz.se!","potentialAction":[{"@type":"SearchAction","target":{"@type":"EntryPoint","urlTemplate":"https:\/\/www.freiholtz.se\/forvetet\/?s={search_term_string}"},"query-input":{"@type":"PropertyValueSpecification","valueRequired":true,"valueName":"search_term_string"}}],"inLanguage":"sv-SE"},{"@type":"Person","@id":"https:\/\/www.freiholtz.se\/forvetet\/#\/schema\/person\/06a25f58d70b8c24ee4eb6208c7c6291","name":"Thorvald","image":{"@type":"ImageObject","inLanguage":"sv-SE","@id":"https:\/\/secure.gravatar.com\/avatar\/8328a4c14b3a439f4c0cf3cf4af03cee061e00c35ed80000610d03c204796578?s=96&d=mm&r=g","url":"https:\/\/secure.gravatar.com\/avatar\/8328a4c14b3a439f4c0cf3cf4af03cee061e00c35ed80000610d03c204796578?s=96&d=mm&r=g","contentUrl":"https:\/\/secure.gravatar.com\/avatar\/8328a4c14b3a439f4c0cf3cf4af03cee061e00c35ed80000610d03c204796578?s=96&d=mm&r=g","caption":"Thorvald"},"url":"https:\/\/www.freiholtz.se\/forvetet\/author\/admin\/"}]}},"_links":{"self":[{"href":"https:\/\/www.freiholtz.se\/forvetet\/wp-json\/wp\/v2\/posts\/29","targetHints":{"allow":["GET"]}}],"collection":[{"href":"https:\/\/www.freiholtz.se\/forvetet\/wp-json\/wp\/v2\/posts"}],"about":[{"href":"https:\/\/www.freiholtz.se\/forvetet\/wp-json\/wp\/v2\/types\/post"}],"author":[{"embeddable":true,"href":"https:\/\/www.freiholtz.se\/forvetet\/wp-json\/wp\/v2\/users\/2"}],"replies":[{"embeddable":true,"href":"https:\/\/www.freiholtz.se\/forvetet\/wp-json\/wp\/v2\/comments?post=29"}],"version-history":[{"count":0,"href":"https:\/\/www.freiholtz.se\/forvetet\/wp-json\/wp\/v2\/posts\/29\/revisions"}],"wp:attachment":[{"href":"https:\/\/www.freiholtz.se\/forvetet\/wp-json\/wp\/v2\/media?parent=29"}],"wp:term":[{"taxonomy":"category","embeddable":true,"href":"https:\/\/www.freiholtz.se\/forvetet\/wp-json\/wp\/v2\/categories?post=29"},{"taxonomy":"post_tag","embeddable":true,"href":"https:\/\/www.freiholtz.se\/forvetet\/wp-json\/wp\/v2\/tags?post=29"}],"curies":[{"name":"wp","href":"https:\/\/api.w.org\/{rel}","templated":true}]}}