{"id":26,"date":"2005-09-14T22:46:41","date_gmt":"2005-09-14T20:46:41","guid":{"rendered":"http:\/\/www.freiholtz.se\/forvetet\/?p=26"},"modified":"2005-09-14T22:46:41","modified_gmt":"2005-09-14T20:46:41","slug":"varfor-jag-kommer-fortsatta-att-blogga","status":"publish","type":"post","link":"https:\/\/www.freiholtz.se\/forvetet\/2005\/09\/14\/varfor-jag-kommer-fortsatta-att-blogga\/","title":{"rendered":"Varf\u00f6r jag kommer forts\u00e4tta att blogga"},"content":{"rendered":"<p><!--26-->Jag kommer att forts\u00e4tta att blogga d\u00e4rf\u00f6r att <a href=\"http:\/\/www.aftonbladet.se\/blogg\/klein\/100905192237_expressen_lgger_ner.html\">jag \u00e4r professionell<\/a>. Det vill s\u00e4ga p\u00e5 n\u00e5got helt annat \u00e4n att skriva om politik, samh\u00e4lle och kultur.<\/p>\n<p>Det \u00e4r just det som \u00e4r po\u00e4ngen. Jag f\u00e5r inte betalt f\u00f6r att skriva. D\u00e4rmed beh\u00f6ver jag inte g\u00e5 i n\u00e5gons ledband. Jag v\u00e4ljer mina \u00e4mnen sj\u00e4lv. Jag styrs inte av n\u00e5gon redakt\u00f6r, jag beh\u00f6ver inte f\u00f6lja n\u00e5gon partilinje och jag har ingen press p\u00e5 mig att producera en viss m\u00e4ngd text per tidsenhet. Denna obundenhet \u00e4r en f\u00f6ruts\u00e4ttning f\u00f6r att jag ska blogga. Jag inbillar mig till och med att den tillf\u00f6r n\u00e5got (fr\u00e5ga mig bara inte vad) som saknas hos de flesta professionella skribenter.<\/p>\n<p>S\u00e5 jag kommer att forts\u00e4tta att blogga trots den bloggleda jag k\u00e4nt de senaste veckorna. Sk\u00e4len till min bloggleda st\u00e5r dels att finna i att jag f\u00f6r tillf\u00e4llet har sv\u00e5rt att hitta n\u00e5got intressant att blogga om. De senaste tre \u00e5ren har jag behandlat flera av mina favorit\u00e4mnen, t.ex <a href=\"http:\/\/www.freiholtz.se\/forvetet\/sjukt_arkiv.shtml\">den svenska sjukv\u00e5rden<\/a>, i s\u00e5 m\u00e5nga inl\u00e4gg att det k\u00e4nns som &#8221;over-kill&#8221; med fler inl\u00e4gg i samma \u00e4mne. Jag aspirerar inte p\u00e5 ordf\u00f6randeposten i &#8221;Monomana bloggares f\u00f6rening&#8221;, den finns det m\u00e5nga andra goda kandidater till. <\/p>\n<p>Dels beror min bloggleda p\u00e5 den standards\u00e4nkning som det publika genombrottet f\u00f6r bloggandet medf\u00f6rt. Invektiven haglar numera inte bara i kommentarerna hos de mest l\u00e4sta bloggarna utan ocks\u00e5 i inl\u00e4ggen. Idiot \u00e4r en vanligt f\u00f6rekommande ben\u00e4mning p\u00e5 meningsmotst\u00e5ndare. Det \u00e4r inte bara ett omoget spr\u00e5kbruk utan ocks\u00e5 ett uttryck f\u00f6r en skev verklighetsuppfattning. De som anv\u00e4nder dessa tillm\u00e4len tror uppenbarligen att intelligenta m\u00e4nniskor har mer &#8221;r\u00e4tt&#8221; i politiska\/ideologiska fr\u00e5gor \u00e4n dumma. Sj\u00e4lva r\u00e4knar de sig naturligtvis till de f\u00f6rra. <\/p>\n<p>Enligt min erfarenhet \u00e4r detta helt fel. Intelligenta m\u00e4nniskor hamnar ofta i politikens tr\u00e4skmarker d\u00e4rf\u00f6r att de anv\u00e4nder sin intelligens f\u00f6r att \u00f6vertyga sig sj\u00e4lva om att deras stollerier \u00e4r rationella och uttryck f\u00f6r n\u00e5got slags objektiv sanning. <a href=\"http:\/\/esbati.blogspot.com\/\">Ali Esbati<\/a>, en uppenbart intelligent och v\u00e4lartikulerad person, bekr\u00e4ftar min uppfattning dagligdags. \u00c5 andra sidan st\u00e4mmer beskrivningen inte alls p\u00e5 <a href=\"http:\/\/www.erixon.com\/\">Dick Erixon<\/a>.<\/p>\n<p>En annan aspekt p\u00e5 bloggenombrottet \u00e4r att det sedan i april\/maj har varit sv\u00e5rt att hitta n\u00e5gra nya, intressanta bloggar. De finns s\u00e4kert, men de \u00e4r sv\u00e5ra att uppt\u00e4cka i flodv\u00e5gen av mediokra och ofta kortlivade bloggar. Ett lysande undantag \u00e4r <a href=\"http:\/\/www.bodilzalesky.com\/blog\">Bodil Zalesky<\/a>.<\/p>\n<p>N\u00e5got har dock bloggledan l\u00e4ttat eftersom <a href=\"http:\/\/agnesoftheislands.blogg.de\/\">Agnes\/Jelena<\/a> \u00e5terupptagit bloggandet efter en alldeles f\u00f6r l\u00e5ng semester.<\/p>\n<p>S\u00e5, jag kommer allts\u00e5 att forts\u00e4tta att blogga, men det kommer \u00e4ven forts\u00e4ttningsvis att vara ganska glest mellan inl\u00e4ggen. Det finns mycket som konkurrerar om den tillg\u00e4ngliga tiden f\u00f6r tillf\u00e4llet.<\/p>\n","protected":false},"excerpt":{"rendered":"<p>Jag kommer att forts\u00e4tta att blogga d\u00e4rf\u00f6r att jag \u00e4r professionell. Det vill s\u00e4ga p\u00e5 n\u00e5got helt annat \u00e4n att skriva om politik, samh\u00e4lle och kultur. Det \u00e4r just det som \u00e4r po\u00e4ngen. Jag f\u00e5r inte betalt f\u00f6r att skriva. D\u00e4rmed beh\u00f6ver jag inte g\u00e5 i n\u00e5gons ledband. Jag v\u00e4ljer mina \u00e4mnen sj\u00e4lv. Jag styrs&#8230;<\/p>\n","protected":false},"author":2,"featured_media":0,"comment_status":"closed","ping_status":"closed","sticky":false,"template":"","format":"standard","meta":{"_monsterinsights_skip_tracking":false,"_monsterinsights_sitenote_active":false,"_monsterinsights_sitenote_note":"","_monsterinsights_sitenote_category":0,"footnotes":""},"categories":[5],"tags":[],"class_list":["post-26","post","type-post","status-publish","format-standard","hentry","category-blogg"],"yoast_head":"<!-- This site is optimized with the Yoast SEO plugin v27.5 - https:\/\/yoast.com\/product\/yoast-seo-wordpress\/ -->\n<title>Varf\u00f6r jag kommer forts\u00e4tta att blogga - F\u00f6rvetet<\/title>\n<meta name=\"robots\" content=\"index, follow, max-snippet:-1, max-image-preview:large, max-video-preview:-1\" \/>\n<link rel=\"canonical\" href=\"https:\/\/www.freiholtz.se\/forvetet\/2005\/09\/14\/varfor-jag-kommer-fortsatta-att-blogga\/\" \/>\n<meta property=\"og:locale\" content=\"sv_SE\" \/>\n<meta property=\"og:type\" content=\"article\" \/>\n<meta property=\"og:title\" content=\"Varf\u00f6r jag kommer forts\u00e4tta att blogga - F\u00f6rvetet\" \/>\n<meta property=\"og:description\" content=\"Jag kommer att forts\u00e4tta att blogga d\u00e4rf\u00f6r att jag \u00e4r professionell. Det vill s\u00e4ga p\u00e5 n\u00e5got helt annat \u00e4n att skriva om politik, samh\u00e4lle och kultur. Det \u00e4r just det som \u00e4r po\u00e4ngen. Jag f\u00e5r inte betalt f\u00f6r att skriva. D\u00e4rmed beh\u00f6ver jag inte g\u00e5 i n\u00e5gons ledband. Jag v\u00e4ljer mina \u00e4mnen sj\u00e4lv. Jag styrs...\" \/>\n<meta property=\"og:url\" content=\"https:\/\/www.freiholtz.se\/forvetet\/2005\/09\/14\/varfor-jag-kommer-fortsatta-att-blogga\/\" \/>\n<meta property=\"og:site_name\" content=\"F\u00f6rvetet\" \/>\n<meta property=\"article:published_time\" content=\"2005-09-14T20:46:41+00:00\" \/>\n<meta name=\"author\" content=\"Thorvald\" \/>\n<meta name=\"twitter:card\" content=\"summary_large_image\" \/>\n<meta name=\"twitter:label1\" content=\"Skriven av\" \/>\n\t<meta name=\"twitter:data1\" content=\"Thorvald\" \/>\n\t<meta name=\"twitter:label2\" content=\"Ber\u00e4knad l\u00e4stid\" \/>\n\t<meta name=\"twitter:data2\" content=\"3 minuter\" \/>\n<script type=\"application\/ld+json\" class=\"yoast-schema-graph\">{\"@context\":\"https:\\\/\\\/schema.org\",\"@graph\":[{\"@type\":\"Article\",\"@id\":\"https:\\\/\\\/www.freiholtz.se\\\/forvetet\\\/2005\\\/09\\\/14\\\/varfor-jag-kommer-fortsatta-att-blogga\\\/#article\",\"isPartOf\":{\"@id\":\"https:\\\/\\\/www.freiholtz.se\\\/forvetet\\\/2005\\\/09\\\/14\\\/varfor-jag-kommer-fortsatta-att-blogga\\\/\"},\"author\":{\"name\":\"Thorvald\",\"@id\":\"https:\\\/\\\/www.freiholtz.se\\\/forvetet\\\/#\\\/schema\\\/person\\\/06a25f58d70b8c24ee4eb6208c7c6291\"},\"headline\":\"Varf\u00f6r jag kommer forts\u00e4tta att blogga\",\"datePublished\":\"2005-09-14T20:46:41+00:00\",\"mainEntityOfPage\":{\"@id\":\"https:\\\/\\\/www.freiholtz.se\\\/forvetet\\\/2005\\\/09\\\/14\\\/varfor-jag-kommer-fortsatta-att-blogga\\\/\"},\"wordCount\":523,\"articleSection\":[\"Blogg\"],\"inLanguage\":\"sv-SE\"},{\"@type\":\"WebPage\",\"@id\":\"https:\\\/\\\/www.freiholtz.se\\\/forvetet\\\/2005\\\/09\\\/14\\\/varfor-jag-kommer-fortsatta-att-blogga\\\/\",\"url\":\"https:\\\/\\\/www.freiholtz.se\\\/forvetet\\\/2005\\\/09\\\/14\\\/varfor-jag-kommer-fortsatta-att-blogga\\\/\",\"name\":\"Varf\u00f6r jag kommer forts\u00e4tta att blogga - F\u00f6rvetet\",\"isPartOf\":{\"@id\":\"https:\\\/\\\/www.freiholtz.se\\\/forvetet\\\/#website\"},\"datePublished\":\"2005-09-14T20:46:41+00:00\",\"author\":{\"@id\":\"https:\\\/\\\/www.freiholtz.se\\\/forvetet\\\/#\\\/schema\\\/person\\\/06a25f58d70b8c24ee4eb6208c7c6291\"},\"breadcrumb\":{\"@id\":\"https:\\\/\\\/www.freiholtz.se\\\/forvetet\\\/2005\\\/09\\\/14\\\/varfor-jag-kommer-fortsatta-att-blogga\\\/#breadcrumb\"},\"inLanguage\":\"sv-SE\",\"potentialAction\":[{\"@type\":\"ReadAction\",\"target\":[\"https:\\\/\\\/www.freiholtz.se\\\/forvetet\\\/2005\\\/09\\\/14\\\/varfor-jag-kommer-fortsatta-att-blogga\\\/\"]}]},{\"@type\":\"BreadcrumbList\",\"@id\":\"https:\\\/\\\/www.freiholtz.se\\\/forvetet\\\/2005\\\/09\\\/14\\\/varfor-jag-kommer-fortsatta-att-blogga\\\/#breadcrumb\",\"itemListElement\":[{\"@type\":\"ListItem\",\"position\":1,\"name\":\"Hem\",\"item\":\"https:\\\/\\\/www.freiholtz.se\\\/forvetet\\\/\"},{\"@type\":\"ListItem\",\"position\":2,\"name\":\"Varf\u00f6r jag kommer forts\u00e4tta att blogga\"}]},{\"@type\":\"WebSite\",\"@id\":\"https:\\\/\\\/www.freiholtz.se\\\/forvetet\\\/#website\",\"url\":\"https:\\\/\\\/www.freiholtz.se\\\/forvetet\\\/\",\"name\":\"F\u00f6rvetet\",\"description\":\"en blogg fr\u00e5n freiholtz.se!\",\"potentialAction\":[{\"@type\":\"SearchAction\",\"target\":{\"@type\":\"EntryPoint\",\"urlTemplate\":\"https:\\\/\\\/www.freiholtz.se\\\/forvetet\\\/?s={search_term_string}\"},\"query-input\":{\"@type\":\"PropertyValueSpecification\",\"valueRequired\":true,\"valueName\":\"search_term_string\"}}],\"inLanguage\":\"sv-SE\"},{\"@type\":\"Person\",\"@id\":\"https:\\\/\\\/www.freiholtz.se\\\/forvetet\\\/#\\\/schema\\\/person\\\/06a25f58d70b8c24ee4eb6208c7c6291\",\"name\":\"Thorvald\",\"image\":{\"@type\":\"ImageObject\",\"inLanguage\":\"sv-SE\",\"@id\":\"https:\\\/\\\/secure.gravatar.com\\\/avatar\\\/8328a4c14b3a439f4c0cf3cf4af03cee061e00c35ed80000610d03c204796578?s=96&d=mm&r=g\",\"url\":\"https:\\\/\\\/secure.gravatar.com\\\/avatar\\\/8328a4c14b3a439f4c0cf3cf4af03cee061e00c35ed80000610d03c204796578?s=96&d=mm&r=g\",\"contentUrl\":\"https:\\\/\\\/secure.gravatar.com\\\/avatar\\\/8328a4c14b3a439f4c0cf3cf4af03cee061e00c35ed80000610d03c204796578?s=96&d=mm&r=g\",\"caption\":\"Thorvald\"},\"url\":\"https:\\\/\\\/www.freiholtz.se\\\/forvetet\\\/author\\\/admin\\\/\"}]}<\/script>\n<!-- \/ Yoast SEO plugin. -->","yoast_head_json":{"title":"Varf\u00f6r jag kommer forts\u00e4tta att blogga - F\u00f6rvetet","robots":{"index":"index","follow":"follow","max-snippet":"max-snippet:-1","max-image-preview":"max-image-preview:large","max-video-preview":"max-video-preview:-1"},"canonical":"https:\/\/www.freiholtz.se\/forvetet\/2005\/09\/14\/varfor-jag-kommer-fortsatta-att-blogga\/","og_locale":"sv_SE","og_type":"article","og_title":"Varf\u00f6r jag kommer forts\u00e4tta att blogga - F\u00f6rvetet","og_description":"Jag kommer att forts\u00e4tta att blogga d\u00e4rf\u00f6r att jag \u00e4r professionell. Det vill s\u00e4ga p\u00e5 n\u00e5got helt annat \u00e4n att skriva om politik, samh\u00e4lle och kultur. Det \u00e4r just det som \u00e4r po\u00e4ngen. Jag f\u00e5r inte betalt f\u00f6r att skriva. D\u00e4rmed beh\u00f6ver jag inte g\u00e5 i n\u00e5gons ledband. Jag v\u00e4ljer mina \u00e4mnen sj\u00e4lv. Jag styrs...","og_url":"https:\/\/www.freiholtz.se\/forvetet\/2005\/09\/14\/varfor-jag-kommer-fortsatta-att-blogga\/","og_site_name":"F\u00f6rvetet","article_published_time":"2005-09-14T20:46:41+00:00","author":"Thorvald","twitter_card":"summary_large_image","twitter_misc":{"Skriven av":"Thorvald","Ber\u00e4knad l\u00e4stid":"3 minuter"},"schema":{"@context":"https:\/\/schema.org","@graph":[{"@type":"Article","@id":"https:\/\/www.freiholtz.se\/forvetet\/2005\/09\/14\/varfor-jag-kommer-fortsatta-att-blogga\/#article","isPartOf":{"@id":"https:\/\/www.freiholtz.se\/forvetet\/2005\/09\/14\/varfor-jag-kommer-fortsatta-att-blogga\/"},"author":{"name":"Thorvald","@id":"https:\/\/www.freiholtz.se\/forvetet\/#\/schema\/person\/06a25f58d70b8c24ee4eb6208c7c6291"},"headline":"Varf\u00f6r jag kommer forts\u00e4tta att blogga","datePublished":"2005-09-14T20:46:41+00:00","mainEntityOfPage":{"@id":"https:\/\/www.freiholtz.se\/forvetet\/2005\/09\/14\/varfor-jag-kommer-fortsatta-att-blogga\/"},"wordCount":523,"articleSection":["Blogg"],"inLanguage":"sv-SE"},{"@type":"WebPage","@id":"https:\/\/www.freiholtz.se\/forvetet\/2005\/09\/14\/varfor-jag-kommer-fortsatta-att-blogga\/","url":"https:\/\/www.freiholtz.se\/forvetet\/2005\/09\/14\/varfor-jag-kommer-fortsatta-att-blogga\/","name":"Varf\u00f6r jag kommer forts\u00e4tta att blogga - F\u00f6rvetet","isPartOf":{"@id":"https:\/\/www.freiholtz.se\/forvetet\/#website"},"datePublished":"2005-09-14T20:46:41+00:00","author":{"@id":"https:\/\/www.freiholtz.se\/forvetet\/#\/schema\/person\/06a25f58d70b8c24ee4eb6208c7c6291"},"breadcrumb":{"@id":"https:\/\/www.freiholtz.se\/forvetet\/2005\/09\/14\/varfor-jag-kommer-fortsatta-att-blogga\/#breadcrumb"},"inLanguage":"sv-SE","potentialAction":[{"@type":"ReadAction","target":["https:\/\/www.freiholtz.se\/forvetet\/2005\/09\/14\/varfor-jag-kommer-fortsatta-att-blogga\/"]}]},{"@type":"BreadcrumbList","@id":"https:\/\/www.freiholtz.se\/forvetet\/2005\/09\/14\/varfor-jag-kommer-fortsatta-att-blogga\/#breadcrumb","itemListElement":[{"@type":"ListItem","position":1,"name":"Hem","item":"https:\/\/www.freiholtz.se\/forvetet\/"},{"@type":"ListItem","position":2,"name":"Varf\u00f6r jag kommer forts\u00e4tta att blogga"}]},{"@type":"WebSite","@id":"https:\/\/www.freiholtz.se\/forvetet\/#website","url":"https:\/\/www.freiholtz.se\/forvetet\/","name":"F\u00f6rvetet","description":"en blogg fr\u00e5n freiholtz.se!","potentialAction":[{"@type":"SearchAction","target":{"@type":"EntryPoint","urlTemplate":"https:\/\/www.freiholtz.se\/forvetet\/?s={search_term_string}"},"query-input":{"@type":"PropertyValueSpecification","valueRequired":true,"valueName":"search_term_string"}}],"inLanguage":"sv-SE"},{"@type":"Person","@id":"https:\/\/www.freiholtz.se\/forvetet\/#\/schema\/person\/06a25f58d70b8c24ee4eb6208c7c6291","name":"Thorvald","image":{"@type":"ImageObject","inLanguage":"sv-SE","@id":"https:\/\/secure.gravatar.com\/avatar\/8328a4c14b3a439f4c0cf3cf4af03cee061e00c35ed80000610d03c204796578?s=96&d=mm&r=g","url":"https:\/\/secure.gravatar.com\/avatar\/8328a4c14b3a439f4c0cf3cf4af03cee061e00c35ed80000610d03c204796578?s=96&d=mm&r=g","contentUrl":"https:\/\/secure.gravatar.com\/avatar\/8328a4c14b3a439f4c0cf3cf4af03cee061e00c35ed80000610d03c204796578?s=96&d=mm&r=g","caption":"Thorvald"},"url":"https:\/\/www.freiholtz.se\/forvetet\/author\/admin\/"}]}},"_links":{"self":[{"href":"https:\/\/www.freiholtz.se\/forvetet\/wp-json\/wp\/v2\/posts\/26","targetHints":{"allow":["GET"]}}],"collection":[{"href":"https:\/\/www.freiholtz.se\/forvetet\/wp-json\/wp\/v2\/posts"}],"about":[{"href":"https:\/\/www.freiholtz.se\/forvetet\/wp-json\/wp\/v2\/types\/post"}],"author":[{"embeddable":true,"href":"https:\/\/www.freiholtz.se\/forvetet\/wp-json\/wp\/v2\/users\/2"}],"replies":[{"embeddable":true,"href":"https:\/\/www.freiholtz.se\/forvetet\/wp-json\/wp\/v2\/comments?post=26"}],"version-history":[{"count":0,"href":"https:\/\/www.freiholtz.se\/forvetet\/wp-json\/wp\/v2\/posts\/26\/revisions"}],"wp:attachment":[{"href":"https:\/\/www.freiholtz.se\/forvetet\/wp-json\/wp\/v2\/media?parent=26"}],"wp:term":[{"taxonomy":"category","embeddable":true,"href":"https:\/\/www.freiholtz.se\/forvetet\/wp-json\/wp\/v2\/categories?post=26"},{"taxonomy":"post_tag","embeddable":true,"href":"https:\/\/www.freiholtz.se\/forvetet\/wp-json\/wp\/v2\/tags?post=26"}],"curies":[{"name":"wp","href":"https:\/\/api.w.org\/{rel}","templated":true}]}}