{"id":16,"date":"2005-07-05T20:27:14","date_gmt":"2005-07-05T18:27:14","guid":{"rendered":"http:\/\/www.freiholtz.se\/forvetet\/?p=16"},"modified":"2005-07-05T20:27:14","modified_gmt":"2005-07-05T18:27:14","slug":"jag-en-avart","status":"publish","type":"post","link":"https:\/\/www.freiholtz.se\/forvetet\/2005\/07\/05\/jag-en-avart\/","title":{"rendered":"Jag, en avart"},"content":{"rendered":"<p><!--16-->Man kan tycka att Thomas von Vegesack, m\u00e5ng\u00e5rig ordf\u00f6rande i <a href=\"http:\/\/www.pensweden.org\/Svenska_home.htm\">Svenska PEN<\/a>, borde v\u00e4lkommna bloggarna:<\/p>\n<p>&#8221;<em>PEN st\u00f6djer grundtanken om fri spridning av tankar och \u00e5sikter inom och mellan alla l\u00e4nder, och medlemmarna f\u00f6rbinder sig att motarbeta varje slag av inskr\u00e4nkning av yttrandefriheten i det land och det samh\u00e4lle d\u00e4r de verkar. PEN h\u00e4vdar principen om pressfrihet och mots\u00e4tter sig censur i fredstid. PEN anser att v\u00e4rldens n\u00f6dv\u00e4ndiga fram\u00e5tskridande mot en mer utvecklad politisk och ekonomisk ordning ofr\u00e5nkomligen kr\u00e4ver friheten att kritisera regeringar, f\u00f6rvaltningar och institutioner<\/em>.&#8221;<\/p>\n<p>I st\u00e4llet verkar han, utan undantag, j\u00e4mst\u00e4lla dem med de v\u00e4rsta avarterna inom pressen:<\/p>\n<p>&#8221;<em>&#8230; eftersom frihet f\u00f6ruts\u00e4tter frivillig \u00e5terh\u00e5llsamhet, f\u00f6rbinder sig medlemmarna att motarbeta s\u00e5dana avarter hos den fria pressen som l\u00f6gnaktiga offentligg\u00f6randen, avsiktlig bedr\u00e4glighet och faktf\u00f6rvr\u00e4ng-ningar i politiskt eller personligt syfte.<\/em>&#8221;<\/p>\n<p>F\u00f6r hans kollektiva nedv\u00e4rdering av bloggarna i DN-artikeln fr\u00e5n den 2\/7 g\u00f6rs naturligtvis uteslutande av omsorg av det fria ordet. Det vill s\u00e4ga det &#8221;r\u00e4tta&#8221; fria ordet, det som trycks i papperstidningar. Alla eventuella \u00f6verensst\u00e4mmelser mellan von Vegesacks kritik av bloggarna och <a href=\"http:\/\/www.aftonbladet.se\/amc\/stefan\/hist.html\">\u00f6verhetens kritik av den framv\u00e4xande fria pressen vid 1800-talets mitt<\/a> \u00e4r sj\u00e4lvfallet helt och h\u00e5llet slumpm\u00e4ssiga.<\/p>\n","protected":false},"excerpt":{"rendered":"<p>Man kan tycka att Thomas von Vegesack, m\u00e5ng\u00e5rig ordf\u00f6rande i Svenska PEN, borde v\u00e4lkommna bloggarna: &#8221;PEN st\u00f6djer grundtanken om fri spridning av tankar och \u00e5sikter inom och mellan alla l\u00e4nder, och medlemmarna f\u00f6rbinder sig att motarbeta varje slag av inskr\u00e4nkning av yttrandefriheten i det land och det samh\u00e4lle d\u00e4r de verkar. PEN h\u00e4vdar principen om&#8230;<\/p>\n","protected":false},"author":2,"featured_media":0,"comment_status":"closed","ping_status":"closed","sticky":false,"template":"","format":"standard","meta":{"_monsterinsights_skip_tracking":false,"_monsterinsights_sitenote_active":false,"_monsterinsights_sitenote_note":"","_monsterinsights_sitenote_category":0,"footnotes":""},"categories":[5],"tags":[],"class_list":["post-16","post","type-post","status-publish","format-standard","hentry","category-blogg"],"yoast_head":"<!-- This site is optimized with the Yoast SEO plugin v27.5 - https:\/\/yoast.com\/product\/yoast-seo-wordpress\/ -->\n<title>Jag, en avart - F\u00f6rvetet<\/title>\n<meta name=\"robots\" content=\"index, follow, max-snippet:-1, max-image-preview:large, max-video-preview:-1\" \/>\n<link rel=\"canonical\" href=\"https:\/\/www.freiholtz.se\/forvetet\/2005\/07\/05\/jag-en-avart\/\" \/>\n<meta property=\"og:locale\" content=\"sv_SE\" \/>\n<meta property=\"og:type\" content=\"article\" \/>\n<meta property=\"og:title\" content=\"Jag, en avart - F\u00f6rvetet\" \/>\n<meta property=\"og:description\" content=\"Man kan tycka att Thomas von Vegesack, m\u00e5ng\u00e5rig ordf\u00f6rande i Svenska PEN, borde v\u00e4lkommna bloggarna: &#8221;PEN st\u00f6djer grundtanken om fri spridning av tankar och \u00e5sikter inom och mellan alla l\u00e4nder, och medlemmarna f\u00f6rbinder sig att motarbeta varje slag av inskr\u00e4nkning av yttrandefriheten i det land och det samh\u00e4lle d\u00e4r de verkar. PEN h\u00e4vdar principen om...\" \/>\n<meta property=\"og:url\" content=\"https:\/\/www.freiholtz.se\/forvetet\/2005\/07\/05\/jag-en-avart\/\" \/>\n<meta property=\"og:site_name\" content=\"F\u00f6rvetet\" \/>\n<meta property=\"article:published_time\" content=\"2005-07-05T18:27:14+00:00\" \/>\n<meta name=\"author\" content=\"Thorvald\" \/>\n<meta name=\"twitter:card\" content=\"summary_large_image\" \/>\n<meta name=\"twitter:label1\" content=\"Skriven av\" \/>\n\t<meta name=\"twitter:data1\" content=\"Thorvald\" \/>\n\t<meta name=\"twitter:label2\" content=\"Ber\u00e4knad l\u00e4stid\" \/>\n\t<meta name=\"twitter:data2\" content=\"1 minut\" \/>\n<script type=\"application\/ld+json\" class=\"yoast-schema-graph\">{\"@context\":\"https:\\\/\\\/schema.org\",\"@graph\":[{\"@type\":\"Article\",\"@id\":\"https:\\\/\\\/www.freiholtz.se\\\/forvetet\\\/2005\\\/07\\\/05\\\/jag-en-avart\\\/#article\",\"isPartOf\":{\"@id\":\"https:\\\/\\\/www.freiholtz.se\\\/forvetet\\\/2005\\\/07\\\/05\\\/jag-en-avart\\\/\"},\"author\":{\"name\":\"Thorvald\",\"@id\":\"https:\\\/\\\/www.freiholtz.se\\\/forvetet\\\/#\\\/schema\\\/person\\\/06a25f58d70b8c24ee4eb6208c7c6291\"},\"headline\":\"Jag, en avart\",\"datePublished\":\"2005-07-05T18:27:14+00:00\",\"mainEntityOfPage\":{\"@id\":\"https:\\\/\\\/www.freiholtz.se\\\/forvetet\\\/2005\\\/07\\\/05\\\/jag-en-avart\\\/\"},\"wordCount\":231,\"articleSection\":[\"Blogg\"],\"inLanguage\":\"sv-SE\"},{\"@type\":\"WebPage\",\"@id\":\"https:\\\/\\\/www.freiholtz.se\\\/forvetet\\\/2005\\\/07\\\/05\\\/jag-en-avart\\\/\",\"url\":\"https:\\\/\\\/www.freiholtz.se\\\/forvetet\\\/2005\\\/07\\\/05\\\/jag-en-avart\\\/\",\"name\":\"Jag, en avart - F\u00f6rvetet\",\"isPartOf\":{\"@id\":\"https:\\\/\\\/www.freiholtz.se\\\/forvetet\\\/#website\"},\"datePublished\":\"2005-07-05T18:27:14+00:00\",\"author\":{\"@id\":\"https:\\\/\\\/www.freiholtz.se\\\/forvetet\\\/#\\\/schema\\\/person\\\/06a25f58d70b8c24ee4eb6208c7c6291\"},\"breadcrumb\":{\"@id\":\"https:\\\/\\\/www.freiholtz.se\\\/forvetet\\\/2005\\\/07\\\/05\\\/jag-en-avart\\\/#breadcrumb\"},\"inLanguage\":\"sv-SE\",\"potentialAction\":[{\"@type\":\"ReadAction\",\"target\":[\"https:\\\/\\\/www.freiholtz.se\\\/forvetet\\\/2005\\\/07\\\/05\\\/jag-en-avart\\\/\"]}]},{\"@type\":\"BreadcrumbList\",\"@id\":\"https:\\\/\\\/www.freiholtz.se\\\/forvetet\\\/2005\\\/07\\\/05\\\/jag-en-avart\\\/#breadcrumb\",\"itemListElement\":[{\"@type\":\"ListItem\",\"position\":1,\"name\":\"Hem\",\"item\":\"https:\\\/\\\/www.freiholtz.se\\\/forvetet\\\/\"},{\"@type\":\"ListItem\",\"position\":2,\"name\":\"Jag, en avart\"}]},{\"@type\":\"WebSite\",\"@id\":\"https:\\\/\\\/www.freiholtz.se\\\/forvetet\\\/#website\",\"url\":\"https:\\\/\\\/www.freiholtz.se\\\/forvetet\\\/\",\"name\":\"F\u00f6rvetet\",\"description\":\"en blogg fr\u00e5n freiholtz.se!\",\"potentialAction\":[{\"@type\":\"SearchAction\",\"target\":{\"@type\":\"EntryPoint\",\"urlTemplate\":\"https:\\\/\\\/www.freiholtz.se\\\/forvetet\\\/?s={search_term_string}\"},\"query-input\":{\"@type\":\"PropertyValueSpecification\",\"valueRequired\":true,\"valueName\":\"search_term_string\"}}],\"inLanguage\":\"sv-SE\"},{\"@type\":\"Person\",\"@id\":\"https:\\\/\\\/www.freiholtz.se\\\/forvetet\\\/#\\\/schema\\\/person\\\/06a25f58d70b8c24ee4eb6208c7c6291\",\"name\":\"Thorvald\",\"image\":{\"@type\":\"ImageObject\",\"inLanguage\":\"sv-SE\",\"@id\":\"https:\\\/\\\/secure.gravatar.com\\\/avatar\\\/8328a4c14b3a439f4c0cf3cf4af03cee061e00c35ed80000610d03c204796578?s=96&d=mm&r=g\",\"url\":\"https:\\\/\\\/secure.gravatar.com\\\/avatar\\\/8328a4c14b3a439f4c0cf3cf4af03cee061e00c35ed80000610d03c204796578?s=96&d=mm&r=g\",\"contentUrl\":\"https:\\\/\\\/secure.gravatar.com\\\/avatar\\\/8328a4c14b3a439f4c0cf3cf4af03cee061e00c35ed80000610d03c204796578?s=96&d=mm&r=g\",\"caption\":\"Thorvald\"},\"url\":\"https:\\\/\\\/www.freiholtz.se\\\/forvetet\\\/author\\\/admin\\\/\"}]}<\/script>\n<!-- \/ Yoast SEO plugin. -->","yoast_head_json":{"title":"Jag, en avart - F\u00f6rvetet","robots":{"index":"index","follow":"follow","max-snippet":"max-snippet:-1","max-image-preview":"max-image-preview:large","max-video-preview":"max-video-preview:-1"},"canonical":"https:\/\/www.freiholtz.se\/forvetet\/2005\/07\/05\/jag-en-avart\/","og_locale":"sv_SE","og_type":"article","og_title":"Jag, en avart - F\u00f6rvetet","og_description":"Man kan tycka att Thomas von Vegesack, m\u00e5ng\u00e5rig ordf\u00f6rande i Svenska PEN, borde v\u00e4lkommna bloggarna: &#8221;PEN st\u00f6djer grundtanken om fri spridning av tankar och \u00e5sikter inom och mellan alla l\u00e4nder, och medlemmarna f\u00f6rbinder sig att motarbeta varje slag av inskr\u00e4nkning av yttrandefriheten i det land och det samh\u00e4lle d\u00e4r de verkar. PEN h\u00e4vdar principen om...","og_url":"https:\/\/www.freiholtz.se\/forvetet\/2005\/07\/05\/jag-en-avart\/","og_site_name":"F\u00f6rvetet","article_published_time":"2005-07-05T18:27:14+00:00","author":"Thorvald","twitter_card":"summary_large_image","twitter_misc":{"Skriven av":"Thorvald","Ber\u00e4knad l\u00e4stid":"1 minut"},"schema":{"@context":"https:\/\/schema.org","@graph":[{"@type":"Article","@id":"https:\/\/www.freiholtz.se\/forvetet\/2005\/07\/05\/jag-en-avart\/#article","isPartOf":{"@id":"https:\/\/www.freiholtz.se\/forvetet\/2005\/07\/05\/jag-en-avart\/"},"author":{"name":"Thorvald","@id":"https:\/\/www.freiholtz.se\/forvetet\/#\/schema\/person\/06a25f58d70b8c24ee4eb6208c7c6291"},"headline":"Jag, en avart","datePublished":"2005-07-05T18:27:14+00:00","mainEntityOfPage":{"@id":"https:\/\/www.freiholtz.se\/forvetet\/2005\/07\/05\/jag-en-avart\/"},"wordCount":231,"articleSection":["Blogg"],"inLanguage":"sv-SE"},{"@type":"WebPage","@id":"https:\/\/www.freiholtz.se\/forvetet\/2005\/07\/05\/jag-en-avart\/","url":"https:\/\/www.freiholtz.se\/forvetet\/2005\/07\/05\/jag-en-avart\/","name":"Jag, en avart - F\u00f6rvetet","isPartOf":{"@id":"https:\/\/www.freiholtz.se\/forvetet\/#website"},"datePublished":"2005-07-05T18:27:14+00:00","author":{"@id":"https:\/\/www.freiholtz.se\/forvetet\/#\/schema\/person\/06a25f58d70b8c24ee4eb6208c7c6291"},"breadcrumb":{"@id":"https:\/\/www.freiholtz.se\/forvetet\/2005\/07\/05\/jag-en-avart\/#breadcrumb"},"inLanguage":"sv-SE","potentialAction":[{"@type":"ReadAction","target":["https:\/\/www.freiholtz.se\/forvetet\/2005\/07\/05\/jag-en-avart\/"]}]},{"@type":"BreadcrumbList","@id":"https:\/\/www.freiholtz.se\/forvetet\/2005\/07\/05\/jag-en-avart\/#breadcrumb","itemListElement":[{"@type":"ListItem","position":1,"name":"Hem","item":"https:\/\/www.freiholtz.se\/forvetet\/"},{"@type":"ListItem","position":2,"name":"Jag, en avart"}]},{"@type":"WebSite","@id":"https:\/\/www.freiholtz.se\/forvetet\/#website","url":"https:\/\/www.freiholtz.se\/forvetet\/","name":"F\u00f6rvetet","description":"en blogg fr\u00e5n freiholtz.se!","potentialAction":[{"@type":"SearchAction","target":{"@type":"EntryPoint","urlTemplate":"https:\/\/www.freiholtz.se\/forvetet\/?s={search_term_string}"},"query-input":{"@type":"PropertyValueSpecification","valueRequired":true,"valueName":"search_term_string"}}],"inLanguage":"sv-SE"},{"@type":"Person","@id":"https:\/\/www.freiholtz.se\/forvetet\/#\/schema\/person\/06a25f58d70b8c24ee4eb6208c7c6291","name":"Thorvald","image":{"@type":"ImageObject","inLanguage":"sv-SE","@id":"https:\/\/secure.gravatar.com\/avatar\/8328a4c14b3a439f4c0cf3cf4af03cee061e00c35ed80000610d03c204796578?s=96&d=mm&r=g","url":"https:\/\/secure.gravatar.com\/avatar\/8328a4c14b3a439f4c0cf3cf4af03cee061e00c35ed80000610d03c204796578?s=96&d=mm&r=g","contentUrl":"https:\/\/secure.gravatar.com\/avatar\/8328a4c14b3a439f4c0cf3cf4af03cee061e00c35ed80000610d03c204796578?s=96&d=mm&r=g","caption":"Thorvald"},"url":"https:\/\/www.freiholtz.se\/forvetet\/author\/admin\/"}]}},"_links":{"self":[{"href":"https:\/\/www.freiholtz.se\/forvetet\/wp-json\/wp\/v2\/posts\/16","targetHints":{"allow":["GET"]}}],"collection":[{"href":"https:\/\/www.freiholtz.se\/forvetet\/wp-json\/wp\/v2\/posts"}],"about":[{"href":"https:\/\/www.freiholtz.se\/forvetet\/wp-json\/wp\/v2\/types\/post"}],"author":[{"embeddable":true,"href":"https:\/\/www.freiholtz.se\/forvetet\/wp-json\/wp\/v2\/users\/2"}],"replies":[{"embeddable":true,"href":"https:\/\/www.freiholtz.se\/forvetet\/wp-json\/wp\/v2\/comments?post=16"}],"version-history":[{"count":0,"href":"https:\/\/www.freiholtz.se\/forvetet\/wp-json\/wp\/v2\/posts\/16\/revisions"}],"wp:attachment":[{"href":"https:\/\/www.freiholtz.se\/forvetet\/wp-json\/wp\/v2\/media?parent=16"}],"wp:term":[{"taxonomy":"category","embeddable":true,"href":"https:\/\/www.freiholtz.se\/forvetet\/wp-json\/wp\/v2\/categories?post=16"},{"taxonomy":"post_tag","embeddable":true,"href":"https:\/\/www.freiholtz.se\/forvetet\/wp-json\/wp\/v2\/tags?post=16"}],"curies":[{"name":"wp","href":"https:\/\/api.w.org\/{rel}","templated":true}]}}