{"id":1173,"date":"2010-01-05T16:14:34","date_gmt":"2010-01-05T15:14:34","guid":{"rendered":"http:\/\/www.freiholtz.se\/forvetet\/?p=1173"},"modified":"2010-01-05T16:14:34","modified_gmt":"2010-01-05T15:14:34","slug":"all-makt","status":"publish","type":"post","link":"https:\/\/www.freiholtz.se\/forvetet\/2010\/01\/05\/all-makt\/","title":{"rendered":"All makt &#8230;"},"content":{"rendered":"<p>I efterspelet till den nyligen timade <span style=\"text-decoration: line-through\">vargslakten<\/span> vargjakten har milj\u00f6minister Andreas Carlgren tagit\u00a0 upp och moderniserat ett fint gammalt centerordspr\u00e5k.<\/p>\n<p>Thorbj\u00f6rn F\u00e4lldin sade p\u00e5 sin tid:<\/p>\n<p style=\"padding-left: 30px\">&#8221;<em>Ingen statsr\u00e5dspost kan vara s\u00e5 \u00e5tr\u00e5v\u00e4rd att jag vore beredd att dagtinga med min \u00f6vertygelse.<\/em>&#8221;<\/p>\n<p>Andreas Carlgren s\u00e4ger idag:<\/p>\n<p style=\"padding-left: 30px\">&#8221;<em>Milj\u00f6ministerposten \u00e4r inte s\u00e5 \u00e5tr\u00e5v\u00e4rd att den kan f\u00f6rm\u00e5 mig att dagtinga med mina \u00f6vertygelser&#8230;<\/em><\/p>\n<p style=\"padding-left: 30px\"><em>Jag har inga.<\/em>&#8221;<\/p>\n","protected":false},"excerpt":{"rendered":"<p>I efterspelet till den nyligen timade vargslakten vargjakten har milj\u00f6minister Andreas Carlgren tagit\u00a0 upp och moderniserat ett fint gammalt centerordspr\u00e5k. Thorbj\u00f6rn F\u00e4lldin sade p\u00e5 sin tid: &#8221;Ingen statsr\u00e5dspost kan vara s\u00e5 \u00e5tr\u00e5v\u00e4rd att jag vore beredd att dagtinga med min \u00f6vertygelse.&#8221; Andreas Carlgren s\u00e4ger idag: &#8221;Milj\u00f6ministerposten \u00e4r inte s\u00e5 \u00e5tr\u00e5v\u00e4rd att den kan f\u00f6rm\u00e5 mig&#8230;<\/p>\n","protected":false},"author":2,"featured_media":0,"comment_status":"open","ping_status":"open","sticky":false,"template":"","format":"standard","meta":{"_monsterinsights_skip_tracking":false,"_monsterinsights_sitenote_active":false,"_monsterinsights_sitenote_note":"","_monsterinsights_sitenote_category":0,"footnotes":""},"categories":[7],"tags":[29,93,111,189,196],"class_list":["post-1173","post","type-post","status-publish","format-standard","hentry","category-politik","tag-centern","tag-kortfattat","tag-miljo","tag-vargjakt","tag-viltvard"],"yoast_head":"<!-- This site is optimized with the Yoast SEO plugin v27.5 - https:\/\/yoast.com\/product\/yoast-seo-wordpress\/ -->\n<title>All makt ... - F\u00f6rvetet<\/title>\n<meta name=\"robots\" content=\"index, follow, max-snippet:-1, max-image-preview:large, max-video-preview:-1\" \/>\n<link rel=\"canonical\" href=\"https:\/\/www.freiholtz.se\/forvetet\/2010\/01\/05\/all-makt\/\" \/>\n<meta property=\"og:locale\" content=\"sv_SE\" \/>\n<meta property=\"og:type\" content=\"article\" \/>\n<meta property=\"og:title\" content=\"All makt ... - F\u00f6rvetet\" \/>\n<meta property=\"og:description\" content=\"I efterspelet till den nyligen timade vargslakten vargjakten har milj\u00f6minister Andreas Carlgren tagit\u00a0 upp och moderniserat ett fint gammalt centerordspr\u00e5k. Thorbj\u00f6rn F\u00e4lldin sade p\u00e5 sin tid: &#8221;Ingen statsr\u00e5dspost kan vara s\u00e5 \u00e5tr\u00e5v\u00e4rd att jag vore beredd att dagtinga med min \u00f6vertygelse.&#8221; Andreas Carlgren s\u00e4ger idag: &#8221;Milj\u00f6ministerposten \u00e4r inte s\u00e5 \u00e5tr\u00e5v\u00e4rd att den kan f\u00f6rm\u00e5 mig...\" \/>\n<meta property=\"og:url\" content=\"https:\/\/www.freiholtz.se\/forvetet\/2010\/01\/05\/all-makt\/\" \/>\n<meta property=\"og:site_name\" content=\"F\u00f6rvetet\" \/>\n<meta property=\"article:published_time\" content=\"2010-01-05T15:14:34+00:00\" \/>\n<meta name=\"author\" content=\"Thorvald\" \/>\n<meta name=\"twitter:card\" content=\"summary_large_image\" \/>\n<meta name=\"twitter:label1\" content=\"Skriven av\" \/>\n\t<meta name=\"twitter:data1\" content=\"Thorvald\" \/>\n<script type=\"application\/ld+json\" class=\"yoast-schema-graph\">{\"@context\":\"https:\\\/\\\/schema.org\",\"@graph\":[{\"@type\":\"Article\",\"@id\":\"https:\\\/\\\/www.freiholtz.se\\\/forvetet\\\/2010\\\/01\\\/05\\\/all-makt\\\/#article\",\"isPartOf\":{\"@id\":\"https:\\\/\\\/www.freiholtz.se\\\/forvetet\\\/2010\\\/01\\\/05\\\/all-makt\\\/\"},\"author\":{\"name\":\"Thorvald\",\"@id\":\"https:\\\/\\\/www.freiholtz.se\\\/forvetet\\\/#\\\/schema\\\/person\\\/06a25f58d70b8c24ee4eb6208c7c6291\"},\"headline\":\"All makt &#8230;\",\"datePublished\":\"2010-01-05T15:14:34+00:00\",\"mainEntityOfPage\":{\"@id\":\"https:\\\/\\\/www.freiholtz.se\\\/forvetet\\\/2010\\\/01\\\/05\\\/all-makt\\\/\"},\"wordCount\":77,\"commentCount\":0,\"keywords\":[\"centern\",\"kortfattat\",\"milj\u00f6\",\"vargjakt\",\"viltv\u00e5rd\"],\"articleSection\":[\"Politik\"],\"inLanguage\":\"sv-SE\",\"potentialAction\":[{\"@type\":\"CommentAction\",\"name\":\"Comment\",\"target\":[\"https:\\\/\\\/www.freiholtz.se\\\/forvetet\\\/2010\\\/01\\\/05\\\/all-makt\\\/#respond\"]}]},{\"@type\":\"WebPage\",\"@id\":\"https:\\\/\\\/www.freiholtz.se\\\/forvetet\\\/2010\\\/01\\\/05\\\/all-makt\\\/\",\"url\":\"https:\\\/\\\/www.freiholtz.se\\\/forvetet\\\/2010\\\/01\\\/05\\\/all-makt\\\/\",\"name\":\"All makt ... - F\u00f6rvetet\",\"isPartOf\":{\"@id\":\"https:\\\/\\\/www.freiholtz.se\\\/forvetet\\\/#website\"},\"datePublished\":\"2010-01-05T15:14:34+00:00\",\"author\":{\"@id\":\"https:\\\/\\\/www.freiholtz.se\\\/forvetet\\\/#\\\/schema\\\/person\\\/06a25f58d70b8c24ee4eb6208c7c6291\"},\"breadcrumb\":{\"@id\":\"https:\\\/\\\/www.freiholtz.se\\\/forvetet\\\/2010\\\/01\\\/05\\\/all-makt\\\/#breadcrumb\"},\"inLanguage\":\"sv-SE\",\"potentialAction\":[{\"@type\":\"ReadAction\",\"target\":[\"https:\\\/\\\/www.freiholtz.se\\\/forvetet\\\/2010\\\/01\\\/05\\\/all-makt\\\/\"]}]},{\"@type\":\"BreadcrumbList\",\"@id\":\"https:\\\/\\\/www.freiholtz.se\\\/forvetet\\\/2010\\\/01\\\/05\\\/all-makt\\\/#breadcrumb\",\"itemListElement\":[{\"@type\":\"ListItem\",\"position\":1,\"name\":\"Hem\",\"item\":\"https:\\\/\\\/www.freiholtz.se\\\/forvetet\\\/\"},{\"@type\":\"ListItem\",\"position\":2,\"name\":\"All makt &#8230;\"}]},{\"@type\":\"WebSite\",\"@id\":\"https:\\\/\\\/www.freiholtz.se\\\/forvetet\\\/#website\",\"url\":\"https:\\\/\\\/www.freiholtz.se\\\/forvetet\\\/\",\"name\":\"F\u00f6rvetet\",\"description\":\"en blogg fr\u00e5n freiholtz.se!\",\"potentialAction\":[{\"@type\":\"SearchAction\",\"target\":{\"@type\":\"EntryPoint\",\"urlTemplate\":\"https:\\\/\\\/www.freiholtz.se\\\/forvetet\\\/?s={search_term_string}\"},\"query-input\":{\"@type\":\"PropertyValueSpecification\",\"valueRequired\":true,\"valueName\":\"search_term_string\"}}],\"inLanguage\":\"sv-SE\"},{\"@type\":\"Person\",\"@id\":\"https:\\\/\\\/www.freiholtz.se\\\/forvetet\\\/#\\\/schema\\\/person\\\/06a25f58d70b8c24ee4eb6208c7c6291\",\"name\":\"Thorvald\",\"image\":{\"@type\":\"ImageObject\",\"inLanguage\":\"sv-SE\",\"@id\":\"https:\\\/\\\/secure.gravatar.com\\\/avatar\\\/8328a4c14b3a439f4c0cf3cf4af03cee061e00c35ed80000610d03c204796578?s=96&d=mm&r=g\",\"url\":\"https:\\\/\\\/secure.gravatar.com\\\/avatar\\\/8328a4c14b3a439f4c0cf3cf4af03cee061e00c35ed80000610d03c204796578?s=96&d=mm&r=g\",\"contentUrl\":\"https:\\\/\\\/secure.gravatar.com\\\/avatar\\\/8328a4c14b3a439f4c0cf3cf4af03cee061e00c35ed80000610d03c204796578?s=96&d=mm&r=g\",\"caption\":\"Thorvald\"},\"url\":\"https:\\\/\\\/www.freiholtz.se\\\/forvetet\\\/author\\\/admin\\\/\"}]}<\/script>\n<!-- \/ Yoast SEO plugin. -->","yoast_head_json":{"title":"All makt ... - F\u00f6rvetet","robots":{"index":"index","follow":"follow","max-snippet":"max-snippet:-1","max-image-preview":"max-image-preview:large","max-video-preview":"max-video-preview:-1"},"canonical":"https:\/\/www.freiholtz.se\/forvetet\/2010\/01\/05\/all-makt\/","og_locale":"sv_SE","og_type":"article","og_title":"All makt ... - F\u00f6rvetet","og_description":"I efterspelet till den nyligen timade vargslakten vargjakten har milj\u00f6minister Andreas Carlgren tagit\u00a0 upp och moderniserat ett fint gammalt centerordspr\u00e5k. Thorbj\u00f6rn F\u00e4lldin sade p\u00e5 sin tid: &#8221;Ingen statsr\u00e5dspost kan vara s\u00e5 \u00e5tr\u00e5v\u00e4rd att jag vore beredd att dagtinga med min \u00f6vertygelse.&#8221; Andreas Carlgren s\u00e4ger idag: &#8221;Milj\u00f6ministerposten \u00e4r inte s\u00e5 \u00e5tr\u00e5v\u00e4rd att den kan f\u00f6rm\u00e5 mig...","og_url":"https:\/\/www.freiholtz.se\/forvetet\/2010\/01\/05\/all-makt\/","og_site_name":"F\u00f6rvetet","article_published_time":"2010-01-05T15:14:34+00:00","author":"Thorvald","twitter_card":"summary_large_image","twitter_misc":{"Skriven av":"Thorvald"},"schema":{"@context":"https:\/\/schema.org","@graph":[{"@type":"Article","@id":"https:\/\/www.freiholtz.se\/forvetet\/2010\/01\/05\/all-makt\/#article","isPartOf":{"@id":"https:\/\/www.freiholtz.se\/forvetet\/2010\/01\/05\/all-makt\/"},"author":{"name":"Thorvald","@id":"https:\/\/www.freiholtz.se\/forvetet\/#\/schema\/person\/06a25f58d70b8c24ee4eb6208c7c6291"},"headline":"All makt &#8230;","datePublished":"2010-01-05T15:14:34+00:00","mainEntityOfPage":{"@id":"https:\/\/www.freiholtz.se\/forvetet\/2010\/01\/05\/all-makt\/"},"wordCount":77,"commentCount":0,"keywords":["centern","kortfattat","milj\u00f6","vargjakt","viltv\u00e5rd"],"articleSection":["Politik"],"inLanguage":"sv-SE","potentialAction":[{"@type":"CommentAction","name":"Comment","target":["https:\/\/www.freiholtz.se\/forvetet\/2010\/01\/05\/all-makt\/#respond"]}]},{"@type":"WebPage","@id":"https:\/\/www.freiholtz.se\/forvetet\/2010\/01\/05\/all-makt\/","url":"https:\/\/www.freiholtz.se\/forvetet\/2010\/01\/05\/all-makt\/","name":"All makt ... - F\u00f6rvetet","isPartOf":{"@id":"https:\/\/www.freiholtz.se\/forvetet\/#website"},"datePublished":"2010-01-05T15:14:34+00:00","author":{"@id":"https:\/\/www.freiholtz.se\/forvetet\/#\/schema\/person\/06a25f58d70b8c24ee4eb6208c7c6291"},"breadcrumb":{"@id":"https:\/\/www.freiholtz.se\/forvetet\/2010\/01\/05\/all-makt\/#breadcrumb"},"inLanguage":"sv-SE","potentialAction":[{"@type":"ReadAction","target":["https:\/\/www.freiholtz.se\/forvetet\/2010\/01\/05\/all-makt\/"]}]},{"@type":"BreadcrumbList","@id":"https:\/\/www.freiholtz.se\/forvetet\/2010\/01\/05\/all-makt\/#breadcrumb","itemListElement":[{"@type":"ListItem","position":1,"name":"Hem","item":"https:\/\/www.freiholtz.se\/forvetet\/"},{"@type":"ListItem","position":2,"name":"All makt &#8230;"}]},{"@type":"WebSite","@id":"https:\/\/www.freiholtz.se\/forvetet\/#website","url":"https:\/\/www.freiholtz.se\/forvetet\/","name":"F\u00f6rvetet","description":"en blogg fr\u00e5n freiholtz.se!","potentialAction":[{"@type":"SearchAction","target":{"@type":"EntryPoint","urlTemplate":"https:\/\/www.freiholtz.se\/forvetet\/?s={search_term_string}"},"query-input":{"@type":"PropertyValueSpecification","valueRequired":true,"valueName":"search_term_string"}}],"inLanguage":"sv-SE"},{"@type":"Person","@id":"https:\/\/www.freiholtz.se\/forvetet\/#\/schema\/person\/06a25f58d70b8c24ee4eb6208c7c6291","name":"Thorvald","image":{"@type":"ImageObject","inLanguage":"sv-SE","@id":"https:\/\/secure.gravatar.com\/avatar\/8328a4c14b3a439f4c0cf3cf4af03cee061e00c35ed80000610d03c204796578?s=96&d=mm&r=g","url":"https:\/\/secure.gravatar.com\/avatar\/8328a4c14b3a439f4c0cf3cf4af03cee061e00c35ed80000610d03c204796578?s=96&d=mm&r=g","contentUrl":"https:\/\/secure.gravatar.com\/avatar\/8328a4c14b3a439f4c0cf3cf4af03cee061e00c35ed80000610d03c204796578?s=96&d=mm&r=g","caption":"Thorvald"},"url":"https:\/\/www.freiholtz.se\/forvetet\/author\/admin\/"}]}},"_links":{"self":[{"href":"https:\/\/www.freiholtz.se\/forvetet\/wp-json\/wp\/v2\/posts\/1173","targetHints":{"allow":["GET"]}}],"collection":[{"href":"https:\/\/www.freiholtz.se\/forvetet\/wp-json\/wp\/v2\/posts"}],"about":[{"href":"https:\/\/www.freiholtz.se\/forvetet\/wp-json\/wp\/v2\/types\/post"}],"author":[{"embeddable":true,"href":"https:\/\/www.freiholtz.se\/forvetet\/wp-json\/wp\/v2\/users\/2"}],"replies":[{"embeddable":true,"href":"https:\/\/www.freiholtz.se\/forvetet\/wp-json\/wp\/v2\/comments?post=1173"}],"version-history":[{"count":0,"href":"https:\/\/www.freiholtz.se\/forvetet\/wp-json\/wp\/v2\/posts\/1173\/revisions"}],"wp:attachment":[{"href":"https:\/\/www.freiholtz.se\/forvetet\/wp-json\/wp\/v2\/media?parent=1173"}],"wp:term":[{"taxonomy":"category","embeddable":true,"href":"https:\/\/www.freiholtz.se\/forvetet\/wp-json\/wp\/v2\/categories?post=1173"},{"taxonomy":"post_tag","embeddable":true,"href":"https:\/\/www.freiholtz.se\/forvetet\/wp-json\/wp\/v2\/tags?post=1173"}],"curies":[{"name":"wp","href":"https:\/\/api.w.org\/{rel}","templated":true}]}}