{"id":1021,"date":"2009-07-15T09:59:09","date_gmt":"2009-07-15T08:59:09","guid":{"rendered":"http:\/\/www.freiholtz.se\/forvetet\/?p=1021"},"modified":"2023-12-02T10:06:39","modified_gmt":"2023-12-02T09:06:39","slug":"venedigweekend","status":"publish","type":"post","link":"https:\/\/www.freiholtz.se\/forvetet\/2009\/07\/15\/venedigweekend\/","title":{"rendered":"Venedigweekend"},"content":{"rendered":"\n<p class=\"has-text-align-left\">Den g\u00e5ngna helgen tillbringades&nbsp;i Venedig, en stad d\u00e4r m\u00f6tet mellan gammalt och nytt \u00e4r mer p\u00e5tagligt \u00e4n p\u00e5 de flesta andra st\u00e4llen.<\/p>\n\n\n\n<figure class=\"wp-block-image aligncenter size-full\"><img loading=\"lazy\" decoding=\"async\" width=\"430\" height=\"323\" src=\"https:\/\/www.freiholtz.se\/forvetet\/wp-content\/uploads\/sites\/2\/2023\/12\/xDSC00692.jpg\" alt=\"\" class=\"wp-image-1458\" title=\"Budb\u00e5t\" srcset=\"https:\/\/www.freiholtz.se\/forvetet\/wp-content\/uploads\/sites\/2\/2023\/12\/xDSC00692.jpg 430w, https:\/\/www.freiholtz.se\/forvetet\/wp-content\/uploads\/sites\/2\/2023\/12\/xDSC00692-300x225.jpg 300w, https:\/\/www.freiholtz.se\/forvetet\/wp-content\/uploads\/sites\/2\/2023\/12\/xDSC00692-1x1.jpg 1w\" sizes=\"auto, (max-width: 430px) 100vw, 430px\" \/><\/figure>\n\n\n\n<p class=\"has-text-align-center\"><\/p>\n\n\n\n<p>Det prim\u00e4ra syftet med Venedigresan var att bes\u00f6ka \u00e5rets Biennale. Nedan visas n\u00e5gra foton fr\u00e5n v\u00e5rt bes\u00f6k. Den f\u00f6rsta \u00e4r fr\u00e5n det gemensamma nordiska bidraget som inte var s\u00e5 pj\u00e5kigt.<\/p>\n\n\n\n<figure class=\"wp-block-image aligncenter size-full\"><img loading=\"lazy\" decoding=\"async\" width=\"430\" height=\"323\" src=\"https:\/\/www.freiholtz.se\/forvetet\/wp-content\/uploads\/sites\/2\/2023\/12\/xDSC00618.jpg\" alt=\"\" class=\"wp-image-1459\" title=\"Mordiskt nordiskt\" srcset=\"https:\/\/www.freiholtz.se\/forvetet\/wp-content\/uploads\/sites\/2\/2023\/12\/xDSC00618.jpg 430w, https:\/\/www.freiholtz.se\/forvetet\/wp-content\/uploads\/sites\/2\/2023\/12\/xDSC00618-300x225.jpg 300w, https:\/\/www.freiholtz.se\/forvetet\/wp-content\/uploads\/sites\/2\/2023\/12\/xDSC00618-1x1.jpg 1w\" sizes=\"auto, (max-width: 430px) 100vw, 430px\" \/><\/figure>\n\n\n\n<p class=\"has-text-align-center\"><\/p>\n\n\n\n<p>F\u00e5geln i glas kommer fr\u00e5n staden Venedigs egen paviljong.<\/p>\n\n\n\n<figure class=\"wp-block-image aligncenter size-full\"><img loading=\"lazy\" decoding=\"async\" width=\"430\" height=\"323\" src=\"https:\/\/www.freiholtz.se\/forvetet\/wp-content\/uploads\/sites\/2\/2023\/12\/xDSC00636.jpg\" alt=\"\" class=\"wp-image-1460\" title=\"Venetianskt glas\" srcset=\"https:\/\/www.freiholtz.se\/forvetet\/wp-content\/uploads\/sites\/2\/2023\/12\/xDSC00636.jpg 430w, https:\/\/www.freiholtz.se\/forvetet\/wp-content\/uploads\/sites\/2\/2023\/12\/xDSC00636-300x225.jpg 300w, https:\/\/www.freiholtz.se\/forvetet\/wp-content\/uploads\/sites\/2\/2023\/12\/xDSC00636-1x1.jpg 1w\" sizes=\"auto, (max-width: 430px) 100vw, 430px\" \/><\/figure>\n\n\n\n<p class=\"has-text-align-center\"><\/p>\n\n\n\n<p>Tr\u00e4skulpturerna \u00e4r f\u00e5ngade i Arsenaledelen av utst\u00e4llningen som var betydligt vitalare och k\u00e4ndes mer sp\u00e4nnande \u00e4n de fasta paviljongerna i Giardini.<\/p>\n\n\n\n<figure class=\"wp-block-image aligncenter size-full\"><img loading=\"lazy\" decoding=\"async\" width=\"323\" height=\"430\" src=\"https:\/\/www.freiholtz.se\/forvetet\/wp-content\/uploads\/sites\/2\/2023\/12\/xDSC00670.jpg\" alt=\"\" class=\"wp-image-1461\" title=\"Tr\u00e4skulpturer med \u00f6verdrag\" srcset=\"https:\/\/www.freiholtz.se\/forvetet\/wp-content\/uploads\/sites\/2\/2023\/12\/xDSC00670.jpg 323w, https:\/\/www.freiholtz.se\/forvetet\/wp-content\/uploads\/sites\/2\/2023\/12\/xDSC00670-225x300.jpg 225w, https:\/\/www.freiholtz.se\/forvetet\/wp-content\/uploads\/sites\/2\/2023\/12\/xDSC00670-1x1.jpg 1w\" sizes=\"auto, (max-width: 323px) 100vw, 323px\" \/><\/figure>\n\n\n\n<p class=\"has-text-align-center\"><\/p>\n\n\n\n<p>Portar till en annan dimension, eller bara v\u00e4gar fr\u00e5n utst\u00e4llningen? Vi klarade oss i alla fall helskinnade ut fr\u00e5n v\u00e5rt bes\u00f6k som tog motsvarande en dag i anspr\u00e5k. Men hade jag tvingats passera en videoinstallation till hade jag antagligen skrikit h\u00f6gt.<\/p>\n\n\n\n<figure class=\"wp-block-image aligncenter size-full\"><img loading=\"lazy\" decoding=\"async\" width=\"430\" height=\"323\" src=\"https:\/\/www.freiholtz.se\/forvetet\/wp-content\/uploads\/sites\/2\/2023\/12\/xDSC00677.jpg\" alt=\"\" class=\"wp-image-1462\" title=\"xdsc00677\" srcset=\"https:\/\/www.freiholtz.se\/forvetet\/wp-content\/uploads\/sites\/2\/2023\/12\/xDSC00677.jpg 430w, https:\/\/www.freiholtz.se\/forvetet\/wp-content\/uploads\/sites\/2\/2023\/12\/xDSC00677-300x225.jpg 300w, https:\/\/www.freiholtz.se\/forvetet\/wp-content\/uploads\/sites\/2\/2023\/12\/xDSC00677-1x1.jpg 1w\" sizes=\"auto, (max-width: 430px) 100vw, 430px\" \/><\/figure>\n\n\n\n<p class=\"has-text-align-center\"><\/p>\n","protected":false},"excerpt":{"rendered":"<p>Den g\u00e5ngna helgen tillbringades&nbsp;i Venedig, en stad d\u00e4r m\u00f6tet mellan gammalt och nytt \u00e4r mer p\u00e5tagligt \u00e4n p\u00e5 de flesta andra st\u00e4llen. Det prim\u00e4ra syftet med Venedigresan var att bes\u00f6ka \u00e5rets Biennale. Nedan visas n\u00e5gra foton fr\u00e5n v\u00e5rt bes\u00f6k. Den f\u00f6rsta \u00e4r fr\u00e5n det gemensamma nordiska bidraget som inte var s\u00e5 pj\u00e5kigt. F\u00e5geln i glas&#8230;<\/p>\n","protected":false},"author":2,"featured_media":0,"comment_status":"closed","ping_status":"closed","sticky":false,"template":"","format":"standard","meta":{"_monsterinsights_skip_tracking":false,"_monsterinsights_sitenote_active":false,"_monsterinsights_sitenote_note":"","_monsterinsights_sitenote_category":0,"footnotes":""},"categories":[6],"tags":[78,90,146,152,193],"class_list":["post-1021","post","type-post","status-publish","format-standard","hentry","category-kultur","tag-italien","tag-konst","tag-resor","tag-semester","tag-venedig"],"yoast_head":"<!-- This site is optimized with the Yoast SEO plugin v27.5 - https:\/\/yoast.com\/product\/yoast-seo-wordpress\/ -->\n<title>Venedigweekend - F\u00f6rvetet<\/title>\n<meta name=\"robots\" content=\"index, follow, max-snippet:-1, max-image-preview:large, max-video-preview:-1\" \/>\n<link rel=\"canonical\" href=\"https:\/\/www.freiholtz.se\/forvetet\/2009\/07\/15\/venedigweekend\/\" \/>\n<meta property=\"og:locale\" content=\"sv_SE\" \/>\n<meta property=\"og:type\" content=\"article\" \/>\n<meta property=\"og:title\" content=\"Venedigweekend - F\u00f6rvetet\" \/>\n<meta property=\"og:description\" content=\"Den g\u00e5ngna helgen tillbringades&nbsp;i Venedig, en stad d\u00e4r m\u00f6tet mellan gammalt och nytt \u00e4r mer p\u00e5tagligt \u00e4n p\u00e5 de flesta andra st\u00e4llen. Det prim\u00e4ra syftet med Venedigresan var att bes\u00f6ka \u00e5rets Biennale. Nedan visas n\u00e5gra foton fr\u00e5n v\u00e5rt bes\u00f6k. Den f\u00f6rsta \u00e4r fr\u00e5n det gemensamma nordiska bidraget som inte var s\u00e5 pj\u00e5kigt. F\u00e5geln i glas...\" \/>\n<meta property=\"og:url\" content=\"https:\/\/www.freiholtz.se\/forvetet\/2009\/07\/15\/venedigweekend\/\" \/>\n<meta property=\"og:site_name\" content=\"F\u00f6rvetet\" \/>\n<meta property=\"article:published_time\" content=\"2009-07-15T08:59:09+00:00\" \/>\n<meta property=\"article:modified_time\" content=\"2023-12-02T09:06:39+00:00\" \/>\n<meta property=\"og:image\" content=\"https:\/\/www.freiholtz.se\/forvetet\/wp-content\/uploads\/sites\/2\/2023\/12\/xDSC00692.jpg\" \/>\n<meta name=\"author\" content=\"Thorvald\" \/>\n<meta name=\"twitter:card\" content=\"summary_large_image\" \/>\n<meta name=\"twitter:label1\" content=\"Skriven av\" \/>\n\t<meta name=\"twitter:data1\" content=\"Thorvald\" \/>\n\t<meta name=\"twitter:label2\" content=\"Ber\u00e4knad l\u00e4stid\" \/>\n\t<meta name=\"twitter:data2\" content=\"2 minuter\" \/>\n<script type=\"application\/ld+json\" class=\"yoast-schema-graph\">{\"@context\":\"https:\\\/\\\/schema.org\",\"@graph\":[{\"@type\":\"Article\",\"@id\":\"https:\\\/\\\/www.freiholtz.se\\\/forvetet\\\/2009\\\/07\\\/15\\\/venedigweekend\\\/#article\",\"isPartOf\":{\"@id\":\"https:\\\/\\\/www.freiholtz.se\\\/forvetet\\\/2009\\\/07\\\/15\\\/venedigweekend\\\/\"},\"author\":{\"name\":\"Thorvald\",\"@id\":\"https:\\\/\\\/www.freiholtz.se\\\/forvetet\\\/#\\\/schema\\\/person\\\/06a25f58d70b8c24ee4eb6208c7c6291\"},\"headline\":\"Venedigweekend\",\"datePublished\":\"2009-07-15T08:59:09+00:00\",\"dateModified\":\"2023-12-02T09:06:39+00:00\",\"mainEntityOfPage\":{\"@id\":\"https:\\\/\\\/www.freiholtz.se\\\/forvetet\\\/2009\\\/07\\\/15\\\/venedigweekend\\\/\"},\"wordCount\":155,\"image\":{\"@id\":\"https:\\\/\\\/www.freiholtz.se\\\/forvetet\\\/2009\\\/07\\\/15\\\/venedigweekend\\\/#primaryimage\"},\"thumbnailUrl\":\"https:\\\/\\\/www.freiholtz.se\\\/forvetet\\\/wp-content\\\/uploads\\\/sites\\\/2\\\/2023\\\/12\\\/xDSC00692.jpg\",\"keywords\":[\"italien\",\"konst\",\"resor\",\"semester\",\"venedig\"],\"articleSection\":[\"Kultur\"],\"inLanguage\":\"sv-SE\"},{\"@type\":\"WebPage\",\"@id\":\"https:\\\/\\\/www.freiholtz.se\\\/forvetet\\\/2009\\\/07\\\/15\\\/venedigweekend\\\/\",\"url\":\"https:\\\/\\\/www.freiholtz.se\\\/forvetet\\\/2009\\\/07\\\/15\\\/venedigweekend\\\/\",\"name\":\"Venedigweekend - F\u00f6rvetet\",\"isPartOf\":{\"@id\":\"https:\\\/\\\/www.freiholtz.se\\\/forvetet\\\/#website\"},\"primaryImageOfPage\":{\"@id\":\"https:\\\/\\\/www.freiholtz.se\\\/forvetet\\\/2009\\\/07\\\/15\\\/venedigweekend\\\/#primaryimage\"},\"image\":{\"@id\":\"https:\\\/\\\/www.freiholtz.se\\\/forvetet\\\/2009\\\/07\\\/15\\\/venedigweekend\\\/#primaryimage\"},\"thumbnailUrl\":\"https:\\\/\\\/www.freiholtz.se\\\/forvetet\\\/wp-content\\\/uploads\\\/sites\\\/2\\\/2023\\\/12\\\/xDSC00692.jpg\",\"datePublished\":\"2009-07-15T08:59:09+00:00\",\"dateModified\":\"2023-12-02T09:06:39+00:00\",\"author\":{\"@id\":\"https:\\\/\\\/www.freiholtz.se\\\/forvetet\\\/#\\\/schema\\\/person\\\/06a25f58d70b8c24ee4eb6208c7c6291\"},\"breadcrumb\":{\"@id\":\"https:\\\/\\\/www.freiholtz.se\\\/forvetet\\\/2009\\\/07\\\/15\\\/venedigweekend\\\/#breadcrumb\"},\"inLanguage\":\"sv-SE\",\"potentialAction\":[{\"@type\":\"ReadAction\",\"target\":[\"https:\\\/\\\/www.freiholtz.se\\\/forvetet\\\/2009\\\/07\\\/15\\\/venedigweekend\\\/\"]}]},{\"@type\":\"ImageObject\",\"inLanguage\":\"sv-SE\",\"@id\":\"https:\\\/\\\/www.freiholtz.se\\\/forvetet\\\/2009\\\/07\\\/15\\\/venedigweekend\\\/#primaryimage\",\"url\":\"https:\\\/\\\/www.freiholtz.se\\\/forvetet\\\/wp-content\\\/uploads\\\/sites\\\/2\\\/2023\\\/12\\\/xDSC00692.jpg\",\"contentUrl\":\"https:\\\/\\\/www.freiholtz.se\\\/forvetet\\\/wp-content\\\/uploads\\\/sites\\\/2\\\/2023\\\/12\\\/xDSC00692.jpg\",\"width\":430,\"height\":323},{\"@type\":\"BreadcrumbList\",\"@id\":\"https:\\\/\\\/www.freiholtz.se\\\/forvetet\\\/2009\\\/07\\\/15\\\/venedigweekend\\\/#breadcrumb\",\"itemListElement\":[{\"@type\":\"ListItem\",\"position\":1,\"name\":\"Hem\",\"item\":\"https:\\\/\\\/www.freiholtz.se\\\/forvetet\\\/\"},{\"@type\":\"ListItem\",\"position\":2,\"name\":\"Venedigweekend\"}]},{\"@type\":\"WebSite\",\"@id\":\"https:\\\/\\\/www.freiholtz.se\\\/forvetet\\\/#website\",\"url\":\"https:\\\/\\\/www.freiholtz.se\\\/forvetet\\\/\",\"name\":\"F\u00f6rvetet\",\"description\":\"en blogg fr\u00e5n freiholtz.se!\",\"potentialAction\":[{\"@type\":\"SearchAction\",\"target\":{\"@type\":\"EntryPoint\",\"urlTemplate\":\"https:\\\/\\\/www.freiholtz.se\\\/forvetet\\\/?s={search_term_string}\"},\"query-input\":{\"@type\":\"PropertyValueSpecification\",\"valueRequired\":true,\"valueName\":\"search_term_string\"}}],\"inLanguage\":\"sv-SE\"},{\"@type\":\"Person\",\"@id\":\"https:\\\/\\\/www.freiholtz.se\\\/forvetet\\\/#\\\/schema\\\/person\\\/06a25f58d70b8c24ee4eb6208c7c6291\",\"name\":\"Thorvald\",\"image\":{\"@type\":\"ImageObject\",\"inLanguage\":\"sv-SE\",\"@id\":\"https:\\\/\\\/secure.gravatar.com\\\/avatar\\\/8328a4c14b3a439f4c0cf3cf4af03cee061e00c35ed80000610d03c204796578?s=96&d=mm&r=g\",\"url\":\"https:\\\/\\\/secure.gravatar.com\\\/avatar\\\/8328a4c14b3a439f4c0cf3cf4af03cee061e00c35ed80000610d03c204796578?s=96&d=mm&r=g\",\"contentUrl\":\"https:\\\/\\\/secure.gravatar.com\\\/avatar\\\/8328a4c14b3a439f4c0cf3cf4af03cee061e00c35ed80000610d03c204796578?s=96&d=mm&r=g\",\"caption\":\"Thorvald\"},\"url\":\"https:\\\/\\\/www.freiholtz.se\\\/forvetet\\\/author\\\/admin\\\/\"}]}<\/script>\n<!-- \/ Yoast SEO plugin. -->","yoast_head_json":{"title":"Venedigweekend - F\u00f6rvetet","robots":{"index":"index","follow":"follow","max-snippet":"max-snippet:-1","max-image-preview":"max-image-preview:large","max-video-preview":"max-video-preview:-1"},"canonical":"https:\/\/www.freiholtz.se\/forvetet\/2009\/07\/15\/venedigweekend\/","og_locale":"sv_SE","og_type":"article","og_title":"Venedigweekend - F\u00f6rvetet","og_description":"Den g\u00e5ngna helgen tillbringades&nbsp;i Venedig, en stad d\u00e4r m\u00f6tet mellan gammalt och nytt \u00e4r mer p\u00e5tagligt \u00e4n p\u00e5 de flesta andra st\u00e4llen. Det prim\u00e4ra syftet med Venedigresan var att bes\u00f6ka \u00e5rets Biennale. Nedan visas n\u00e5gra foton fr\u00e5n v\u00e5rt bes\u00f6k. Den f\u00f6rsta \u00e4r fr\u00e5n det gemensamma nordiska bidraget som inte var s\u00e5 pj\u00e5kigt. F\u00e5geln i glas...","og_url":"https:\/\/www.freiholtz.se\/forvetet\/2009\/07\/15\/venedigweekend\/","og_site_name":"F\u00f6rvetet","article_published_time":"2009-07-15T08:59:09+00:00","article_modified_time":"2023-12-02T09:06:39+00:00","og_image":[{"url":"https:\/\/www.freiholtz.se\/forvetet\/wp-content\/uploads\/sites\/2\/2023\/12\/xDSC00692.jpg","type":"","width":"","height":""}],"author":"Thorvald","twitter_card":"summary_large_image","twitter_misc":{"Skriven av":"Thorvald","Ber\u00e4knad l\u00e4stid":"2 minuter"},"schema":{"@context":"https:\/\/schema.org","@graph":[{"@type":"Article","@id":"https:\/\/www.freiholtz.se\/forvetet\/2009\/07\/15\/venedigweekend\/#article","isPartOf":{"@id":"https:\/\/www.freiholtz.se\/forvetet\/2009\/07\/15\/venedigweekend\/"},"author":{"name":"Thorvald","@id":"https:\/\/www.freiholtz.se\/forvetet\/#\/schema\/person\/06a25f58d70b8c24ee4eb6208c7c6291"},"headline":"Venedigweekend","datePublished":"2009-07-15T08:59:09+00:00","dateModified":"2023-12-02T09:06:39+00:00","mainEntityOfPage":{"@id":"https:\/\/www.freiholtz.se\/forvetet\/2009\/07\/15\/venedigweekend\/"},"wordCount":155,"image":{"@id":"https:\/\/www.freiholtz.se\/forvetet\/2009\/07\/15\/venedigweekend\/#primaryimage"},"thumbnailUrl":"https:\/\/www.freiholtz.se\/forvetet\/wp-content\/uploads\/sites\/2\/2023\/12\/xDSC00692.jpg","keywords":["italien","konst","resor","semester","venedig"],"articleSection":["Kultur"],"inLanguage":"sv-SE"},{"@type":"WebPage","@id":"https:\/\/www.freiholtz.se\/forvetet\/2009\/07\/15\/venedigweekend\/","url":"https:\/\/www.freiholtz.se\/forvetet\/2009\/07\/15\/venedigweekend\/","name":"Venedigweekend - F\u00f6rvetet","isPartOf":{"@id":"https:\/\/www.freiholtz.se\/forvetet\/#website"},"primaryImageOfPage":{"@id":"https:\/\/www.freiholtz.se\/forvetet\/2009\/07\/15\/venedigweekend\/#primaryimage"},"image":{"@id":"https:\/\/www.freiholtz.se\/forvetet\/2009\/07\/15\/venedigweekend\/#primaryimage"},"thumbnailUrl":"https:\/\/www.freiholtz.se\/forvetet\/wp-content\/uploads\/sites\/2\/2023\/12\/xDSC00692.jpg","datePublished":"2009-07-15T08:59:09+00:00","dateModified":"2023-12-02T09:06:39+00:00","author":{"@id":"https:\/\/www.freiholtz.se\/forvetet\/#\/schema\/person\/06a25f58d70b8c24ee4eb6208c7c6291"},"breadcrumb":{"@id":"https:\/\/www.freiholtz.se\/forvetet\/2009\/07\/15\/venedigweekend\/#breadcrumb"},"inLanguage":"sv-SE","potentialAction":[{"@type":"ReadAction","target":["https:\/\/www.freiholtz.se\/forvetet\/2009\/07\/15\/venedigweekend\/"]}]},{"@type":"ImageObject","inLanguage":"sv-SE","@id":"https:\/\/www.freiholtz.se\/forvetet\/2009\/07\/15\/venedigweekend\/#primaryimage","url":"https:\/\/www.freiholtz.se\/forvetet\/wp-content\/uploads\/sites\/2\/2023\/12\/xDSC00692.jpg","contentUrl":"https:\/\/www.freiholtz.se\/forvetet\/wp-content\/uploads\/sites\/2\/2023\/12\/xDSC00692.jpg","width":430,"height":323},{"@type":"BreadcrumbList","@id":"https:\/\/www.freiholtz.se\/forvetet\/2009\/07\/15\/venedigweekend\/#breadcrumb","itemListElement":[{"@type":"ListItem","position":1,"name":"Hem","item":"https:\/\/www.freiholtz.se\/forvetet\/"},{"@type":"ListItem","position":2,"name":"Venedigweekend"}]},{"@type":"WebSite","@id":"https:\/\/www.freiholtz.se\/forvetet\/#website","url":"https:\/\/www.freiholtz.se\/forvetet\/","name":"F\u00f6rvetet","description":"en blogg fr\u00e5n freiholtz.se!","potentialAction":[{"@type":"SearchAction","target":{"@type":"EntryPoint","urlTemplate":"https:\/\/www.freiholtz.se\/forvetet\/?s={search_term_string}"},"query-input":{"@type":"PropertyValueSpecification","valueRequired":true,"valueName":"search_term_string"}}],"inLanguage":"sv-SE"},{"@type":"Person","@id":"https:\/\/www.freiholtz.se\/forvetet\/#\/schema\/person\/06a25f58d70b8c24ee4eb6208c7c6291","name":"Thorvald","image":{"@type":"ImageObject","inLanguage":"sv-SE","@id":"https:\/\/secure.gravatar.com\/avatar\/8328a4c14b3a439f4c0cf3cf4af03cee061e00c35ed80000610d03c204796578?s=96&d=mm&r=g","url":"https:\/\/secure.gravatar.com\/avatar\/8328a4c14b3a439f4c0cf3cf4af03cee061e00c35ed80000610d03c204796578?s=96&d=mm&r=g","contentUrl":"https:\/\/secure.gravatar.com\/avatar\/8328a4c14b3a439f4c0cf3cf4af03cee061e00c35ed80000610d03c204796578?s=96&d=mm&r=g","caption":"Thorvald"},"url":"https:\/\/www.freiholtz.se\/forvetet\/author\/admin\/"}]}},"_links":{"self":[{"href":"https:\/\/www.freiholtz.se\/forvetet\/wp-json\/wp\/v2\/posts\/1021","targetHints":{"allow":["GET"]}}],"collection":[{"href":"https:\/\/www.freiholtz.se\/forvetet\/wp-json\/wp\/v2\/posts"}],"about":[{"href":"https:\/\/www.freiholtz.se\/forvetet\/wp-json\/wp\/v2\/types\/post"}],"author":[{"embeddable":true,"href":"https:\/\/www.freiholtz.se\/forvetet\/wp-json\/wp\/v2\/users\/2"}],"replies":[{"embeddable":true,"href":"https:\/\/www.freiholtz.se\/forvetet\/wp-json\/wp\/v2\/comments?post=1021"}],"version-history":[{"count":1,"href":"https:\/\/www.freiholtz.se\/forvetet\/wp-json\/wp\/v2\/posts\/1021\/revisions"}],"predecessor-version":[{"id":1463,"href":"https:\/\/www.freiholtz.se\/forvetet\/wp-json\/wp\/v2\/posts\/1021\/revisions\/1463"}],"wp:attachment":[{"href":"https:\/\/www.freiholtz.se\/forvetet\/wp-json\/wp\/v2\/media?parent=1021"}],"wp:term":[{"taxonomy":"category","embeddable":true,"href":"https:\/\/www.freiholtz.se\/forvetet\/wp-json\/wp\/v2\/categories?post=1021"},{"taxonomy":"post_tag","embeddable":true,"href":"https:\/\/www.freiholtz.se\/forvetet\/wp-json\/wp\/v2\/tags?post=1021"}],"curies":[{"name":"wp","href":"https:\/\/api.w.org\/{rel}","templated":true}]}}