{"id":10,"date":"2005-06-29T22:34:42","date_gmt":"2005-06-29T20:34:42","guid":{"rendered":"http:\/\/www.freiholtz.se\/forvetet\/?p=10"},"modified":"2005-06-29T22:34:42","modified_gmt":"2005-06-29T20:34:42","slug":"ovantat-erkannande","status":"publish","type":"post","link":"https:\/\/www.freiholtz.se\/forvetet\/2005\/06\/29\/ovantat-erkannande\/","title":{"rendered":"Ov\u00e4ntat erk\u00e4nnande"},"content":{"rendered":"<p><!--10-->Under dagen har nyhetss\u00e4ndningar i radio och teve varit fyllda av referat och kommentarer till <a href=\"http:\/\/www.whitehouse.gov\/news\/releases\/2005\/06\/20050628-7.html\">president Bush&#8217;s Iraktal<\/a>. I skrivande stund \u00e4r Dick Erixon den ende bloggaren p\u00e5 den nyliberala\/neokonservativa sidan som jag sett kommentera talet. De \u00f6vriga, vanligtvis trogna Bush-f\u00f6rsvararna, i s\u00e4llskapet som fyller varandras bloggrullar tiger som muren.<\/p>\n<p>Inte ens <a href=\"http:\/\/www.erixon.com\/Kronikor\/blog050703.htm#12\">Dick<\/a> \u00e4r sitt vanliga devota jag. Det enda han har att komma med \u00e4r ett citat fr\u00e5n Andrew Sullivan och n\u00e5gra t\u00e4mligen uddl\u00f6sa retoriska fr\u00e5gor.<\/p>\n<p>Kan det vara f\u00f6r att de inte vill dra n\u00e5gon uppm\u00e4rksamhet till talet? Bush vidg\u00e5r ju indirekt att fattigdom och hoppl\u00f6shet \u00e4r en grogrund f\u00f6r terrorism:<\/p>\n<p>&#8221;<em>And when the Middle East grows in democracy and prosperity and hope, the terrorists will lose their sponsors, lose their recruits, and lose their hopes for turning that region into a base for attacks on America and our allies around the world<\/em>.&#8221;<\/p>\n<p>Det \u00e4r ju en tes som brukar avvisas i h\u00f6gljudda och aggressiva ordalag i den nyliberala\/neokonservativa ekokammaren.<\/p>\n","protected":false},"excerpt":{"rendered":"<p>Under dagen har nyhetss\u00e4ndningar i radio och teve varit fyllda av referat och kommentarer till president Bush&#8217;s Iraktal. I skrivande stund \u00e4r Dick Erixon den ende bloggaren p\u00e5 den nyliberala\/neokonservativa sidan som jag sett kommentera talet. <\/p>\n","protected":false},"author":2,"featured_media":0,"comment_status":"closed","ping_status":"closed","sticky":false,"template":"","format":"standard","meta":{"_monsterinsights_skip_tracking":false,"_monsterinsights_sitenote_active":false,"_monsterinsights_sitenote_note":"","_monsterinsights_sitenote_category":0,"footnotes":""},"categories":[7],"tags":[],"class_list":["post-10","post","type-post","status-publish","format-standard","hentry","category-politik"],"yoast_head":"<!-- This site is optimized with the Yoast SEO plugin v27.5 - https:\/\/yoast.com\/product\/yoast-seo-wordpress\/ -->\n<title>Ov\u00e4ntat erk\u00e4nnande - F\u00f6rvetet<\/title>\n<meta name=\"robots\" content=\"index, follow, max-snippet:-1, max-image-preview:large, max-video-preview:-1\" \/>\n<link rel=\"canonical\" href=\"https:\/\/www.freiholtz.se\/forvetet\/2005\/06\/29\/ovantat-erkannande\/\" \/>\n<meta property=\"og:locale\" content=\"sv_SE\" \/>\n<meta property=\"og:type\" content=\"article\" \/>\n<meta property=\"og:title\" content=\"Ov\u00e4ntat erk\u00e4nnande - F\u00f6rvetet\" \/>\n<meta property=\"og:description\" content=\"Under dagen har nyhetss\u00e4ndningar i radio och teve varit fyllda av referat och kommentarer till president Bush&#039;s Iraktal. I skrivande stund \u00e4r Dick Erixon den ende bloggaren p\u00e5 den nyliberala\/neokonservativa sidan som jag sett kommentera talet.\" \/>\n<meta property=\"og:url\" content=\"https:\/\/www.freiholtz.se\/forvetet\/2005\/06\/29\/ovantat-erkannande\/\" \/>\n<meta property=\"og:site_name\" content=\"F\u00f6rvetet\" \/>\n<meta property=\"article:published_time\" content=\"2005-06-29T20:34:42+00:00\" \/>\n<meta name=\"author\" content=\"Thorvald\" \/>\n<meta name=\"twitter:card\" content=\"summary_large_image\" \/>\n<meta name=\"twitter:label1\" content=\"Skriven av\" \/>\n\t<meta name=\"twitter:data1\" content=\"Thorvald\" \/>\n\t<meta name=\"twitter:label2\" content=\"Ber\u00e4knad l\u00e4stid\" \/>\n\t<meta name=\"twitter:data2\" content=\"1 minut\" \/>\n<script type=\"application\/ld+json\" class=\"yoast-schema-graph\">{\"@context\":\"https:\\\/\\\/schema.org\",\"@graph\":[{\"@type\":\"Article\",\"@id\":\"https:\\\/\\\/www.freiholtz.se\\\/forvetet\\\/2005\\\/06\\\/29\\\/ovantat-erkannande\\\/#article\",\"isPartOf\":{\"@id\":\"https:\\\/\\\/www.freiholtz.se\\\/forvetet\\\/2005\\\/06\\\/29\\\/ovantat-erkannande\\\/\"},\"author\":{\"name\":\"Thorvald\",\"@id\":\"https:\\\/\\\/www.freiholtz.se\\\/forvetet\\\/#\\\/schema\\\/person\\\/06a25f58d70b8c24ee4eb6208c7c6291\"},\"headline\":\"Ov\u00e4ntat erk\u00e4nnande\",\"datePublished\":\"2005-06-29T20:34:42+00:00\",\"mainEntityOfPage\":{\"@id\":\"https:\\\/\\\/www.freiholtz.se\\\/forvetet\\\/2005\\\/06\\\/29\\\/ovantat-erkannande\\\/\"},\"wordCount\":184,\"articleSection\":[\"Politik\"],\"inLanguage\":\"sv-SE\"},{\"@type\":\"WebPage\",\"@id\":\"https:\\\/\\\/www.freiholtz.se\\\/forvetet\\\/2005\\\/06\\\/29\\\/ovantat-erkannande\\\/\",\"url\":\"https:\\\/\\\/www.freiholtz.se\\\/forvetet\\\/2005\\\/06\\\/29\\\/ovantat-erkannande\\\/\",\"name\":\"Ov\u00e4ntat erk\u00e4nnande - F\u00f6rvetet\",\"isPartOf\":{\"@id\":\"https:\\\/\\\/www.freiholtz.se\\\/forvetet\\\/#website\"},\"datePublished\":\"2005-06-29T20:34:42+00:00\",\"author\":{\"@id\":\"https:\\\/\\\/www.freiholtz.se\\\/forvetet\\\/#\\\/schema\\\/person\\\/06a25f58d70b8c24ee4eb6208c7c6291\"},\"breadcrumb\":{\"@id\":\"https:\\\/\\\/www.freiholtz.se\\\/forvetet\\\/2005\\\/06\\\/29\\\/ovantat-erkannande\\\/#breadcrumb\"},\"inLanguage\":\"sv-SE\",\"potentialAction\":[{\"@type\":\"ReadAction\",\"target\":[\"https:\\\/\\\/www.freiholtz.se\\\/forvetet\\\/2005\\\/06\\\/29\\\/ovantat-erkannande\\\/\"]}]},{\"@type\":\"BreadcrumbList\",\"@id\":\"https:\\\/\\\/www.freiholtz.se\\\/forvetet\\\/2005\\\/06\\\/29\\\/ovantat-erkannande\\\/#breadcrumb\",\"itemListElement\":[{\"@type\":\"ListItem\",\"position\":1,\"name\":\"Hem\",\"item\":\"https:\\\/\\\/www.freiholtz.se\\\/forvetet\\\/\"},{\"@type\":\"ListItem\",\"position\":2,\"name\":\"Ov\u00e4ntat erk\u00e4nnande\"}]},{\"@type\":\"WebSite\",\"@id\":\"https:\\\/\\\/www.freiholtz.se\\\/forvetet\\\/#website\",\"url\":\"https:\\\/\\\/www.freiholtz.se\\\/forvetet\\\/\",\"name\":\"F\u00f6rvetet\",\"description\":\"en blogg fr\u00e5n freiholtz.se!\",\"potentialAction\":[{\"@type\":\"SearchAction\",\"target\":{\"@type\":\"EntryPoint\",\"urlTemplate\":\"https:\\\/\\\/www.freiholtz.se\\\/forvetet\\\/?s={search_term_string}\"},\"query-input\":{\"@type\":\"PropertyValueSpecification\",\"valueRequired\":true,\"valueName\":\"search_term_string\"}}],\"inLanguage\":\"sv-SE\"},{\"@type\":\"Person\",\"@id\":\"https:\\\/\\\/www.freiholtz.se\\\/forvetet\\\/#\\\/schema\\\/person\\\/06a25f58d70b8c24ee4eb6208c7c6291\",\"name\":\"Thorvald\",\"image\":{\"@type\":\"ImageObject\",\"inLanguage\":\"sv-SE\",\"@id\":\"https:\\\/\\\/secure.gravatar.com\\\/avatar\\\/8328a4c14b3a439f4c0cf3cf4af03cee061e00c35ed80000610d03c204796578?s=96&d=mm&r=g\",\"url\":\"https:\\\/\\\/secure.gravatar.com\\\/avatar\\\/8328a4c14b3a439f4c0cf3cf4af03cee061e00c35ed80000610d03c204796578?s=96&d=mm&r=g\",\"contentUrl\":\"https:\\\/\\\/secure.gravatar.com\\\/avatar\\\/8328a4c14b3a439f4c0cf3cf4af03cee061e00c35ed80000610d03c204796578?s=96&d=mm&r=g\",\"caption\":\"Thorvald\"},\"url\":\"https:\\\/\\\/www.freiholtz.se\\\/forvetet\\\/author\\\/admin\\\/\"}]}<\/script>\n<!-- \/ Yoast SEO plugin. -->","yoast_head_json":{"title":"Ov\u00e4ntat erk\u00e4nnande - F\u00f6rvetet","robots":{"index":"index","follow":"follow","max-snippet":"max-snippet:-1","max-image-preview":"max-image-preview:large","max-video-preview":"max-video-preview:-1"},"canonical":"https:\/\/www.freiholtz.se\/forvetet\/2005\/06\/29\/ovantat-erkannande\/","og_locale":"sv_SE","og_type":"article","og_title":"Ov\u00e4ntat erk\u00e4nnande - F\u00f6rvetet","og_description":"Under dagen har nyhetss\u00e4ndningar i radio och teve varit fyllda av referat och kommentarer till president Bush's Iraktal. I skrivande stund \u00e4r Dick Erixon den ende bloggaren p\u00e5 den nyliberala\/neokonservativa sidan som jag sett kommentera talet.","og_url":"https:\/\/www.freiholtz.se\/forvetet\/2005\/06\/29\/ovantat-erkannande\/","og_site_name":"F\u00f6rvetet","article_published_time":"2005-06-29T20:34:42+00:00","author":"Thorvald","twitter_card":"summary_large_image","twitter_misc":{"Skriven av":"Thorvald","Ber\u00e4knad l\u00e4stid":"1 minut"},"schema":{"@context":"https:\/\/schema.org","@graph":[{"@type":"Article","@id":"https:\/\/www.freiholtz.se\/forvetet\/2005\/06\/29\/ovantat-erkannande\/#article","isPartOf":{"@id":"https:\/\/www.freiholtz.se\/forvetet\/2005\/06\/29\/ovantat-erkannande\/"},"author":{"name":"Thorvald","@id":"https:\/\/www.freiholtz.se\/forvetet\/#\/schema\/person\/06a25f58d70b8c24ee4eb6208c7c6291"},"headline":"Ov\u00e4ntat erk\u00e4nnande","datePublished":"2005-06-29T20:34:42+00:00","mainEntityOfPage":{"@id":"https:\/\/www.freiholtz.se\/forvetet\/2005\/06\/29\/ovantat-erkannande\/"},"wordCount":184,"articleSection":["Politik"],"inLanguage":"sv-SE"},{"@type":"WebPage","@id":"https:\/\/www.freiholtz.se\/forvetet\/2005\/06\/29\/ovantat-erkannande\/","url":"https:\/\/www.freiholtz.se\/forvetet\/2005\/06\/29\/ovantat-erkannande\/","name":"Ov\u00e4ntat erk\u00e4nnande - F\u00f6rvetet","isPartOf":{"@id":"https:\/\/www.freiholtz.se\/forvetet\/#website"},"datePublished":"2005-06-29T20:34:42+00:00","author":{"@id":"https:\/\/www.freiholtz.se\/forvetet\/#\/schema\/person\/06a25f58d70b8c24ee4eb6208c7c6291"},"breadcrumb":{"@id":"https:\/\/www.freiholtz.se\/forvetet\/2005\/06\/29\/ovantat-erkannande\/#breadcrumb"},"inLanguage":"sv-SE","potentialAction":[{"@type":"ReadAction","target":["https:\/\/www.freiholtz.se\/forvetet\/2005\/06\/29\/ovantat-erkannande\/"]}]},{"@type":"BreadcrumbList","@id":"https:\/\/www.freiholtz.se\/forvetet\/2005\/06\/29\/ovantat-erkannande\/#breadcrumb","itemListElement":[{"@type":"ListItem","position":1,"name":"Hem","item":"https:\/\/www.freiholtz.se\/forvetet\/"},{"@type":"ListItem","position":2,"name":"Ov\u00e4ntat erk\u00e4nnande"}]},{"@type":"WebSite","@id":"https:\/\/www.freiholtz.se\/forvetet\/#website","url":"https:\/\/www.freiholtz.se\/forvetet\/","name":"F\u00f6rvetet","description":"en blogg fr\u00e5n freiholtz.se!","potentialAction":[{"@type":"SearchAction","target":{"@type":"EntryPoint","urlTemplate":"https:\/\/www.freiholtz.se\/forvetet\/?s={search_term_string}"},"query-input":{"@type":"PropertyValueSpecification","valueRequired":true,"valueName":"search_term_string"}}],"inLanguage":"sv-SE"},{"@type":"Person","@id":"https:\/\/www.freiholtz.se\/forvetet\/#\/schema\/person\/06a25f58d70b8c24ee4eb6208c7c6291","name":"Thorvald","image":{"@type":"ImageObject","inLanguage":"sv-SE","@id":"https:\/\/secure.gravatar.com\/avatar\/8328a4c14b3a439f4c0cf3cf4af03cee061e00c35ed80000610d03c204796578?s=96&d=mm&r=g","url":"https:\/\/secure.gravatar.com\/avatar\/8328a4c14b3a439f4c0cf3cf4af03cee061e00c35ed80000610d03c204796578?s=96&d=mm&r=g","contentUrl":"https:\/\/secure.gravatar.com\/avatar\/8328a4c14b3a439f4c0cf3cf4af03cee061e00c35ed80000610d03c204796578?s=96&d=mm&r=g","caption":"Thorvald"},"url":"https:\/\/www.freiholtz.se\/forvetet\/author\/admin\/"}]}},"_links":{"self":[{"href":"https:\/\/www.freiholtz.se\/forvetet\/wp-json\/wp\/v2\/posts\/10","targetHints":{"allow":["GET"]}}],"collection":[{"href":"https:\/\/www.freiholtz.se\/forvetet\/wp-json\/wp\/v2\/posts"}],"about":[{"href":"https:\/\/www.freiholtz.se\/forvetet\/wp-json\/wp\/v2\/types\/post"}],"author":[{"embeddable":true,"href":"https:\/\/www.freiholtz.se\/forvetet\/wp-json\/wp\/v2\/users\/2"}],"replies":[{"embeddable":true,"href":"https:\/\/www.freiholtz.se\/forvetet\/wp-json\/wp\/v2\/comments?post=10"}],"version-history":[{"count":0,"href":"https:\/\/www.freiholtz.se\/forvetet\/wp-json\/wp\/v2\/posts\/10\/revisions"}],"wp:attachment":[{"href":"https:\/\/www.freiholtz.se\/forvetet\/wp-json\/wp\/v2\/media?parent=10"}],"wp:term":[{"taxonomy":"category","embeddable":true,"href":"https:\/\/www.freiholtz.se\/forvetet\/wp-json\/wp\/v2\/categories?post=10"},{"taxonomy":"post_tag","embeddable":true,"href":"https:\/\/www.freiholtz.se\/forvetet\/wp-json\/wp\/v2\/tags?post=10"}],"curies":[{"name":"wp","href":"https:\/\/api.w.org\/{rel}","templated":true}]}}